{"id":13359,"date":"2017-03-21T20:45:22","date_gmt":"2017-03-21T19:45:22","guid":{"rendered":"https:\/\/www.alqueria.es\/blogs\/alqueriarojaverde\/?p=13359"},"modified":"2017-03-21T20:45:22","modified_gmt":"2017-03-21T19:45:22","slug":"dia-mundial-de-la-poesia-actividad-sobre-federico-garcia-lorca-salida-2o-trimestre","status":"publish","type":"post","link":"https:\/\/www.alqueria.es\/blogs\/alqueriarojaverde\/2017\/03\/21\/dia-mundial-de-la-poesia-actividad-sobre-federico-garcia-lorca-salida-2o-trimestre\/","title":{"rendered":"D\u00cdA MUNDIAL DE LA POES\u00cdA: \u00abACTIVIDAD SOBRE FEDERICO GARC\u00cdA LORCA\u00bb. SALIDA 2\u00ba TRIMESTRE"},"content":{"rendered":"<p><img data-recalc-dims=\"1\" decoding=\"async\" data-attachment-id=\"13360\" data-permalink=\"https:\/\/www.alqueria.es\/blogs\/alqueriarojaverde\/2017\/03\/21\/dia-mundial-de-la-poesia-actividad-sobre-federico-garcia-lorca-salida-2o-trimestre\/dia-mundial-de-la-poesia\/\" data-orig-file=\"https:\/\/i0.wp.com\/cloud.alqueria.es\/wp-content\/uploads\/sites\/8\/2017\/03\/dia-mundial-de-la-poesia.jpg?fit=480%2C360&amp;ssl=1\" data-orig-size=\"480,360\" data-comments-opened=\"1\" data-image-meta=\"{&quot;aperture&quot;:&quot;0&quot;,&quot;credit&quot;:&quot;&quot;,&quot;camera&quot;:&quot;&quot;,&quot;caption&quot;:&quot;&quot;,&quot;created_timestamp&quot;:&quot;0&quot;,&quot;copyright&quot;:&quot;&quot;,&quot;focal_length&quot;:&quot;0&quot;,&quot;iso&quot;:&quot;0&quot;,&quot;shutter_speed&quot;:&quot;0&quot;,&quot;title&quot;:&quot;&quot;,&quot;orientation&quot;:&quot;0&quot;}\" data-image-title=\"dia-mundial-de-la-poesia\" data-image-description=\"\" data-image-caption=\"\" data-large-file=\"https:\/\/i0.wp.com\/cloud.alqueria.es\/wp-content\/uploads\/sites\/8\/2017\/03\/dia-mundial-de-la-poesia.jpg?fit=474%2C356&amp;ssl=1\" class=\"alignleft size-full wp-image-13360\" src=\"https:\/\/i0.wp.com\/cloud.alqueria.es\/wp-content\/uploads\/sites\/8\/2017\/03\/dia-mundial-de-la-poesia.jpg?resize=474%2C356&#038;ssl=1\" alt=\"\" width=\"474\" height=\"356\" srcset=\"https:\/\/cloud.alqueria.es\/wp-content\/uploads\/sites\/8\/2017\/03\/dia-mundial-de-la-poesia.jpg 480w, https:\/\/cloud.alqueria.es\/wp-content\/uploads\/sites\/8\/2017\/03\/dia-mundial-de-la-poesia.jpg 300w\" sizes=\"(max-width: 474px) 100vw, 474px\" \/>Desde el a\u00f1o 1999 la Unesco acord\u00f3, que el d\u00eda 21 de marzo ser\u00eda el elegido para la celebraci\u00f3n del d\u00eda mundial de la poes\u00eda.<\/p>\n<p>Seg\u00fan este organismo,<em><strong> \u00abEste d\u00eda tiene como prop\u00f3sito promover la ense\u00f1anza de la poes\u00eda; fomentar la tradici\u00f3n oral de los recitales po\u00e9ticos; apoyar a las peque\u00f1as editoriales; crear una imagen atractiva de la poes\u00eda en los medios de comunicaci\u00f3n para que no se considere una forma anticuada de arte, sino una v\u00eda de expresi\u00f3n que permite a las comunidades transmitir sus valores y fueros m\u00e1s internos y reafirmarse en su identidad; y restablecer el di\u00e1logo entre la poes\u00eda y las dem\u00e1s manifestaciones art\u00edsticas, como el teatro, la danza, la m\u00fasica y la pintura.\u00bb<\/strong><\/em><\/p>\n<p>Para contribuir a ese prop\u00f3sito, decidimos realizar nuestra salida del segundo trimestre a la Biblioteca P\u00fablica de Andaluc\u00eda y asistir a una actividad creativa\/pl\u00e1stica acerca de la generaci\u00f3n del 27.<\/p>\n<p>Como preparaci\u00f3n anterior, y de forma espec\u00edfica, nos centramos en la figura de Federico Garc\u00eda Lorca, por ser un poeta y dramaturgo de dicha generaci\u00f3n, nacido en Granada.<\/p>\n<p><img data-recalc-dims=\"1\" decoding=\"async\" data-attachment-id=\"13363\" data-permalink=\"https:\/\/www.alqueria.es\/blogs\/alqueriarojaverde\/2017\/03\/21\/dia-mundial-de-la-poesia-actividad-sobre-federico-garcia-lorca-salida-2o-trimestre\/lorca1\/\" data-orig-file=\"https:\/\/i0.wp.com\/cloud.alqueria.es\/wp-content\/uploads\/sites\/8\/2017\/03\/lorca1.jpg?fit=192%2C242&amp;ssl=1\" data-orig-size=\"192,242\" data-comments-opened=\"1\" data-image-meta=\"{&quot;aperture&quot;:&quot;0&quot;,&quot;credit&quot;:&quot;&quot;,&quot;camera&quot;:&quot;&quot;,&quot;caption&quot;:&quot;&quot;,&quot;created_timestamp&quot;:&quot;0&quot;,&quot;copyright&quot;:&quot;&quot;,&quot;focal_length&quot;:&quot;0&quot;,&quot;iso&quot;:&quot;0&quot;,&quot;shutter_speed&quot;:&quot;0&quot;,&quot;title&quot;:&quot;&quot;,&quot;orientation&quot;:&quot;0&quot;}\" data-image-title=\"lorca1\" data-image-description=\"\" data-image-caption=\"\" data-large-file=\"https:\/\/i0.wp.com\/cloud.alqueria.es\/wp-content\/uploads\/sites\/8\/2017\/03\/lorca1.jpg?fit=192%2C242&amp;ssl=1\" class=\"alignleft size-full wp-image-13363\" src=\"https:\/\/i0.wp.com\/cloud.alqueria.es\/wp-content\/uploads\/sites\/8\/2017\/03\/lorca1.jpg?resize=192%2C242&#038;ssl=1\" alt=\"\" width=\"192\" height=\"242\" \/>Tras identificarlo a trav\u00e9s de una fotograf\u00eda, \u00a0les pregunto porqu\u00e9 piensan que le han puesto su nombre a un parque, conocido por todos\/as nosotros\/as. Despu\u00e9s de algunas intervenciones bastante elocuentes y que distaban bastante de la realidad (tienen una imaginaci\u00f3n&#8230;), les planteo que quiz\u00e1s habr\u00eda sido un hombre muy \u00abfamoso\u00bb e importante, para que hubiesen tomado esa decisi\u00f3n.<\/p>\n<p>Aprendemos que naci\u00f3 en Granada, en un pueblecito llamado Fuente Vaqueros; que fue un escritor muy famoso, que escribi\u00f3 libros, teatro, poes\u00eda&#8230; ; tambi\u00e9n que muri\u00f3 joven a causa de la guerra.<\/p>\n<p>Hablamos un poquito acerca de la diferencia entre poes\u00eda y novela, que a priori s\u00f3lo atribuyen a que una rima y otra no. Ponemos varios ejemplos de poes\u00edas que no riman, tal y como ellos\/as conocen (rima consonante) y acordamos establecer dos caracter\u00edsticas b\u00e1sicas: una que la poes\u00eda tiene frases cortitas y otra que se utiliza para expresar algo con mucho sentimiento.<\/p>\n<p>Como curiosidades conocemos que tambi\u00e9n le gustaba mucho la m\u00fasica, la naturaleza, la luna, la estrellas y las mariposas.<\/p>\n<p><img data-recalc-dims=\"1\" decoding=\"async\" data-attachment-id=\"13361\" data-permalink=\"https:\/\/www.alqueria.es\/blogs\/alqueriarojaverde\/2017\/03\/21\/dia-mundial-de-la-poesia-actividad-sobre-federico-garcia-lorca-salida-2o-trimestre\/el-lagarto-esta-llorando\/\" data-orig-file=\"https:\/\/i0.wp.com\/cloud.alqueria.es\/wp-content\/uploads\/sites\/8\/2017\/03\/el-lagarto-esta-llorando.jpg?fit=456%2C642&amp;ssl=1\" data-orig-size=\"456,642\" data-comments-opened=\"1\" data-image-meta=\"{&quot;aperture&quot;:&quot;0&quot;,&quot;credit&quot;:&quot;&quot;,&quot;camera&quot;:&quot;&quot;,&quot;caption&quot;:&quot;&quot;,&quot;created_timestamp&quot;:&quot;0&quot;,&quot;copyright&quot;:&quot;&quot;,&quot;focal_length&quot;:&quot;0&quot;,&quot;iso&quot;:&quot;0&quot;,&quot;shutter_speed&quot;:&quot;0&quot;,&quot;title&quot;:&quot;&quot;,&quot;orientation&quot;:&quot;0&quot;}\" data-image-title=\"el-lagarto-esta-llorando\" data-image-description=\"\" data-image-caption=\"\" data-large-file=\"https:\/\/i0.wp.com\/cloud.alqueria.es\/wp-content\/uploads\/sites\/8\/2017\/03\/el-lagarto-esta-llorando.jpg?fit=456%2C642&amp;ssl=1\" class=\"alignleft size-medium wp-image-13361\" src=\"https:\/\/i0.wp.com\/cloud.alqueria.es\/wp-content\/uploads\/sites\/8\/2017\/03\/el-lagarto-esta-llorando-213x300.jpg?resize=213%2C300&#038;ssl=1\" alt=\"\" width=\"213\" height=\"300\" srcset=\"https:\/\/cloud.alqueria.es\/wp-content\/uploads\/sites\/8\/2017\/03\/el-lagarto-esta-llorando.jpg 213w, https:\/\/cloud.alqueria.es\/wp-content\/uploads\/sites\/8\/2017\/03\/el-lagarto-esta-llorando.jpg 456w\" sizes=\"(max-width: 213px) 100vw, 213px\" \/>Les leo algunos poemas de Lorca \u00abEl lagarto est\u00e1 llorando\u00bb, \u00bb La tarara\u00bb y \u00abMariposa del aire\u00bb.<\/p>\n<p>Escuchamos tambi\u00e9n c\u00f3mo han adaptado algunas poes\u00edas para ser cantadas, como la tarara, y les fascina que tanto Sara como yo nos sepamos algunas desde peque\u00f1as.<\/p>\n<p>\u00a1Qu\u00e9 nos gusta una fiesta!, si los hubi\u00e9seis \u00a0visto bailar al ritmo de algunas canciones con aire flamenco&#8230;<\/p>\n<p>Hoy ha sido el gran d\u00eda y desde bien tempranito las ganas e ilusi\u00f3n estaban presentes en el aula. No sab\u00edamos qu\u00e9 actividad nos ten\u00edan preparada, pero como si de una se\u00f1al se tratase&#8230; bingo, versaba sobre Garc\u00eda Lorca.<\/p>\n<p>Isabel y Ana, han sido las encargadas de presentarnos la actividad a realizar. Para ello comienzan con algunas preguntas acerca de este personaje, que por supuesto hemos sabido responder de forma r\u00e1pida.<\/p>\n<p>Isabel nos detalla un poquito algunos aspectos de la vida de Lorca, como que cuando era peque\u00f1o, no s\u00f3lo le gustaba escribir sino que tambi\u00e9n le encantaba dibujar, la naturaleza y la m\u00fasica (sobre todo el piano), todos los \u00abanimalitos y bichejos\u00bb (entre ellos las mariposas) y muy especialmente la luna cuando estaba en su fase de cuarto creciente.<\/p>\n<p>Tras ver un peque\u00f1o video, con cierto enfoque po\u00e9tico, acerca de las mariposas, y ense\u00f1arnos un libro desplegable que nos muestra c\u00f3mo es un arlequ\u00edn, nos proponen participar de forma m\u00e1s activa.<\/p>\n<p>De tal modo que nos ofrecen una plantilla con un dibujo realizado por Lorca :\u00bbArlequ\u00edn\u00bb, para que le demos color. Nos felicitan por las composiciones tan creativas y poco estereotipadas que realizamos.<\/p>\n<p>Como somos muy trabajadores\/as acabamos pronto la tarea, as\u00ed que tambi\u00e9n decoramos una graciosa mariposa que lleva escrito en sus alas un fragmento de la poes\u00eda \u00abMariposa del aire\u00bb.<\/p>\n<p>Nos regalan unas preciosas diademas coronadas por una luna, en recuerdo al personaje que hemos conocido y nos invitan a dar un paseo por las instalaciones de la biblioteca.<\/p>\n<p>Juan ha sido el encargado de ello y tras recorrer algunas salas en las que todo el mundo estaban muyyyyy silencioso, llegamos a la destinada al p\u00fablico infantil. All\u00ed, Carmen nos acomoda en unas confortables mesitas para disfrutar de un ratito de lectura y nos ofrece unas b\u00e1sicas normas de uso, por si nos animamos a visitarla con nuestras familias. La emoci\u00f3n nos ha tenido embargados\/as toda la salida, as\u00ed que algunos\/as solicitan el carnet de biblioteca, argumentando que tienen uno de la del cole, ja, ja, ja. En el aula hay impresos por si est\u00e1is interesados\/as.<\/p>\n<p>Aqu\u00ed os dejo un cortito, pero ilustrativo, montaje \u00a0de los momentos m\u00e1s significativos de la experiencia.<\/p>\n<div class=\"embed-vimeo\" style=\"text-align: center;\"><div class=\"a25-CTUOC-hidding-box\" data-original-content=\"&lt;iframe loading=&quot;lazy&quot; src=&quot;https:\/\/player.vimeo.com\/video\/209437464&quot; width=&quot;640&quot; height=&quot;360&quot; frameborder=&quot;0&quot; webkitallowfullscreen mozallowfullscreen allowfullscreen&gt;&lt;\/iframe&gt;\">Esta p\u00e1gina incluye contenido multimedia que requiere aceptar todas las cookies. Pulse aqu\u00ed para abrir la configuraci\u00f3n de cookies.<\/div><\/div>\n<p>\u00a1Espero que vuestros peques os cuenten muchas cosas m\u00e1s!<\/p>\n<p>Esther Justicia.<\/p>\n","protected":false},"excerpt":{"rendered":"<p>Desde el a\u00f1o 1999 la Unesco acord\u00f3, que el d\u00eda 21 de marzo ser\u00eda el elegido para la celebraci\u00f3n del d\u00eda mundial de la poes\u00eda. Seg\u00fan este organismo, \u00abEste d\u00eda tiene como prop\u00f3sito promover la ense\u00f1anza de la poes\u00eda; fomentar la tradici\u00f3n oral de los recitales po\u00e9ticos; apoyar a las peque\u00f1as editoriales; crear una imagen &hellip; <a href=\"https:\/\/www.alqueria.es\/blogs\/alqueriarojaverde\/2017\/03\/21\/dia-mundial-de-la-poesia-actividad-sobre-federico-garcia-lorca-salida-2o-trimestre\/\" class=\"more-link\">Seguir leyendo <span class=\"screen-reader-text\">D\u00cdA MUNDIAL DE LA POES\u00cdA: \u00abACTIVIDAD SOBRE FEDERICO GARC\u00cdA LORCA\u00bb. SALIDA 2\u00ba TRIMESTRE<\/span> <span class=\"meta-nav\">&rarr;<\/span><\/a><\/p>\n","protected":false},"author":19,"featured_media":0,"comment_status":"open","ping_status":"open","sticky":false,"template":"","format":"standard","meta":{"jetpack_post_was_ever_published":false,"_jetpack_newsletter_access":"","_jetpack_dont_email_post_to_subs":false,"_jetpack_newsletter_tier_id":0,"_jetpack_memberships_contains_paywalled_content":false,"_jetpack_memberships_contains_paid_content":false,"footnotes":"","jetpack_publicize_message":"","jetpack_publicize_feature_enabled":true,"jetpack_social_post_already_shared":true,"jetpack_social_options":{"image_generator_settings":{"template":"highway","default_image_id":0,"font":"","enabled":false},"version":2}},"categories":[22,6,13],"tags":[220,219,218],"class_list":["post-13359","post","type-post","status-publish","format-standard","hentry","category-actividades-especiales-y-salidas-clase-roja","category-clase-roja-4-5-anos","category-inicio","tag-biblioteca-publica-de-andalucia","tag-dia-mundial-de-la-poesia","tag-federico-garcia-lorca-para-infantil"],"jetpack_publicize_connections":[],"jetpack_featured_media_url":"","jetpack_sharing_enabled":true,"jetpack_shortlink":"https:\/\/wp.me\/p4lFbP-3tt","_links":{"self":[{"href":"https:\/\/www.alqueria.es\/blogs\/alqueriarojaverde\/wp-json\/wp\/v2\/posts\/13359","targetHints":{"allow":["GET"]}}],"collection":[{"href":"https:\/\/www.alqueria.es\/blogs\/alqueriarojaverde\/wp-json\/wp\/v2\/posts"}],"about":[{"href":"https:\/\/www.alqueria.es\/blogs\/alqueriarojaverde\/wp-json\/wp\/v2\/types\/post"}],"author":[{"embeddable":true,"href":"https:\/\/www.alqueria.es\/blogs\/alqueriarojaverde\/wp-json\/wp\/v2\/users\/19"}],"replies":[{"embeddable":true,"href":"https:\/\/www.alqueria.es\/blogs\/alqueriarojaverde\/wp-json\/wp\/v2\/comments?post=13359"}],"version-history":[{"count":0,"href":"https:\/\/www.alqueria.es\/blogs\/alqueriarojaverde\/wp-json\/wp\/v2\/posts\/13359\/revisions"}],"wp:attachment":[{"href":"https:\/\/www.alqueria.es\/blogs\/alqueriarojaverde\/wp-json\/wp\/v2\/media?parent=13359"}],"wp:term":[{"taxonomy":"category","embeddable":true,"href":"https:\/\/www.alqueria.es\/blogs\/alqueriarojaverde\/wp-json\/wp\/v2\/categories?post=13359"},{"taxonomy":"post_tag","embeddable":true,"href":"https:\/\/www.alqueria.es\/blogs\/alqueriarojaverde\/wp-json\/wp\/v2\/tags?post=13359"}],"curies":[{"name":"wp","href":"https:\/\/api.w.org\/{rel}","templated":true}]}}