{"id":13614,"date":"2017-04-17T19:33:08","date_gmt":"2017-04-17T17:33:08","guid":{"rendered":"https:\/\/www.alqueria.es\/blogs\/alqueriarojaverde\/?p=13614"},"modified":"2017-04-21T09:24:24","modified_gmt":"2017-04-21T07:24:24","slug":"semana-de-la-lectura-inauguracion-1a-jornada","status":"publish","type":"post","link":"https:\/\/www.alqueria.es\/blogs\/alqueriarojaverde\/2017\/04\/17\/semana-de-la-lectura-inauguracion-1a-jornada\/","title":{"rendered":"SEMANA DE LA LECTURA: INAUGURACI\u00d3N (1\u00aa JORNADA)"},"content":{"rendered":"<p><img data-recalc-dims=\"1\" decoding=\"async\" data-attachment-id=\"13626\" data-permalink=\"https:\/\/www.alqueria.es\/blogs\/alqueriarojaverde\/2017\/04\/17\/semana-de-la-lectura-inauguracion-1a-jornada\/para-clase-rojas\/\" data-orig-file=\"https:\/\/i0.wp.com\/cloud.alqueria.es\/wp-content\/uploads\/sites\/8\/2017\/04\/para-clase-rojas.jpg?fit=664%2C697&amp;ssl=1\" data-orig-size=\"664,697\" data-comments-opened=\"1\" data-image-meta=\"{&quot;aperture&quot;:&quot;0&quot;,&quot;credit&quot;:&quot;&quot;,&quot;camera&quot;:&quot;&quot;,&quot;caption&quot;:&quot;&quot;,&quot;created_timestamp&quot;:&quot;0&quot;,&quot;copyright&quot;:&quot;&quot;,&quot;focal_length&quot;:&quot;0&quot;,&quot;iso&quot;:&quot;0&quot;,&quot;shutter_speed&quot;:&quot;0&quot;,&quot;title&quot;:&quot;&quot;,&quot;orientation&quot;:&quot;0&quot;}\" data-image-title=\"para-clase-rojas\" data-image-description=\"\" data-image-caption=\"\" data-large-file=\"https:\/\/i0.wp.com\/cloud.alqueria.es\/wp-content\/uploads\/sites\/8\/2017\/04\/para-clase-rojas.jpg?fit=474%2C498&amp;ssl=1\" class=\"alignleft size-medium wp-image-13626\" src=\"https:\/\/i0.wp.com\/cloud.alqueria.es\/wp-content\/uploads\/sites\/8\/2017\/04\/para-clase-rojas.jpg?resize=286%2C300&#038;ssl=1\" alt=\"\" width=\"286\" height=\"300\" srcset=\"https:\/\/cloud.alqueria.es\/wp-content\/uploads\/sites\/8\/2017\/04\/para-clase-rojas.jpg 664w, https:\/\/cloud.alqueria.es\/wp-content\/uploads\/sites\/8\/2017\/04\/para-clase-rojas.jpg 286w\" sizes=\"(max-width: 286px) 100vw, 286px\" \/><strong>\u00bfQu\u00e9 tal estos d\u00edas de \u00abdescanso\u00bb?.<\/strong> Nosotros hemos vuelto con fuerzas y ganas de seguir compartiendo experiencias.<\/p>\n<p><em><strong><span style=\"color: #ff00ff\">Comenzamos este nuevo trimestre con una celebraci\u00f3n muy especial <span style=\"color: #0000ff\">\u00abLA SEMANA DE LA LECTURA EN INFANTIL\u00bb. <\/span><\/span><\/strong><\/em><\/p>\n<p>Unos d\u00edas dedicados exclusivamente al acercamiento y fomento de la lectura, en su acepci\u00f3n m\u00e1s amplia. Para ello hemos preparado talleres, cuenta-cuentos, teatros, actividades especiales, colaboraciones familiares y un proyecto alfab\u00e9tico, espec\u00edfico y diferente en cada aula.<\/p>\n<p>La<em><strong><span style=\"color: #0000ff\"> inauguraci\u00f3n<\/span><\/strong><\/em> ha estado a cargo de las <em><strong>\u00abalumnas en pr\u00e1cticas\u00bb<\/strong><\/em> (Fani, Susana, Sara y Noelia )que han adaptado el cuento <strong><span style=\"color: #0000ff\">\u00abLos tres bandidos\u00bb<\/span><\/strong>, para representarlo como <span style=\"color: #0000ff\">teatro de sombras<\/span>. Desde aqu\u00ed nos gustar\u00eda agradecerles una vez m\u00e1s el enorme esfuerzo que han hecho, la dedicaci\u00f3n, y por supuesto el entusiasmo demostrado durante la preparaci\u00f3n y puesta en escena.<strong> \u00a1NOS HA ENCANTADO<\/strong>!.<\/p>\n<p><div class=\"embed-vimeo\" style=\"text-align: center;\"><div class=\"a25-CTUOC-hidding-box\" data-original-content=\"&lt;iframe loading=&quot;lazy&quot; src=&quot;https:\/\/player.vimeo.com\/video\/213538110&quot; width=&quot;640&quot; height=&quot;360&quot; frameborder=&quot;0&quot; webkitallowfullscreen mozallowfullscreen allowfullscreen&gt;&lt;\/iframe&gt;\">Esta p\u00e1gina incluye contenido multimedia que requiere aceptar todas las cookies. Pulse aqu\u00ed para abrir la configuraci\u00f3n de cookies.<\/div><\/div><br \/>\nEl resto de la ma\u00f1ana cada grupo ha estado trabajando en su proyecto de aula. El <em><strong><span style=\"color: #008000\">grupo Verde<\/span><\/strong><\/em> est\u00e1 elaborando un<span style=\"color: #339966\"> cuento cooperativo<\/span> en el que entre tod@s est\u00e1n construyendo la historia, eligiendo los personajes y c\u00f3mo no, escribiendo e ilustrando la misma. El <em><strong><span style=\"color: #ff0000\">grupo Rojo<\/span><\/strong><\/em> ha comenzado tambi\u00e9n con la escritura, ilustraci\u00f3n y paginaci\u00f3n de los <span style=\"color: #ff0000\">cuentos individuales<\/span> que cada un@ ha inventado, en los que <span style=\"color: #ff0000\">ellos mismos son los protagonistas<\/span>.<\/p>\n<p>Al finalizar la semana, esperamos tener finalizados ambos proyectos, aunque primar\u00e1 el proceso y dedicaremos el tiempo que sea necesario para ello.<\/p>\n<p><span style=\"color: #993366\">Por la tarde,<span style=\"color: #333333\"> mientras el grupo Naranja asiste a la actividad \u00abcuentos familiares\u00bb, los rojitos y verdes<\/span>\u00a0<\/span>dise\u00f1amos unos bonitos <em><strong><span style=\"color: #993366\">marca-p\u00e1ginas<\/span><\/strong><\/em>, que ultimaremos ma\u00f1ana y que podremos llevar a casa a final de la semana, para darles muuuuucho uso. Como material pl\u00e1stico hemos empleado las acuarelas.<\/p>\n<p><em><strong><span style=\"color: #333333\">Os animamos a que visit\u00e9is con vuestr@s peques, la exposici\u00f3n que hemos ubicado en el centro del pasillo de Infantil, en la hemos pretendido seleccionar una peque\u00f1a muestra de la gran variedad de ejemplares que hay. As\u00ed como la feria que ha montado las familias, en la que ya\u00a0hemos reservado algunos libros que adquiriremos con el dinero obtenido en la actividad del vivero.<\/span><\/strong><\/em><\/p>\n<p><img data-recalc-dims=\"1\" decoding=\"async\" data-attachment-id=\"13634\" data-permalink=\"https:\/\/www.alqueria.es\/blogs\/alqueriarojaverde\/2017\/04\/17\/semana-de-la-lectura-inauguracion-1a-jornada\/img_5635\/\" data-orig-file=\"https:\/\/i0.wp.com\/cloud.alqueria.es\/wp-content\/uploads\/sites\/8\/2017\/04\/IMG_5635.jpg?fit=1024%2C768&amp;ssl=1\" data-orig-size=\"1024,768\" data-comments-opened=\"1\" data-image-meta=\"{&quot;aperture&quot;:&quot;0&quot;,&quot;credit&quot;:&quot;&quot;,&quot;camera&quot;:&quot;&quot;,&quot;caption&quot;:&quot;&quot;,&quot;created_timestamp&quot;:&quot;0&quot;,&quot;copyright&quot;:&quot;&quot;,&quot;focal_length&quot;:&quot;0&quot;,&quot;iso&quot;:&quot;0&quot;,&quot;shutter_speed&quot;:&quot;0&quot;,&quot;title&quot;:&quot;&quot;,&quot;orientation&quot;:&quot;0&quot;}\" data-image-title=\"IMG_5635\" data-image-description=\"\" data-image-caption=\"\" data-large-file=\"https:\/\/i0.wp.com\/cloud.alqueria.es\/wp-content\/uploads\/sites\/8\/2017\/04\/IMG_5635.jpg?fit=474%2C356&amp;ssl=1\" class=\"aligncenter size-medium wp-image-13634\" src=\"https:\/\/i0.wp.com\/cloud.alqueria.es\/wp-content\/uploads\/sites\/8\/2017\/04\/IMG_5635.jpg?resize=300%2C225&#038;ssl=1\" alt=\"\" width=\"300\" height=\"225\" srcset=\"https:\/\/cloud.alqueria.es\/wp-content\/uploads\/sites\/8\/2017\/04\/IMG_5635.jpg 1024w, https:\/\/cloud.alqueria.es\/wp-content\/uploads\/sites\/8\/2017\/04\/IMG_5635.jpg 300w, https:\/\/cloud.alqueria.es\/wp-content\/uploads\/sites\/8\/2017\/04\/IMG_5635.jpg 768w, https:\/\/cloud.alqueria.es\/wp-content\/uploads\/sites\/8\/2017\/04\/IMG_5635.jpg 948w\" sizes=\"(max-width: 300px) 100vw, 300px\" \/><\/p>\n<p>Ma\u00f1ana os seguiremos contando las novedades y acontecimientos m\u00e1s relevantes.<\/p>\n<p>Rosario Garc\u00eda-Valenzuela y Esther Justicia.<\/p>\n<p>&nbsp;<\/p>\n<p>&nbsp;<\/p>\n<p>&nbsp;<\/p>\n","protected":false},"excerpt":{"rendered":"<p>\u00bfQu\u00e9 tal estos d\u00edas de \u00abdescanso\u00bb?. Nosotros hemos vuelto con fuerzas y ganas de seguir compartiendo experiencias. Comenzamos este nuevo trimestre con una celebraci\u00f3n muy especial \u00abLA SEMANA DE LA LECTURA EN INFANTIL\u00bb. Unos d\u00edas dedicados exclusivamente al acercamiento y fomento de la lectura, en su acepci\u00f3n m\u00e1s amplia. Para ello hemos preparado talleres, cuenta-cuentos, &hellip; <a href=\"https:\/\/www.alqueria.es\/blogs\/alqueriarojaverde\/2017\/04\/17\/semana-de-la-lectura-inauguracion-1a-jornada\/\" class=\"more-link\">Seguir leyendo <span class=\"screen-reader-text\">SEMANA DE LA LECTURA: INAUGURACI\u00d3N (1\u00aa JORNADA)<\/span> <span class=\"meta-nav\">&rarr;<\/span><\/a><\/p>\n","protected":false},"author":19,"featured_media":0,"comment_status":"open","ping_status":"open","sticky":false,"template":"","format":"standard","meta":{"jetpack_post_was_ever_published":false,"_jetpack_newsletter_access":"","_jetpack_dont_email_post_to_subs":false,"_jetpack_newsletter_tier_id":0,"_jetpack_memberships_contains_paywalled_content":false,"_jetpack_memberships_contains_paid_content":false,"footnotes":"","jetpack_publicize_message":"","jetpack_publicize_feature_enabled":true,"jetpack_social_post_already_shared":true,"jetpack_social_options":{"image_generator_settings":{"template":"highway","default_image_id":0,"font":"","enabled":false},"version":2}},"categories":[22,23,6,7,13],"tags":[227],"class_list":["post-13614","post","type-post","status-publish","format-standard","hentry","category-actividades-especiales-y-salidas-clase-roja","category-actividades-especiales-y-salidas-clase-verde","category-clase-roja-4-5-anos","category-clase-verde-5-6-anos","category-inicio","tag-semana-lectura-infantil-2017"],"jetpack_publicize_connections":[],"jetpack_featured_media_url":"","jetpack_sharing_enabled":true,"jetpack_shortlink":"https:\/\/wp.me\/p4lFbP-3xA","_links":{"self":[{"href":"https:\/\/www.alqueria.es\/blogs\/alqueriarojaverde\/wp-json\/wp\/v2\/posts\/13614","targetHints":{"allow":["GET"]}}],"collection":[{"href":"https:\/\/www.alqueria.es\/blogs\/alqueriarojaverde\/wp-json\/wp\/v2\/posts"}],"about":[{"href":"https:\/\/www.alqueria.es\/blogs\/alqueriarojaverde\/wp-json\/wp\/v2\/types\/post"}],"author":[{"embeddable":true,"href":"https:\/\/www.alqueria.es\/blogs\/alqueriarojaverde\/wp-json\/wp\/v2\/users\/19"}],"replies":[{"embeddable":true,"href":"https:\/\/www.alqueria.es\/blogs\/alqueriarojaverde\/wp-json\/wp\/v2\/comments?post=13614"}],"version-history":[{"count":0,"href":"https:\/\/www.alqueria.es\/blogs\/alqueriarojaverde\/wp-json\/wp\/v2\/posts\/13614\/revisions"}],"wp:attachment":[{"href":"https:\/\/www.alqueria.es\/blogs\/alqueriarojaverde\/wp-json\/wp\/v2\/media?parent=13614"}],"wp:term":[{"taxonomy":"category","embeddable":true,"href":"https:\/\/www.alqueria.es\/blogs\/alqueriarojaverde\/wp-json\/wp\/v2\/categories?post=13614"},{"taxonomy":"post_tag","embeddable":true,"href":"https:\/\/www.alqueria.es\/blogs\/alqueriarojaverde\/wp-json\/wp\/v2\/tags?post=13614"}],"curies":[{"name":"wp","href":"https:\/\/api.w.org\/{rel}","templated":true}]}}