{"id":13643,"date":"2017-04-18T20:01:21","date_gmt":"2017-04-18T18:01:21","guid":{"rendered":"https:\/\/www.alqueria.es\/blogs\/alqueriarojaverde\/?p=13643"},"modified":"2017-04-21T09:28:12","modified_gmt":"2017-04-21T07:28:12","slug":"semana-de-la-lectura-2a-jornada","status":"publish","type":"post","link":"https:\/\/www.alqueria.es\/blogs\/alqueriarojaverde\/2017\/04\/18\/semana-de-la-lectura-2a-jornada\/","title":{"rendered":"SEMANA DE LA LECTURA (2\u00aa JORNADA)"},"content":{"rendered":"<p><img data-recalc-dims=\"1\" decoding=\"async\" data-attachment-id=\"13628\" data-permalink=\"https:\/\/www.alqueria.es\/blogs\/alqueriarojaverde\/2017\/04\/17\/semana-de-la-lectura-inauguracion-1a-jornada\/para-cuento-roja\/\" data-orig-file=\"https:\/\/i0.wp.com\/cloud.alqueria.es\/wp-content\/uploads\/sites\/8\/2017\/04\/para-cuento-roja.jpg?fit=233%2C217&amp;ssl=1\" data-orig-size=\"233,217\" data-comments-opened=\"1\" data-image-meta=\"{&quot;aperture&quot;:&quot;0&quot;,&quot;credit&quot;:&quot;&quot;,&quot;camera&quot;:&quot;&quot;,&quot;caption&quot;:&quot;&quot;,&quot;created_timestamp&quot;:&quot;0&quot;,&quot;copyright&quot;:&quot;&quot;,&quot;focal_length&quot;:&quot;0&quot;,&quot;iso&quot;:&quot;0&quot;,&quot;shutter_speed&quot;:&quot;0&quot;,&quot;title&quot;:&quot;&quot;,&quot;orientation&quot;:&quot;0&quot;}\" data-image-title=\"para-cuento-roja\" data-image-description=\"\" data-image-caption=\"\" data-large-file=\"https:\/\/i0.wp.com\/cloud.alqueria.es\/wp-content\/uploads\/sites\/8\/2017\/04\/para-cuento-roja.jpg?fit=233%2C217&amp;ssl=1\" class=\"alignleft size-full wp-image-13628\" src=\"https:\/\/i0.wp.com\/cloud.alqueria.es\/wp-content\/uploads\/sites\/8\/2017\/04\/para-cuento-roja.jpg?resize=233%2C217&#038;ssl=1\" alt=\"\" width=\"233\" height=\"217\" \/>Comenzamos la ma\u00f1ana con la visita de <em><strong><span style=\"color: #0000ff\">Gracia<\/span><\/strong><\/em>, <span style=\"color: #0000ff\">mam\u00e1 de Bruno<\/span> (clase verde).<\/p>\n<p>Es <em><strong><span style=\"color: #0000ff\">escritora<\/span><\/strong><\/em> y profesora de Literatura, nos ha trasladado la importancia de pensar y elegir bien las palabras que se van a utilizar a la hora de escribir algo.<\/p>\n<p>Tambi\u00e9n nos ha hablado acerca del largo \u00abviaje\u00bb que hay desde que un escritor\/a piensa en una historia, pasando por la transcripci\u00f3n, ilustraci\u00f3n, maquetaci\u00f3n, encuadernaci\u00f3n y venta, hasta llegar a nuestras casas.<\/p>\n<p>Ella <em><strong>ha escrito cuentos, poes\u00edas y sobre todo teatro<\/strong><\/em>, pero hoy <em><strong><span style=\"color: #0000ff\">nos deleita con tres lecturas dirigidas al p\u00fablico infantil,<\/span> <\/strong><\/em>que los ha dejado boquiabiertos (no hay m\u00e1s que ver sus caras).<\/p>\n<p>La primera de ellas ten\u00eda como protagonista a un ni\u00f1o que se llamaba Sergio y \u00a0que ten\u00eda miedo de sus zapatos (unas especiales zapatillas de color azul), los otros dos versaban sobre un drag\u00f3n llamado Crist\u00f3bal y sus peripecias, con los que nos ha ofrecido una simp\u00e1tica manera de trabajar las emociones, la ayuda a los dem\u00e1s y otros valores igual de importantes.<\/p>\n<p><img data-recalc-dims=\"1\" decoding=\"async\" data-attachment-id=\"13653\" data-permalink=\"https:\/\/www.alqueria.es\/blogs\/alqueriarojaverde\/2017\/04\/18\/semana-de-la-lectura-2a-jornada\/img_5655\/\" data-orig-file=\"https:\/\/i0.wp.com\/cloud.alqueria.es\/wp-content\/uploads\/sites\/8\/2017\/04\/IMG_5655-e1492509117944.jpg?fit=768%2C1024&amp;ssl=1\" data-orig-size=\"768,1024\" data-comments-opened=\"1\" data-image-meta=\"{&quot;aperture&quot;:&quot;0&quot;,&quot;credit&quot;:&quot;&quot;,&quot;camera&quot;:&quot;&quot;,&quot;caption&quot;:&quot;&quot;,&quot;created_timestamp&quot;:&quot;0&quot;,&quot;copyright&quot;:&quot;&quot;,&quot;focal_length&quot;:&quot;0&quot;,&quot;iso&quot;:&quot;0&quot;,&quot;shutter_speed&quot;:&quot;0&quot;,&quot;title&quot;:&quot;&quot;,&quot;orientation&quot;:&quot;0&quot;}\" data-image-title=\"IMG_5655\" data-image-description=\"\" data-image-caption=\"\" data-large-file=\"https:\/\/i0.wp.com\/cloud.alqueria.es\/wp-content\/uploads\/sites\/8\/2017\/04\/IMG_5655-e1492509117944.jpg?fit=474%2C632&amp;ssl=1\" class=\"alignleft wp-image-13653\" src=\"https:\/\/i0.wp.com\/cloud.alqueria.es\/wp-content\/uploads\/sites\/8\/2017\/04\/IMG_5655-e1492509117944.jpg?resize=133%2C177&#038;ssl=1\" alt=\"\" width=\"133\" height=\"177\" srcset=\"https:\/\/cloud.alqueria.es\/wp-content\/uploads\/sites\/8\/2017\/04\/IMG_5655-e1492509117944.jpg 768w, https:\/\/cloud.alqueria.es\/wp-content\/uploads\/sites\/8\/2017\/04\/IMG_5655-e1492509117944.jpg 225w\" sizes=\"(max-width: 133px) 100vw, 133px\" \/><\/p>\n<p class=\"jetpack-slideshow-noscript robots-nocontent\">El pase de diapositivas requiere JavaScript.<\/p><div id=\"gallery-13643-1-slideshow\" class=\"jetpack-slideshow-window jetpack-slideshow jetpack-slideshow-black\" data-trans=\"fade\" data-autostart=\"1\" data-gallery=\"[{&quot;src&quot;:&quot;https:\\\/\\\/i0.wp.com\\\/cloud.alqueria.es\\\/wp-content\\\/uploads\\\/sites\\\/8\\\/2017\\\/04\\\/IMG_5636.jpg?fit=1024%2C768\\u0026ssl=1&quot;,&quot;id&quot;:&quot;13644&quot;,&quot;title&quot;:&quot;IMG_5636&quot;,&quot;alt&quot;:&quot;&quot;,&quot;caption&quot;:&quot;&quot;,&quot;itemprop&quot;:&quot;image&quot;},{&quot;src&quot;:&quot;https:\\\/\\\/i0.wp.com\\\/cloud.alqueria.es\\\/wp-content\\\/uploads\\\/sites\\\/8\\\/2017\\\/04\\\/IMG_5646.jpg?fit=1024%2C768\\u0026ssl=1&quot;,&quot;id&quot;:&quot;13650&quot;,&quot;title&quot;:&quot;IMG_5646&quot;,&quot;alt&quot;:&quot;&quot;,&quot;caption&quot;:&quot;&quot;,&quot;itemprop&quot;:&quot;image&quot;},{&quot;src&quot;:&quot;https:\\\/\\\/i0.wp.com\\\/cloud.alqueria.es\\\/wp-content\\\/uploads\\\/sites\\\/8\\\/2017\\\/04\\\/IMG_5641.jpg?fit=1024%2C768\\u0026ssl=1&quot;,&quot;id&quot;:&quot;13647&quot;,&quot;title&quot;:&quot;IMG_5641&quot;,&quot;alt&quot;:&quot;&quot;,&quot;caption&quot;:&quot;&quot;,&quot;itemprop&quot;:&quot;image&quot;},{&quot;src&quot;:&quot;https:\\\/\\\/i0.wp.com\\\/cloud.alqueria.es\\\/wp-content\\\/uploads\\\/sites\\\/8\\\/2017\\\/04\\\/IMG_5651.jpg?fit=1024%2C768\\u0026ssl=1&quot;,&quot;id&quot;:&quot;13651&quot;,&quot;title&quot;:&quot;IMG_5651&quot;,&quot;alt&quot;:&quot;&quot;,&quot;caption&quot;:&quot;&quot;,&quot;itemprop&quot;:&quot;image&quot;},{&quot;src&quot;:&quot;https:\\\/\\\/i0.wp.com\\\/cloud.alqueria.es\\\/wp-content\\\/uploads\\\/sites\\\/8\\\/2017\\\/04\\\/IMG_5643.jpg?fit=1024%2C768\\u0026ssl=1&quot;,&quot;id&quot;:&quot;13649&quot;,&quot;title&quot;:&quot;IMG_5643&quot;,&quot;alt&quot;:&quot;&quot;,&quot;caption&quot;:&quot;&quot;,&quot;itemprop&quot;:&quot;image&quot;},{&quot;src&quot;:&quot;https:\\\/\\\/i0.wp.com\\\/cloud.alqueria.es\\\/wp-content\\\/uploads\\\/sites\\\/8\\\/2017\\\/04\\\/IMG_5638.jpg?fit=1024%2C768\\u0026ssl=1&quot;,&quot;id&quot;:&quot;13645&quot;,&quot;title&quot;:&quot;IMG_5638&quot;,&quot;alt&quot;:&quot;&quot;,&quot;caption&quot;:&quot;&quot;,&quot;itemprop&quot;:&quot;image&quot;},{&quot;src&quot;:&quot;https:\\\/\\\/i0.wp.com\\\/cloud.alqueria.es\\\/wp-content\\\/uploads\\\/sites\\\/8\\\/2017\\\/04\\\/IMG_5639.jpg?fit=1024%2C768\\u0026ssl=1&quot;,&quot;id&quot;:&quot;13646&quot;,&quot;title&quot;:&quot;IMG_5639&quot;,&quot;alt&quot;:&quot;&quot;,&quot;caption&quot;:&quot;&quot;,&quot;itemprop&quot;:&quot;image&quot;},{&quot;src&quot;:&quot;https:\\\/\\\/i0.wp.com\\\/cloud.alqueria.es\\\/wp-content\\\/uploads\\\/sites\\\/8\\\/2017\\\/04\\\/IMG_5653.jpg?fit=1024%2C768\\u0026ssl=1&quot;,&quot;id&quot;:&quot;13652&quot;,&quot;title&quot;:&quot;IMG_5653&quot;,&quot;alt&quot;:&quot;&quot;,&quot;caption&quot;:&quot;&quot;,&quot;itemprop&quot;:&quot;image&quot;},{&quot;src&quot;:&quot;https:\\\/\\\/i0.wp.com\\\/cloud.alqueria.es\\\/wp-content\\\/uploads\\\/sites\\\/8\\\/2017\\\/04\\\/IMG_5642.jpg?fit=1024%2C768\\u0026ssl=1&quot;,&quot;id&quot;:&quot;13648&quot;,&quot;title&quot;:&quot;IMG_5642&quot;,&quot;alt&quot;:&quot;&quot;,&quot;caption&quot;:&quot;&quot;,&quot;itemprop&quot;:&quot;image&quot;}]\" itemscope itemtype=\"https:\/\/schema.org\/ImageGallery\"><\/div>\n<p>Tras un ratito de juego en el aula, nos trasladamos hasta nuestra sala de usos m\u00faltiples, donde nos aguardaba otra sorpresa.<\/p>\n<p>Las<span style=\"color: #ff6600\"> mam\u00e1s de \u00a0Julia y Vega<\/span> (<em><strong><span style=\"color: #ff6600\">M\u00aa Jes\u00fas y Estela<\/span><\/strong><\/em>) y <span style=\"color: #ff6600\">el pap\u00e1 de Cayetana<\/span> (<em><strong><span style=\"color: #ff6600\">Antonio<\/span><\/strong><\/em>), todos del grupo Rojo, nos han ofrecido un <strong>espect\u00e1culo de luz negra<\/strong> titulado <span style=\"color: #339966\"><em><strong>\u00abLos cerditos bailarines\u00bb.<\/strong><\/em><\/span><\/p>\n<p><img data-recalc-dims=\"1\" decoding=\"async\" data-attachment-id=\"13655\" data-permalink=\"https:\/\/www.alqueria.es\/blogs\/alqueriarojaverde\/2017\/04\/18\/semana-de-la-lectura-2a-jornada\/img_5664\/\" data-orig-file=\"https:\/\/i0.wp.com\/cloud.alqueria.es\/wp-content\/uploads\/sites\/8\/2017\/04\/IMG_5664.jpg?fit=1024%2C768&amp;ssl=1\" data-orig-size=\"1024,768\" data-comments-opened=\"1\" data-image-meta=\"{&quot;aperture&quot;:&quot;0&quot;,&quot;credit&quot;:&quot;&quot;,&quot;camera&quot;:&quot;&quot;,&quot;caption&quot;:&quot;&quot;,&quot;created_timestamp&quot;:&quot;0&quot;,&quot;copyright&quot;:&quot;&quot;,&quot;focal_length&quot;:&quot;0&quot;,&quot;iso&quot;:&quot;0&quot;,&quot;shutter_speed&quot;:&quot;0&quot;,&quot;title&quot;:&quot;&quot;,&quot;orientation&quot;:&quot;0&quot;}\" data-image-title=\"IMG_5664\" data-image-description=\"\" data-image-caption=\"\" data-large-file=\"https:\/\/i0.wp.com\/cloud.alqueria.es\/wp-content\/uploads\/sites\/8\/2017\/04\/IMG_5664.jpg?fit=474%2C356&amp;ssl=1\" class=\"alignleft wp-image-13655 size-full\" src=\"https:\/\/i0.wp.com\/cloud.alqueria.es\/wp-content\/uploads\/sites\/8\/2017\/04\/IMG_5664.jpg?resize=474%2C356&#038;ssl=1\" alt=\"\" width=\"474\" height=\"356\" srcset=\"https:\/\/cloud.alqueria.es\/wp-content\/uploads\/sites\/8\/2017\/04\/IMG_5664.jpg 1024w, https:\/\/cloud.alqueria.es\/wp-content\/uploads\/sites\/8\/2017\/04\/IMG_5664.jpg 300w, https:\/\/cloud.alqueria.es\/wp-content\/uploads\/sites\/8\/2017\/04\/IMG_5664.jpg 768w, https:\/\/cloud.alqueria.es\/wp-content\/uploads\/sites\/8\/2017\/04\/IMG_5664.jpg 948w\" sizes=\"(max-width: 474px) 100vw, 474px\" \/><\/p>\n<p>Han comenzado con una introducci\u00f3n acerca de la magia de los cuentos. Gracias a ellos conocemos historias nuevas, personajes desconocidos, lugares a los que nunca hemos ido, aventuras fant\u00e1sticas &#8230; y todo ello gracias al poder de nuestra imaginaci\u00f3n.<\/p>\n<p>Nos proponen cerrar los ojos e imaginar una preciosa playa, con una agua cristalina, arena mojada y en la que hay un castillo de arena. De repente \u00a1oh, \u00a0en el fondo divisamos un barco!, \u00a1un gran barco pirata! y &#8230; \u00a0El alumnado se introduce totalmente en la historia y corrobora que lo est\u00e1 \u00abviendo\u00bb, eso est\u00e1 ocurriendo en nuestra imaginaci\u00f3n.<\/p>\n<p><img data-recalc-dims=\"1\" decoding=\"async\" data-attachment-id=\"13654\" data-permalink=\"https:\/\/www.alqueria.es\/blogs\/alqueriarojaverde\/2017\/04\/18\/semana-de-la-lectura-2a-jornada\/img_5660\/\" data-orig-file=\"https:\/\/i0.wp.com\/cloud.alqueria.es\/wp-content\/uploads\/sites\/8\/2017\/04\/IMG_5660.jpg?fit=1024%2C768&amp;ssl=1\" data-orig-size=\"1024,768\" data-comments-opened=\"1\" data-image-meta=\"{&quot;aperture&quot;:&quot;0&quot;,&quot;credit&quot;:&quot;&quot;,&quot;camera&quot;:&quot;&quot;,&quot;caption&quot;:&quot;&quot;,&quot;created_timestamp&quot;:&quot;0&quot;,&quot;copyright&quot;:&quot;&quot;,&quot;focal_length&quot;:&quot;0&quot;,&quot;iso&quot;:&quot;0&quot;,&quot;shutter_speed&quot;:&quot;0&quot;,&quot;title&quot;:&quot;&quot;,&quot;orientation&quot;:&quot;0&quot;}\" data-image-title=\"IMG_5660\" data-image-description=\"\" data-image-caption=\"\" data-large-file=\"https:\/\/i0.wp.com\/cloud.alqueria.es\/wp-content\/uploads\/sites\/8\/2017\/04\/IMG_5660.jpg?fit=474%2C356&amp;ssl=1\" class=\"alignleft size-large wp-image-13654\" src=\"https:\/\/i0.wp.com\/cloud.alqueria.es\/wp-content\/uploads\/sites\/8\/2017\/04\/IMG_5660.jpg?resize=474%2C356&#038;ssl=1\" alt=\"\" width=\"474\" height=\"356\" srcset=\"https:\/\/cloud.alqueria.es\/wp-content\/uploads\/sites\/8\/2017\/04\/IMG_5660.jpg 1024w, https:\/\/cloud.alqueria.es\/wp-content\/uploads\/sites\/8\/2017\/04\/IMG_5660.jpg 300w, https:\/\/cloud.alqueria.es\/wp-content\/uploads\/sites\/8\/2017\/04\/IMG_5660.jpg 768w, https:\/\/cloud.alqueria.es\/wp-content\/uploads\/sites\/8\/2017\/04\/IMG_5660.jpg 948w\" sizes=\"(max-width: 474px) 100vw, 474px\" \/><\/p>\n<p>Tras esta bonita experiencia, comienza el espect\u00e1culo. Un koala llamado Buster Moon hace acto de presencia en el escenario y como por arte de magia &#8230;<\/p>\n<div class=\"embed-vimeo\" style=\"text-align: center;\"><div class=\"a25-CTUOC-hidding-box\" data-original-content=\"&lt;iframe loading=&quot;lazy&quot; src=&quot;https:\/\/player.vimeo.com\/video\/213643159&quot; width=&quot;640&quot; height=&quot;360&quot; frameborder=&quot;0&quot; webkitallowfullscreen mozallowfullscreen allowfullscreen&gt;&lt;\/iframe&gt;\">Esta p\u00e1gina incluye contenido multimedia que requiere aceptar todas las cookies. Pulse aqu\u00ed para abrir la configuraci\u00f3n de cookies.<\/div><\/div>\n<div class=\"tiled-gallery type-square tiled-gallery-unresized\" data-original-width=\"474\" data-carousel-extra='{&quot;blog_id&quot;:8,&quot;permalink&quot;:&quot;https:\\\/\\\/www.alqueria.es\\\/blogs\\\/alqueriarojaverde\\\/2017\\\/04\\\/18\\\/semana-de-la-lectura-2a-jornada\\\/&quot;,&quot;likes_blog_id&quot;:64268569}' itemscope itemtype=\"http:\/\/schema.org\/ImageGallery\" > <div class=\"gallery-row\" style=\"width: 474px; height: 474px;\" data-original-width=\"474\" data-original-height=\"474\" > <div class=\"gallery-group\" style=\"width: 474px; height: 474px;\" data-original-width=\"474\" data-original-height=\"474\" > <div class=\"tiled-gallery-item \" itemprop=\"associatedMedia\" itemscope itemtype=\"http:\/\/schema.org\/ImageObject\"> <a href=\"https:\/\/www.alqueria.es\/blogs\/alqueriarojaverde\/2017\/04\/18\/semana-de-la-lectura-2a-jornada\/img_5665\/\" border=\"0\" itemprop=\"url\"> <meta itemprop=\"width\" content=\"470\"> <meta itemprop=\"height\" content=\"470\"> <img decoding=\"async\" class=\"\" data-attachment-id=\"13656\" data-orig-file=\"https:\/\/cloud.alqueria.es\/wp-content\/uploads\/sites\/8\/2017\/04\/IMG_5665.jpg\" data-orig-size=\"1024,768\" data-comments-opened=\"1\" data-image-meta=\"{&quot;aperture&quot;:&quot;0&quot;,&quot;credit&quot;:&quot;&quot;,&quot;camera&quot;:&quot;&quot;,&quot;caption&quot;:&quot;&quot;,&quot;created_timestamp&quot;:&quot;0&quot;,&quot;copyright&quot;:&quot;&quot;,&quot;focal_length&quot;:&quot;0&quot;,&quot;iso&quot;:&quot;0&quot;,&quot;shutter_speed&quot;:&quot;0&quot;,&quot;title&quot;:&quot;&quot;,&quot;orientation&quot;:&quot;0&quot;}\" data-image-title=\"IMG_5665\" data-image-description=\"\" data-medium-file=\"https:\/\/i0.wp.com\/cloud.alqueria.es\/wp-content\/uploads\/sites\/8\/2017\/04\/IMG_5665.jpg?fit=300%2C225&#038;ssl=1\" data-large-file=\"https:\/\/i0.wp.com\/cloud.alqueria.es\/wp-content\/uploads\/sites\/8\/2017\/04\/IMG_5665.jpg?fit=474%2C356&#038;ssl=1\" src=\"https:\/\/i0.wp.com\/cloud.alqueria.es\/wp-content\/uploads\/sites\/8\/2017\/04\/IMG_5665.jpg?w=470&#038;h=470&#038;crop=1&#038;ssl=1\" srcset=\"https:\/\/cloud.alqueria.es\/wp-content\/uploads\/sites\/8\/2017\/04\/IMG_5665.jpg 150w, https:\/\/cloud.alqueria.es\/wp-content\/uploads\/sites\/8\/2017\/04\/IMG_5665.jpg 940w\" width=\"470\" height=\"470\" loading=\"lazy\" data-original-width=\"470\" data-original-height=\"470\" itemprop=\"http:\/\/schema.org\/image\" title=\"IMG_5665\" alt=\"IMG_5665\" style=\"width: 470px; height: 470px;\" \/> <\/a> <\/div> <\/div> <\/div> <\/div>\n<p>Al finalizar, compartimos el baile con los personajes y obsequiamos a las familias colaboradoras con una preciosa maceta, que sus peques les han entregado.<\/p>\n<p>Por la tarde seguimos disfrutando de esta especial semana:<\/p>\n<p><em><strong><span style=\"color: #00ff00\"><img data-recalc-dims=\"1\" decoding=\"async\" data-attachment-id=\"13617\" data-permalink=\"https:\/\/www.alqueria.es\/blogs\/alqueriarojaverde\/2017\/04\/17\/semana-de-la-lectura-inauguracion-1a-jornada\/abuelo-leyendo\/\" data-orig-file=\"https:\/\/i0.wp.com\/cloud.alqueria.es\/wp-content\/uploads\/sites\/8\/2017\/04\/abuelo-leyendo.gif?fit=300%2C243&amp;ssl=1\" data-orig-size=\"300,243\" data-comments-opened=\"1\" data-image-meta=\"{&quot;aperture&quot;:&quot;0&quot;,&quot;credit&quot;:&quot;&quot;,&quot;camera&quot;:&quot;&quot;,&quot;caption&quot;:&quot;&quot;,&quot;created_timestamp&quot;:&quot;0&quot;,&quot;copyright&quot;:&quot;&quot;,&quot;focal_length&quot;:&quot;0&quot;,&quot;iso&quot;:&quot;0&quot;,&quot;shutter_speed&quot;:&quot;0&quot;,&quot;title&quot;:&quot;&quot;,&quot;orientation&quot;:&quot;0&quot;}\" data-image-title=\"abuelo-leyendo\" data-image-description=\"\" data-image-caption=\"\" data-large-file=\"https:\/\/i0.wp.com\/cloud.alqueria.es\/wp-content\/uploads\/sites\/8\/2017\/04\/abuelo-leyendo.gif?fit=300%2C243&amp;ssl=1\" class=\"alignleft size-medium wp-image-13617\" src=\"https:\/\/i0.wp.com\/cloud.alqueria.es\/wp-content\/uploads\/sites\/8\/2017\/04\/abuelo-leyendo.gif?resize=300%2C243&#038;ssl=1\" alt=\"\" width=\"300\" height=\"243\" \/>El grupo Verde. <\/span><\/strong><\/em><span style=\"color: #333333\">Ha\u00a0pasado una velada muy especial con unos cuenta-cuentos muy entra\u00f1ables. Como cada a\u00f1o, solicitamos la colaboraci\u00f3n de los abuelos\/as de Infantil, para compartir con ell@s lecturas de cuentos e historias. Este a\u00f1o han participado:<\/span><\/p>\n<p><strong><span style=\"color: #008000\">Rosa,<\/span><\/strong> abuela de Alicia, con el cuento <strong><span style=\"color: #99cc00\">\u00abBlanca Nieves y los 7 enanitos\u00bb<\/span><\/strong><\/p>\n<p><strong><span style=\"color: #008000\">Juan de Dios,<\/span><\/strong> abuelo de Juanjo, con la historia<strong><span style=\"color: #99cc00\"> \u00bb Bendito veneno\u00bb<\/span><\/strong><\/p>\n<p><strong><span style=\"color: #008000\">Encarnaci\u00f3n<\/span><\/strong>, abuela de Alejandro, con el <strong><span style=\"color: #99cc00\">\u00abInesperado viaje de Mamut y Ping\u00fcino\u00bb<\/span><\/strong><\/p>\n<p><strong><span style=\"color: #008000\">Ricardo<\/span><\/strong>, abuelo de Alejandro, con el cuento <strong><span style=\"color: #99cc00\">\u00bb Gato rojo y gato azul\u00bb<\/span><\/strong><\/p>\n<p class=\"jetpack-slideshow-noscript robots-nocontent\">El pase de diapositivas requiere JavaScript.<\/p><div id=\"gallery-13643-2-slideshow\" class=\"jetpack-slideshow-window jetpack-slideshow jetpack-slideshow-black\" data-trans=\"fade\" data-autostart=\"1\" data-gallery=\"[{&quot;src&quot;:&quot;https:\\\/\\\/i0.wp.com\\\/cloud.alqueria.es\\\/wp-content\\\/uploads\\\/sites\\\/8\\\/2017\\\/04\\\/rosa-2.jpg?fit=1024%2C768\\u0026ssl=1&quot;,&quot;id&quot;:&quot;13675&quot;,&quot;title&quot;:&quot;rosa-2&quot;,&quot;alt&quot;:&quot;&quot;,&quot;caption&quot;:&quot;&quot;,&quot;itemprop&quot;:&quot;image&quot;},{&quot;src&quot;:&quot;https:\\\/\\\/i0.wp.com\\\/cloud.alqueria.es\\\/wp-content\\\/uploads\\\/sites\\\/8\\\/2017\\\/04\\\/rosa-1.jpg?fit=768%2C1024\\u0026ssl=1&quot;,&quot;id&quot;:&quot;13671&quot;,&quot;title&quot;:&quot;rosa-1&quot;,&quot;alt&quot;:&quot;&quot;,&quot;caption&quot;:&quot;&quot;,&quot;itemprop&quot;:&quot;image&quot;},{&quot;src&quot;:&quot;https:\\\/\\\/i0.wp.com\\\/cloud.alqueria.es\\\/wp-content\\\/uploads\\\/sites\\\/8\\\/2017\\\/04\\\/ricardo-2.jpg?fit=768%2C1024\\u0026ssl=1&quot;,&quot;id&quot;:&quot;13669&quot;,&quot;title&quot;:&quot;ricardo-2&quot;,&quot;alt&quot;:&quot;&quot;,&quot;caption&quot;:&quot;&quot;,&quot;itemprop&quot;:&quot;image&quot;},{&quot;src&quot;:&quot;https:\\\/\\\/i0.wp.com\\\/cloud.alqueria.es\\\/wp-content\\\/uploads\\\/sites\\\/8\\\/2017\\\/04\\\/ricardo-1.jpg?fit=768%2C1024\\u0026ssl=1&quot;,&quot;id&quot;:&quot;13668&quot;,&quot;title&quot;:&quot;ricardo-1&quot;,&quot;alt&quot;:&quot;&quot;,&quot;caption&quot;:&quot;&quot;,&quot;itemprop&quot;:&quot;image&quot;},{&quot;src&quot;:&quot;https:\\\/\\\/i0.wp.com\\\/cloud.alqueria.es\\\/wp-content\\\/uploads\\\/sites\\\/8\\\/2017\\\/04\\\/juan-2.jpg?fit=768%2C1024\\u0026ssl=1&quot;,&quot;id&quot;:&quot;13667&quot;,&quot;title&quot;:&quot;juan-2&quot;,&quot;alt&quot;:&quot;&quot;,&quot;caption&quot;:&quot;&quot;,&quot;itemprop&quot;:&quot;image&quot;},{&quot;src&quot;:&quot;https:\\\/\\\/i0.wp.com\\\/cloud.alqueria.es\\\/wp-content\\\/uploads\\\/sites\\\/8\\\/2017\\\/04\\\/juan-1.jpg?fit=768%2C1024\\u0026ssl=1&quot;,&quot;id&quot;:&quot;13666&quot;,&quot;title&quot;:&quot;juan-1&quot;,&quot;alt&quot;:&quot;&quot;,&quot;caption&quot;:&quot;&quot;,&quot;itemprop&quot;:&quot;image&quot;},{&quot;src&quot;:&quot;https:\\\/\\\/i0.wp.com\\\/cloud.alqueria.es\\\/wp-content\\\/uploads\\\/sites\\\/8\\\/2017\\\/04\\\/encarnacion-2.jpg?fit=768%2C1024\\u0026ssl=1&quot;,&quot;id&quot;:&quot;13665&quot;,&quot;title&quot;:&quot;encarnacion-2&quot;,&quot;alt&quot;:&quot;&quot;,&quot;caption&quot;:&quot;&quot;,&quot;itemprop&quot;:&quot;image&quot;},{&quot;src&quot;:&quot;https:\\\/\\\/i0.wp.com\\\/cloud.alqueria.es\\\/wp-content\\\/uploads\\\/sites\\\/8\\\/2017\\\/04\\\/encarnacion-1.jpg?fit=768%2C1024\\u0026ssl=1&quot;,&quot;id&quot;:&quot;13664&quot;,&quot;title&quot;:&quot;encarnacion-1&quot;,&quot;alt&quot;:&quot;&quot;,&quot;caption&quot;:&quot;&quot;,&quot;itemprop&quot;:&quot;image&quot;},{&quot;src&quot;:&quot;https:\\\/\\\/i0.wp.com\\\/cloud.alqueria.es\\\/wp-content\\\/uploads\\\/sites\\\/8\\\/2017\\\/04\\\/abuelos.jpg?fit=1024%2C768\\u0026ssl=1&quot;,&quot;id&quot;:&quot;13663&quot;,&quot;title&quot;:&quot;abuelos&quot;,&quot;alt&quot;:&quot;&quot;,&quot;caption&quot;:&quot;&quot;,&quot;itemprop&quot;:&quot;image&quot;}]\" itemscope itemtype=\"https:\/\/schema.org\/ImageGallery\"><\/div>\n<p><strong><span style=\"color: #00ff00\">\u00a1\u00a1\u00a1 MUCHAS GRACIAS POR ESTA \u00a0TARDE TAN M\u00c1GICA !!!<\/span><\/strong><\/p>\n<p><em><strong><span style=\"color: #ff0000\"><img data-recalc-dims=\"1\" decoding=\"async\" data-attachment-id=\"13622\" data-permalink=\"https:\/\/www.alqueria.es\/blogs\/alqueriarojaverde\/2017\/04\/17\/semana-de-la-lectura-inauguracion-1a-jornada\/don-quijote\/\" data-orig-file=\"https:\/\/i0.wp.com\/cloud.alqueria.es\/wp-content\/uploads\/sites\/8\/2017\/04\/don-quijote.jpg?fit=313%2C161&amp;ssl=1\" data-orig-size=\"313,161\" data-comments-opened=\"1\" data-image-meta=\"{&quot;aperture&quot;:&quot;0&quot;,&quot;credit&quot;:&quot;&quot;,&quot;camera&quot;:&quot;&quot;,&quot;caption&quot;:&quot;&quot;,&quot;created_timestamp&quot;:&quot;0&quot;,&quot;copyright&quot;:&quot;&quot;,&quot;focal_length&quot;:&quot;0&quot;,&quot;iso&quot;:&quot;0&quot;,&quot;shutter_speed&quot;:&quot;0&quot;,&quot;title&quot;:&quot;&quot;,&quot;orientation&quot;:&quot;0&quot;}\" data-image-title=\"don-quijote\" data-image-description=\"\" data-image-caption=\"\" data-large-file=\"https:\/\/i0.wp.com\/cloud.alqueria.es\/wp-content\/uploads\/sites\/8\/2017\/04\/don-quijote.jpg?fit=313%2C161&amp;ssl=1\" class=\"alignleft wp-image-13622 size-full\" src=\"https:\/\/i0.wp.com\/cloud.alqueria.es\/wp-content\/uploads\/sites\/8\/2017\/04\/don-quijote.jpg?resize=313%2C161&#038;ssl=1\" alt=\"\" width=\"313\" height=\"161\" srcset=\"https:\/\/cloud.alqueria.es\/wp-content\/uploads\/sites\/8\/2017\/04\/don-quijote.jpg 313w, https:\/\/cloud.alqueria.es\/wp-content\/uploads\/sites\/8\/2017\/04\/don-quijote.jpg 300w\" sizes=\"(max-width: 313px) 100vw, 313px\" \/>El grupo Rojo<\/span><\/strong><\/em>, disfruta escuchando la puesta en escena que <em><strong><span style=\"color: #993366\">Marisa y Ana<\/span><\/strong><\/em> (<span style=\"color: #993366\">madres de Manel y M\u00eda,<\/span> respectivamente), han preparado para acercarnos a la figura de <em><strong><span style=\"color: #993366\">Don Quijote de la Mancha.<\/span><\/strong><\/em><\/p>\n<p><img data-recalc-dims=\"1\" decoding=\"async\" data-attachment-id=\"13678\" data-permalink=\"https:\/\/www.alqueria.es\/blogs\/alqueriarojaverde\/2017\/04\/18\/semana-de-la-lectura-2a-jornada\/img_5673\/\" data-orig-file=\"https:\/\/i0.wp.com\/cloud.alqueria.es\/wp-content\/uploads\/sites\/8\/2017\/04\/IMG_5673.jpg?fit=1024%2C768&amp;ssl=1\" data-orig-size=\"1024,768\" data-comments-opened=\"1\" data-image-meta=\"{&quot;aperture&quot;:&quot;0&quot;,&quot;credit&quot;:&quot;&quot;,&quot;camera&quot;:&quot;&quot;,&quot;caption&quot;:&quot;&quot;,&quot;created_timestamp&quot;:&quot;0&quot;,&quot;copyright&quot;:&quot;&quot;,&quot;focal_length&quot;:&quot;0&quot;,&quot;iso&quot;:&quot;0&quot;,&quot;shutter_speed&quot;:&quot;0&quot;,&quot;title&quot;:&quot;&quot;,&quot;orientation&quot;:&quot;0&quot;}\" data-image-title=\"IMG_5673\" data-image-description=\"\" data-image-caption=\"\" data-large-file=\"https:\/\/i0.wp.com\/cloud.alqueria.es\/wp-content\/uploads\/sites\/8\/2017\/04\/IMG_5673.jpg?fit=474%2C356&amp;ssl=1\" class=\"aligncenter wp-image-13678 size-full\" src=\"https:\/\/i0.wp.com\/cloud.alqueria.es\/wp-content\/uploads\/sites\/8\/2017\/04\/IMG_5673.jpg?resize=474%2C356&#038;ssl=1\" alt=\"\" width=\"474\" height=\"356\" srcset=\"https:\/\/cloud.alqueria.es\/wp-content\/uploads\/sites\/8\/2017\/04\/IMG_5673.jpg 1024w, https:\/\/cloud.alqueria.es\/wp-content\/uploads\/sites\/8\/2017\/04\/IMG_5673.jpg 300w, https:\/\/cloud.alqueria.es\/wp-content\/uploads\/sites\/8\/2017\/04\/IMG_5673.jpg 768w, https:\/\/cloud.alqueria.es\/wp-content\/uploads\/sites\/8\/2017\/04\/IMG_5673.jpg 948w\" sizes=\"(max-width: 474px) 100vw, 474px\" \/><\/p>\n<p>Bas\u00e1ndose en el libro <strong><em>\u00bfQui\u00e9n es Don Quijote de la Mancha?,<\/em> <\/strong>realizan una adaptaci\u00f3n de algunos fragmentos, que acompa\u00f1an con la presentaci\u00f3n de im\u00e1genes, a modo de personajes, para facilitar la comprensi\u00f3n.<\/p>\n<p>En primer lugar nos presentan la figura de Don Quijote de la Mancha y luego nos cuentan la historia de los molinos y del reba\u00f1o de ovejas.<\/p>\n<p><img data-recalc-dims=\"1\" decoding=\"async\" data-attachment-id=\"13670\" data-permalink=\"https:\/\/www.alqueria.es\/blogs\/alqueriarojaverde\/2017\/04\/18\/semana-de-la-lectura-2a-jornada\/img_5680\/\" data-orig-file=\"https:\/\/i0.wp.com\/cloud.alqueria.es\/wp-content\/uploads\/sites\/8\/2017\/04\/IMG_5680.jpg?fit=1024%2C768&amp;ssl=1\" data-orig-size=\"1024,768\" data-comments-opened=\"1\" data-image-meta=\"{&quot;aperture&quot;:&quot;0&quot;,&quot;credit&quot;:&quot;&quot;,&quot;camera&quot;:&quot;&quot;,&quot;caption&quot;:&quot;&quot;,&quot;created_timestamp&quot;:&quot;0&quot;,&quot;copyright&quot;:&quot;&quot;,&quot;focal_length&quot;:&quot;0&quot;,&quot;iso&quot;:&quot;0&quot;,&quot;shutter_speed&quot;:&quot;0&quot;,&quot;title&quot;:&quot;&quot;,&quot;orientation&quot;:&quot;0&quot;}\" data-image-title=\"IMG_5680\" data-image-description=\"\" data-image-caption=\"\" data-large-file=\"https:\/\/i0.wp.com\/cloud.alqueria.es\/wp-content\/uploads\/sites\/8\/2017\/04\/IMG_5680.jpg?fit=474%2C356&amp;ssl=1\" class=\"aligncenter size-full wp-image-13670\" src=\"https:\/\/i0.wp.com\/cloud.alqueria.es\/wp-content\/uploads\/sites\/8\/2017\/04\/IMG_5680.jpg?resize=474%2C356&#038;ssl=1\" alt=\"\" width=\"474\" height=\"356\" srcset=\"https:\/\/cloud.alqueria.es\/wp-content\/uploads\/sites\/8\/2017\/04\/IMG_5680.jpg 1024w, https:\/\/cloud.alqueria.es\/wp-content\/uploads\/sites\/8\/2017\/04\/IMG_5680.jpg 300w, https:\/\/cloud.alqueria.es\/wp-content\/uploads\/sites\/8\/2017\/04\/IMG_5680.jpg 768w, https:\/\/cloud.alqueria.es\/wp-content\/uploads\/sites\/8\/2017\/04\/IMG_5680.jpg 948w\" sizes=\"(max-width: 474px) 100vw, 474px\" \/><\/p>\n<p>Debido a unos problemillas t\u00e9cnicos, no disponemos de la grabaci\u00f3n completa, pero os dejamos un peque\u00f1o fragmento de la experiencia para que pregunt\u00e9is a vuestros peques, que seguro os contar\u00e1n el resto.<\/p>\n<div class=\"embed-vimeo\" style=\"text-align: center;\"><div class=\"a25-CTUOC-hidding-box\" data-original-content=\"&lt;iframe loading=&quot;lazy&quot; src=&quot;https:\/\/player.vimeo.com\/video\/213715895&quot; width=&quot;640&quot; height=&quot;360&quot; frameborder=&quot;0&quot; webkitallowfullscreen mozallowfullscreen allowfullscreen&gt;&lt;\/iframe&gt;\">Esta p\u00e1gina incluye contenido multimedia que requiere aceptar todas las cookies. Pulse aqu\u00ed para abrir la configuraci\u00f3n de cookies.<\/div><\/div>\n<p>Seguiremos informando ma\u00f1ana, un saludo.<\/p>\n<p>Rosario Garc\u00eda-Valenzuela y Esther Justicia.<\/p>\n<p>&nbsp;<\/p>\n<p>&nbsp;<\/p>\n","protected":false},"excerpt":{"rendered":"<p>Comenzamos la ma\u00f1ana con la visita de Gracia, mam\u00e1 de Bruno (clase verde). Es escritora y profesora de Literatura, nos ha trasladado la importancia de pensar y elegir bien las palabras que se van a utilizar a la hora de escribir algo. Tambi\u00e9n nos ha hablado acerca del largo \u00abviaje\u00bb que hay desde que un &hellip; <a href=\"https:\/\/www.alqueria.es\/blogs\/alqueriarojaverde\/2017\/04\/18\/semana-de-la-lectura-2a-jornada\/\" class=\"more-link\">Seguir leyendo <span class=\"screen-reader-text\">SEMANA DE LA LECTURA (2\u00aa JORNADA)<\/span> <span class=\"meta-nav\">&rarr;<\/span><\/a><\/p>\n","protected":false},"author":19,"featured_media":0,"comment_status":"open","ping_status":"open","sticky":false,"template":"","format":"standard","meta":{"jetpack_post_was_ever_published":false,"_jetpack_newsletter_access":"","_jetpack_dont_email_post_to_subs":false,"_jetpack_newsletter_tier_id":0,"_jetpack_memberships_contains_paywalled_content":false,"_jetpack_memberships_contains_paid_content":false,"footnotes":"","jetpack_publicize_message":"","jetpack_publicize_feature_enabled":true,"jetpack_social_post_already_shared":true,"jetpack_social_options":{"image_generator_settings":{"template":"highway","default_image_id":0,"font":"","enabled":false},"version":2}},"categories":[22,23,6,7,13],"tags":[227],"class_list":["post-13643","post","type-post","status-publish","format-standard","hentry","category-actividades-especiales-y-salidas-clase-roja","category-actividades-especiales-y-salidas-clase-verde","category-clase-roja-4-5-anos","category-clase-verde-5-6-anos","category-inicio","tag-semana-lectura-infantil-2017"],"jetpack_publicize_connections":[],"jetpack_featured_media_url":"","jetpack_sharing_enabled":true,"jetpack_shortlink":"https:\/\/wp.me\/p4lFbP-3y3","_links":{"self":[{"href":"https:\/\/www.alqueria.es\/blogs\/alqueriarojaverde\/wp-json\/wp\/v2\/posts\/13643","targetHints":{"allow":["GET"]}}],"collection":[{"href":"https:\/\/www.alqueria.es\/blogs\/alqueriarojaverde\/wp-json\/wp\/v2\/posts"}],"about":[{"href":"https:\/\/www.alqueria.es\/blogs\/alqueriarojaverde\/wp-json\/wp\/v2\/types\/post"}],"author":[{"embeddable":true,"href":"https:\/\/www.alqueria.es\/blogs\/alqueriarojaverde\/wp-json\/wp\/v2\/users\/19"}],"replies":[{"embeddable":true,"href":"https:\/\/www.alqueria.es\/blogs\/alqueriarojaverde\/wp-json\/wp\/v2\/comments?post=13643"}],"version-history":[{"count":0,"href":"https:\/\/www.alqueria.es\/blogs\/alqueriarojaverde\/wp-json\/wp\/v2\/posts\/13643\/revisions"}],"wp:attachment":[{"href":"https:\/\/www.alqueria.es\/blogs\/alqueriarojaverde\/wp-json\/wp\/v2\/media?parent=13643"}],"wp:term":[{"taxonomy":"category","embeddable":true,"href":"https:\/\/www.alqueria.es\/blogs\/alqueriarojaverde\/wp-json\/wp\/v2\/categories?post=13643"},{"taxonomy":"post_tag","embeddable":true,"href":"https:\/\/www.alqueria.es\/blogs\/alqueriarojaverde\/wp-json\/wp\/v2\/tags?post=13643"}],"curies":[{"name":"wp","href":"https:\/\/api.w.org\/{rel}","templated":true}]}}