{"id":13688,"date":"2017-04-20T12:47:31","date_gmt":"2017-04-20T10:47:31","guid":{"rendered":"https:\/\/www.alqueria.es\/blogs\/alqueriarojaverde\/?p=13688"},"modified":"2017-04-21T09:27:08","modified_gmt":"2017-04-21T07:27:08","slug":"semana-de-la-lectura-3a-jornada","status":"publish","type":"post","link":"https:\/\/www.alqueria.es\/blogs\/alqueriarojaverde\/2017\/04\/20\/semana-de-la-lectura-3a-jornada\/","title":{"rendered":"SEMANA DE LA LECTURA (3\u00aa JORNADA)"},"content":{"rendered":"<p><img data-recalc-dims=\"1\" decoding=\"async\" data-attachment-id=\"13630\" data-permalink=\"https:\/\/www.alqueria.es\/blogs\/alqueriarojaverde\/2017\/04\/17\/semana-de-la-lectura-inauguracion-1a-jornada\/yoga-7\/\" data-orig-file=\"https:\/\/i0.wp.com\/cloud.alqueria.es\/wp-content\/uploads\/sites\/8\/2017\/04\/yoga.jpg?fit=218%2C204&amp;ssl=1\" data-orig-size=\"218,204\" data-comments-opened=\"1\" data-image-meta=\"{&quot;aperture&quot;:&quot;0&quot;,&quot;credit&quot;:&quot;&quot;,&quot;camera&quot;:&quot;&quot;,&quot;caption&quot;:&quot;&quot;,&quot;created_timestamp&quot;:&quot;0&quot;,&quot;copyright&quot;:&quot;&quot;,&quot;focal_length&quot;:&quot;0&quot;,&quot;iso&quot;:&quot;0&quot;,&quot;shutter_speed&quot;:&quot;0&quot;,&quot;title&quot;:&quot;&quot;,&quot;orientation&quot;:&quot;0&quot;}\" data-image-title=\"yoga\" data-image-description=\"\" data-image-caption=\"\" data-large-file=\"https:\/\/i0.wp.com\/cloud.alqueria.es\/wp-content\/uploads\/sites\/8\/2017\/04\/yoga.jpg?fit=218%2C204&amp;ssl=1\" class=\"alignleft size-full wp-image-13630\" src=\"https:\/\/i0.wp.com\/cloud.alqueria.es\/wp-content\/uploads\/sites\/8\/2017\/04\/yoga.jpg?resize=218%2C204&#038;ssl=1\" alt=\"\" width=\"218\" height=\"204\" \/>En esta jornada, dedicamos la ma\u00f1ana a una <em><strong><span style=\"color: #3366ff\">actividad de yoga<\/span><\/strong><\/em> a cargo de <span style=\"color: #3366ff\">Sonia<\/span>, nuestra profesora especialista en esta materia, en el centro.<\/p>\n<p>Mediante la narraci\u00f3n de una preciosa historia cuyo protagonista es Marquitos, un ni\u00f1o que ten\u00eda miedo a la oscuridad, vamos realizando diferentes posturas que activan nuestro cuerpo y nuestra energ\u00eda. Nos hace ser conscientes de cada una de las partes de nuestro esquema corporal y nos conecta con nuestro interior.<\/p>\n<p><img data-recalc-dims=\"1\" decoding=\"async\" data-attachment-id=\"13625\" data-permalink=\"https:\/\/www.alqueria.es\/blogs\/alqueriarojaverde\/2017\/04\/17\/semana-de-la-lectura-inauguracion-1a-jornada\/nina-omm\/\" data-orig-file=\"https:\/\/i0.wp.com\/cloud.alqueria.es\/wp-content\/uploads\/sites\/8\/2017\/04\/ni%C3%B1a-omm.jpg?fit=500%2C350&amp;ssl=1\" data-orig-size=\"500,350\" data-comments-opened=\"1\" data-image-meta=\"{&quot;aperture&quot;:&quot;0&quot;,&quot;credit&quot;:&quot;&quot;,&quot;camera&quot;:&quot;&quot;,&quot;caption&quot;:&quot;&quot;,&quot;created_timestamp&quot;:&quot;0&quot;,&quot;copyright&quot;:&quot;&quot;,&quot;focal_length&quot;:&quot;0&quot;,&quot;iso&quot;:&quot;0&quot;,&quot;shutter_speed&quot;:&quot;0&quot;,&quot;title&quot;:&quot;&quot;,&quot;orientation&quot;:&quot;0&quot;}\" data-image-title=\"ni\u00f1a-omm\" data-image-description=\"\" data-image-caption=\"\" data-large-file=\"https:\/\/i0.wp.com\/cloud.alqueria.es\/wp-content\/uploads\/sites\/8\/2017\/04\/ni%C3%B1a-omm.jpg?fit=474%2C332&amp;ssl=1\" class=\"alignleft size-thumbnail wp-image-13625\" src=\"https:\/\/i0.wp.com\/cloud.alqueria.es\/wp-content\/uploads\/sites\/8\/2017\/04\/ni%C3%B1a-omm.jpg?resize=150%2C150&#038;ssl=1\" alt=\"\" width=\"150\" height=\"150\" srcset=\"https:\/\/cloud.alqueria.es\/wp-content\/uploads\/sites\/8\/2017\/04\/ni%C3%B1a-omm.jpg 150w, https:\/\/cloud.alqueria.es\/wp-content\/uploads\/sites\/8\/2017\/04\/ni%C3%B1a-omm.jpg 300w, https:\/\/cloud.alqueria.es\/wp-content\/uploads\/sites\/8\/2017\/04\/ni%C3%B1a-omm.jpg 450w\" sizes=\"(max-width: 150px) 100vw, 150px\" \/>\u00abUna noche Marquitos apaga la luz de su habitaci\u00f3n tras un acuerdo con su mam\u00e1 y comprueba que al mirar por la ventana hay cosas preciosas que nunca hab\u00eda visto ya que no se ven con la luz encendida&#8230; De repente una luz se aproxima a su ventana. Es una estrella, una estrellita que le invita a subirse en una de sus patitas de luz para emprender un viaje estelar en que vive mil aventuras en compa\u00f1\u00eda de estos astros y consigue superar su miedo a la oscuridad\u00bb.<\/p>\n<p>El viaje culmina con un baile estelar y una vuelta a la calma, acompa\u00f1ada de los cuencos tibetanos.<\/p>\n<p class=\"jetpack-slideshow-noscript robots-nocontent\">El pase de diapositivas requiere JavaScript.<\/p><div id=\"gallery-13688-1-slideshow\" class=\"jetpack-slideshow-window jetpack-slideshow jetpack-slideshow-black\" data-trans=\"fade\" data-autostart=\"1\" data-gallery=\"[{&quot;src&quot;:&quot;https:\\\/\\\/i0.wp.com\\\/cloud.alqueria.es\\\/wp-content\\\/uploads\\\/sites\\\/8\\\/2017\\\/04\\\/IMG_5682.jpg?fit=1024%2C768\\u0026ssl=1&quot;,&quot;id&quot;:&quot;13689&quot;,&quot;title&quot;:&quot;IMG_5682&quot;,&quot;alt&quot;:&quot;&quot;,&quot;caption&quot;:&quot;&quot;,&quot;itemprop&quot;:&quot;image&quot;},{&quot;src&quot;:&quot;https:\\\/\\\/i0.wp.com\\\/cloud.alqueria.es\\\/wp-content\\\/uploads\\\/sites\\\/8\\\/2017\\\/04\\\/IMG_5684.jpg?fit=1024%2C768\\u0026ssl=1&quot;,&quot;id&quot;:&quot;13690&quot;,&quot;title&quot;:&quot;IMG_5684&quot;,&quot;alt&quot;:&quot;&quot;,&quot;caption&quot;:&quot;&quot;,&quot;itemprop&quot;:&quot;image&quot;},{&quot;src&quot;:&quot;https:\\\/\\\/i0.wp.com\\\/cloud.alqueria.es\\\/wp-content\\\/uploads\\\/sites\\\/8\\\/2017\\\/04\\\/IMG_5685.jpg?fit=1024%2C768\\u0026ssl=1&quot;,&quot;id&quot;:&quot;13691&quot;,&quot;title&quot;:&quot;IMG_5685&quot;,&quot;alt&quot;:&quot;&quot;,&quot;caption&quot;:&quot;&quot;,&quot;itemprop&quot;:&quot;image&quot;},{&quot;src&quot;:&quot;https:\\\/\\\/i0.wp.com\\\/cloud.alqueria.es\\\/wp-content\\\/uploads\\\/sites\\\/8\\\/2017\\\/04\\\/IMG_5687.jpg?fit=1024%2C768\\u0026ssl=1&quot;,&quot;id&quot;:&quot;13692&quot;,&quot;title&quot;:&quot;IMG_5687&quot;,&quot;alt&quot;:&quot;&quot;,&quot;caption&quot;:&quot;&quot;,&quot;itemprop&quot;:&quot;image&quot;},{&quot;src&quot;:&quot;https:\\\/\\\/i0.wp.com\\\/cloud.alqueria.es\\\/wp-content\\\/uploads\\\/sites\\\/8\\\/2017\\\/04\\\/IMG_5691.jpg?fit=1024%2C768\\u0026ssl=1&quot;,&quot;id&quot;:&quot;13693&quot;,&quot;title&quot;:&quot;IMG_5691&quot;,&quot;alt&quot;:&quot;&quot;,&quot;caption&quot;:&quot;&quot;,&quot;itemprop&quot;:&quot;image&quot;},{&quot;src&quot;:&quot;https:\\\/\\\/i0.wp.com\\\/cloud.alqueria.es\\\/wp-content\\\/uploads\\\/sites\\\/8\\\/2017\\\/04\\\/IMG_5693.jpg?fit=1024%2C768\\u0026ssl=1&quot;,&quot;id&quot;:&quot;13694&quot;,&quot;title&quot;:&quot;IMG_5693&quot;,&quot;alt&quot;:&quot;&quot;,&quot;caption&quot;:&quot;&quot;,&quot;itemprop&quot;:&quot;image&quot;},{&quot;src&quot;:&quot;https:\\\/\\\/i0.wp.com\\\/cloud.alqueria.es\\\/wp-content\\\/uploads\\\/sites\\\/8\\\/2017\\\/04\\\/IMG_5695.jpg?fit=1024%2C768\\u0026ssl=1&quot;,&quot;id&quot;:&quot;13695&quot;,&quot;title&quot;:&quot;IMG_5695&quot;,&quot;alt&quot;:&quot;&quot;,&quot;caption&quot;:&quot;&quot;,&quot;itemprop&quot;:&quot;image&quot;},{&quot;src&quot;:&quot;https:\\\/\\\/i0.wp.com\\\/cloud.alqueria.es\\\/wp-content\\\/uploads\\\/sites\\\/8\\\/2017\\\/04\\\/IMG_5696.jpg?fit=1024%2C768\\u0026ssl=1&quot;,&quot;id&quot;:&quot;13696&quot;,&quot;title&quot;:&quot;IMG_5696&quot;,&quot;alt&quot;:&quot;&quot;,&quot;caption&quot;:&quot;&quot;,&quot;itemprop&quot;:&quot;image&quot;},{&quot;src&quot;:&quot;https:\\\/\\\/i0.wp.com\\\/cloud.alqueria.es\\\/wp-content\\\/uploads\\\/sites\\\/8\\\/2017\\\/04\\\/IMG_5697.jpg?fit=1024%2C768\\u0026ssl=1&quot;,&quot;id&quot;:&quot;13697&quot;,&quot;title&quot;:&quot;IMG_5697&quot;,&quot;alt&quot;:&quot;&quot;,&quot;caption&quot;:&quot;&quot;,&quot;itemprop&quot;:&quot;image&quot;},{&quot;src&quot;:&quot;https:\\\/\\\/i0.wp.com\\\/cloud.alqueria.es\\\/wp-content\\\/uploads\\\/sites\\\/8\\\/2017\\\/04\\\/IMG_5699.jpg?fit=1024%2C768\\u0026ssl=1&quot;,&quot;id&quot;:&quot;13698&quot;,&quot;title&quot;:&quot;IMG_5699&quot;,&quot;alt&quot;:&quot;&quot;,&quot;caption&quot;:&quot;&quot;,&quot;itemprop&quot;:&quot;image&quot;}]\" itemscope itemtype=\"https:\/\/schema.org\/ImageGallery\"><\/div>\n<p>Al terminar la sesi\u00f3n piden m\u00e1s, as\u00ed que acordamos solicitar a Direcci\u00f3n otra sesi\u00f3n de yoga, que nos encanta.<\/p>\n<p>Como la actividad de yoga la realizamos por grupos de clase, dedicamos el tiempo restante a los proyectos individuales de aula (que van viento en popa) y el \u00faltimo retoque de nuestro <em><strong><span style=\"color: #ff00ff\">marca-p\u00e1ginas<\/span><\/strong><\/em>, que han quedado preciosos (se podr\u00e1n llevar a casa al finalizar la semana).<\/p>\n<p><img data-recalc-dims=\"1\" decoding=\"async\" data-attachment-id=\"13712\" data-permalink=\"https:\/\/www.alqueria.es\/blogs\/alqueriarojaverde\/2017\/04\/20\/semana-de-la-lectura-3a-jornada\/img_5728\/\" data-orig-file=\"https:\/\/i0.wp.com\/cloud.alqueria.es\/wp-content\/uploads\/sites\/8\/2017\/04\/IMG_5728.jpg?fit=1024%2C768&amp;ssl=1\" data-orig-size=\"1024,768\" data-comments-opened=\"1\" data-image-meta=\"{&quot;aperture&quot;:&quot;0&quot;,&quot;credit&quot;:&quot;&quot;,&quot;camera&quot;:&quot;&quot;,&quot;caption&quot;:&quot;&quot;,&quot;created_timestamp&quot;:&quot;0&quot;,&quot;copyright&quot;:&quot;&quot;,&quot;focal_length&quot;:&quot;0&quot;,&quot;iso&quot;:&quot;0&quot;,&quot;shutter_speed&quot;:&quot;0&quot;,&quot;title&quot;:&quot;&quot;,&quot;orientation&quot;:&quot;0&quot;}\" data-image-title=\"IMG_5728\" data-image-description=\"\" data-image-caption=\"\" data-large-file=\"https:\/\/i0.wp.com\/cloud.alqueria.es\/wp-content\/uploads\/sites\/8\/2017\/04\/IMG_5728.jpg?fit=474%2C356&amp;ssl=1\" class=\"alignleft size-medium wp-image-13712\" src=\"https:\/\/i0.wp.com\/cloud.alqueria.es\/wp-content\/uploads\/sites\/8\/2017\/04\/IMG_5728.jpg?resize=300%2C225&#038;ssl=1\" alt=\"\" width=\"300\" height=\"225\" srcset=\"https:\/\/cloud.alqueria.es\/wp-content\/uploads\/sites\/8\/2017\/04\/IMG_5728.jpg 1024w, https:\/\/cloud.alqueria.es\/wp-content\/uploads\/sites\/8\/2017\/04\/IMG_5728.jpg 300w, https:\/\/cloud.alqueria.es\/wp-content\/uploads\/sites\/8\/2017\/04\/IMG_5728.jpg 768w, https:\/\/cloud.alqueria.es\/wp-content\/uploads\/sites\/8\/2017\/04\/IMG_5728.jpg 948w\" sizes=\"(max-width: 300px) 100vw, 300px\" \/>El<span style=\"color: #ff0000\"> grupo rojo<\/span>, ha utilizado las acuarelas como material art\u00edstico en la decoraci\u00f3n. Se ha relizado un trabajo en torno a las estaciones y los colores que las acompa\u00f1an, intentando incluir en esta ocasi\u00f3n, s\u00f3lo aquellos que nos evoquen a la Primavera.<\/p>\n<p><img data-recalc-dims=\"1\" decoding=\"async\" data-attachment-id=\"13713\" data-permalink=\"https:\/\/www.alqueria.es\/blogs\/alqueriarojaverde\/2017\/04\/20\/semana-de-la-lectura-3a-jornada\/img_5729\/\" data-orig-file=\"https:\/\/i0.wp.com\/cloud.alqueria.es\/wp-content\/uploads\/sites\/8\/2017\/04\/IMG_5729.jpg?fit=1024%2C768&amp;ssl=1\" data-orig-size=\"1024,768\" data-comments-opened=\"1\" data-image-meta=\"{&quot;aperture&quot;:&quot;0&quot;,&quot;credit&quot;:&quot;&quot;,&quot;camera&quot;:&quot;&quot;,&quot;caption&quot;:&quot;&quot;,&quot;created_timestamp&quot;:&quot;0&quot;,&quot;copyright&quot;:&quot;&quot;,&quot;focal_length&quot;:&quot;0&quot;,&quot;iso&quot;:&quot;0&quot;,&quot;shutter_speed&quot;:&quot;0&quot;,&quot;title&quot;:&quot;&quot;,&quot;orientation&quot;:&quot;0&quot;}\" data-image-title=\"IMG_5729\" data-image-description=\"\" data-image-caption=\"\" data-large-file=\"https:\/\/i0.wp.com\/cloud.alqueria.es\/wp-content\/uploads\/sites\/8\/2017\/04\/IMG_5729.jpg?fit=474%2C356&amp;ssl=1\" class=\"alignleft size-medium wp-image-13713\" src=\"https:\/\/i0.wp.com\/cloud.alqueria.es\/wp-content\/uploads\/sites\/8\/2017\/04\/IMG_5729.jpg?resize=300%2C225&#038;ssl=1\" alt=\"\" width=\"300\" height=\"225\" srcset=\"https:\/\/cloud.alqueria.es\/wp-content\/uploads\/sites\/8\/2017\/04\/IMG_5729.jpg 1024w, https:\/\/cloud.alqueria.es\/wp-content\/uploads\/sites\/8\/2017\/04\/IMG_5729.jpg 300w, https:\/\/cloud.alqueria.es\/wp-content\/uploads\/sites\/8\/2017\/04\/IMG_5729.jpg 768w, https:\/\/cloud.alqueria.es\/wp-content\/uploads\/sites\/8\/2017\/04\/IMG_5729.jpg 948w\" sizes=\"(max-width: 300px) 100vw, 300px\" \/>El <span style=\"color: #99cc00\">grupo verde<\/span>, tambi\u00e9n ha utilizado las acuarelas, incluyendo un paso m\u00e1s. Una vez realizado el fondo con acuarelas, se les sugiere que dibujen con rotulador \u00ablo que ven\u00bb sus ojos si se fijan en las formas que hacen unos y otros colores al mezclarse.<\/p>\n<p>Por la tarde, asistimos a la <span style=\"color: #ff6600\">representaci\u00f3n teatral<em><strong> \u00abLA PRINCESA MASTROPIERA Y EL PR\u00cdNCIPE UKELELE\u00bb<span style=\"color: #333333\">, <\/span><\/strong><\/em><span style=\"color: #333333\">a cargo de algunas familias del centro, de Infantil y Primaria.<\/span> <\/span><\/p>\n<p>Una historia divertid\u00edsima en la que hay una princesa que monta a caballo, un el pr\u00edncipe que debe ser rescatado, unos cerditos arquitectos, un lobo que fabrica turr\u00f3n, una caperucita rapera &#8230;<\/p>\n<p class=\"jetpack-slideshow-noscript robots-nocontent\">El pase de diapositivas requiere JavaScript.<\/p><div id=\"gallery-13688-2-slideshow\" class=\"jetpack-slideshow-window jetpack-slideshow jetpack-slideshow-black\" data-trans=\"fade\" data-autostart=\"1\" data-gallery=\"[{&quot;src&quot;:&quot;https:\\\/\\\/i0.wp.com\\\/cloud.alqueria.es\\\/wp-content\\\/uploads\\\/sites\\\/8\\\/2017\\\/04\\\/IMG_5700.jpg?fit=1024%2C768\\u0026ssl=1&quot;,&quot;id&quot;:&quot;13700&quot;,&quot;title&quot;:&quot;IMG_5700&quot;,&quot;alt&quot;:&quot;&quot;,&quot;caption&quot;:&quot;&quot;,&quot;itemprop&quot;:&quot;image&quot;},{&quot;src&quot;:&quot;https:\\\/\\\/i0.wp.com\\\/cloud.alqueria.es\\\/wp-content\\\/uploads\\\/sites\\\/8\\\/2017\\\/04\\\/IMG_5701.jpg?fit=1024%2C768\\u0026ssl=1&quot;,&quot;id&quot;:&quot;13701&quot;,&quot;title&quot;:&quot;IMG_5701&quot;,&quot;alt&quot;:&quot;&quot;,&quot;caption&quot;:&quot;&quot;,&quot;itemprop&quot;:&quot;image&quot;},{&quot;src&quot;:&quot;https:\\\/\\\/i0.wp.com\\\/cloud.alqueria.es\\\/wp-content\\\/uploads\\\/sites\\\/8\\\/2017\\\/04\\\/IMG_5702-e1492685207275.jpg?fit=768%2C1024\\u0026ssl=1&quot;,&quot;id&quot;:&quot;13702&quot;,&quot;title&quot;:&quot;IMG_5702&quot;,&quot;alt&quot;:&quot;&quot;,&quot;caption&quot;:&quot;&quot;,&quot;itemprop&quot;:&quot;image&quot;},{&quot;src&quot;:&quot;https:\\\/\\\/i0.wp.com\\\/cloud.alqueria.es\\\/wp-content\\\/uploads\\\/sites\\\/8\\\/2017\\\/04\\\/IMG_5703.jpg?fit=1024%2C768\\u0026ssl=1&quot;,&quot;id&quot;:&quot;13703&quot;,&quot;title&quot;:&quot;IMG_5703&quot;,&quot;alt&quot;:&quot;&quot;,&quot;caption&quot;:&quot;&quot;,&quot;itemprop&quot;:&quot;image&quot;},{&quot;src&quot;:&quot;https:\\\/\\\/i0.wp.com\\\/cloud.alqueria.es\\\/wp-content\\\/uploads\\\/sites\\\/8\\\/2017\\\/04\\\/IMG_5706.jpg?fit=1024%2C768\\u0026ssl=1&quot;,&quot;id&quot;:&quot;13704&quot;,&quot;title&quot;:&quot;IMG_5706&quot;,&quot;alt&quot;:&quot;&quot;,&quot;caption&quot;:&quot;&quot;,&quot;itemprop&quot;:&quot;image&quot;},{&quot;src&quot;:&quot;https:\\\/\\\/i0.wp.com\\\/cloud.alqueria.es\\\/wp-content\\\/uploads\\\/sites\\\/8\\\/2017\\\/04\\\/IMG_5707.jpg?fit=1024%2C768\\u0026ssl=1&quot;,&quot;id&quot;:&quot;13705&quot;,&quot;title&quot;:&quot;IMG_5707&quot;,&quot;alt&quot;:&quot;&quot;,&quot;caption&quot;:&quot;&quot;,&quot;itemprop&quot;:&quot;image&quot;},{&quot;src&quot;:&quot;https:\\\/\\\/i0.wp.com\\\/cloud.alqueria.es\\\/wp-content\\\/uploads\\\/sites\\\/8\\\/2017\\\/04\\\/IMG_5708.jpg?fit=1024%2C768\\u0026ssl=1&quot;,&quot;id&quot;:&quot;13706&quot;,&quot;title&quot;:&quot;IMG_5708&quot;,&quot;alt&quot;:&quot;&quot;,&quot;caption&quot;:&quot;&quot;,&quot;itemprop&quot;:&quot;image&quot;}]\" itemscope itemtype=\"https:\/\/schema.org\/ImageGallery\"><\/div>\n<p>Todo un elenco de artistas, a los que desde aqu\u00ed queremos dar nuestra enhorabuena por la puesta en escena y agradecer el esfuerzo y tiempo que han dedicado, para que el alumnado pase un ratito divertido. \u00a1A la altura de las mejores compa\u00f1\u00edas teatrales!<\/p>\n<div class=\"embed-vimeo\" style=\"text-align: center;\"><div class=\"a25-CTUOC-hidding-box\" data-original-content=\"&lt;iframe loading=&quot;lazy&quot; src=&quot;https:\/\/player.vimeo.com\/video\/213857762&quot; width=&quot;640&quot; height=&quot;360&quot; frameborder=&quot;0&quot; webkitallowfullscreen mozallowfullscreen allowfullscreen&gt;&lt;\/iframe&gt;\">Esta p\u00e1gina incluye contenido multimedia que requiere aceptar todas las cookies. Pulse aqu\u00ed para abrir la configuraci\u00f3n de cookies.<\/div><\/div>\n<p>Continuar\u00e1&#8230;<\/p>\n<p>Rosario Garc\u00eda-Valenzuela y Esther Justicia.<\/p>\n","protected":false},"excerpt":{"rendered":"<p>En esta jornada, dedicamos la ma\u00f1ana a una actividad de yoga a cargo de Sonia, nuestra profesora especialista en esta materia, en el centro. Mediante la narraci\u00f3n de una preciosa historia cuyo protagonista es Marquitos, un ni\u00f1o que ten\u00eda miedo a la oscuridad, vamos realizando diferentes posturas que activan nuestro cuerpo y nuestra energ\u00eda. Nos &hellip; <a href=\"https:\/\/www.alqueria.es\/blogs\/alqueriarojaverde\/2017\/04\/20\/semana-de-la-lectura-3a-jornada\/\" class=\"more-link\">Seguir leyendo <span class=\"screen-reader-text\">SEMANA DE LA LECTURA (3\u00aa JORNADA)<\/span> <span class=\"meta-nav\">&rarr;<\/span><\/a><\/p>\n","protected":false},"author":19,"featured_media":0,"comment_status":"open","ping_status":"open","sticky":false,"template":"","format":"standard","meta":{"jetpack_post_was_ever_published":false,"_jetpack_newsletter_access":"","_jetpack_dont_email_post_to_subs":false,"_jetpack_newsletter_tier_id":0,"_jetpack_memberships_contains_paywalled_content":false,"_jetpack_memberships_contains_paid_content":false,"footnotes":"","jetpack_publicize_message":"","jetpack_publicize_feature_enabled":true,"jetpack_social_post_already_shared":true,"jetpack_social_options":{"image_generator_settings":{"template":"highway","default_image_id":0,"font":"","enabled":false},"version":2}},"categories":[22,23,6,7,13],"tags":[227],"class_list":["post-13688","post","type-post","status-publish","format-standard","hentry","category-actividades-especiales-y-salidas-clase-roja","category-actividades-especiales-y-salidas-clase-verde","category-clase-roja-4-5-anos","category-clase-verde-5-6-anos","category-inicio","tag-semana-lectura-infantil-2017"],"jetpack_publicize_connections":[],"jetpack_featured_media_url":"","jetpack_sharing_enabled":true,"jetpack_shortlink":"https:\/\/wp.me\/p4lFbP-3yM","_links":{"self":[{"href":"https:\/\/www.alqueria.es\/blogs\/alqueriarojaverde\/wp-json\/wp\/v2\/posts\/13688","targetHints":{"allow":["GET"]}}],"collection":[{"href":"https:\/\/www.alqueria.es\/blogs\/alqueriarojaverde\/wp-json\/wp\/v2\/posts"}],"about":[{"href":"https:\/\/www.alqueria.es\/blogs\/alqueriarojaverde\/wp-json\/wp\/v2\/types\/post"}],"author":[{"embeddable":true,"href":"https:\/\/www.alqueria.es\/blogs\/alqueriarojaverde\/wp-json\/wp\/v2\/users\/19"}],"replies":[{"embeddable":true,"href":"https:\/\/www.alqueria.es\/blogs\/alqueriarojaverde\/wp-json\/wp\/v2\/comments?post=13688"}],"version-history":[{"count":0,"href":"https:\/\/www.alqueria.es\/blogs\/alqueriarojaverde\/wp-json\/wp\/v2\/posts\/13688\/revisions"}],"wp:attachment":[{"href":"https:\/\/www.alqueria.es\/blogs\/alqueriarojaverde\/wp-json\/wp\/v2\/media?parent=13688"}],"wp:term":[{"taxonomy":"category","embeddable":true,"href":"https:\/\/www.alqueria.es\/blogs\/alqueriarojaverde\/wp-json\/wp\/v2\/categories?post=13688"},{"taxonomy":"post_tag","embeddable":true,"href":"https:\/\/www.alqueria.es\/blogs\/alqueriarojaverde\/wp-json\/wp\/v2\/tags?post=13688"}],"curies":[{"name":"wp","href":"https:\/\/api.w.org\/{rel}","templated":true}]}}