{"id":13709,"date":"2017-04-21T09:06:39","date_gmt":"2017-04-21T07:06:39","guid":{"rendered":"https:\/\/www.alqueria.es\/blogs\/alqueriarojaverde\/?p=13709"},"modified":"2017-04-21T14:14:40","modified_gmt":"2017-04-21T12:14:40","slug":"semana-de-la-lectura-4a-jornada","status":"publish","type":"post","link":"https:\/\/www.alqueria.es\/blogs\/alqueriarojaverde\/2017\/04\/21\/semana-de-la-lectura-4a-jornada\/","title":{"rendered":"SEMANA DE LA LECTURA (4\u00aa JORNADA)"},"content":{"rendered":"<p><img data-recalc-dims=\"1\" decoding=\"async\" data-attachment-id=\"13623\" data-permalink=\"https:\/\/www.alqueria.es\/blogs\/alqueriarojaverde\/2017\/04\/17\/semana-de-la-lectura-inauguracion-1a-jornada\/el-banquete-de-cuentos\/\" data-orig-file=\"https:\/\/i0.wp.com\/cloud.alqueria.es\/wp-content\/uploads\/sites\/8\/2017\/04\/el-banquete-de-cuentos.jpg?fit=401%2C267&amp;ssl=1\" data-orig-size=\"401,267\" data-comments-opened=\"1\" data-image-meta=\"{&quot;aperture&quot;:&quot;0&quot;,&quot;credit&quot;:&quot;&quot;,&quot;camera&quot;:&quot;&quot;,&quot;caption&quot;:&quot;&quot;,&quot;created_timestamp&quot;:&quot;0&quot;,&quot;copyright&quot;:&quot;&quot;,&quot;focal_length&quot;:&quot;0&quot;,&quot;iso&quot;:&quot;0&quot;,&quot;shutter_speed&quot;:&quot;0&quot;,&quot;title&quot;:&quot;&quot;,&quot;orientation&quot;:&quot;0&quot;}\" data-image-title=\"el-banquete-de-cuentos\" data-image-description=\"\" data-image-caption=\"\" data-large-file=\"https:\/\/i0.wp.com\/cloud.alqueria.es\/wp-content\/uploads\/sites\/8\/2017\/04\/el-banquete-de-cuentos.jpg?fit=401%2C267&amp;ssl=1\" class=\"alignleft wp-image-13623 size-medium\" src=\"https:\/\/i0.wp.com\/cloud.alqueria.es\/wp-content\/uploads\/sites\/8\/2017\/04\/el-banquete-de-cuentos.jpg?resize=300%2C200&#038;ssl=1\" alt=\"\" width=\"300\" height=\"200\" srcset=\"https:\/\/cloud.alqueria.es\/wp-content\/uploads\/sites\/8\/2017\/04\/el-banquete-de-cuentos.jpg 401w, https:\/\/cloud.alqueria.es\/wp-content\/uploads\/sites\/8\/2017\/04\/el-banquete-de-cuentos.jpg 300w\" sizes=\"(max-width: 300px) 100vw, 300px\" \/>Y seguimos con m\u00e1s actividades interesantes y variopintas.<\/p>\n<p><em><strong><span style=\"color: #800080\">\u00abEL BANQUETE DE CUENTOS\u00bb:\u00a0<\/span><\/strong><\/em>El <em><strong>alumnado de 3\u00ba y 4\u00ba EPO<\/strong><\/em>, ha preparado unas lecturas cortas, que guardan relaci\u00f3n con aspectos culinarios y que muy gustosamente nos han \u00abservido\u00bb para comer. Cuentos extra\u00eddos del libro<span style=\"color: #800080\"> \u00abSopa de sue\u00f1os y otras recetas de cocina\u00bb<\/span><\/p>\n<p>En las clases, han aparecido unas enormes mesas largas, vestidas con elegantes manteles blancos. Todo un despliegue de camareros\/as, guiados por sus chefs, entran y nos proponen representar gr\u00e1ficamente todo lo necesario para que la comida sea servida (platos, vasos y cubiertos).<\/p>\n<p>El men\u00fa ha estado compuesto por cuatro platos, incluyendo cada uno cuatro variedades:<\/p>\n<p><span style=\"color: #800080\"><strong>Carta men\u00fa LECT-AURANTE CUENTO CONTIGO<\/strong><\/span><\/p>\n<ul>\n<li><strong>Entrantes:<\/strong><\/li>\n<\/ul>\n<p>. Pinzas fritas (R y V)<\/p>\n<p>. Estornudos al vapor (Ry V)<\/p>\n<p>. Ojos de cerradura en aceite (R y V)<\/p>\n<p>. Capuchones de bol\u00edgrafo (R yV)<\/p>\n<ul>\n<li><strong>Primeros platos:<\/strong><\/li>\n<\/ul>\n<p>. Agujitas de reloj con verduras (R y V)<\/p>\n<p>. Cocido de ceros (R y V)<\/p>\n<p>. Guiso de botones (R y V)<\/p>\n<p>. Zarzuela de mariscos (R y V)<\/p>\n<ul>\n<li><strong>Segundos platos:<\/strong><\/li>\n<\/ul>\n<p>. Bufanda al cuello (R y V)<\/p>\n<p>. Cheletas matem\u00e1ticas (R y V)<\/p>\n<p>. Corbatas a la plancha\u00a0 (R y V)<\/p>\n<p>. Huevos de almohad\u00f3n (R)\/ Filetes de Capricornio (V)<\/p>\n<ul>\n<li><strong>Postre:<\/strong><\/li>\n<\/ul>\n<p>. Roscos de agujero (R y V)<\/p>\n<p>. Huevos sorpresa (R y V)<\/p>\n<p>. Infusi\u00f3n de escamas de luci\u00e9rnaga (R y V)<\/p>\n<p>. Sorbete de champ\u00fa (R)\/ Helado de l\u00e1grimas (V)<\/p>\n<p>Al finalizar nos obsequian con un librito que incluye las \u00abrecetas\u00bb para poder leerlas en casa.<\/p>\n<p class=\"jetpack-slideshow-noscript robots-nocontent\">El pase de diapositivas requiere JavaScript.<\/p><div id=\"gallery-13709-1-slideshow\" class=\"jetpack-slideshow-window jetpack-slideshow jetpack-slideshow-black\" data-trans=\"fade\" data-autostart=\"1\" data-gallery=\"[{&quot;src&quot;:&quot;https:\\\/\\\/i0.wp.com\\\/cloud.alqueria.es\\\/wp-content\\\/uploads\\\/sites\\\/8\\\/2017\\\/04\\\/IMG_5711.jpg?fit=1024%2C768\\u0026ssl=1&quot;,&quot;id&quot;:&quot;13787&quot;,&quot;title&quot;:&quot;IMG_5711&quot;,&quot;alt&quot;:&quot;&quot;,&quot;caption&quot;:&quot;&quot;,&quot;itemprop&quot;:&quot;image&quot;},{&quot;src&quot;:&quot;https:\\\/\\\/i0.wp.com\\\/cloud.alqueria.es\\\/wp-content\\\/uploads\\\/sites\\\/8\\\/2017\\\/04\\\/IMG_5716.jpg?fit=1024%2C768\\u0026ssl=1&quot;,&quot;id&quot;:&quot;13788&quot;,&quot;title&quot;:&quot;IMG_5716&quot;,&quot;alt&quot;:&quot;&quot;,&quot;caption&quot;:&quot;&quot;,&quot;itemprop&quot;:&quot;image&quot;},{&quot;src&quot;:&quot;https:\\\/\\\/i0.wp.com\\\/cloud.alqueria.es\\\/wp-content\\\/uploads\\\/sites\\\/8\\\/2017\\\/04\\\/IMG_5710-e1492776822153.jpg?fit=768%2C1024\\u0026ssl=1&quot;,&quot;id&quot;:&quot;13791&quot;,&quot;title&quot;:&quot;IMG_5710&quot;,&quot;alt&quot;:&quot;&quot;,&quot;caption&quot;:&quot;&quot;,&quot;itemprop&quot;:&quot;image&quot;},{&quot;src&quot;:&quot;https:\\\/\\\/i0.wp.com\\\/cloud.alqueria.es\\\/wp-content\\\/uploads\\\/sites\\\/8\\\/2017\\\/04\\\/IMG_5726.jpg?fit=1024%2C768\\u0026ssl=1&quot;,&quot;id&quot;:&quot;13789&quot;,&quot;title&quot;:&quot;IMG_5726&quot;,&quot;alt&quot;:&quot;&quot;,&quot;caption&quot;:&quot;&quot;,&quot;itemprop&quot;:&quot;image&quot;},{&quot;src&quot;:&quot;https:\\\/\\\/i0.wp.com\\\/cloud.alqueria.es\\\/wp-content\\\/uploads\\\/sites\\\/8\\\/2017\\\/04\\\/IMG_5727.jpg?fit=1024%2C768\\u0026ssl=1&quot;,&quot;id&quot;:&quot;13790&quot;,&quot;title&quot;:&quot;IMG_5727&quot;,&quot;alt&quot;:&quot;&quot;,&quot;caption&quot;:&quot;&quot;,&quot;itemprop&quot;:&quot;image&quot;},{&quot;src&quot;:&quot;https:\\\/\\\/i0.wp.com\\\/cloud.alqueria.es\\\/wp-content\\\/uploads\\\/sites\\\/8\\\/2017\\\/04\\\/banquete-1.jpg?fit=1024%2C768\\u0026ssl=1&quot;,&quot;id&quot;:&quot;13715&quot;,&quot;title&quot;:&quot;banquete-1&quot;,&quot;alt&quot;:&quot;&quot;,&quot;caption&quot;:&quot;&quot;,&quot;itemprop&quot;:&quot;image&quot;},{&quot;src&quot;:&quot;https:\\\/\\\/i0.wp.com\\\/cloud.alqueria.es\\\/wp-content\\\/uploads\\\/sites\\\/8\\\/2017\\\/04\\\/banquete-2.jpg?fit=1024%2C768\\u0026ssl=1&quot;,&quot;id&quot;:&quot;13716&quot;,&quot;title&quot;:&quot;banquete-2&quot;,&quot;alt&quot;:&quot;&quot;,&quot;caption&quot;:&quot;&quot;,&quot;itemprop&quot;:&quot;image&quot;},{&quot;src&quot;:&quot;https:\\\/\\\/i0.wp.com\\\/cloud.alqueria.es\\\/wp-content\\\/uploads\\\/sites\\\/8\\\/2017\\\/04\\\/banquete-3.jpg?fit=1024%2C768\\u0026ssl=1&quot;,&quot;id&quot;:&quot;13717&quot;,&quot;title&quot;:&quot;banquete-3&quot;,&quot;alt&quot;:&quot;&quot;,&quot;caption&quot;:&quot;&quot;,&quot;itemprop&quot;:&quot;image&quot;},{&quot;src&quot;:&quot;https:\\\/\\\/i0.wp.com\\\/cloud.alqueria.es\\\/wp-content\\\/uploads\\\/sites\\\/8\\\/2017\\\/04\\\/banquete-5.jpg?fit=1024%2C768\\u0026ssl=1&quot;,&quot;id&quot;:&quot;13719&quot;,&quot;title&quot;:&quot;banquete-5&quot;,&quot;alt&quot;:&quot;&quot;,&quot;caption&quot;:&quot;&quot;,&quot;itemprop&quot;:&quot;image&quot;},{&quot;src&quot;:&quot;https:\\\/\\\/i0.wp.com\\\/cloud.alqueria.es\\\/wp-content\\\/uploads\\\/sites\\\/8\\\/2017\\\/04\\\/banquete-6.jpg?fit=1024%2C768\\u0026ssl=1&quot;,&quot;id&quot;:&quot;13720&quot;,&quot;title&quot;:&quot;banquete-6&quot;,&quot;alt&quot;:&quot;&quot;,&quot;caption&quot;:&quot;&quot;,&quot;itemprop&quot;:&quot;image&quot;}]\" itemscope itemtype=\"https:\/\/schema.org\/ImageGallery\"><\/div>\n<p><strong><span style=\"color: #008000\">EXPERTA DE LA CLASE VERDE\u00a0<\/span><\/strong><img data-recalc-dims=\"1\" decoding=\"async\" data-attachment-id=\"13729\" data-permalink=\"https:\/\/www.alqueria.es\/blogs\/alqueriarojaverde\/2017\/04\/21\/semana-de-la-lectura-4a-jornada\/maria\/\" data-orig-file=\"https:\/\/i0.wp.com\/cloud.alqueria.es\/wp-content\/uploads\/sites\/8\/2017\/04\/maria.jpg?fit=1024%2C768&amp;ssl=1\" data-orig-size=\"1024,768\" data-comments-opened=\"1\" data-image-meta=\"{&quot;aperture&quot;:&quot;0&quot;,&quot;credit&quot;:&quot;&quot;,&quot;camera&quot;:&quot;&quot;,&quot;caption&quot;:&quot;&quot;,&quot;created_timestamp&quot;:&quot;0&quot;,&quot;copyright&quot;:&quot;&quot;,&quot;focal_length&quot;:&quot;0&quot;,&quot;iso&quot;:&quot;0&quot;,&quot;shutter_speed&quot;:&quot;0&quot;,&quot;title&quot;:&quot;&quot;,&quot;orientation&quot;:&quot;0&quot;}\" data-image-title=\"maria\" data-image-description=\"\" data-image-caption=\"\" data-large-file=\"https:\/\/i0.wp.com\/cloud.alqueria.es\/wp-content\/uploads\/sites\/8\/2017\/04\/maria.jpg?fit=474%2C356&amp;ssl=1\" class=\"alignleft size-medium wp-image-13729\" src=\"https:\/\/i0.wp.com\/cloud.alqueria.es\/wp-content\/uploads\/sites\/8\/2017\/04\/maria.jpg?resize=300%2C225&#038;ssl=1\" alt=\"\" width=\"300\" height=\"225\" srcset=\"https:\/\/cloud.alqueria.es\/wp-content\/uploads\/sites\/8\/2017\/04\/maria.jpg 1024w, https:\/\/cloud.alqueria.es\/wp-content\/uploads\/sites\/8\/2017\/04\/maria.jpg 300w, https:\/\/cloud.alqueria.es\/wp-content\/uploads\/sites\/8\/2017\/04\/maria.jpg 768w, https:\/\/cloud.alqueria.es\/wp-content\/uploads\/sites\/8\/2017\/04\/maria.jpg 948w\" sizes=\"(max-width: 300px) 100vw, 300px\" \/><\/p>\n<p>En el grupo verde, \u00a0<em><strong><span style=\"color: #339966\">Mar\u00eda<\/span><\/strong><\/em> ha debutado como <span style=\"color: #00ff00\">experta en \u00abLIBROS\u00bb, <span style=\"color: #333333\">aprovechando\u00a0<\/span><\/span>esta semana tan especial. Ha comenzado cont\u00e1ndoles a sus compa\u00f1er@s la historia del libro, \u00a0las partes de \u00e9ste y tipos de libros. Tambi\u00e9n nos ha hablado sobre el el libro m\u00e1s famoso, sobre sus libros favoritos y para qu\u00e9 sirven las bibliotecas. Cierra su exposici\u00f3n con una preciosa frase:\u00a0<em><strong><span style=\"color: #00ff00\">\u00abME GUSTAN LOS LIBROS PORQUE ME HACEN SO\u00d1AR\u00bb.<\/span><\/strong><\/em>(Pr\u00f3ximamente se incluir\u00e1 una entrada espec\u00edfica en la categor\u00eda de expertos\/as perteneciente al grupo verde).<\/p>\n<p><strong><span style=\"color: #0000ff\">CUENTO MOTOR: \u00bb LA CONQUISTA DE LA GALAXIA\u00bb<img data-recalc-dims=\"1\" decoding=\"async\" data-attachment-id=\"13621\" data-permalink=\"https:\/\/www.alqueria.es\/blogs\/alqueriarojaverde\/2017\/04\/17\/semana-de-la-lectura-inauguracion-1a-jornada\/cuento-motriz\/\" data-orig-file=\"https:\/\/i0.wp.com\/cloud.alqueria.es\/wp-content\/uploads\/sites\/8\/2017\/04\/cuento-motriz.jpg?fit=600%2C444&amp;ssl=1\" data-orig-size=\"600,444\" data-comments-opened=\"1\" data-image-meta=\"{&quot;aperture&quot;:&quot;0&quot;,&quot;credit&quot;:&quot;&quot;,&quot;camera&quot;:&quot;&quot;,&quot;caption&quot;:&quot;&quot;,&quot;created_timestamp&quot;:&quot;0&quot;,&quot;copyright&quot;:&quot;&quot;,&quot;focal_length&quot;:&quot;0&quot;,&quot;iso&quot;:&quot;0&quot;,&quot;shutter_speed&quot;:&quot;0&quot;,&quot;title&quot;:&quot;&quot;,&quot;orientation&quot;:&quot;0&quot;}\" data-image-title=\"cuento-motriz\" data-image-description=\"\" data-image-caption=\"\" data-large-file=\"https:\/\/i0.wp.com\/cloud.alqueria.es\/wp-content\/uploads\/sites\/8\/2017\/04\/cuento-motriz.jpg?fit=474%2C351&amp;ssl=1\" class=\"alignright size-medium wp-image-13621\" src=\"https:\/\/i0.wp.com\/cloud.alqueria.es\/wp-content\/uploads\/sites\/8\/2017\/04\/cuento-motriz.jpg?resize=300%2C222&#038;ssl=1\" alt=\"\" width=\"300\" height=\"222\" srcset=\"https:\/\/cloud.alqueria.es\/wp-content\/uploads\/sites\/8\/2017\/04\/cuento-motriz.jpg 600w, https:\/\/cloud.alqueria.es\/wp-content\/uploads\/sites\/8\/2017\/04\/cuento-motriz.jpg 300w\" sizes=\"(max-width: 300px) 100vw, 300px\" \/><\/span><\/strong><\/p>\n<p><em><strong>A cargo de\u00a0Maribel, madre de Marco; Nona, madre Iv\u00e1n y Beatriz; Mae, madre de Marcelo y Mario; y Silvia, madre de Oliver (familias de los grupos Naranja y Verde).<\/strong><\/em><\/p>\n<p>Al llegar al parque nos esperaba una astronauta muy divertida, con la que hemos realizado un <em><strong>viaje espacial a trav\u00e9s de la galaxia<\/strong><\/em>. Nos ataviamos con bolsas para simular ser astronautas y pasamos mil y una aventuras, hasta llegar a conquistar la luna.<\/p>\n<p class=\"jetpack-slideshow-noscript robots-nocontent\">El pase de diapositivas requiere JavaScript.<\/p><div id=\"gallery-13709-2-slideshow\" class=\"jetpack-slideshow-window jetpack-slideshow jetpack-slideshow-black\" data-trans=\"fade\" data-autostart=\"1\" data-gallery=\"[{&quot;src&quot;:&quot;https:\\\/\\\/i0.wp.com\\\/cloud.alqueria.es\\\/wp-content\\\/uploads\\\/sites\\\/8\\\/2017\\\/04\\\/IMG_5731.jpg?fit=1024%2C768\\u0026ssl=1&quot;,&quot;id&quot;:&quot;13769&quot;,&quot;title&quot;:&quot;IMG_5731&quot;,&quot;alt&quot;:&quot;&quot;,&quot;caption&quot;:&quot;&quot;,&quot;itemprop&quot;:&quot;image&quot;},{&quot;src&quot;:&quot;https:\\\/\\\/i0.wp.com\\\/cloud.alqueria.es\\\/wp-content\\\/uploads\\\/sites\\\/8\\\/2017\\\/04\\\/c.motor-2.jpg?fit=1024%2C768\\u0026ssl=1&quot;,&quot;id&quot;:&quot;13722&quot;,&quot;title&quot;:&quot;c.motor-2&quot;,&quot;alt&quot;:&quot;&quot;,&quot;caption&quot;:&quot;&quot;,&quot;itemprop&quot;:&quot;image&quot;},{&quot;src&quot;:&quot;https:\\\/\\\/i0.wp.com\\\/cloud.alqueria.es\\\/wp-content\\\/uploads\\\/sites\\\/8\\\/2017\\\/04\\\/IMG_5741.jpg?fit=1024%2C768\\u0026ssl=1&quot;,&quot;id&quot;:&quot;13770&quot;,&quot;title&quot;:&quot;IMG_5741&quot;,&quot;alt&quot;:&quot;&quot;,&quot;caption&quot;:&quot;&quot;,&quot;itemprop&quot;:&quot;image&quot;},{&quot;src&quot;:&quot;https:\\\/\\\/i0.wp.com\\\/cloud.alqueria.es\\\/wp-content\\\/uploads\\\/sites\\\/8\\\/2017\\\/04\\\/IMG_5748.jpg?fit=1024%2C768\\u0026ssl=1&quot;,&quot;id&quot;:&quot;13771&quot;,&quot;title&quot;:&quot;IMG_5748&quot;,&quot;alt&quot;:&quot;&quot;,&quot;caption&quot;:&quot;&quot;,&quot;itemprop&quot;:&quot;image&quot;},{&quot;src&quot;:&quot;https:\\\/\\\/i0.wp.com\\\/cloud.alqueria.es\\\/wp-content\\\/uploads\\\/sites\\\/8\\\/2017\\\/04\\\/c.motor-3.jpg?fit=1024%2C768\\u0026ssl=1&quot;,&quot;id&quot;:&quot;13723&quot;,&quot;title&quot;:&quot;c.motor-3&quot;,&quot;alt&quot;:&quot;&quot;,&quot;caption&quot;:&quot;&quot;,&quot;itemprop&quot;:&quot;image&quot;},{&quot;src&quot;:&quot;https:\\\/\\\/i0.wp.com\\\/cloud.alqueria.es\\\/wp-content\\\/uploads\\\/sites\\\/8\\\/2017\\\/04\\\/IMG_5751.jpg?fit=1024%2C768\\u0026ssl=1&quot;,&quot;id&quot;:&quot;13772&quot;,&quot;title&quot;:&quot;IMG_5751&quot;,&quot;alt&quot;:&quot;&quot;,&quot;caption&quot;:&quot;&quot;,&quot;itemprop&quot;:&quot;image&quot;},{&quot;src&quot;:&quot;https:\\\/\\\/i0.wp.com\\\/cloud.alqueria.es\\\/wp-content\\\/uploads\\\/sites\\\/8\\\/2017\\\/04\\\/c.motor-4.jpg?fit=1024%2C768\\u0026ssl=1&quot;,&quot;id&quot;:&quot;13724&quot;,&quot;title&quot;:&quot;c.motor-4&quot;,&quot;alt&quot;:&quot;&quot;,&quot;caption&quot;:&quot;&quot;,&quot;itemprop&quot;:&quot;image&quot;},{&quot;src&quot;:&quot;https:\\\/\\\/i0.wp.com\\\/cloud.alqueria.es\\\/wp-content\\\/uploads\\\/sites\\\/8\\\/2017\\\/04\\\/IMG_5780.jpg?fit=1024%2C768\\u0026ssl=1&quot;,&quot;id&quot;:&quot;13773&quot;,&quot;title&quot;:&quot;IMG_5780&quot;,&quot;alt&quot;:&quot;&quot;,&quot;caption&quot;:&quot;&quot;,&quot;itemprop&quot;:&quot;image&quot;},{&quot;src&quot;:&quot;https:\\\/\\\/i0.wp.com\\\/cloud.alqueria.es\\\/wp-content\\\/uploads\\\/sites\\\/8\\\/2017\\\/04\\\/c.motor-5.jpg?fit=1024%2C768\\u0026ssl=1&quot;,&quot;id&quot;:&quot;13725&quot;,&quot;title&quot;:&quot;c.motor-5&quot;,&quot;alt&quot;:&quot;&quot;,&quot;caption&quot;:&quot;&quot;,&quot;itemprop&quot;:&quot;image&quot;},{&quot;src&quot;:&quot;https:\\\/\\\/i0.wp.com\\\/cloud.alqueria.es\\\/wp-content\\\/uploads\\\/sites\\\/8\\\/2017\\\/04\\\/IMG_5790.jpg?fit=1024%2C768\\u0026ssl=1&quot;,&quot;id&quot;:&quot;13774&quot;,&quot;title&quot;:&quot;IMG_5790&quot;,&quot;alt&quot;:&quot;&quot;,&quot;caption&quot;:&quot;&quot;,&quot;itemprop&quot;:&quot;image&quot;},{&quot;src&quot;:&quot;https:\\\/\\\/i0.wp.com\\\/cloud.alqueria.es\\\/wp-content\\\/uploads\\\/sites\\\/8\\\/2017\\\/04\\\/c.motor-1.jpg?fit=768%2C1024\\u0026ssl=1&quot;,&quot;id&quot;:&quot;13721&quot;,&quot;title&quot;:&quot;c.motor-1&quot;,&quot;alt&quot;:&quot;&quot;,&quot;caption&quot;:&quot;&quot;,&quot;itemprop&quot;:&quot;image&quot;}]\" itemscope itemtype=\"https:\/\/schema.org\/ImageGallery\"><\/div>\n<p style=\"text-align: center\"><strong><span style=\"color: #0000ff\">\u00a1Qu\u00e9 bien lo hemos pasado!<\/span><\/strong><\/p>\n<p><img data-recalc-dims=\"1\" decoding=\"async\" data-attachment-id=\"13624\" data-permalink=\"https:\/\/www.alqueria.es\/blogs\/alqueriarojaverde\/2017\/04\/17\/semana-de-la-lectura-inauguracion-1a-jornada\/gracias-abuelos\/\" data-orig-file=\"https:\/\/i0.wp.com\/cloud.alqueria.es\/wp-content\/uploads\/sites\/8\/2017\/04\/gracias-abuelos.jpg?fit=465%2C348&amp;ssl=1\" data-orig-size=\"465,348\" data-comments-opened=\"1\" data-image-meta=\"{&quot;aperture&quot;:&quot;0&quot;,&quot;credit&quot;:&quot;&quot;,&quot;camera&quot;:&quot;&quot;,&quot;caption&quot;:&quot;&quot;,&quot;created_timestamp&quot;:&quot;0&quot;,&quot;copyright&quot;:&quot;&quot;,&quot;focal_length&quot;:&quot;0&quot;,&quot;iso&quot;:&quot;0&quot;,&quot;shutter_speed&quot;:&quot;0&quot;,&quot;title&quot;:&quot;&quot;,&quot;orientation&quot;:&quot;0&quot;}\" data-image-title=\"gracias-abuelos\" data-image-description=\"\" data-image-caption=\"\" data-large-file=\"https:\/\/i0.wp.com\/cloud.alqueria.es\/wp-content\/uploads\/sites\/8\/2017\/04\/gracias-abuelos.jpg?fit=465%2C348&amp;ssl=1\" class=\"alignleft size-medium wp-image-13624\" src=\"https:\/\/i0.wp.com\/cloud.alqueria.es\/wp-content\/uploads\/sites\/8\/2017\/04\/gracias-abuelos.jpg?resize=300%2C225&#038;ssl=1\" alt=\"\" width=\"300\" height=\"225\" srcset=\"https:\/\/cloud.alqueria.es\/wp-content\/uploads\/sites\/8\/2017\/04\/gracias-abuelos.jpg 465w, https:\/\/cloud.alqueria.es\/wp-content\/uploads\/sites\/8\/2017\/04\/gracias-abuelos.jpg 300w\" sizes=\"(max-width: 300px) 100vw, 300px\" \/>Por la tarde, <strong><span style=\"color: #ff0000\">el grupo Rojo<\/span><\/strong>, ha recibido la entra\u00f1able <span style=\"color: #ff0000\">visita de un grupo de abuelo@s y una mam\u00e1 del grupo<\/span>, que nos han deleitado con bonitas historias. Ha sido un placer ver como han disfrutado todos, grandes y peque\u00f1os.<\/p>\n<div class=\"tiled-gallery type-square tiled-gallery-unresized\" data-original-width=\"474\" data-carousel-extra='{&quot;blog_id&quot;:8,&quot;permalink&quot;:&quot;https:\\\/\\\/www.alqueria.es\\\/blogs\\\/alqueriarojaverde\\\/2017\\\/04\\\/21\\\/semana-de-la-lectura-4a-jornada\\\/&quot;,&quot;likes_blog_id&quot;:64268569}' itemscope itemtype=\"http:\/\/schema.org\/ImageGallery\" > <div class=\"gallery-row\" style=\"width: 474px; height: 474px;\" data-original-width=\"474\" data-original-height=\"474\" > <div class=\"gallery-group\" style=\"width: 474px; height: 474px;\" data-original-width=\"474\" data-original-height=\"474\" > <div class=\"tiled-gallery-item \" itemprop=\"associatedMedia\" itemscope itemtype=\"http:\/\/schema.org\/ImageObject\"> <a href=\"https:\/\/www.alqueria.es\/blogs\/alqueriarojaverde\/2017\/04\/21\/semana-de-la-lectura-4a-jornada\/img_5798\/\" border=\"0\" itemprop=\"url\"> <meta itemprop=\"width\" content=\"470\"> <meta itemprop=\"height\" content=\"470\"> <img decoding=\"async\" class=\"\" data-attachment-id=\"13757\" data-orig-file=\"https:\/\/cloud.alqueria.es\/wp-content\/uploads\/sites\/8\/2017\/04\/IMG_5798.jpg\" data-orig-size=\"1024,768\" data-comments-opened=\"1\" data-image-meta=\"{&quot;aperture&quot;:&quot;0&quot;,&quot;credit&quot;:&quot;&quot;,&quot;camera&quot;:&quot;&quot;,&quot;caption&quot;:&quot;&quot;,&quot;created_timestamp&quot;:&quot;0&quot;,&quot;copyright&quot;:&quot;&quot;,&quot;focal_length&quot;:&quot;0&quot;,&quot;iso&quot;:&quot;0&quot;,&quot;shutter_speed&quot;:&quot;0&quot;,&quot;title&quot;:&quot;&quot;,&quot;orientation&quot;:&quot;0&quot;}\" data-image-title=\"IMG_5798\" data-image-description=\"\" data-medium-file=\"https:\/\/i0.wp.com\/cloud.alqueria.es\/wp-content\/uploads\/sites\/8\/2017\/04\/IMG_5798.jpg?fit=300%2C225&#038;ssl=1\" data-large-file=\"https:\/\/i0.wp.com\/cloud.alqueria.es\/wp-content\/uploads\/sites\/8\/2017\/04\/IMG_5798.jpg?fit=474%2C356&#038;ssl=1\" src=\"https:\/\/i0.wp.com\/cloud.alqueria.es\/wp-content\/uploads\/sites\/8\/2017\/04\/IMG_5798.jpg?w=470&#038;h=470&#038;crop=1&#038;ssl=1\" srcset=\"https:\/\/cloud.alqueria.es\/wp-content\/uploads\/sites\/8\/2017\/04\/IMG_5798.jpg 150w, https:\/\/cloud.alqueria.es\/wp-content\/uploads\/sites\/8\/2017\/04\/IMG_5798.jpg 940w\" width=\"470\" height=\"470\" loading=\"lazy\" data-original-width=\"470\" data-original-height=\"470\" itemprop=\"http:\/\/schema.org\/image\" title=\"IMG_5798\" alt=\"IMG_5798\" style=\"width: 470px; height: 470px;\" \/> <\/a> <\/div> <\/div> <\/div> <div class=\"gallery-row\" style=\"width: 474px; height: 158px;\" data-original-width=\"474\" data-original-height=\"158\" > <div class=\"gallery-group\" style=\"width: 158px; height: 158px;\" data-original-width=\"158\" data-original-height=\"158\" > <div class=\"tiled-gallery-item \" itemprop=\"associatedMedia\" itemscope itemtype=\"http:\/\/schema.org\/ImageObject\"> <a href=\"https:\/\/www.alqueria.es\/blogs\/alqueriarojaverde\/2017\/04\/21\/semana-de-la-lectura-4a-jornada\/img_5795\/\" border=\"0\" itemprop=\"url\"> <meta itemprop=\"width\" content=\"154\"> <meta itemprop=\"height\" content=\"154\"> <img decoding=\"async\" class=\"\" data-attachment-id=\"13754\" data-orig-file=\"https:\/\/cloud.alqueria.es\/wp-content\/uploads\/sites\/8\/2017\/04\/IMG_5795.jpg\" data-orig-size=\"1024,768\" data-comments-opened=\"1\" data-image-meta=\"{&quot;aperture&quot;:&quot;0&quot;,&quot;credit&quot;:&quot;&quot;,&quot;camera&quot;:&quot;&quot;,&quot;caption&quot;:&quot;&quot;,&quot;created_timestamp&quot;:&quot;0&quot;,&quot;copyright&quot;:&quot;&quot;,&quot;focal_length&quot;:&quot;0&quot;,&quot;iso&quot;:&quot;0&quot;,&quot;shutter_speed&quot;:&quot;0&quot;,&quot;title&quot;:&quot;&quot;,&quot;orientation&quot;:&quot;0&quot;}\" data-image-title=\"IMG_5795\" data-image-description=\"\" data-medium-file=\"https:\/\/i0.wp.com\/cloud.alqueria.es\/wp-content\/uploads\/sites\/8\/2017\/04\/IMG_5795.jpg?fit=300%2C225&#038;ssl=1\" data-large-file=\"https:\/\/i0.wp.com\/cloud.alqueria.es\/wp-content\/uploads\/sites\/8\/2017\/04\/IMG_5795.jpg?fit=474%2C356&#038;ssl=1\" src=\"https:\/\/i0.wp.com\/cloud.alqueria.es\/wp-content\/uploads\/sites\/8\/2017\/04\/IMG_5795.jpg?w=154&#038;h=154&#038;crop=1&#038;ssl=1\" srcset=\"https:\/\/cloud.alqueria.es\/wp-content\/uploads\/sites\/8\/2017\/04\/IMG_5795.jpg 150w, https:\/\/cloud.alqueria.es\/wp-content\/uploads\/sites\/8\/2017\/04\/IMG_5795.jpg 308w, https:\/\/cloud.alqueria.es\/wp-content\/uploads\/sites\/8\/2017\/04\/IMG_5795.jpg 462w\" width=\"154\" height=\"154\" loading=\"lazy\" data-original-width=\"154\" data-original-height=\"154\" itemprop=\"http:\/\/schema.org\/image\" title=\"IMG_5795\" alt=\"IMG_5795\" style=\"width: 154px; height: 154px;\" \/> <\/a> <\/div> <\/div> <div class=\"gallery-group\" style=\"width: 158px; height: 158px;\" data-original-width=\"158\" data-original-height=\"158\" > <div class=\"tiled-gallery-item \" itemprop=\"associatedMedia\" itemscope itemtype=\"http:\/\/schema.org\/ImageObject\"> <a href=\"https:\/\/www.alqueria.es\/blogs\/alqueriarojaverde\/2017\/04\/21\/semana-de-la-lectura-4a-jornada\/img_5807\/\" border=\"0\" itemprop=\"url\"> <meta itemprop=\"width\" content=\"154\"> <meta itemprop=\"height\" content=\"154\"> <img decoding=\"async\" class=\"\" data-attachment-id=\"13765\" data-orig-file=\"https:\/\/cloud.alqueria.es\/wp-content\/uploads\/sites\/8\/2017\/04\/IMG_5807.jpg\" data-orig-size=\"1024,768\" data-comments-opened=\"1\" data-image-meta=\"{&quot;aperture&quot;:&quot;0&quot;,&quot;credit&quot;:&quot;&quot;,&quot;camera&quot;:&quot;&quot;,&quot;caption&quot;:&quot;&quot;,&quot;created_timestamp&quot;:&quot;0&quot;,&quot;copyright&quot;:&quot;&quot;,&quot;focal_length&quot;:&quot;0&quot;,&quot;iso&quot;:&quot;0&quot;,&quot;shutter_speed&quot;:&quot;0&quot;,&quot;title&quot;:&quot;&quot;,&quot;orientation&quot;:&quot;0&quot;}\" data-image-title=\"IMG_5807\" data-image-description=\"\" data-medium-file=\"https:\/\/i0.wp.com\/cloud.alqueria.es\/wp-content\/uploads\/sites\/8\/2017\/04\/IMG_5807.jpg?fit=300%2C225&#038;ssl=1\" data-large-file=\"https:\/\/i0.wp.com\/cloud.alqueria.es\/wp-content\/uploads\/sites\/8\/2017\/04\/IMG_5807.jpg?fit=474%2C356&#038;ssl=1\" src=\"https:\/\/i0.wp.com\/cloud.alqueria.es\/wp-content\/uploads\/sites\/8\/2017\/04\/IMG_5807.jpg?w=154&#038;h=154&#038;crop=1&#038;ssl=1\" srcset=\"https:\/\/cloud.alqueria.es\/wp-content\/uploads\/sites\/8\/2017\/04\/IMG_5807.jpg 150w, https:\/\/cloud.alqueria.es\/wp-content\/uploads\/sites\/8\/2017\/04\/IMG_5807.jpg 308w, https:\/\/cloud.alqueria.es\/wp-content\/uploads\/sites\/8\/2017\/04\/IMG_5807.jpg 462w\" width=\"154\" height=\"154\" loading=\"lazy\" data-original-width=\"154\" data-original-height=\"154\" itemprop=\"http:\/\/schema.org\/image\" title=\"IMG_5807\" alt=\"IMG_5807\" style=\"width: 154px; height: 154px;\" \/> <\/a> <\/div> <\/div> <div class=\"gallery-group\" style=\"width: 158px; height: 158px;\" data-original-width=\"158\" data-original-height=\"158\" > <div class=\"tiled-gallery-item \" itemprop=\"associatedMedia\" itemscope itemtype=\"http:\/\/schema.org\/ImageObject\"> <a href=\"https:\/\/www.alqueria.es\/blogs\/alqueriarojaverde\/2017\/04\/21\/semana-de-la-lectura-4a-jornada\/img_5803\/\" border=\"0\" itemprop=\"url\"> <meta itemprop=\"width\" content=\"154\"> <meta itemprop=\"height\" content=\"154\"> <img decoding=\"async\" class=\"\" data-attachment-id=\"13762\" data-orig-file=\"https:\/\/cloud.alqueria.es\/wp-content\/uploads\/sites\/8\/2017\/04\/IMG_5803.jpg\" data-orig-size=\"1024,768\" data-comments-opened=\"1\" data-image-meta=\"{&quot;aperture&quot;:&quot;0&quot;,&quot;credit&quot;:&quot;&quot;,&quot;camera&quot;:&quot;&quot;,&quot;caption&quot;:&quot;&quot;,&quot;created_timestamp&quot;:&quot;0&quot;,&quot;copyright&quot;:&quot;&quot;,&quot;focal_length&quot;:&quot;0&quot;,&quot;iso&quot;:&quot;0&quot;,&quot;shutter_speed&quot;:&quot;0&quot;,&quot;title&quot;:&quot;&quot;,&quot;orientation&quot;:&quot;0&quot;}\" data-image-title=\"IMG_5803\" data-image-description=\"\" data-medium-file=\"https:\/\/i0.wp.com\/cloud.alqueria.es\/wp-content\/uploads\/sites\/8\/2017\/04\/IMG_5803.jpg?fit=300%2C225&#038;ssl=1\" data-large-file=\"https:\/\/i0.wp.com\/cloud.alqueria.es\/wp-content\/uploads\/sites\/8\/2017\/04\/IMG_5803.jpg?fit=474%2C356&#038;ssl=1\" src=\"https:\/\/i0.wp.com\/cloud.alqueria.es\/wp-content\/uploads\/sites\/8\/2017\/04\/IMG_5803.jpg?w=154&#038;h=154&#038;crop=1&#038;ssl=1\" srcset=\"https:\/\/cloud.alqueria.es\/wp-content\/uploads\/sites\/8\/2017\/04\/IMG_5803.jpg 150w, https:\/\/cloud.alqueria.es\/wp-content\/uploads\/sites\/8\/2017\/04\/IMG_5803.jpg 308w, https:\/\/cloud.alqueria.es\/wp-content\/uploads\/sites\/8\/2017\/04\/IMG_5803.jpg 462w\" width=\"154\" height=\"154\" loading=\"lazy\" data-original-width=\"154\" data-original-height=\"154\" itemprop=\"http:\/\/schema.org\/image\" title=\"IMG_5803\" alt=\"IMG_5803\" style=\"width: 154px; height: 154px;\" \/> <\/a> <\/div> <\/div> <\/div> <\/div>\n<p>Estos son los t\u00edtulos que han narrado cada un@ de ell@s:<\/p>\n<ul>\n<li><strong>\u00abLa cabra y los cabritillos\u00bb<\/strong>, <span style=\"color: #ff0000\">Maribel<\/span> (abuela de Julia)<\/li>\n<li><strong>\u00abEl pastor mentiroso\u00bb,<\/strong> <span style=\"color: #ff0000\">Cuca<\/span> (abuela de Julia)<\/li>\n<li><strong>\u00abLas tres iguanas\u00bb<\/strong>, <span style=\"color: #ff0000\">Charo<\/span> (abuela de M\u00eda)<\/li>\n<li><strong>\u00abEl oso gru\u00f1\u00f3n\u00bb,<\/strong> <span style=\"color: #ff0000\">Florencio<\/span> (abuelo de Adri\u00e1n)<\/li>\n<li><strong>\u00abLa aventuras de Col\u00f3n\u00bb,<\/strong> <span style=\"color: #ff0000\">Nani<\/span> (abuela de Tom\u00e1s). Que ha venido acompa\u00f1ada de Antonio, autor del cuento.<\/li>\n<li><strong>\u00abZaida, Zoraida y Zorahaida\u00bb,<\/strong> <span style=\"color: #ff0000\">Paco<\/span> (abuelo de Adelina)<\/li>\n<li><strong>\u00abNanas bajo el Baobab\u00bb,<\/strong> <span style=\"color: #ff0000\">Astou,<\/span> mam\u00e1 de Aminata. Nos canta una preciosa canci\u00f3n de cuna en olof y nos muestra c\u00f3mo se acunan los beb\u00e9s en Senegal.<\/li>\n<\/ul>\n<p class=\"jetpack-slideshow-noscript robots-nocontent\">El pase de diapositivas requiere JavaScript.<\/p><div id=\"gallery-13709-3-slideshow\" class=\"jetpack-slideshow-window jetpack-slideshow jetpack-slideshow-black\" data-trans=\"fade\" data-autostart=\"1\" data-gallery=\"[{&quot;src&quot;:&quot;https:\\\/\\\/i0.wp.com\\\/cloud.alqueria.es\\\/wp-content\\\/uploads\\\/sites\\\/8\\\/2017\\\/04\\\/IMG_5792-e1492764457402.jpg?fit=768%2C1024\\u0026ssl=1&quot;,&quot;id&quot;:&quot;13751&quot;,&quot;title&quot;:&quot;IMG_5792&quot;,&quot;alt&quot;:&quot;&quot;,&quot;caption&quot;:&quot;&quot;,&quot;itemprop&quot;:&quot;image&quot;},{&quot;src&quot;:&quot;https:\\\/\\\/i0.wp.com\\\/cloud.alqueria.es\\\/wp-content\\\/uploads\\\/sites\\\/8\\\/2017\\\/04\\\/IMG_5793-e1492764428222.jpg?fit=768%2C1024\\u0026ssl=1&quot;,&quot;id&quot;:&quot;13752&quot;,&quot;title&quot;:&quot;IMG_5793&quot;,&quot;alt&quot;:&quot;&quot;,&quot;caption&quot;:&quot;&quot;,&quot;itemprop&quot;:&quot;image&quot;},{&quot;src&quot;:&quot;https:\\\/\\\/i0.wp.com\\\/cloud.alqueria.es\\\/wp-content\\\/uploads\\\/sites\\\/8\\\/2017\\\/04\\\/IMG_5794-e1492764394143.jpg?fit=768%2C1024\\u0026ssl=1&quot;,&quot;id&quot;:&quot;13753&quot;,&quot;title&quot;:&quot;IMG_5794&quot;,&quot;alt&quot;:&quot;&quot;,&quot;caption&quot;:&quot;&quot;,&quot;itemprop&quot;:&quot;image&quot;},{&quot;src&quot;:&quot;https:\\\/\\\/i0.wp.com\\\/cloud.alqueria.es\\\/wp-content\\\/uploads\\\/sites\\\/8\\\/2017\\\/04\\\/IMG_5796-e1492764361644.jpg?fit=768%2C1024\\u0026ssl=1&quot;,&quot;id&quot;:&quot;13755&quot;,&quot;title&quot;:&quot;IMG_5796&quot;,&quot;alt&quot;:&quot;&quot;,&quot;caption&quot;:&quot;&quot;,&quot;itemprop&quot;:&quot;image&quot;},{&quot;src&quot;:&quot;https:\\\/\\\/i0.wp.com\\\/cloud.alqueria.es\\\/wp-content\\\/uploads\\\/sites\\\/8\\\/2017\\\/04\\\/IMG_5797-e1492764330465.jpg?fit=768%2C1024\\u0026ssl=1&quot;,&quot;id&quot;:&quot;13756&quot;,&quot;title&quot;:&quot;IMG_5797&quot;,&quot;alt&quot;:&quot;&quot;,&quot;caption&quot;:&quot;&quot;,&quot;itemprop&quot;:&quot;image&quot;},{&quot;src&quot;:&quot;https:\\\/\\\/i0.wp.com\\\/cloud.alqueria.es\\\/wp-content\\\/uploads\\\/sites\\\/8\\\/2017\\\/04\\\/IMG_5799-e1492764304254.jpg?fit=768%2C1024\\u0026ssl=1&quot;,&quot;id&quot;:&quot;13758&quot;,&quot;title&quot;:&quot;IMG_5799&quot;,&quot;alt&quot;:&quot;&quot;,&quot;caption&quot;:&quot;&quot;,&quot;itemprop&quot;:&quot;image&quot;},{&quot;src&quot;:&quot;https:\\\/\\\/i0.wp.com\\\/cloud.alqueria.es\\\/wp-content\\\/uploads\\\/sites\\\/8\\\/2017\\\/04\\\/IMG_5800.jpg?fit=1024%2C768\\u0026ssl=1&quot;,&quot;id&quot;:&quot;13759&quot;,&quot;title&quot;:&quot;IMG_5800&quot;,&quot;alt&quot;:&quot;&quot;,&quot;caption&quot;:&quot;&quot;,&quot;itemprop&quot;:&quot;image&quot;},{&quot;src&quot;:&quot;https:\\\/\\\/i0.wp.com\\\/cloud.alqueria.es\\\/wp-content\\\/uploads\\\/sites\\\/8\\\/2017\\\/04\\\/IMG_5801-e1492764278192.jpg?fit=768%2C1024\\u0026ssl=1&quot;,&quot;id&quot;:&quot;13760&quot;,&quot;title&quot;:&quot;IMG_5801&quot;,&quot;alt&quot;:&quot;&quot;,&quot;caption&quot;:&quot;&quot;,&quot;itemprop&quot;:&quot;image&quot;},{&quot;src&quot;:&quot;https:\\\/\\\/i0.wp.com\\\/cloud.alqueria.es\\\/wp-content\\\/uploads\\\/sites\\\/8\\\/2017\\\/04\\\/IMG_5802-e1492764221494.jpg?fit=768%2C1024\\u0026ssl=1&quot;,&quot;id&quot;:&quot;13761&quot;,&quot;title&quot;:&quot;IMG_5802&quot;,&quot;alt&quot;:&quot;&quot;,&quot;caption&quot;:&quot;&quot;,&quot;itemprop&quot;:&quot;image&quot;},{&quot;src&quot;:&quot;https:\\\/\\\/i0.wp.com\\\/cloud.alqueria.es\\\/wp-content\\\/uploads\\\/sites\\\/8\\\/2017\\\/04\\\/IMG_5804-e1492764250602.jpg?fit=768%2C1024\\u0026ssl=1&quot;,&quot;id&quot;:&quot;13763&quot;,&quot;title&quot;:&quot;IMG_5804&quot;,&quot;alt&quot;:&quot;&quot;,&quot;caption&quot;:&quot;&quot;,&quot;itemprop&quot;:&quot;image&quot;},{&quot;src&quot;:&quot;https:\\\/\\\/i0.wp.com\\\/cloud.alqueria.es\\\/wp-content\\\/uploads\\\/sites\\\/8\\\/2017\\\/04\\\/IMG_5806-e1492764146970.jpg?fit=768%2C1024\\u0026ssl=1&quot;,&quot;id&quot;:&quot;13764&quot;,&quot;title&quot;:&quot;IMG_5806&quot;,&quot;alt&quot;:&quot;&quot;,&quot;caption&quot;:&quot;&quot;,&quot;itemprop&quot;:&quot;image&quot;},{&quot;src&quot;:&quot;https:\\\/\\\/i0.wp.com\\\/cloud.alqueria.es\\\/wp-content\\\/uploads\\\/sites\\\/8\\\/2017\\\/04\\\/IMG_5808-e1492764121868.jpg?fit=768%2C1024\\u0026ssl=1&quot;,&quot;id&quot;:&quot;13766&quot;,&quot;title&quot;:&quot;IMG_5808&quot;,&quot;alt&quot;:&quot;&quot;,&quot;caption&quot;:&quot;&quot;,&quot;itemprop&quot;:&quot;image&quot;},{&quot;src&quot;:&quot;https:\\\/\\\/i0.wp.com\\\/cloud.alqueria.es\\\/wp-content\\\/uploads\\\/sites\\\/8\\\/2017\\\/04\\\/IMG_5809-e1492764096970.jpg?fit=768%2C1024\\u0026ssl=1&quot;,&quot;id&quot;:&quot;13767&quot;,&quot;title&quot;:&quot;IMG_5809&quot;,&quot;alt&quot;:&quot;&quot;,&quot;caption&quot;:&quot;&quot;,&quot;itemprop&quot;:&quot;image&quot;},{&quot;src&quot;:&quot;https:\\\/\\\/i0.wp.com\\\/cloud.alqueria.es\\\/wp-content\\\/uploads\\\/sites\\\/8\\\/2017\\\/04\\\/IMG_5810-e1492764070747.jpg?fit=768%2C1024\\u0026ssl=1&quot;,&quot;id&quot;:&quot;13768&quot;,&quot;title&quot;:&quot;IMG_5810&quot;,&quot;alt&quot;:&quot;&quot;,&quot;caption&quot;:&quot;&quot;,&quot;itemprop&quot;:&quot;image&quot;}]\" itemscope itemtype=\"https:\/\/schema.org\/ImageGallery\"><\/div>\n<p>A\u00fan nos queda una jornada m\u00e1s, que guarda gratas sorpresas.<\/p>\n<p>\u00a1Hasta ma\u00f1ana!,<\/p>\n<p>Rosario Garc\u00eda-Valenzuela y Esther Justicia.<\/p>\n<p>&nbsp;<\/p>\n","protected":false},"excerpt":{"rendered":"<p>Y seguimos con m\u00e1s actividades interesantes y variopintas. \u00abEL BANQUETE DE CUENTOS\u00bb:\u00a0El alumnado de 3\u00ba y 4\u00ba EPO, ha preparado unas lecturas cortas, que guardan relaci\u00f3n con aspectos culinarios y que muy gustosamente nos han \u00abservido\u00bb para comer. Cuentos extra\u00eddos del libro \u00abSopa de sue\u00f1os y otras recetas de cocina\u00bb En las clases, han aparecido &hellip; <a href=\"https:\/\/www.alqueria.es\/blogs\/alqueriarojaverde\/2017\/04\/21\/semana-de-la-lectura-4a-jornada\/\" class=\"more-link\">Seguir leyendo <span class=\"screen-reader-text\">SEMANA DE LA LECTURA (4\u00aa JORNADA)<\/span> <span class=\"meta-nav\">&rarr;<\/span><\/a><\/p>\n","protected":false},"author":19,"featured_media":0,"comment_status":"open","ping_status":"open","sticky":false,"template":"","format":"standard","meta":{"jetpack_post_was_ever_published":false,"_jetpack_newsletter_access":"","_jetpack_dont_email_post_to_subs":false,"_jetpack_newsletter_tier_id":0,"_jetpack_memberships_contains_paywalled_content":false,"_jetpack_memberships_contains_paid_content":false,"footnotes":"","jetpack_publicize_message":"","jetpack_publicize_feature_enabled":true,"jetpack_social_post_already_shared":true,"jetpack_social_options":{"image_generator_settings":{"template":"highway","default_image_id":0,"font":"","enabled":false},"version":2}},"categories":[22,23,6,7,13],"tags":[227],"class_list":["post-13709","post","type-post","status-publish","format-standard","hentry","category-actividades-especiales-y-salidas-clase-roja","category-actividades-especiales-y-salidas-clase-verde","category-clase-roja-4-5-anos","category-clase-verde-5-6-anos","category-inicio","tag-semana-lectura-infantil-2017"],"jetpack_publicize_connections":[],"jetpack_featured_media_url":"","jetpack_sharing_enabled":true,"jetpack_shortlink":"https:\/\/wp.me\/p4lFbP-3z7","_links":{"self":[{"href":"https:\/\/www.alqueria.es\/blogs\/alqueriarojaverde\/wp-json\/wp\/v2\/posts\/13709","targetHints":{"allow":["GET"]}}],"collection":[{"href":"https:\/\/www.alqueria.es\/blogs\/alqueriarojaverde\/wp-json\/wp\/v2\/posts"}],"about":[{"href":"https:\/\/www.alqueria.es\/blogs\/alqueriarojaverde\/wp-json\/wp\/v2\/types\/post"}],"author":[{"embeddable":true,"href":"https:\/\/www.alqueria.es\/blogs\/alqueriarojaverde\/wp-json\/wp\/v2\/users\/19"}],"replies":[{"embeddable":true,"href":"https:\/\/www.alqueria.es\/blogs\/alqueriarojaverde\/wp-json\/wp\/v2\/comments?post=13709"}],"version-history":[{"count":0,"href":"https:\/\/www.alqueria.es\/blogs\/alqueriarojaverde\/wp-json\/wp\/v2\/posts\/13709\/revisions"}],"wp:attachment":[{"href":"https:\/\/www.alqueria.es\/blogs\/alqueriarojaverde\/wp-json\/wp\/v2\/media?parent=13709"}],"wp:term":[{"taxonomy":"category","embeddable":true,"href":"https:\/\/www.alqueria.es\/blogs\/alqueriarojaverde\/wp-json\/wp\/v2\/categories?post=13709"},{"taxonomy":"post_tag","embeddable":true,"href":"https:\/\/www.alqueria.es\/blogs\/alqueriarojaverde\/wp-json\/wp\/v2\/tags?post=13709"}],"curies":[{"name":"wp","href":"https:\/\/api.w.org\/{rel}","templated":true}]}}