{"id":13735,"date":"2017-04-21T16:01:09","date_gmt":"2017-04-21T14:01:09","guid":{"rendered":"https:\/\/www.alqueria.es\/blogs\/alqueriarojaverde\/?p=13735"},"modified":"2017-04-21T16:01:09","modified_gmt":"2017-04-21T14:01:09","slug":"semana-de-la-lectura-clausura-5a-jornada","status":"publish","type":"post","link":"https:\/\/www.alqueria.es\/blogs\/alqueriarojaverde\/2017\/04\/21\/semana-de-la-lectura-clausura-5a-jornada\/","title":{"rendered":"SEMANA DE LA LECTURA: CLAUSURA (5\u00aa JORNADA)"},"content":{"rendered":"<p><img data-recalc-dims=\"1\" decoding=\"async\" data-attachment-id=\"13793\" data-permalink=\"https:\/\/www.alqueria.es\/blogs\/alqueriarojaverde\/2017\/04\/21\/semana-de-la-lectura-clausura-5a-jornada\/dia-del-libro-2\/\" data-orig-file=\"https:\/\/i0.wp.com\/cloud.alqueria.es\/wp-content\/uploads\/sites\/8\/2017\/04\/dia-del-libro.jpg?fit=1024%2C710&amp;ssl=1\" data-orig-size=\"1024,710\" data-comments-opened=\"1\" data-image-meta=\"{&quot;aperture&quot;:&quot;0&quot;,&quot;credit&quot;:&quot;&quot;,&quot;camera&quot;:&quot;&quot;,&quot;caption&quot;:&quot;&quot;,&quot;created_timestamp&quot;:&quot;0&quot;,&quot;copyright&quot;:&quot;&quot;,&quot;focal_length&quot;:&quot;0&quot;,&quot;iso&quot;:&quot;0&quot;,&quot;shutter_speed&quot;:&quot;0&quot;,&quot;title&quot;:&quot;&quot;,&quot;orientation&quot;:&quot;0&quot;}\" data-image-title=\"dia-del-libro\" data-image-description=\"\" data-image-caption=\"\" data-large-file=\"https:\/\/i0.wp.com\/cloud.alqueria.es\/wp-content\/uploads\/sites\/8\/2017\/04\/dia-del-libro.jpg?fit=474%2C329&amp;ssl=1\" class=\"alignright size-medium wp-image-13793\" src=\"https:\/\/i0.wp.com\/cloud.alqueria.es\/wp-content\/uploads\/sites\/8\/2017\/04\/dia-del-libro.jpg?resize=300%2C208&#038;ssl=1\" alt=\"\" width=\"300\" height=\"208\" srcset=\"https:\/\/cloud.alqueria.es\/wp-content\/uploads\/sites\/8\/2017\/04\/dia-del-libro.jpg 1024w, https:\/\/cloud.alqueria.es\/wp-content\/uploads\/sites\/8\/2017\/04\/dia-del-libro.jpg 300w, https:\/\/cloud.alqueria.es\/wp-content\/uploads\/sites\/8\/2017\/04\/dia-del-libro.jpg 768w, https:\/\/cloud.alqueria.es\/wp-content\/uploads\/sites\/8\/2017\/04\/dia-del-libro.jpg 948w\" sizes=\"(max-width: 300px) 100vw, 300px\" \/>Clausuramos esta magn\u00edfica semana , dedicada exclusivamente a la animaci\u00f3n a la lectura, con dos actividades muy divertidas, en las que participa todo el ciclo junto:<\/p>\n<p><em><strong><span style=\"color: #ff00ff\"><span style=\"color: #333333\"><span style=\"color: #ff00ff\">\u00abCUENTOS MUSICALES\u00bb<\/span>, a cargo de Elena (mam\u00e1 de Violeta clase Naranja) y profesora especialista de m\u00fasica en nuestro centro.<\/span><\/span><\/strong><\/em><\/p>\n<p><span style=\"color: #ff00ff\"><span style=\"color: #333333\">Hemos escuchado unas historias muy curiosas, acompa\u00f1adas de unos simp\u00e1ticos personajes. En la primera \u00abPepita pulgarcita\u00bb, para acompa\u00f1ar los efectos de sonido ha utilizado la guitarra el\u00e9ctrica y a la finalizaci\u00f3n del cuento deb\u00edan adivinar qu\u00e9 instrumento era. Despu\u00e9s nos ha cantado las canciones \u00abLa hormiga chiquitita\u00bb que trataba de una hormiga algo chinchosa que se sub\u00eda por la nariz, orejas, etc. y \u00abLa lengua saltarina\u00bb, una traviesa lengua que nos ha invitado a realizar algunas praxias bucales a la vez que cant\u00e1bamos. Por \u00faltimo escuchamos \u00abEl gusanito que no quer\u00eda dormir\u00bb.<br \/>\n<\/span><\/span><\/p>\n<p class=\"jetpack-slideshow-noscript robots-nocontent\">El pase de diapositivas requiere JavaScript.<\/p><div id=\"gallery-13735-1-slideshow\" class=\"jetpack-slideshow-window jetpack-slideshow jetpack-slideshow-black\" data-trans=\"fade\" data-autostart=\"1\" data-gallery=\"[{&quot;src&quot;:&quot;https:\\\/\\\/i0.wp.com\\\/cloud.alqueria.es\\\/wp-content\\\/uploads\\\/sites\\\/8\\\/2017\\\/04\\\/c.musical-1.jpg?fit=1024%2C768\\u0026ssl=1&quot;,&quot;id&quot;:&quot;13777&quot;,&quot;title&quot;:&quot;c.musical-1&quot;,&quot;alt&quot;:&quot;&quot;,&quot;caption&quot;:&quot;&quot;,&quot;itemprop&quot;:&quot;image&quot;},{&quot;src&quot;:&quot;https:\\\/\\\/i0.wp.com\\\/cloud.alqueria.es\\\/wp-content\\\/uploads\\\/sites\\\/8\\\/2017\\\/04\\\/c.musical-2.jpg?fit=1024%2C768\\u0026ssl=1&quot;,&quot;id&quot;:&quot;13778&quot;,&quot;title&quot;:&quot;c.musical-2&quot;,&quot;alt&quot;:&quot;&quot;,&quot;caption&quot;:&quot;&quot;,&quot;itemprop&quot;:&quot;image&quot;},{&quot;src&quot;:&quot;https:\\\/\\\/i0.wp.com\\\/cloud.alqueria.es\\\/wp-content\\\/uploads\\\/sites\\\/8\\\/2017\\\/04\\\/c.musical-5.jpg?fit=1024%2C768\\u0026ssl=1&quot;,&quot;id&quot;:&quot;13781&quot;,&quot;title&quot;:&quot;c.musical-5&quot;,&quot;alt&quot;:&quot;&quot;,&quot;caption&quot;:&quot;&quot;,&quot;itemprop&quot;:&quot;image&quot;},{&quot;src&quot;:&quot;https:\\\/\\\/i0.wp.com\\\/cloud.alqueria.es\\\/wp-content\\\/uploads\\\/sites\\\/8\\\/2017\\\/04\\\/c.musical-3.jpg?fit=1024%2C768\\u0026ssl=1&quot;,&quot;id&quot;:&quot;13779&quot;,&quot;title&quot;:&quot;c.musical-3&quot;,&quot;alt&quot;:&quot;&quot;,&quot;caption&quot;:&quot;&quot;,&quot;itemprop&quot;:&quot;image&quot;},{&quot;src&quot;:&quot;https:\\\/\\\/i0.wp.com\\\/cloud.alqueria.es\\\/wp-content\\\/uploads\\\/sites\\\/8\\\/2017\\\/04\\\/c.musical-6.jpg?fit=1024%2C768\\u0026ssl=1&quot;,&quot;id&quot;:&quot;13782&quot;,&quot;title&quot;:&quot;c.musical-6&quot;,&quot;alt&quot;:&quot;&quot;,&quot;caption&quot;:&quot;&quot;,&quot;itemprop&quot;:&quot;image&quot;},{&quot;src&quot;:&quot;https:\\\/\\\/i0.wp.com\\\/cloud.alqueria.es\\\/wp-content\\\/uploads\\\/sites\\\/8\\\/2017\\\/04\\\/c.musical-7.jpg?fit=1024%2C768\\u0026ssl=1&quot;,&quot;id&quot;:&quot;13783&quot;,&quot;title&quot;:&quot;c.musical-7&quot;,&quot;alt&quot;:&quot;&quot;,&quot;caption&quot;:&quot;&quot;,&quot;itemprop&quot;:&quot;image&quot;},{&quot;src&quot;:&quot;https:\\\/\\\/i0.wp.com\\\/cloud.alqueria.es\\\/wp-content\\\/uploads\\\/sites\\\/8\\\/2017\\\/04\\\/c.musical-4.jpg?fit=1024%2C768\\u0026ssl=1&quot;,&quot;id&quot;:&quot;13780&quot;,&quot;title&quot;:&quot;c.musical-4&quot;,&quot;alt&quot;:&quot;&quot;,&quot;caption&quot;:&quot;&quot;,&quot;itemprop&quot;:&quot;image&quot;},{&quot;src&quot;:&quot;https:\\\/\\\/i0.wp.com\\\/cloud.alqueria.es\\\/wp-content\\\/uploads\\\/sites\\\/8\\\/2017\\\/04\\\/c.musical-8.jpg?fit=768%2C1024\\u0026ssl=1&quot;,&quot;id&quot;:&quot;13784&quot;,&quot;title&quot;:&quot;c.musical-8&quot;,&quot;alt&quot;:&quot;&quot;,&quot;caption&quot;:&quot;&quot;,&quot;itemprop&quot;:&quot;image&quot;}]\" itemscope itemtype=\"https:\/\/schema.org\/ImageGallery\"><\/div>\n<p>Elena nos obsequia al terminar, con un pin de una guitarra el\u00e9ctrica.<\/p>\n<p><em><strong><span style=\"color: #0000ff\"><img data-recalc-dims=\"1\" decoding=\"async\" data-attachment-id=\"13629\" data-permalink=\"https:\/\/www.alqueria.es\/blogs\/alqueriarojaverde\/2017\/04\/17\/semana-de-la-lectura-inauguracion-1a-jornada\/sant-jordi1-3\/\" data-orig-file=\"https:\/\/i0.wp.com\/cloud.alqueria.es\/wp-content\/uploads\/sites\/8\/2017\/04\/sant-jordi1.jpg?fit=400%2C463&amp;ssl=1\" data-orig-size=\"400,463\" data-comments-opened=\"1\" data-image-meta=\"{&quot;aperture&quot;:&quot;0&quot;,&quot;credit&quot;:&quot;&quot;,&quot;camera&quot;:&quot;&quot;,&quot;caption&quot;:&quot;&quot;,&quot;created_timestamp&quot;:&quot;0&quot;,&quot;copyright&quot;:&quot;&quot;,&quot;focal_length&quot;:&quot;0&quot;,&quot;iso&quot;:&quot;0&quot;,&quot;shutter_speed&quot;:&quot;0&quot;,&quot;title&quot;:&quot;&quot;,&quot;orientation&quot;:&quot;0&quot;}\" data-image-title=\"sant-jordi1\" data-image-description=\"\" data-image-caption=\"\" data-large-file=\"https:\/\/i0.wp.com\/cloud.alqueria.es\/wp-content\/uploads\/sites\/8\/2017\/04\/sant-jordi1.jpg?fit=400%2C463&amp;ssl=1\" class=\"alignleft wp-image-13629 size-medium\" src=\"https:\/\/i0.wp.com\/cloud.alqueria.es\/wp-content\/uploads\/sites\/8\/2017\/04\/sant-jordi1.jpg?resize=259%2C300&#038;ssl=1\" alt=\"\" width=\"259\" height=\"300\" srcset=\"https:\/\/cloud.alqueria.es\/wp-content\/uploads\/sites\/8\/2017\/04\/sant-jordi1.jpg 400w, https:\/\/cloud.alqueria.es\/wp-content\/uploads\/sites\/8\/2017\/04\/sant-jordi1.jpg 259w\" sizes=\"(max-width: 259px) 100vw, 259px\" \/>\u00abSAN JORGE Y EL DRAG\u00d3N\u00bb<\/span><span style=\"color: #0000ff\">,<\/span> a cargo Charito y Esther (tutoras de los grupos verde y rojo).<\/strong><\/em><\/p>\n<p>Presentamos esta leyenda tradicional, relacionada con la celebraci\u00f3n del d\u00eda del libro (23 de abril).<\/p>\n<p>Paralelamente a la narraci\u00f3n, vamos ense\u00f1ando las im\u00e1genes que lo ilustran, poniendo \u00e9nfasis en los personajes que aparecen. Al finalizar la misma, se facilita al alumnado un papel enmarcado de forma especial, para que realicen su propia representaci\u00f3n del cuento.<\/p>\n<p class=\"jetpack-slideshow-noscript robots-nocontent\">El pase de diapositivas requiere JavaScript.<\/p><div id=\"gallery-13735-2-slideshow\" class=\"jetpack-slideshow-window jetpack-slideshow jetpack-slideshow-black\" data-trans=\"fade\" data-autostart=\"1\" data-gallery=\"[{&quot;src&quot;:&quot;https:\\\/\\\/i0.wp.com\\\/cloud.alqueria.es\\\/wp-content\\\/uploads\\\/sites\\\/8\\\/2017\\\/04\\\/IMG_5814.jpg?fit=474%2C356\\u0026ssl=1&quot;,&quot;id&quot;:&quot;13795&quot;,&quot;title&quot;:&quot;IMG_5814&quot;,&quot;alt&quot;:&quot;&quot;,&quot;caption&quot;:&quot;&quot;,&quot;itemprop&quot;:&quot;image&quot;},{&quot;src&quot;:&quot;https:\\\/\\\/i0.wp.com\\\/cloud.alqueria.es\\\/wp-content\\\/uploads\\\/sites\\\/8\\\/2017\\\/04\\\/IMG_5819.jpg?fit=474%2C356\\u0026ssl=1&quot;,&quot;id&quot;:&quot;13796&quot;,&quot;title&quot;:&quot;IMG_5819&quot;,&quot;alt&quot;:&quot;&quot;,&quot;caption&quot;:&quot;&quot;,&quot;itemprop&quot;:&quot;image&quot;},{&quot;src&quot;:&quot;https:\\\/\\\/i0.wp.com\\\/cloud.alqueria.es\\\/wp-content\\\/uploads\\\/sites\\\/8\\\/2017\\\/04\\\/IMG_5820.jpg?fit=474%2C356\\u0026ssl=1&quot;,&quot;id&quot;:&quot;13797&quot;,&quot;title&quot;:&quot;IMG_5820&quot;,&quot;alt&quot;:&quot;&quot;,&quot;caption&quot;:&quot;&quot;,&quot;itemprop&quot;:&quot;image&quot;},{&quot;src&quot;:&quot;https:\\\/\\\/i0.wp.com\\\/cloud.alqueria.es\\\/wp-content\\\/uploads\\\/sites\\\/8\\\/2017\\\/04\\\/IMG_5828.jpg?fit=474%2C356\\u0026ssl=1&quot;,&quot;id&quot;:&quot;13798&quot;,&quot;title&quot;:&quot;IMG_5828&quot;,&quot;alt&quot;:&quot;&quot;,&quot;caption&quot;:&quot;&quot;,&quot;itemprop&quot;:&quot;image&quot;},{&quot;src&quot;:&quot;https:\\\/\\\/i0.wp.com\\\/cloud.alqueria.es\\\/wp-content\\\/uploads\\\/sites\\\/8\\\/2017\\\/04\\\/IMG_5829-e1492783136996.jpg?fit=474%2C632\\u0026ssl=1&quot;,&quot;id&quot;:&quot;13799&quot;,&quot;title&quot;:&quot;IMG_5829&quot;,&quot;alt&quot;:&quot;&quot;,&quot;caption&quot;:&quot;&quot;,&quot;itemprop&quot;:&quot;image&quot;},{&quot;src&quot;:&quot;https:\\\/\\\/i0.wp.com\\\/cloud.alqueria.es\\\/wp-content\\\/uploads\\\/sites\\\/8\\\/2017\\\/04\\\/IMG_5830-e1492783185600.jpg?fit=474%2C632\\u0026ssl=1&quot;,&quot;id&quot;:&quot;13800&quot;,&quot;title&quot;:&quot;IMG_5830&quot;,&quot;alt&quot;:&quot;&quot;,&quot;caption&quot;:&quot;&quot;,&quot;itemprop&quot;:&quot;image&quot;}]\" itemscope itemtype=\"https:\/\/schema.org\/ImageGallery\"><\/div>\n<p><strong><span style=\"color: #000000\">\u00a1Esperamos que os hayan gustado las actividades, tanto como a vuestros peques!<\/span><\/strong><\/p>\n<p><em><strong><span style=\"color: #ff00ff\">Desde aqu\u00ed queremos agradecer nuevamente a las familias colaboradoras, su disposici\u00f3n y compromiso con nuestro proyecto.<\/span><\/strong><\/em><\/p>\n<p>Por nuestra parte, esperamos haber contribuido, a trav\u00e9s de este blog, a que hay\u00e1is vivido m\u00e1s de cerca esta semana.<\/p>\n<p><strong><span style=\"color: #000000\">Un fuerte abrazo a tod@s y buen fin de semana.<\/span><\/strong><\/p>\n<p>Rosario Garc\u00eda-Valenzuela y Esther Justicia.<\/p>\n","protected":false},"excerpt":{"rendered":"<p>Clausuramos esta magn\u00edfica semana , dedicada exclusivamente a la animaci\u00f3n a la lectura, con dos actividades muy divertidas, en las que participa todo el ciclo junto: \u00abCUENTOS MUSICALES\u00bb, a cargo de Elena (mam\u00e1 de Violeta clase Naranja) y profesora especialista de m\u00fasica en nuestro centro. Hemos escuchado unas historias muy curiosas, acompa\u00f1adas de unos simp\u00e1ticos &hellip; <a href=\"https:\/\/www.alqueria.es\/blogs\/alqueriarojaverde\/2017\/04\/21\/semana-de-la-lectura-clausura-5a-jornada\/\" class=\"more-link\">Seguir leyendo <span class=\"screen-reader-text\">SEMANA DE LA LECTURA: CLAUSURA (5\u00aa JORNADA)<\/span> <span class=\"meta-nav\">&rarr;<\/span><\/a><\/p>\n","protected":false},"author":19,"featured_media":0,"comment_status":"open","ping_status":"open","sticky":false,"template":"","format":"standard","meta":{"jetpack_post_was_ever_published":false,"_jetpack_newsletter_access":"","_jetpack_dont_email_post_to_subs":false,"_jetpack_newsletter_tier_id":0,"_jetpack_memberships_contains_paywalled_content":false,"_jetpack_memberships_contains_paid_content":false,"footnotes":"","jetpack_publicize_message":"","jetpack_publicize_feature_enabled":true,"jetpack_social_post_already_shared":true,"jetpack_social_options":{"image_generator_settings":{"template":"highway","default_image_id":0,"font":"","enabled":false},"version":2}},"categories":[22,23,6,7,13],"tags":[227],"class_list":["post-13735","post","type-post","status-publish","format-standard","hentry","category-actividades-especiales-y-salidas-clase-roja","category-actividades-especiales-y-salidas-clase-verde","category-clase-roja-4-5-anos","category-clase-verde-5-6-anos","category-inicio","tag-semana-lectura-infantil-2017"],"jetpack_publicize_connections":[],"jetpack_featured_media_url":"","jetpack_sharing_enabled":true,"jetpack_shortlink":"https:\/\/wp.me\/p4lFbP-3zx","_links":{"self":[{"href":"https:\/\/www.alqueria.es\/blogs\/alqueriarojaverde\/wp-json\/wp\/v2\/posts\/13735","targetHints":{"allow":["GET"]}}],"collection":[{"href":"https:\/\/www.alqueria.es\/blogs\/alqueriarojaverde\/wp-json\/wp\/v2\/posts"}],"about":[{"href":"https:\/\/www.alqueria.es\/blogs\/alqueriarojaverde\/wp-json\/wp\/v2\/types\/post"}],"author":[{"embeddable":true,"href":"https:\/\/www.alqueria.es\/blogs\/alqueriarojaverde\/wp-json\/wp\/v2\/users\/19"}],"replies":[{"embeddable":true,"href":"https:\/\/www.alqueria.es\/blogs\/alqueriarojaverde\/wp-json\/wp\/v2\/comments?post=13735"}],"version-history":[{"count":0,"href":"https:\/\/www.alqueria.es\/blogs\/alqueriarojaverde\/wp-json\/wp\/v2\/posts\/13735\/revisions"}],"wp:attachment":[{"href":"https:\/\/www.alqueria.es\/blogs\/alqueriarojaverde\/wp-json\/wp\/v2\/media?parent=13735"}],"wp:term":[{"taxonomy":"category","embeddable":true,"href":"https:\/\/www.alqueria.es\/blogs\/alqueriarojaverde\/wp-json\/wp\/v2\/categories?post=13735"},{"taxonomy":"post_tag","embeddable":true,"href":"https:\/\/www.alqueria.es\/blogs\/alqueriarojaverde\/wp-json\/wp\/v2\/tags?post=13735"}],"curies":[{"name":"wp","href":"https:\/\/api.w.org\/{rel}","templated":true}]}}