{"id":13851,"date":"2017-04-28T19:34:21","date_gmt":"2017-04-28T17:34:21","guid":{"rendered":"https:\/\/www.alqueria.es\/blogs\/alqueriarojaverde\/?p=13851"},"modified":"2017-04-28T19:34:21","modified_gmt":"2017-04-28T17:34:21","slug":"salida-trimestral-a-la-granja-escuela","status":"publish","type":"post","link":"https:\/\/www.alqueria.es\/blogs\/alqueriarojaverde\/2017\/04\/28\/salida-trimestral-a-la-granja-escuela\/","title":{"rendered":"SALIDA TRIMESTRAL A LA GRANJA ESCUELA"},"content":{"rendered":"<p><img data-recalc-dims=\"1\" decoding=\"async\" data-attachment-id=\"13855\" data-permalink=\"https:\/\/www.alqueria.es\/blogs\/alqueriarojaverde\/2017\/04\/28\/salida-trimestral-a-la-granja-escuela\/la20granja\/\" data-orig-file=\"https:\/\/i0.wp.com\/cloud.alqueria.es\/wp-content\/uploads\/sites\/8\/2017\/04\/La20granja.jpg?fit=400%2C302&amp;ssl=1\" data-orig-size=\"400,302\" data-comments-opened=\"1\" data-image-meta=\"{&quot;aperture&quot;:&quot;0&quot;,&quot;credit&quot;:&quot;&quot;,&quot;camera&quot;:&quot;&quot;,&quot;caption&quot;:&quot;&quot;,&quot;created_timestamp&quot;:&quot;0&quot;,&quot;copyright&quot;:&quot;&quot;,&quot;focal_length&quot;:&quot;0&quot;,&quot;iso&quot;:&quot;0&quot;,&quot;shutter_speed&quot;:&quot;0&quot;,&quot;title&quot;:&quot;&quot;,&quot;orientation&quot;:&quot;0&quot;}\" data-image-title=\"La20granja\" data-image-description=\"\" data-image-caption=\"\" data-large-file=\"https:\/\/i0.wp.com\/cloud.alqueria.es\/wp-content\/uploads\/sites\/8\/2017\/04\/La20granja.jpg?fit=400%2C302&amp;ssl=1\" class=\"alignleft size-medium wp-image-13855\" src=\"https:\/\/i0.wp.com\/cloud.alqueria.es\/wp-content\/uploads\/sites\/8\/2017\/04\/La20granja.jpg?resize=300%2C227&#038;ssl=1\" alt=\"\" width=\"300\" height=\"227\" srcset=\"https:\/\/cloud.alqueria.es\/wp-content\/uploads\/sites\/8\/2017\/04\/La20granja.jpg 400w, https:\/\/cloud.alqueria.es\/wp-content\/uploads\/sites\/8\/2017\/04\/La20granja.jpg 300w\" sizes=\"(max-width: 300px) 100vw, 300px\" \/>El pasado mi\u00e9rcoles realizamos nuestra salida de este trimestre, a la Granja Escuela \u00abHuerto Alegre\u00bb.<\/p>\n<p>Debido a la celebraci\u00f3n de la Semana de la lectura, la preparaci\u00f3n previa ha sido algo general. En ella \u00a0se han puesto en com\u00fan las ideas previas del alumnado (que son much\u00edsimas) y se han trabajado\/recordado las distintas familias de animales que pueden coexistir en este espacio, deteni\u00e9ndonos en la nomenclatura de macho, hembra y cr\u00eda. Hemos realizado una clasificaci\u00f3n en torno a la alimentaci\u00f3n: herb\u00edvoros, carn\u00edvoros y omn\u00edvoros; tambi\u00e9n en relaci\u00f3n a c\u00f3mo nacen: ov\u00edparos o viv\u00edparos. Por otro lado hablamos, un poquito \u00abpor encima\u00bb, de los alimentos o materias primas que se pueden obtener y sus derivados.<\/p>\n<p>El huerto es otro de los espacios presentes en una granja y tambi\u00e9n hemos realizado verbalizaciones y lecturas espec\u00edficas en torno a su preparaci\u00f3n, trabajo de mantenimiento y materias primas que nos aporta.<\/p>\n<p>El d\u00eda en cuesti\u00f3n, la alegr\u00eda estaba latente en todos\/as y ya en el trayecto del autob\u00fas el entusiasmo nos invad\u00eda, haci\u00e9ndonos re\u00edr, cantar, hablar y hasta bailar durante el viaje.<img data-recalc-dims=\"1\" decoding=\"async\" data-attachment-id=\"13854\" data-permalink=\"https:\/\/www.alqueria.es\/blogs\/alqueriarojaverde\/2017\/04\/28\/salida-trimestral-a-la-granja-escuela\/heurto\/\" data-orig-file=\"https:\/\/i0.wp.com\/cloud.alqueria.es\/wp-content\/uploads\/sites\/8\/2017\/04\/HEURTO.jpg?fit=1024%2C1024&amp;ssl=1\" data-orig-size=\"1024,1024\" data-comments-opened=\"1\" data-image-meta=\"{&quot;aperture&quot;:&quot;0&quot;,&quot;credit&quot;:&quot;&quot;,&quot;camera&quot;:&quot;&quot;,&quot;caption&quot;:&quot;&quot;,&quot;created_timestamp&quot;:&quot;0&quot;,&quot;copyright&quot;:&quot;&quot;,&quot;focal_length&quot;:&quot;0&quot;,&quot;iso&quot;:&quot;0&quot;,&quot;shutter_speed&quot;:&quot;0&quot;,&quot;title&quot;:&quot;&quot;,&quot;orientation&quot;:&quot;0&quot;}\" data-image-title=\"HEURTO\" data-image-description=\"\" data-image-caption=\"\" data-large-file=\"https:\/\/i0.wp.com\/cloud.alqueria.es\/wp-content\/uploads\/sites\/8\/2017\/04\/HEURTO.jpg?fit=474%2C474&amp;ssl=1\" class=\"alignright wp-image-13854 size-thumbnail\" src=\"https:\/\/i0.wp.com\/cloud.alqueria.es\/wp-content\/uploads\/sites\/8\/2017\/04\/HEURTO.jpg?resize=150%2C150&#038;ssl=1\" alt=\"\" width=\"150\" height=\"150\" srcset=\"https:\/\/cloud.alqueria.es\/wp-content\/uploads\/sites\/8\/2017\/04\/HEURTO.jpg 1024w, https:\/\/cloud.alqueria.es\/wp-content\/uploads\/sites\/8\/2017\/04\/HEURTO.jpg 150w, https:\/\/cloud.alqueria.es\/wp-content\/uploads\/sites\/8\/2017\/04\/HEURTO.jpg 300w, https:\/\/cloud.alqueria.es\/wp-content\/uploads\/sites\/8\/2017\/04\/HEURTO.jpg 768w, https:\/\/cloud.alqueria.es\/wp-content\/uploads\/sites\/8\/2017\/04\/HEURTO.jpg 948w\" sizes=\"(max-width: 150px) 100vw, 150px\" \/><\/p>\n<p>All\u00ed nos recibieron Angelillo, Alban y Marina, los monitores encargados de las distintas actividades a realizar. Como comienzo de ma\u00f1ana nos tomamos un tentempi\u00e9 de manzana y galletas y establecimos tres grupos para ir recorriendo las distintas dependencias en que est\u00e1 dividida la visita : huerto, invernadero y animales.<\/p>\n<p>Los grupos estuvieron compuestos por alumnado de ambas clases, para enriquecer a\u00fan m\u00e1s la experiencia y todos estuvieron satisfechos\/as con el reparto.<\/p>\n<p><img data-recalc-dims=\"1\" decoding=\"async\" data-attachment-id=\"13852\" data-permalink=\"https:\/\/www.alqueria.es\/blogs\/alqueriarojaverde\/2017\/04\/28\/salida-trimestral-a-la-granja-escuela\/animales-ingles-granja-l-tbzfsy\/\" data-orig-file=\"https:\/\/i0.wp.com\/cloud.alqueria.es\/wp-content\/uploads\/sites\/8\/2017\/04\/animales-ingles-granja-L-tBZfsy.jpg?fit=450%2C313&amp;ssl=1\" data-orig-size=\"450,313\" data-comments-opened=\"1\" data-image-meta=\"{&quot;aperture&quot;:&quot;0&quot;,&quot;credit&quot;:&quot;&quot;,&quot;camera&quot;:&quot;&quot;,&quot;caption&quot;:&quot;&quot;,&quot;created_timestamp&quot;:&quot;0&quot;,&quot;copyright&quot;:&quot;&quot;,&quot;focal_length&quot;:&quot;0&quot;,&quot;iso&quot;:&quot;0&quot;,&quot;shutter_speed&quot;:&quot;0&quot;,&quot;title&quot;:&quot;&quot;,&quot;orientation&quot;:&quot;0&quot;}\" data-image-title=\"animales-ingles-granja-L-tBZfsy\" data-image-description=\"\" data-image-caption=\"\" data-large-file=\"https:\/\/i0.wp.com\/cloud.alqueria.es\/wp-content\/uploads\/sites\/8\/2017\/04\/animales-ingles-granja-L-tBZfsy.jpg?fit=450%2C313&amp;ssl=1\" class=\"alignleft wp-image-13852 size-thumbnail\" src=\"https:\/\/i0.wp.com\/cloud.alqueria.es\/wp-content\/uploads\/sites\/8\/2017\/04\/animales-ingles-granja-L-tBZfsy.jpg?resize=150%2C150&#038;ssl=1\" alt=\"\" width=\"150\" height=\"150\" srcset=\"https:\/\/cloud.alqueria.es\/wp-content\/uploads\/sites\/8\/2017\/04\/animales-ingles-granja-L-tBZfsy.jpg 150w, https:\/\/cloud.alqueria.es\/wp-content\/uploads\/sites\/8\/2017\/04\/animales-ingles-granja-L-tBZfsy.jpg 300w, https:\/\/cloud.alqueria.es\/wp-content\/uploads\/sites\/8\/2017\/04\/animales-ingles-granja-L-tBZfsy.jpg 450w\" sizes=\"(max-width: 150px) 100vw, 150px\" \/>La ma\u00f1ana transcurri\u00f3 entre tareas de granja, conocimiento de los animales que all\u00ed habitan y degustaci\u00f3n de hortalizas.<\/p>\n<p>Tras un riqu\u00edsimo almuerzo y un tranquilo paseo por el entorno, en el que tuvimos oportunidad de observar algunas especies presentes en el bosque colindante, realizamos un taller de elaboraci\u00f3n de galletas.<\/p>\n<p>De una forma especial nos fueron presentando los ingredientes, hablando de su procedencia, utilidad &#8230; Tuvimos oportunidad de moldear la masa resultante y crear bonitas figuras, con ayuda de un corta-pastas.<\/p>\n<p>Una jornada muy intensa y cargada de experiencias inolvidables. Sin duda nada mejor que el \u00abtrabajo de campo\u00bb para afianzar conocimientos y posibilitar un aprendizaje realmente significativo. Adem\u00e1s de posibilitar una convivencia, fuera del entorno escolar, que nos hace avanzar en el camino hacia personas emp\u00e1ticas, con nuestros iguales.<\/p>\n<p>Con los siguientes enlaces intentamos mostraros una pincelada de lo vivido.<\/p>\n<div class=\"embed-vimeo\" style=\"text-align: center;\"><div class=\"a25-CTUOC-hidding-box\" data-original-content=\"&lt;iframe loading=&quot;lazy&quot; src=&quot;https:\/\/player.vimeo.com\/video\/215186064&quot; width=&quot;640&quot; height=&quot;640&quot; frameborder=&quot;0&quot; webkitallowfullscreen mozallowfullscreen allowfullscreen&gt;&lt;\/iframe&gt;\">Esta p\u00e1gina incluye contenido multimedia que requiere aceptar todas las cookies. Pulse aqu\u00ed para abrir la configuraci\u00f3n de cookies.<\/div><\/div>\n<div class=\"embed-vimeo\" style=\"text-align: center;\"><div class=\"a25-CTUOC-hidding-box\" data-original-content=\"&lt;iframe loading=&quot;lazy&quot; src=&quot;https:\/\/player.vimeo.com\/video\/215228039&quot; width=&quot;640&quot; height=&quot;360&quot; frameborder=&quot;0&quot; webkitallowfullscreen mozallowfullscreen allowfullscreen&gt;&lt;\/iframe&gt;\">Esta p\u00e1gina incluye contenido multimedia que requiere aceptar todas las cookies. Pulse aqu\u00ed para abrir la configuraci\u00f3n de cookies.<\/div><\/div>\n<p>\u00a1Buen fin de semana!,<\/p>\n<p><em><strong>P.D: Pr\u00f3ximamente enlazar\u00e9 un resumen de nuestro trabajo semanal. De momento os adelanto que el<span style=\"color: #ff0000\"> mi\u00e9rcoles 3<\/span><\/strong><\/em><em><strong> celebraremos el <span style=\"color: #ff0000\">d\u00eda de la Cruz,<\/span> as\u00ed que si quieren pueden venir vestidos\/as para la ocasi\u00f3n y que seguiremos trabajando los <span style=\"color: #339966\">animales de granja<\/span>, por si quer\u00e9is aportar material relacionado, al aula.<\/strong><\/em><\/p>\n<p>Esther Justicia.<\/p>\n<p>&nbsp;<\/p>\n","protected":false},"excerpt":{"rendered":"<p>El pasado mi\u00e9rcoles realizamos nuestra salida de este trimestre, a la Granja Escuela \u00abHuerto Alegre\u00bb. Debido a la celebraci\u00f3n de la Semana de la lectura, la preparaci\u00f3n previa ha sido algo general. En ella \u00a0se han puesto en com\u00fan las ideas previas del alumnado (que son much\u00edsimas) y se han trabajado\/recordado las distintas familias de &hellip; <a href=\"https:\/\/www.alqueria.es\/blogs\/alqueriarojaverde\/2017\/04\/28\/salida-trimestral-a-la-granja-escuela\/\" class=\"more-link\">Seguir leyendo <span class=\"screen-reader-text\">SALIDA TRIMESTRAL A LA GRANJA ESCUELA<\/span> <span class=\"meta-nav\">&rarr;<\/span><\/a><\/p>\n","protected":false},"author":19,"featured_media":0,"comment_status":"open","ping_status":"open","sticky":false,"template":"","format":"standard","meta":{"jetpack_post_was_ever_published":false,"_jetpack_newsletter_access":"","_jetpack_dont_email_post_to_subs":false,"_jetpack_newsletter_tier_id":0,"_jetpack_memberships_contains_paywalled_content":false,"_jetpack_memberships_contains_paid_content":false,"footnotes":"","jetpack_publicize_message":"","jetpack_publicize_feature_enabled":true,"jetpack_social_post_already_shared":true,"jetpack_social_options":{"image_generator_settings":{"template":"highway","default_image_id":0,"font":"","enabled":false},"version":2}},"categories":[22,6,13],"tags":[],"class_list":["post-13851","post","type-post","status-publish","format-standard","hentry","category-actividades-especiales-y-salidas-clase-roja","category-clase-roja-4-5-anos","category-inicio"],"jetpack_publicize_connections":[],"jetpack_featured_media_url":"","jetpack_sharing_enabled":true,"jetpack_shortlink":"https:\/\/wp.me\/p4lFbP-3Bp","_links":{"self":[{"href":"https:\/\/www.alqueria.es\/blogs\/alqueriarojaverde\/wp-json\/wp\/v2\/posts\/13851","targetHints":{"allow":["GET"]}}],"collection":[{"href":"https:\/\/www.alqueria.es\/blogs\/alqueriarojaverde\/wp-json\/wp\/v2\/posts"}],"about":[{"href":"https:\/\/www.alqueria.es\/blogs\/alqueriarojaverde\/wp-json\/wp\/v2\/types\/post"}],"author":[{"embeddable":true,"href":"https:\/\/www.alqueria.es\/blogs\/alqueriarojaverde\/wp-json\/wp\/v2\/users\/19"}],"replies":[{"embeddable":true,"href":"https:\/\/www.alqueria.es\/blogs\/alqueriarojaverde\/wp-json\/wp\/v2\/comments?post=13851"}],"version-history":[{"count":0,"href":"https:\/\/www.alqueria.es\/blogs\/alqueriarojaverde\/wp-json\/wp\/v2\/posts\/13851\/revisions"}],"wp:attachment":[{"href":"https:\/\/www.alqueria.es\/blogs\/alqueriarojaverde\/wp-json\/wp\/v2\/media?parent=13851"}],"wp:term":[{"taxonomy":"category","embeddable":true,"href":"https:\/\/www.alqueria.es\/blogs\/alqueriarojaverde\/wp-json\/wp\/v2\/categories?post=13851"},{"taxonomy":"post_tag","embeddable":true,"href":"https:\/\/www.alqueria.es\/blogs\/alqueriarojaverde\/wp-json\/wp\/v2\/tags?post=13851"}],"curies":[{"name":"wp","href":"https:\/\/api.w.org\/{rel}","templated":true}]}}