{"id":14295,"date":"2017-09-14T17:16:38","date_gmt":"2017-09-14T15:16:38","guid":{"rendered":"https:\/\/www.alqueria.es\/blogs\/alqueriarojaverde\/?p=14295"},"modified":"2017-09-15T09:04:02","modified_gmt":"2017-09-15T07:04:02","slug":"ya-somos-rojos","status":"publish","type":"post","link":"https:\/\/www.alqueria.es\/blogs\/alqueriarojaverde\/2017\/09\/14\/ya-somos-rojos\/","title":{"rendered":"\u00a1Ya somos ROJOS!"},"content":{"rendered":"<p><em><strong><span style=\"color: #ff0000\">Solamente llevamos una semana de cole, pero tengo que decir que\u00a0nuestros ni\u00f1os y ni\u00f1as est\u00e1n encantados con su nueva condici\u00f3n de \u00abrojitos\u00bb. Desde el primer d\u00eda se han mostrado entusiasmados con la nueva clase y con los juguetes y materiales que les estaban esperando a su llegada.<\/span><\/strong><\/em><\/p>\n<p><img data-recalc-dims=\"1\" decoding=\"async\" data-attachment-id=\"14298\" data-permalink=\"https:\/\/www.alqueria.es\/blogs\/alqueriarojaverde\/2017\/09\/14\/ya-somos-rojos\/08fb686a1284f4dd2be605b347517632\/\" data-orig-file=\"https:\/\/i0.wp.com\/cloud.alqueria.es\/wp-content\/uploads\/sites\/8\/2017\/09\/08fb686a1284f4dd2be605b347517632.jpg?fit=564%2C789&amp;ssl=1\" data-orig-size=\"564,789\" data-comments-opened=\"1\" data-image-meta=\"{&quot;aperture&quot;:&quot;0&quot;,&quot;credit&quot;:&quot;&quot;,&quot;camera&quot;:&quot;&quot;,&quot;caption&quot;:&quot;&quot;,&quot;created_timestamp&quot;:&quot;0&quot;,&quot;copyright&quot;:&quot;&quot;,&quot;focal_length&quot;:&quot;0&quot;,&quot;iso&quot;:&quot;0&quot;,&quot;shutter_speed&quot;:&quot;0&quot;,&quot;title&quot;:&quot;&quot;,&quot;orientation&quot;:&quot;0&quot;}\" data-image-title=\"08fb686a1284f4dd2be605b347517632\" data-image-description=\"\" data-image-caption=\"\" data-large-file=\"https:\/\/i0.wp.com\/cloud.alqueria.es\/wp-content\/uploads\/sites\/8\/2017\/09\/08fb686a1284f4dd2be605b347517632.jpg?fit=474%2C663&amp;ssl=1\" class=\"alignright wp-image-14298\" src=\"https:\/\/i0.wp.com\/cloud.alqueria.es\/wp-content\/uploads\/sites\/8\/2017\/09\/08fb686a1284f4dd2be605b347517632.jpg?resize=130%2C182&#038;ssl=1\" alt=\"\" width=\"130\" height=\"182\" \/><\/p>\n<p><em><strong><span style=\"color: #ff0000\">El reencuentro entro los \u00abamig@s\u00bb ha sido digno\u00a0<\/span><\/strong><\/em><em><strong><span style=\"color: #ff0000\">de menci\u00f3n, unos a otros se daban besos y abrazos de bienvenida por iniciativa propia. Este buen \u00e1nimo nos ha durado toda la semana y ha permitido que puedan compartir juegos y charlas en un clima de lo m\u00e1s tranquilo.<\/span><\/strong><\/em><\/p>\n<p><em><strong><span style=\"color: #ff0000\">Esta semana hemos retomado nuestras rutinas habituales (algunas de las cuales hab\u00edamos olvidado un poco durante el largo verano&#8230;..) y tambi\u00e9n hemos aprovechado para recordar algunas de las normas b\u00e1sicas de comportamiento que rigen los diferentes espacios de nuestro centro (el aula, el comedor, el parque, el ba\u00f1o&#8230;&#8230;.). La adaptaci\u00f3n de todos est\u00e1 siendo muy positiva (incluida yo, que tambi\u00e9n tengo mi adaptaci\u00f3n personal).<\/span><\/strong><\/em><\/p>\n<p><em><strong><span style=\"color: #ff0000\">Tambi\u00e9n estos d\u00edas hemos comenzado con nuestras clases espec\u00edficas con los especialistas de ingl\u00e9s (este curso damos la bienvenida a Debora), m\u00fasica (Elena) y educaci\u00f3n f\u00edsica (Alberto). Est\u00e1n encantados con todos ell@s y se han alegrado mucho de volver a verlos.<\/span><\/strong><\/em><\/p>\n<p><em><strong><span style=\"color: #ff0000\"><img data-recalc-dims=\"1\" decoding=\"async\" data-attachment-id=\"14299\" data-permalink=\"https:\/\/www.alqueria.es\/blogs\/alqueriarojaverde\/2017\/09\/14\/ya-somos-rojos\/jui-gif\/\" data-orig-file=\"https:\/\/i0.wp.com\/cloud.alqueria.es\/wp-content\/uploads\/sites\/8\/2017\/09\/jui.gif.jpg?fit=450%2C500&amp;ssl=1\" data-orig-size=\"450,500\" data-comments-opened=\"1\" data-image-meta=\"{&quot;aperture&quot;:&quot;0&quot;,&quot;credit&quot;:&quot;Picasa 3.0&quot;,&quot;camera&quot;:&quot;&quot;,&quot;caption&quot;:&quot;&quot;,&quot;created_timestamp&quot;:&quot;0&quot;,&quot;copyright&quot;:&quot;&quot;,&quot;focal_length&quot;:&quot;0&quot;,&quot;iso&quot;:&quot;0&quot;,&quot;shutter_speed&quot;:&quot;0&quot;,&quot;title&quot;:&quot;&quot;,&quot;orientation&quot;:&quot;0&quot;}\" data-image-title=\"jui.gif\" data-image-description=\"\" data-image-caption=\"\" data-large-file=\"https:\/\/i0.wp.com\/cloud.alqueria.es\/wp-content\/uploads\/sites\/8\/2017\/09\/jui.gif.jpg?fit=450%2C500&amp;ssl=1\" class=\"alignleft wp-image-14299\" src=\"https:\/\/i0.wp.com\/cloud.alqueria.es\/wp-content\/uploads\/sites\/8\/2017\/09\/jui.gif.jpg?resize=130%2C145&#038;ssl=1\" alt=\"\" width=\"130\" height=\"145\" \/>Continuando con nuestra base metodol\u00f3gica infantil que es el M\u00e9todo de propuestas, esta semana ya hemos tenido un primer \u00abconato\u00bb de propuesta surgida aprovechando una iniciativa de uno de los compa\u00f1eros. Marcelo trajo el martes a clase una peque\u00f1a salamanquesa muerta que todos observaron expectantes durante la asamblea. Hablamos sobre las partes del cuerpo del animal que estaban visibles, y tambi\u00e9n sobre una parte que le faltaba de forma evidente&#8230;&#8230;..\u00a1no ten\u00eda cola!<\/span><\/strong><\/em><\/p>\n<p><em><strong><span style=\"color: #ff0000\">Este fue un descubrimiento importante que nos hizo pensar en otros animales que pueden perder una parte de su cuerpo y les vuelve a crecer sin problema (es el caso de los brazos de las estrellas de mar). Tambi\u00e9n concluimos que este no es el caso de las personas, \u00absi\u00a0 nosotros en un accidente perdemos una extremidad&#8230;&#8230;\u00a1no volvemos a recuperarla!\u00bb, este descubrimiento es important\u00edsimo, nos hacemos conscientes de lo fundamental que es cuidar nuestro cuerpo.<\/span><\/strong><\/em><\/p>\n<p><em><strong><span style=\"color: #ff0000\">Pues bien, llevamos toda la semana \u00abconvertidos\u00bb en aut\u00e9nticos veterinarios; usamos nuestra caja de animales, algunos peluches que nos han prestado los beb\u00e9s del cole, animales tra\u00eddos de casa, y por supuesto, los maletines de m\u00e9dico.<\/span><\/strong><\/em><\/p>\n<p class=\"jetpack-slideshow-noscript robots-nocontent\">El pase de diapositivas requiere JavaScript.<\/p><div id=\"gallery-14295-1-slideshow\" class=\"jetpack-slideshow-window jetpack-slideshow jetpack-slideshow-black\" data-trans=\"fade\" data-autostart=\"1\" data-gallery=\"[{&quot;src&quot;:&quot;https:\\\/\\\/i0.wp.com\\\/cloud.alqueria.es\\\/wp-content\\\/uploads\\\/sites\\\/8\\\/2017\\\/09\\\/20170913_094529.jpg?fit=3264%2C1836\\u0026ssl=1&quot;,&quot;id&quot;:&quot;14308&quot;,&quot;title&quot;:&quot;20170913_094529&quot;,&quot;alt&quot;:&quot;&quot;,&quot;caption&quot;:&quot;&quot;,&quot;itemprop&quot;:&quot;image&quot;},{&quot;src&quot;:&quot;https:\\\/\\\/i0.wp.com\\\/cloud.alqueria.es\\\/wp-content\\\/uploads\\\/sites\\\/8\\\/2017\\\/09\\\/20170913_094536.jpg?fit=3264%2C1836\\u0026ssl=1&quot;,&quot;id&quot;:&quot;14309&quot;,&quot;title&quot;:&quot;20170913_094536&quot;,&quot;alt&quot;:&quot;&quot;,&quot;caption&quot;:&quot;&quot;,&quot;itemprop&quot;:&quot;image&quot;},{&quot;src&quot;:&quot;https:\\\/\\\/i0.wp.com\\\/cloud.alqueria.es\\\/wp-content\\\/uploads\\\/sites\\\/8\\\/2017\\\/09\\\/20170913_094558.jpg?fit=3264%2C1836\\u0026ssl=1&quot;,&quot;id&quot;:&quot;14310&quot;,&quot;title&quot;:&quot;20170913_094558&quot;,&quot;alt&quot;:&quot;&quot;,&quot;caption&quot;:&quot;&quot;,&quot;itemprop&quot;:&quot;image&quot;},{&quot;src&quot;:&quot;https:\\\/\\\/i0.wp.com\\\/cloud.alqueria.es\\\/wp-content\\\/uploads\\\/sites\\\/8\\\/2017\\\/09\\\/20170913_094605.jpg?fit=3264%2C1836\\u0026ssl=1&quot;,&quot;id&quot;:&quot;14311&quot;,&quot;title&quot;:&quot;20170913_094605&quot;,&quot;alt&quot;:&quot;&quot;,&quot;caption&quot;:&quot;&quot;,&quot;itemprop&quot;:&quot;image&quot;}]\" itemscope itemtype=\"https:\/\/schema.org\/ImageGallery\"><\/div>\n<p><em><strong><span style=\"color: #ff0000\">Para acabar la semana Violeta nos ha contado su experiencia ayer en el veterinario con su perrita \u00a8Skipe\u00bb. El veterinario le dio unas pastillas, pero lo m\u00e1s importante es&#8230;&#8230;..\u00a1que la dejo pesarla a ella!<\/span><\/strong><\/em><\/p>\n<p><em><strong><span style=\"color: #ff0000\">El lunes trataremos en la asamblea las diferencias que hay entre las diferentes familias de animales, y comprobaremos que hay diferentes formas de agruparlos (ya sea por su morfolog\u00eda, su alimentaci\u00f3n, el lugar en el que viven&#8230;..). Para realizar esta clasificaci\u00f3n estar\u00eda muy bien que pudiesen aportar material de casa (fotos, recortes, libros, revistas, cuentos&#8230;..). Creo que esta propuesta puede dar para mucho (eso lo decidir\u00e1n ellos, jajaja).<\/span><\/strong><\/em><\/p>\n<p><em><strong><span style=\"color: #ff0000\">Acabamos la semana con la visita a la biblioteca del centro para pedir prestados los libros que nos acompa\u00f1ar\u00e1n en clase durante este primer trimestre. Dedicamos la primera parte de la visita a la lectura silenciosa de cuentos (mientras yo realizaba la selecci\u00f3n para el aula&#8230;) y despu\u00e9s, como premio , les he regalado dos lecturas: \u00abEl se\u00f1or Viento Norte\u00bb y \u00abCuando estoy contento\u00bb.<\/span><\/strong><\/em><\/p>\n<div class=\"tiled-gallery type-square tiled-gallery-unresized\" data-original-width=\"474\" data-carousel-extra='{&quot;blog_id&quot;:8,&quot;permalink&quot;:&quot;https:\\\/\\\/www.alqueria.es\\\/blogs\\\/alqueriarojaverde\\\/2017\\\/09\\\/14\\\/ya-somos-rojos\\\/&quot;,&quot;likes_blog_id&quot;:64268569}' itemscope itemtype=\"http:\/\/schema.org\/ImageGallery\" > <div class=\"gallery-row\" style=\"width: 474px; height: 237px;\" data-original-width=\"474\" data-original-height=\"237\" > <div class=\"gallery-group\" style=\"width: 237px; height: 237px;\" data-original-width=\"237\" data-original-height=\"237\" > <div class=\"tiled-gallery-item \" itemprop=\"associatedMedia\" itemscope itemtype=\"http:\/\/schema.org\/ImageObject\"> <a href=\"https:\/\/www.alqueria.es\/blogs\/alqueriarojaverde\/2017\/09\/14\/ya-somos-rojos\/20170914_152529\/\" border=\"0\" itemprop=\"url\"> <meta itemprop=\"width\" content=\"233\"> <meta itemprop=\"height\" content=\"233\"> <img decoding=\"async\" class=\"\" data-attachment-id=\"14312\" data-orig-file=\"https:\/\/cloud.alqueria.es\/wp-content\/uploads\/sites\/8\/2017\/09\/20170914_152529.jpg\" data-orig-size=\"3264,1836\" data-comments-opened=\"1\" data-image-meta=\"{&quot;aperture&quot;:&quot;2.4&quot;,&quot;credit&quot;:&quot;&quot;,&quot;camera&quot;:&quot;SM-G7105&quot;,&quot;caption&quot;:&quot;&quot;,&quot;created_timestamp&quot;:&quot;1505402729&quot;,&quot;copyright&quot;:&quot;&quot;,&quot;focal_length&quot;:&quot;2.93&quot;,&quot;iso&quot;:&quot;125&quot;,&quot;shutter_speed&quot;:&quot;0.04&quot;,&quot;title&quot;:&quot;&quot;,&quot;orientation&quot;:&quot;1&quot;}\" data-image-title=\"20170914_152529\" data-image-description=\"\" data-medium-file=\"https:\/\/i0.wp.com\/cloud.alqueria.es\/wp-content\/uploads\/sites\/8\/2017\/09\/20170914_152529.jpg?fit=300%2C169&#038;ssl=1\" data-large-file=\"https:\/\/i0.wp.com\/cloud.alqueria.es\/wp-content\/uploads\/sites\/8\/2017\/09\/20170914_152529.jpg?fit=474%2C267&#038;ssl=1\" src=\"https:\/\/i0.wp.com\/cloud.alqueria.es\/wp-content\/uploads\/sites\/8\/2017\/09\/20170914_152529.jpg?w=233&#038;h=233&#038;crop=1&#038;ssl=1\" width=\"233\" height=\"233\" loading=\"lazy\" data-original-width=\"233\" data-original-height=\"233\" itemprop=\"http:\/\/schema.org\/image\" title=\"20170914_152529\" alt=\"20170914_152529\" style=\"width: 233px; height: 233px;\" \/> <\/a> <\/div> <\/div> <div class=\"gallery-group\" style=\"width: 237px; height: 237px;\" data-original-width=\"237\" data-original-height=\"237\" > <div class=\"tiled-gallery-item \" itemprop=\"associatedMedia\" itemscope itemtype=\"http:\/\/schema.org\/ImageObject\"> <a href=\"https:\/\/www.alqueria.es\/blogs\/alqueriarojaverde\/2017\/09\/14\/ya-somos-rojos\/20170914_152556\/\" border=\"0\" itemprop=\"url\"> <meta itemprop=\"width\" content=\"233\"> <meta itemprop=\"height\" content=\"233\"> <img decoding=\"async\" class=\"\" data-attachment-id=\"14313\" data-orig-file=\"https:\/\/cloud.alqueria.es\/wp-content\/uploads\/sites\/8\/2017\/09\/20170914_152556.jpg\" data-orig-size=\"3264,1836\" data-comments-opened=\"1\" data-image-meta=\"{&quot;aperture&quot;:&quot;2.4&quot;,&quot;credit&quot;:&quot;&quot;,&quot;camera&quot;:&quot;SM-G7105&quot;,&quot;caption&quot;:&quot;&quot;,&quot;created_timestamp&quot;:&quot;1505402756&quot;,&quot;copyright&quot;:&quot;&quot;,&quot;focal_length&quot;:&quot;2.93&quot;,&quot;iso&quot;:&quot;160&quot;,&quot;shutter_speed&quot;:&quot;0.041666666666667&quot;,&quot;title&quot;:&quot;&quot;,&quot;orientation&quot;:&quot;1&quot;}\" data-image-title=\"20170914_152556\" data-image-description=\"\" data-medium-file=\"https:\/\/i0.wp.com\/cloud.alqueria.es\/wp-content\/uploads\/sites\/8\/2017\/09\/20170914_152556.jpg?fit=300%2C169&#038;ssl=1\" data-large-file=\"https:\/\/i0.wp.com\/cloud.alqueria.es\/wp-content\/uploads\/sites\/8\/2017\/09\/20170914_152556.jpg?fit=474%2C267&#038;ssl=1\" src=\"https:\/\/i0.wp.com\/cloud.alqueria.es\/wp-content\/uploads\/sites\/8\/2017\/09\/20170914_152556.jpg?w=233&#038;h=233&#038;crop=1&#038;ssl=1\" width=\"233\" height=\"233\" loading=\"lazy\" data-original-width=\"233\" data-original-height=\"233\" itemprop=\"http:\/\/schema.org\/image\" title=\"20170914_152556\" alt=\"20170914_152556\" style=\"width: 233px; height: 233px;\" \/> <\/a> <\/div> <\/div> <\/div> <\/div>\n<p><em><strong><span style=\"color: #ff0000\">Como pod\u00e9is comprobar la semana ha sido cortita pero intensa, le hemos sacado partido&#8230;.Acabamos un poquito cansados por el cambio de ritmo, pero a la vez emocionados por la vuelta al cole. La valoraci\u00f3n de esta primera semana es muy positiva.<\/span><\/strong><\/em><\/p>\n<p><em><strong><span style=\"color: #ff0000\">Os deseo un buen fin de semana, nos vemos el lunes.<\/span><\/strong><\/em><\/p>\n<p style=\"text-align: right\"><em><strong><span style=\"color: #ff0000\">Loli G\u00e1lvez<\/span><\/strong><\/em><\/p>\n<p>&nbsp;<\/p>\n","protected":false},"excerpt":{"rendered":"<p>Solamente llevamos una semana de cole, pero tengo que decir que\u00a0nuestros ni\u00f1os y ni\u00f1as est\u00e1n encantados con su nueva condici\u00f3n de \u00abrojitos\u00bb. Desde el primer d\u00eda se han mostrado entusiasmados con la nueva clase y con los juguetes y materiales que les estaban esperando a su llegada. El reencuentro entro los \u00abamig@s\u00bb ha sido digno\u00a0de &hellip; <a href=\"https:\/\/www.alqueria.es\/blogs\/alqueriarojaverde\/2017\/09\/14\/ya-somos-rojos\/\" class=\"more-link\">Seguir leyendo <span class=\"screen-reader-text\">\u00a1Ya somos ROJOS!<\/span> <span class=\"meta-nav\">&rarr;<\/span><\/a><\/p>\n","protected":false},"author":19,"featured_media":0,"comment_status":"open","ping_status":"open","sticky":false,"template":"","format":"standard","meta":{"jetpack_post_was_ever_published":false,"_jetpack_newsletter_access":"","_jetpack_dont_email_post_to_subs":false,"_jetpack_newsletter_tier_id":0,"_jetpack_memberships_contains_paywalled_content":false,"_jetpack_memberships_contains_paid_content":false,"footnotes":"","jetpack_publicize_message":"","jetpack_publicize_feature_enabled":true,"jetpack_social_post_already_shared":true,"jetpack_social_options":{"image_generator_settings":{"template":"highway","default_image_id":0,"font":"","enabled":false},"version":2}},"categories":[6],"tags":[230,232,229,231],"class_list":["post-14295","post","type-post","status-publish","format-standard","hentry","category-clase-roja-4-5-anos","tag-biblioteca","tag-bienvenida","tag-metodo-propuestas","tag-veterinarios"],"jetpack_publicize_connections":[],"jetpack_featured_media_url":"","jetpack_sharing_enabled":true,"jetpack_shortlink":"https:\/\/wp.me\/p4lFbP-3Iz","_links":{"self":[{"href":"https:\/\/www.alqueria.es\/blogs\/alqueriarojaverde\/wp-json\/wp\/v2\/posts\/14295","targetHints":{"allow":["GET"]}}],"collection":[{"href":"https:\/\/www.alqueria.es\/blogs\/alqueriarojaverde\/wp-json\/wp\/v2\/posts"}],"about":[{"href":"https:\/\/www.alqueria.es\/blogs\/alqueriarojaverde\/wp-json\/wp\/v2\/types\/post"}],"author":[{"embeddable":true,"href":"https:\/\/www.alqueria.es\/blogs\/alqueriarojaverde\/wp-json\/wp\/v2\/users\/19"}],"replies":[{"embeddable":true,"href":"https:\/\/www.alqueria.es\/blogs\/alqueriarojaverde\/wp-json\/wp\/v2\/comments?post=14295"}],"version-history":[{"count":0,"href":"https:\/\/www.alqueria.es\/blogs\/alqueriarojaverde\/wp-json\/wp\/v2\/posts\/14295\/revisions"}],"wp:attachment":[{"href":"https:\/\/www.alqueria.es\/blogs\/alqueriarojaverde\/wp-json\/wp\/v2\/media?parent=14295"}],"wp:term":[{"taxonomy":"category","embeddable":true,"href":"https:\/\/www.alqueria.es\/blogs\/alqueriarojaverde\/wp-json\/wp\/v2\/categories?post=14295"},{"taxonomy":"post_tag","embeddable":true,"href":"https:\/\/www.alqueria.es\/blogs\/alqueriarojaverde\/wp-json\/wp\/v2\/tags?post=14295"}],"curies":[{"name":"wp","href":"https:\/\/api.w.org\/{rel}","templated":true}]}}