{"id":15312,"date":"2017-11-07T18:30:12","date_gmt":"2017-11-07T17:30:12","guid":{"rendered":"https:\/\/www.alqueria.es\/blogs\/alqueriarojaverde\/?p=15312"},"modified":"2017-11-07T20:31:54","modified_gmt":"2017-11-07T19:31:54","slug":"invitacion-a-la-fiesta-para-el-sr-otono","status":"publish","type":"post","link":"https:\/\/www.alqueria.es\/blogs\/alqueriarojaverde\/2017\/11\/07\/invitacion-a-la-fiesta-para-el-sr-otono\/","title":{"rendered":"INVITACI\u00d3N A LA FIESTA, PARA EL SR. OTO\u00d1O"},"content":{"rendered":"<p><img data-recalc-dims=\"1\" decoding=\"async\" data-attachment-id=\"15346\" data-permalink=\"https:\/\/www.alqueria.es\/blogs\/alqueriarojaverde\/2017\/11\/07\/invitacion-a-la-fiesta-para-el-sr-otono\/hoja-otono\/\" data-orig-file=\"https:\/\/i0.wp.com\/cloud.alqueria.es\/wp-content\/uploads\/sites\/8\/2017\/11\/hoja-oto%C3%B1o.jpg?fit=600%2C450&amp;ssl=1\" data-orig-size=\"600,450\" data-comments-opened=\"1\" data-image-meta=\"{&quot;aperture&quot;:&quot;0&quot;,&quot;credit&quot;:&quot;&quot;,&quot;camera&quot;:&quot;&quot;,&quot;caption&quot;:&quot;&quot;,&quot;created_timestamp&quot;:&quot;0&quot;,&quot;copyright&quot;:&quot;&quot;,&quot;focal_length&quot;:&quot;0&quot;,&quot;iso&quot;:&quot;0&quot;,&quot;shutter_speed&quot;:&quot;0&quot;,&quot;title&quot;:&quot;&quot;,&quot;orientation&quot;:&quot;0&quot;}\" data-image-title=\"hoja-oto\u00f1o\" data-image-description=\"\" data-image-caption=\"\" data-large-file=\"https:\/\/i0.wp.com\/cloud.alqueria.es\/wp-content\/uploads\/sites\/8\/2017\/11\/hoja-oto%C3%B1o.jpg?fit=474%2C356&amp;ssl=1\" class=\"alignleft size-medium wp-image-15346\" src=\"https:\/\/i0.wp.com\/cloud.alqueria.es\/wp-content\/uploads\/sites\/8\/2017\/11\/hoja-oto%C3%B1o.jpg?resize=300%2C225&#038;ssl=1\" alt=\"\" width=\"300\" height=\"225\" srcset=\"https:\/\/cloud.alqueria.es\/wp-content\/uploads\/sites\/8\/2017\/11\/hoja-oto%C3%B1o.jpg 600w, https:\/\/cloud.alqueria.es\/wp-content\/uploads\/sites\/8\/2017\/11\/hoja-oto%C3%B1o.jpg 300w\" sizes=\"(max-width: 300px) 100vw, 300px\" \/>Parece que este fin de semana <span style=\"color: #808000\">el Oto\u00f1o ya ha hecho presencia en nuestra ciudad,<\/span> el clima ha variado, han bajado las temperaturas y el paisaje es m\u00e1s propio de la estaci\u00f3n en la que nos encontramos.<\/p>\n<p><em><strong>En la asamblea comentamos esos cambios, hablamos acerca de la vestimenta a utilizar, de las frutas que tomaremos (descartando otras propias del verano, por ejemplo), de la migraci\u00f3n de las aves, del acopio de alimentos que realizan algunos animales de cara al invierno, etc. <\/strong><\/em><\/p>\n<p>Como parece que los <em><strong><span style=\"color: #993300\">recursos digitales<\/span> <\/strong><\/em>anteriores les han motivado bastante, recurrimos a uno (que ya el curso pasado vimos por encima) que <em><strong><span style=\"color: #993300\">se inicia con una narraci\u00f3n acerca de los cambios que se producen con la llegada del Oto\u00f1o.<\/span><\/strong><\/em> Despu\u00e9s unos simp\u00e1ticos personajes, Clara y Jes\u00fas, nos invitan a explorar la pantalla y aprender cosas de la estaci\u00f3n, mientras ponemos en pr\u00e1ctica distintos contenidos de otras \u00e1reas, a trav\u00e9s de divertidos juegos. Aunque el recurso se presenta en letra min\u00fascula, aporta apoyo auditivo con las indicaciones para realizar cada uno de los juegos.<\/p>\n<p><a href=\"http:\/\/mestreacasa.gva.es\/web\/guest\/inicio?p_p_id=101_INSTANCE_CIkt&amp;p_p_action=0&amp;p_p_state=maximized&amp;p_p_mode=view&amp;p_p_col_id=column-2&amp;p_p_col_count=3&amp;_101_INSTANCE_CIkt_struts_action=%2Ftagged_content%2Fview_content&amp;_101_INSTANCE_CIkt_redirect=%2Fweb%2Fguest%2Finicio&amp;_101_INSTANCE_CIkt_assetId=4700927606\"><img data-recalc-dims=\"1\" decoding=\"async\" data-attachment-id=\"1552\" data-permalink=\"https:\/\/www.alqueria.es\/blogs\/alqueriarojaverde\/juegodeloton%cc%83o\/\" data-orig-file=\"https:\/\/i0.wp.com\/www.alqueria.es\/blogs\/alqueriarojaverde\/wp-content\/uploads\/sites\/8\/2012\/11\/juegodelotoncc83o.jpg?fit=265%2C190&amp;ssl=1\" data-orig-size=\"265,190\" data-comments-opened=\"1\" data-image-meta=\"{&quot;aperture&quot;:&quot;0&quot;,&quot;credit&quot;:&quot;&quot;,&quot;camera&quot;:&quot;&quot;,&quot;caption&quot;:&quot;&quot;,&quot;created_timestamp&quot;:&quot;0&quot;,&quot;copyright&quot;:&quot;&quot;,&quot;focal_length&quot;:&quot;0&quot;,&quot;iso&quot;:&quot;0&quot;,&quot;shutter_speed&quot;:&quot;0&quot;,&quot;title&quot;:&quot;&quot;}\" data-image-title=\"juegodeloton\u0303o\" data-image-description=\"\" data-image-caption=\"\" data-large-file=\"https:\/\/i0.wp.com\/www.alqueria.es\/blogs\/alqueriarojaverde\/wp-content\/uploads\/sites\/8\/2012\/11\/juegodelotoncc83o.jpg?fit=265%2C190&amp;ssl=1\" class=\"aligncenter size-full wp-image-1552\" title=\"juegodeloto\u00f1o\" src=\"https:\/\/i0.wp.com\/cloud.alqueria.es\/wp-content\/uploads\/sites\/8\/2013\/10\/juegodelotoncc83o.jpg?resize=265%2C190&#038;ssl=1\" alt=\"\" width=\"265\" height=\"190\" \/><\/a><br \/>\nComo era de esperar les ha encantado, de modo que aqu\u00ed os lo dejo para que lo disfrut\u00e9is en familia. <span style=\"color: #ff0000\">(Si no os funciona correctamente cambiar el navegador de vuestro equipo, en clase con Chrome no se abr\u00eda y con Mozilla s\u00ed, por ejemplo).<\/span><\/p>\n<p><em><strong> Ya va quedando menos para celebrar nuestra entra\u00f1able fiesta de Oto\u00f1o.<\/strong><\/em> En nuestra pizarra tenemos anotados los d\u00edas que faltan y nos encanta tachar y comprobar lo poquito que nos queda ya.<\/p>\n<p><img data-recalc-dims=\"1\" decoding=\"async\" data-attachment-id=\"15347\" data-permalink=\"https:\/\/www.alqueria.es\/blogs\/alqueriarojaverde\/2017\/11\/07\/invitacion-a-la-fiesta-para-el-sr-otono\/portada-otono\/\" data-orig-file=\"https:\/\/i0.wp.com\/cloud.alqueria.es\/wp-content\/uploads\/sites\/8\/2017\/11\/Portada-oto%C3%B1o.jpg?fit=1024%2C683&amp;ssl=1\" data-orig-size=\"1024,683\" data-comments-opened=\"1\" data-image-meta=\"{&quot;aperture&quot;:&quot;0&quot;,&quot;credit&quot;:&quot;&quot;,&quot;camera&quot;:&quot;&quot;,&quot;caption&quot;:&quot;&quot;,&quot;created_timestamp&quot;:&quot;0&quot;,&quot;copyright&quot;:&quot;&quot;,&quot;focal_length&quot;:&quot;0&quot;,&quot;iso&quot;:&quot;0&quot;,&quot;shutter_speed&quot;:&quot;0&quot;,&quot;title&quot;:&quot;&quot;,&quot;orientation&quot;:&quot;0&quot;}\" data-image-title=\"Portada-oto\u00f1o\" data-image-description=\"\" data-image-caption=\"\" data-large-file=\"https:\/\/i0.wp.com\/cloud.alqueria.es\/wp-content\/uploads\/sites\/8\/2017\/11\/Portada-oto%C3%B1o.jpg?fit=474%2C316&amp;ssl=1\" class=\"alignright size-medium wp-image-15347\" src=\"https:\/\/i0.wp.com\/cloud.alqueria.es\/wp-content\/uploads\/sites\/8\/2017\/11\/Portada-oto%C3%B1o.jpg?resize=300%2C200&#038;ssl=1\" alt=\"\" width=\"300\" height=\"200\" srcset=\"https:\/\/cloud.alqueria.es\/wp-content\/uploads\/sites\/8\/2017\/11\/Portada-oto%C3%B1o.jpg 1024w, https:\/\/cloud.alqueria.es\/wp-content\/uploads\/sites\/8\/2017\/11\/Portada-oto%C3%B1o.jpg 300w, https:\/\/cloud.alqueria.es\/wp-content\/uploads\/sites\/8\/2017\/11\/Portada-oto%C3%B1o.jpg 768w, https:\/\/cloud.alqueria.es\/wp-content\/uploads\/sites\/8\/2017\/11\/Portada-oto%C3%B1o.jpg 948w\" sizes=\"(max-width: 300px) 100vw, 300px\" \/>Pues bien, <em><strong>antes del gran d\u00eda ten\u00edamos pendiente algunas cosillas por realizar<\/strong><\/em>, como varios<em><strong><span style=\"color: #ff6600\"> talleres creativos<\/span> <\/strong><\/em>que adornen nuestros pasillos y aula, y por supuesto <em><strong><span style=\"color: #ff6600\">la invitaci\u00f3n para enviar al Sr. Oto\u00f1o<\/span><\/strong><\/em>, ya que si no sabe qu\u00e9 d\u00eda es, nos quedaremos sin su visita.<\/p>\n<p>Ayer, dedicamos parte de la ma\u00f1ana a la realizaci\u00f3n de un <em><strong><span style=\"color: #800000\">taller creativo titulado \u00abSombras de \u00e1rboles\u00bb,<\/span><\/strong><\/em>\u00a0en el que empleamos diferentes t\u00e9cnicas pl\u00e1sticas. La semana pasada practicamos el recortado y la d\u00e1ctilo-pintura, para obtener un precioso paisaje oto\u00f1al. En esta ocasi\u00f3n utilizamos el <span style=\"color: #800000\">estampado<\/span> (con \u00absaquitos\u00bb de papel) <strong>para otorgar fondo a nuestra creaci\u00f3n<\/strong> <span style=\"color: #800000\">y la t\u00e9mpera negra<\/span>, <strong>para simular la sombra de un \u00e1rbol.<\/strong><\/p>\n<p><img data-recalc-dims=\"1\" decoding=\"async\" data-attachment-id=\"15320\" data-permalink=\"https:\/\/www.alqueria.es\/blogs\/alqueriarojaverde\/2017\/11\/07\/invitacion-a-la-fiesta-para-el-sr-otono\/img_0392-2\/\" data-orig-file=\"https:\/\/i0.wp.com\/cloud.alqueria.es\/wp-content\/uploads\/sites\/8\/2017\/11\/IMG_0392.jpg?fit=1024%2C768&amp;ssl=1\" data-orig-size=\"1024,768\" data-comments-opened=\"1\" data-image-meta=\"{&quot;aperture&quot;:&quot;0&quot;,&quot;credit&quot;:&quot;&quot;,&quot;camera&quot;:&quot;&quot;,&quot;caption&quot;:&quot;&quot;,&quot;created_timestamp&quot;:&quot;0&quot;,&quot;copyright&quot;:&quot;&quot;,&quot;focal_length&quot;:&quot;0&quot;,&quot;iso&quot;:&quot;0&quot;,&quot;shutter_speed&quot;:&quot;0&quot;,&quot;title&quot;:&quot;&quot;,&quot;orientation&quot;:&quot;0&quot;}\" data-image-title=\"IMG_0392\" data-image-description=\"\" data-image-caption=\"\" data-large-file=\"https:\/\/i0.wp.com\/cloud.alqueria.es\/wp-content\/uploads\/sites\/8\/2017\/11\/IMG_0392.jpg?fit=474%2C356&amp;ssl=1\" class=\"aligncenter size-large wp-image-15320\" src=\"https:\/\/i0.wp.com\/cloud.alqueria.es\/wp-content\/uploads\/sites\/8\/2017\/11\/IMG_0392.jpg?resize=474%2C356&#038;ssl=1\" alt=\"\" width=\"474\" height=\"356\" srcset=\"https:\/\/cloud.alqueria.es\/wp-content\/uploads\/sites\/8\/2017\/11\/IMG_0392.jpg 1024w, https:\/\/cloud.alqueria.es\/wp-content\/uploads\/sites\/8\/2017\/11\/IMG_0392.jpg 300w, https:\/\/cloud.alqueria.es\/wp-content\/uploads\/sites\/8\/2017\/11\/IMG_0392.jpg 768w, https:\/\/cloud.alqueria.es\/wp-content\/uploads\/sites\/8\/2017\/11\/IMG_0392.jpg 948w\" sizes=\"(max-width: 474px) 100vw, 474px\" \/><\/p>\n<p>Ponemos especial atenci\u00f3n en que nuestro \u00e1rbol est\u00e9 \u00abanclado\u00bb al suelo, es decir que su tronco llegue hasta el borde inferior del papel y no de sensaci\u00f3n de estar flotando y tambi\u00e9n a la inclusi\u00f3n de ramas largas y otras m\u00e1s peque\u00f1as. Aunque siempre insisto en que el objetivo de estos talleres no es el resultado final, he de decir que han quedado preciosos.<\/p>\n<p class=\"jetpack-slideshow-noscript robots-nocontent\">El pase de diapositivas requiere JavaScript.<\/p><div id=\"gallery-15312-1-slideshow\" class=\"jetpack-slideshow-window jetpack-slideshow jetpack-slideshow-black\" data-trans=\"fade\" data-autostart=\"1\" data-gallery=\"[{&quot;src&quot;:&quot;https:\\\/\\\/i0.wp.com\\\/cloud.alqueria.es\\\/wp-content\\\/uploads\\\/sites\\\/8\\\/2017\\\/11\\\/IMG_0384.jpg?fit=1024%2C768\\u0026ssl=1&quot;,&quot;id&quot;:&quot;15313&quot;,&quot;title&quot;:&quot;IMG_0384&quot;,&quot;alt&quot;:&quot;&quot;,&quot;caption&quot;:&quot;&quot;,&quot;itemprop&quot;:&quot;image&quot;},{&quot;src&quot;:&quot;https:\\\/\\\/i0.wp.com\\\/cloud.alqueria.es\\\/wp-content\\\/uploads\\\/sites\\\/8\\\/2017\\\/11\\\/IMG_0388.jpg?fit=1024%2C768\\u0026ssl=1&quot;,&quot;id&quot;:&quot;15316&quot;,&quot;title&quot;:&quot;IMG_0388&quot;,&quot;alt&quot;:&quot;&quot;,&quot;caption&quot;:&quot;&quot;,&quot;itemprop&quot;:&quot;image&quot;},{&quot;src&quot;:&quot;https:\\\/\\\/i0.wp.com\\\/cloud.alqueria.es\\\/wp-content\\\/uploads\\\/sites\\\/8\\\/2017\\\/11\\\/IMG_0389.jpg?fit=1024%2C768\\u0026ssl=1&quot;,&quot;id&quot;:&quot;15317&quot;,&quot;title&quot;:&quot;IMG_0389&quot;,&quot;alt&quot;:&quot;&quot;,&quot;caption&quot;:&quot;&quot;,&quot;itemprop&quot;:&quot;image&quot;},{&quot;src&quot;:&quot;https:\\\/\\\/i0.wp.com\\\/cloud.alqueria.es\\\/wp-content\\\/uploads\\\/sites\\\/8\\\/2017\\\/11\\\/IMG_0390-e1510079126385.jpg?fit=1024%2C768\\u0026ssl=1&quot;,&quot;id&quot;:&quot;15318&quot;,&quot;title&quot;:&quot;IMG_0390&quot;,&quot;alt&quot;:&quot;&quot;,&quot;caption&quot;:&quot;&quot;,&quot;itemprop&quot;:&quot;image&quot;},{&quot;src&quot;:&quot;https:\\\/\\\/i0.wp.com\\\/cloud.alqueria.es\\\/wp-content\\\/uploads\\\/sites\\\/8\\\/2017\\\/11\\\/IMG_0391.jpg?fit=1024%2C768\\u0026ssl=1&quot;,&quot;id&quot;:&quot;15319&quot;,&quot;title&quot;:&quot;IMG_0391&quot;,&quot;alt&quot;:&quot;&quot;,&quot;caption&quot;:&quot;&quot;,&quot;itemprop&quot;:&quot;image&quot;}]\" itemscope itemtype=\"https:\/\/schema.org\/ImageGallery\"><\/div>\n<p>Durante el tiempo de secado aprovechamos para jugar un ratito con nuestra casita, que la est\u00e1n disfrutando un mont\u00f3n. <em><strong>\u00a1Me encanta verlos compartir experiencias de juego!<\/strong><\/em><\/p>\n<div class=\"tiled-gallery type-circle tiled-gallery-unresized\" data-original-width=\"474\" data-carousel-extra='{&quot;blog_id&quot;:8,&quot;permalink&quot;:&quot;https:\\\/\\\/www.alqueria.es\\\/blogs\\\/alqueriarojaverde\\\/2017\\\/11\\\/07\\\/invitacion-a-la-fiesta-para-el-sr-otono\\\/&quot;,&quot;likes_blog_id&quot;:64268569}' itemscope itemtype=\"http:\/\/schema.org\/ImageGallery\" > <div class=\"gallery-row\" style=\"width: 474px; height: 237px;\" data-original-width=\"474\" data-original-height=\"237\" > <div class=\"gallery-group\" style=\"width: 237px; height: 237px;\" data-original-width=\"237\" data-original-height=\"237\" > <div class=\"tiled-gallery-item \" itemprop=\"associatedMedia\" itemscope itemtype=\"http:\/\/schema.org\/ImageObject\"> <a href=\"https:\/\/www.alqueria.es\/blogs\/alqueriarojaverde\/2017\/11\/07\/invitacion-a-la-fiesta-para-el-sr-otono\/img_0385\/\" border=\"0\" itemprop=\"url\"> <meta itemprop=\"width\" content=\"233\"> <meta itemprop=\"height\" content=\"233\"> <img decoding=\"async\" class=\"\" data-attachment-id=\"15314\" data-orig-file=\"https:\/\/cloud.alqueria.es\/wp-content\/uploads\/sites\/8\/2017\/11\/IMG_0385.jpg\" data-orig-size=\"1024,768\" data-comments-opened=\"1\" data-image-meta=\"{&quot;aperture&quot;:&quot;0&quot;,&quot;credit&quot;:&quot;&quot;,&quot;camera&quot;:&quot;&quot;,&quot;caption&quot;:&quot;&quot;,&quot;created_timestamp&quot;:&quot;0&quot;,&quot;copyright&quot;:&quot;&quot;,&quot;focal_length&quot;:&quot;0&quot;,&quot;iso&quot;:&quot;0&quot;,&quot;shutter_speed&quot;:&quot;0&quot;,&quot;title&quot;:&quot;&quot;,&quot;orientation&quot;:&quot;0&quot;}\" data-image-title=\"IMG_0385\" data-image-description=\"\" data-medium-file=\"https:\/\/i0.wp.com\/cloud.alqueria.es\/wp-content\/uploads\/sites\/8\/2017\/11\/IMG_0385.jpg?fit=300%2C225&#038;ssl=1\" data-large-file=\"https:\/\/i0.wp.com\/cloud.alqueria.es\/wp-content\/uploads\/sites\/8\/2017\/11\/IMG_0385.jpg?fit=474%2C356&#038;ssl=1\" src=\"https:\/\/i0.wp.com\/cloud.alqueria.es\/wp-content\/uploads\/sites\/8\/2017\/11\/IMG_0385.jpg?w=233&#038;h=233&#038;crop=1&#038;ssl=1\" srcset=\"https:\/\/cloud.alqueria.es\/wp-content\/uploads\/sites\/8\/2017\/11\/IMG_0385.jpg 150w, https:\/\/cloud.alqueria.es\/wp-content\/uploads\/sites\/8\/2017\/11\/IMG_0385.jpg 466w, https:\/\/cloud.alqueria.es\/wp-content\/uploads\/sites\/8\/2017\/11\/IMG_0385.jpg 699w\" width=\"233\" height=\"233\" loading=\"lazy\" data-original-width=\"233\" data-original-height=\"233\" itemprop=\"http:\/\/schema.org\/image\" title=\"IMG_0385\" alt=\"IMG_0385\" style=\"width: 233px; height: 233px;\" \/> <\/a> <\/div> <\/div> <div class=\"gallery-group\" style=\"width: 237px; height: 237px;\" data-original-width=\"237\" data-original-height=\"237\" > <div class=\"tiled-gallery-item \" itemprop=\"associatedMedia\" itemscope itemtype=\"http:\/\/schema.org\/ImageObject\"> <a href=\"https:\/\/www.alqueria.es\/blogs\/alqueriarojaverde\/2017\/11\/07\/invitacion-a-la-fiesta-para-el-sr-otono\/img_0387-2\/\" border=\"0\" itemprop=\"url\"> <meta itemprop=\"width\" content=\"233\"> <meta itemprop=\"height\" content=\"233\"> <img decoding=\"async\" class=\"\" data-attachment-id=\"15315\" data-orig-file=\"https:\/\/cloud.alqueria.es\/wp-content\/uploads\/sites\/8\/2017\/11\/IMG_0387.jpg\" data-orig-size=\"1024,768\" data-comments-opened=\"1\" data-image-meta=\"{&quot;aperture&quot;:&quot;0&quot;,&quot;credit&quot;:&quot;&quot;,&quot;camera&quot;:&quot;&quot;,&quot;caption&quot;:&quot;&quot;,&quot;created_timestamp&quot;:&quot;0&quot;,&quot;copyright&quot;:&quot;&quot;,&quot;focal_length&quot;:&quot;0&quot;,&quot;iso&quot;:&quot;0&quot;,&quot;shutter_speed&quot;:&quot;0&quot;,&quot;title&quot;:&quot;&quot;,&quot;orientation&quot;:&quot;0&quot;}\" data-image-title=\"IMG_0387\" data-image-description=\"\" data-medium-file=\"https:\/\/i0.wp.com\/cloud.alqueria.es\/wp-content\/uploads\/sites\/8\/2017\/11\/IMG_0387.jpg?fit=300%2C225&#038;ssl=1\" data-large-file=\"https:\/\/i0.wp.com\/cloud.alqueria.es\/wp-content\/uploads\/sites\/8\/2017\/11\/IMG_0387.jpg?fit=474%2C356&#038;ssl=1\" src=\"https:\/\/i0.wp.com\/cloud.alqueria.es\/wp-content\/uploads\/sites\/8\/2017\/11\/IMG_0387.jpg?w=233&#038;h=233&#038;crop=1&#038;ssl=1\" srcset=\"https:\/\/cloud.alqueria.es\/wp-content\/uploads\/sites\/8\/2017\/11\/IMG_0387.jpg 150w, https:\/\/cloud.alqueria.es\/wp-content\/uploads\/sites\/8\/2017\/11\/IMG_0387.jpg 466w, https:\/\/cloud.alqueria.es\/wp-content\/uploads\/sites\/8\/2017\/11\/IMG_0387.jpg 699w\" width=\"233\" height=\"233\" loading=\"lazy\" data-original-width=\"233\" data-original-height=\"233\" itemprop=\"http:\/\/schema.org\/image\" title=\"IMG_0387\" alt=\"IMG_0387\" style=\"width: 233px; height: 233px;\" \/> <\/a> <\/div> <\/div> <\/div> <\/div>\n<p><span style=\"color: #993300\">En clase de ingl\u00e9s<\/span>, con D\u00e9bora, dedican un tiempo al ensayo de la poes\u00eda que recitar\u00e1n al Sr. Oto\u00f1o:<\/p>\n<p style=\"text-align: center\"><span style=\"color: #993300\"><em><strong>AUTUMN POEM<br \/>\n<\/strong><\/em><\/span><\/p>\n<p style=\"text-align: center\"><span style=\"color: #993300\"><em><strong>Down, down, down<\/strong><\/em><\/span><\/p>\n<p style=\"text-align: center\"><span style=\"color: #993300\"><em><strong>Yellow and brown<\/strong><\/em><\/span><\/p>\n<p style=\"text-align: center\"><span style=\"color: #993300\"><em><strong>Leaves are falling<\/strong><\/em><\/span><\/p>\n<p style=\"text-align: center\"><span style=\"color: #993300\"><em><strong>Carpeting the ground<\/strong><\/em><\/span><\/p>\n<p><strong>Hoy<\/strong> hemos combinado el juego de la ma\u00f1ana con un <em><strong><span style=\"color: #339966\">taller alfab\u00e9tico<\/span><\/strong><\/em>, realizado por equipos. Hemos escrito una <em><strong><span style=\"color: #339966\">carta al Sr. Oto\u00f1o<\/span><\/strong><\/em>, para invitarlo a nuestra fiesta del pr\u00f3ximo viernes.<\/p>\n<p>En primer lugar ponemos en com\u00fan la utilidad que tienen diferentes textos escritos como recetas, peri\u00f3dicos, libros, cartas, etc. Y nos detenemos en las caracter\u00edsticas (en cuanto a apariencia) que tiene cada uno de ellos. Finalmente les presento una plantilla en la que aparece lo siguiente:<\/p>\n<p>GRANADA_________________________________________<\/p>\n<p>&nbsp;<\/p>\n<p>QUERIDO _________________________________________<\/p>\n<p>&nbsp;<\/p>\n<p>&nbsp;<\/p>\n<p style=\"text-align: right\">FIRMADO:<\/p>\n<p>Vamos descubriendo qu\u00e9 incluir en cada uno de los huecos y c\u00f3mo las cartas tienen un formato distinto a las recetas de cocina, que es uno de los textos que m\u00e1s ponemos en pr\u00e1ctica en clase.<\/p>\n<p>Una vez tenemos clara la din\u00e1mica del taller, van pasando por equipos para llevarlo a cabo. Lo hacemos fuera del aula, ya que requiere cierta concentraci\u00f3n. <span style=\"color: #ff0000\"><em><strong>Tan s\u00f3lo la fecha la realizamos con copia, el resto del texto est\u00e1 basado en un trabajo fonol\u00f3gico que ha permitido a cada uno realizarlo en funci\u00f3n de su nivel de desarrollo en este \u00e1rea.\u00a0<\/strong><\/em><\/span><\/p>\n<p class=\"jetpack-slideshow-noscript robots-nocontent\">El pase de diapositivas requiere JavaScript.<\/p><div id=\"gallery-15312-2-slideshow\" class=\"jetpack-slideshow-window jetpack-slideshow jetpack-slideshow-black\" data-trans=\"fade\" data-autostart=\"1\" data-gallery=\"[{&quot;src&quot;:&quot;https:\\\/\\\/i0.wp.com\\\/cloud.alqueria.es\\\/wp-content\\\/uploads\\\/sites\\\/8\\\/2017\\\/11\\\/IMG_0422.jpg?fit=1024%2C768\\u0026ssl=1&quot;,&quot;id&quot;:&quot;15337&quot;,&quot;title&quot;:&quot;IMG_0422&quot;,&quot;alt&quot;:&quot;&quot;,&quot;caption&quot;:&quot;&quot;,&quot;itemprop&quot;:&quot;image&quot;},{&quot;src&quot;:&quot;https:\\\/\\\/i0.wp.com\\\/cloud.alqueria.es\\\/wp-content\\\/uploads\\\/sites\\\/8\\\/2017\\\/11\\\/IMG_0413.jpg?fit=1024%2C768\\u0026ssl=1&quot;,&quot;id&quot;:&quot;15336&quot;,&quot;title&quot;:&quot;IMG_0413&quot;,&quot;alt&quot;:&quot;&quot;,&quot;caption&quot;:&quot;&quot;,&quot;itemprop&quot;:&quot;image&quot;},{&quot;src&quot;:&quot;https:\\\/\\\/i0.wp.com\\\/cloud.alqueria.es\\\/wp-content\\\/uploads\\\/sites\\\/8\\\/2017\\\/11\\\/IMG_0403.jpg?fit=1024%2C768\\u0026ssl=1&quot;,&quot;id&quot;:&quot;15334&quot;,&quot;title&quot;:&quot;IMG_0403&quot;,&quot;alt&quot;:&quot;&quot;,&quot;caption&quot;:&quot;&quot;,&quot;itemprop&quot;:&quot;image&quot;},{&quot;src&quot;:&quot;https:\\\/\\\/i0.wp.com\\\/cloud.alqueria.es\\\/wp-content\\\/uploads\\\/sites\\\/8\\\/2017\\\/11\\\/IMG_0396.jpg?fit=1024%2C768\\u0026ssl=1&quot;,&quot;id&quot;:&quot;15333&quot;,&quot;title&quot;:&quot;IMG_0396&quot;,&quot;alt&quot;:&quot;&quot;,&quot;caption&quot;:&quot;&quot;,&quot;itemprop&quot;:&quot;image&quot;},{&quot;src&quot;:&quot;https:\\\/\\\/i0.wp.com\\\/cloud.alqueria.es\\\/wp-content\\\/uploads\\\/sites\\\/8\\\/2017\\\/11\\\/IMG_0394.jpg?fit=1024%2C768\\u0026ssl=1&quot;,&quot;id&quot;:&quot;15331&quot;,&quot;title&quot;:&quot;IMG_0394&quot;,&quot;alt&quot;:&quot;&quot;,&quot;caption&quot;:&quot;&quot;,&quot;itemprop&quot;:&quot;image&quot;}]\" itemscope itemtype=\"https:\/\/schema.org\/ImageGallery\"><\/div>\n<p>Como remate final del texto, inclu\u00edmos un dibujo del Sr. Oto\u00f1o que esperamos le guste cuando lo vea.<\/p>\n<p>Y despu\u00e9s del trabajo y juego, toca recoger. Responsabilidad que llevan a cabo de forma colaborativa y que tienen plenamente interiorizada.<\/p>\n<div class=\"tiled-gallery type-circle tiled-gallery-unresized\" data-original-width=\"474\" data-carousel-extra='{&quot;blog_id&quot;:8,&quot;permalink&quot;:&quot;https:\\\/\\\/www.alqueria.es\\\/blogs\\\/alqueriarojaverde\\\/2017\\\/11\\\/07\\\/invitacion-a-la-fiesta-para-el-sr-otono\\\/&quot;,&quot;likes_blog_id&quot;:64268569}' itemscope itemtype=\"http:\/\/schema.org\/ImageGallery\" > <div class=\"gallery-row\" style=\"width: 474px; height: 158px;\" data-original-width=\"474\" data-original-height=\"158\" > <div class=\"gallery-group\" style=\"width: 158px; height: 158px;\" data-original-width=\"158\" data-original-height=\"158\" > <div class=\"tiled-gallery-item \" itemprop=\"associatedMedia\" itemscope itemtype=\"http:\/\/schema.org\/ImageObject\"> <a href=\"https:\/\/www.alqueria.es\/blogs\/alqueriarojaverde\/2017\/11\/07\/invitacion-a-la-fiesta-para-el-sr-otono\/img_0427-2\/\" border=\"0\" itemprop=\"url\"> <meta itemprop=\"width\" content=\"154\"> <meta itemprop=\"height\" content=\"154\"> <img decoding=\"async\" class=\"\" data-attachment-id=\"15340\" data-orig-file=\"https:\/\/cloud.alqueria.es\/wp-content\/uploads\/sites\/8\/2017\/11\/IMG_0427.jpg\" data-orig-size=\"1024,768\" data-comments-opened=\"1\" data-image-meta=\"{&quot;aperture&quot;:&quot;0&quot;,&quot;credit&quot;:&quot;&quot;,&quot;camera&quot;:&quot;&quot;,&quot;caption&quot;:&quot;&quot;,&quot;created_timestamp&quot;:&quot;0&quot;,&quot;copyright&quot;:&quot;&quot;,&quot;focal_length&quot;:&quot;0&quot;,&quot;iso&quot;:&quot;0&quot;,&quot;shutter_speed&quot;:&quot;0&quot;,&quot;title&quot;:&quot;&quot;,&quot;orientation&quot;:&quot;0&quot;}\" data-image-title=\"IMG_0427\" data-image-description=\"\" data-medium-file=\"https:\/\/i0.wp.com\/cloud.alqueria.es\/wp-content\/uploads\/sites\/8\/2017\/11\/IMG_0427.jpg?fit=300%2C225&#038;ssl=1\" data-large-file=\"https:\/\/i0.wp.com\/cloud.alqueria.es\/wp-content\/uploads\/sites\/8\/2017\/11\/IMG_0427.jpg?fit=474%2C356&#038;ssl=1\" src=\"https:\/\/i0.wp.com\/cloud.alqueria.es\/wp-content\/uploads\/sites\/8\/2017\/11\/IMG_0427.jpg?w=154&#038;h=154&#038;crop=1&#038;ssl=1\" srcset=\"https:\/\/cloud.alqueria.es\/wp-content\/uploads\/sites\/8\/2017\/11\/IMG_0427.jpg 150w, https:\/\/cloud.alqueria.es\/wp-content\/uploads\/sites\/8\/2017\/11\/IMG_0427.jpg 308w, https:\/\/cloud.alqueria.es\/wp-content\/uploads\/sites\/8\/2017\/11\/IMG_0427.jpg 462w\" width=\"154\" height=\"154\" loading=\"lazy\" data-original-width=\"154\" data-original-height=\"154\" itemprop=\"http:\/\/schema.org\/image\" title=\"IMG_0427\" alt=\"IMG_0427\" style=\"width: 154px; height: 154px;\" \/> <\/a> <\/div> <\/div> <div class=\"gallery-group\" style=\"width: 158px; height: 158px;\" data-original-width=\"158\" data-original-height=\"158\" > <div class=\"tiled-gallery-item \" itemprop=\"associatedMedia\" itemscope itemtype=\"http:\/\/schema.org\/ImageObject\"> <a href=\"https:\/\/www.alqueria.es\/blogs\/alqueriarojaverde\/2017\/11\/07\/invitacion-a-la-fiesta-para-el-sr-otono\/img_0425\/\" border=\"0\" itemprop=\"url\"> <meta itemprop=\"width\" content=\"154\"> <meta itemprop=\"height\" content=\"154\"> <img decoding=\"async\" class=\"\" data-attachment-id=\"15339\" data-orig-file=\"https:\/\/cloud.alqueria.es\/wp-content\/uploads\/sites\/8\/2017\/11\/IMG_0425.jpg\" data-orig-size=\"1024,768\" data-comments-opened=\"1\" data-image-meta=\"{&quot;aperture&quot;:&quot;0&quot;,&quot;credit&quot;:&quot;&quot;,&quot;camera&quot;:&quot;&quot;,&quot;caption&quot;:&quot;&quot;,&quot;created_timestamp&quot;:&quot;0&quot;,&quot;copyright&quot;:&quot;&quot;,&quot;focal_length&quot;:&quot;0&quot;,&quot;iso&quot;:&quot;0&quot;,&quot;shutter_speed&quot;:&quot;0&quot;,&quot;title&quot;:&quot;&quot;,&quot;orientation&quot;:&quot;0&quot;}\" data-image-title=\"IMG_0425\" data-image-description=\"\" data-medium-file=\"https:\/\/i0.wp.com\/cloud.alqueria.es\/wp-content\/uploads\/sites\/8\/2017\/11\/IMG_0425.jpg?fit=300%2C225&#038;ssl=1\" data-large-file=\"https:\/\/i0.wp.com\/cloud.alqueria.es\/wp-content\/uploads\/sites\/8\/2017\/11\/IMG_0425.jpg?fit=474%2C356&#038;ssl=1\" src=\"https:\/\/i0.wp.com\/cloud.alqueria.es\/wp-content\/uploads\/sites\/8\/2017\/11\/IMG_0425.jpg?w=154&#038;h=154&#038;crop=1&#038;ssl=1\" srcset=\"https:\/\/cloud.alqueria.es\/wp-content\/uploads\/sites\/8\/2017\/11\/IMG_0425.jpg 150w, https:\/\/cloud.alqueria.es\/wp-content\/uploads\/sites\/8\/2017\/11\/IMG_0425.jpg 308w, https:\/\/cloud.alqueria.es\/wp-content\/uploads\/sites\/8\/2017\/11\/IMG_0425.jpg 462w\" width=\"154\" height=\"154\" loading=\"lazy\" data-original-width=\"154\" data-original-height=\"154\" itemprop=\"http:\/\/schema.org\/image\" title=\"IMG_0425\" alt=\"IMG_0425\" style=\"width: 154px; height: 154px;\" \/> <\/a> <\/div> <\/div> <div class=\"gallery-group\" style=\"width: 158px; height: 158px;\" data-original-width=\"158\" data-original-height=\"158\" > <div class=\"tiled-gallery-item \" itemprop=\"associatedMedia\" itemscope itemtype=\"http:\/\/schema.org\/ImageObject\"> <a href=\"https:\/\/www.alqueria.es\/blogs\/alqueriarojaverde\/2017\/11\/07\/invitacion-a-la-fiesta-para-el-sr-otono\/img_0423-2\/\" border=\"0\" itemprop=\"url\"> <meta itemprop=\"width\" content=\"154\"> <meta itemprop=\"height\" content=\"154\"> <img decoding=\"async\" class=\"\" data-attachment-id=\"15338\" data-orig-file=\"https:\/\/cloud.alqueria.es\/wp-content\/uploads\/sites\/8\/2017\/11\/IMG_0423.jpg\" data-orig-size=\"1024,768\" data-comments-opened=\"1\" data-image-meta=\"{&quot;aperture&quot;:&quot;0&quot;,&quot;credit&quot;:&quot;&quot;,&quot;camera&quot;:&quot;&quot;,&quot;caption&quot;:&quot;&quot;,&quot;created_timestamp&quot;:&quot;0&quot;,&quot;copyright&quot;:&quot;&quot;,&quot;focal_length&quot;:&quot;0&quot;,&quot;iso&quot;:&quot;0&quot;,&quot;shutter_speed&quot;:&quot;0&quot;,&quot;title&quot;:&quot;&quot;,&quot;orientation&quot;:&quot;0&quot;}\" data-image-title=\"IMG_0423\" data-image-description=\"\" data-medium-file=\"https:\/\/i0.wp.com\/cloud.alqueria.es\/wp-content\/uploads\/sites\/8\/2017\/11\/IMG_0423.jpg?fit=300%2C225&#038;ssl=1\" data-large-file=\"https:\/\/i0.wp.com\/cloud.alqueria.es\/wp-content\/uploads\/sites\/8\/2017\/11\/IMG_0423.jpg?fit=474%2C356&#038;ssl=1\" src=\"https:\/\/i0.wp.com\/cloud.alqueria.es\/wp-content\/uploads\/sites\/8\/2017\/11\/IMG_0423.jpg?w=154&#038;h=154&#038;crop=1&#038;ssl=1\" srcset=\"https:\/\/cloud.alqueria.es\/wp-content\/uploads\/sites\/8\/2017\/11\/IMG_0423.jpg 150w, https:\/\/cloud.alqueria.es\/wp-content\/uploads\/sites\/8\/2017\/11\/IMG_0423.jpg 308w, https:\/\/cloud.alqueria.es\/wp-content\/uploads\/sites\/8\/2017\/11\/IMG_0423.jpg 462w\" width=\"154\" height=\"154\" loading=\"lazy\" data-original-width=\"154\" data-original-height=\"154\" itemprop=\"http:\/\/schema.org\/image\" title=\"IMG_0423\" alt=\"IMG_0423\" style=\"width: 154px; height: 154px;\" \/> <\/a> <\/div> <\/div> <\/div> <\/div>\n<p>Esta tarde, en nuestro<em><strong><span style=\"color: #ffcc00\"> taller de biblioteca<\/span><\/strong><\/em>\u00a0, hablamos acerca de que una misma historia puede tener diferentes versiones y c\u00f3mo nos resulta de divertido cambiar parte de ella, mediante nuestra imaginaci\u00f3n. Aprovechando esta tem\u00e1tica, damos lectura al libro <em><strong><span style=\"color: #ffcc00\">\u00abConfundiendo historias\u00bb<\/span><\/strong><\/em>, que adem\u00e1s de tratar el tema de la p\u00e9rdida de memoria, cuando nos hacemos mayores, nos ha mostrado c\u00f3mo una versi\u00f3n distinta de un cuento tradicional, puede ser hasta m\u00e1s divertida que la que ya conocemos.<\/p>\n<span class=\"embed-youtube\" style=\"text-align:center; display: block;\"><div class=\"a25-CTUOC-hidding-box\" data-original-content=\"&lt;iframe loading=&quot;lazy&quot; class=&quot;youtube-player&quot; width=&quot;474&quot; height=&quot;267&quot; src=&quot;https:\/\/www.youtube.com\/embed\/QriGxQbyF8I?version=3&amp;#038;rel=1&amp;#038;showsearch=0&amp;#038;showinfo=1&amp;#038;iv_load_policy=1&amp;#038;fs=1&amp;#038;hl=es-ES&amp;#038;autohide=2&amp;#038;wmode=transparent&quot; allowfullscreen=&quot;true&quot; style=&quot;border:0;&quot; sandbox=&quot;allow-scripts allow-same-origin allow-popups allow-presentation allow-popups-to-escape-sandbox&quot;&gt;&lt;\/iframe&gt;\">Esta p\u00e1gina incluye contenido multimedia que requiere aceptar todas las cookies. Pulse aqu\u00ed para abrir la configuraci\u00f3n de cookies.<\/div><\/span>\n<p>Como el intercambio de ejemplares para lectura en casa lo realizan de forma bastante r\u00e1pida, nos ponemos manos a la obra con <em><strong><span style=\"color: #993300\">otro taller creativo<\/span><\/strong><\/em>. Esta vez ensayamos la t\u00e9cnica del modelado, utilizando la plastilina para crear unos originales \u00e1rboles. Os sorprender\u00eda el manejo de la t\u00e9cnica que poseen ya y lo aut\u00f3nomos que son en su trabajo.<\/p>\n<p>Decido ir un poquito m\u00e1s all\u00e1 y les sugiero incluir los nervios de las hojas, utilizando nuestras u\u00f1as como marcador. \u00bfQu\u00e9 tonter\u00eda verdad? pues no os imagin\u00e1is las caras de satisfacci\u00f3n al ver que se asemejaban m\u00e1s a la realidad y que lo consegu\u00edan sin ayuda.<\/p>\n<div data-carousel-extra='{&quot;blog_id&quot;:8,&quot;permalink&quot;:&quot;https:\/\/www.alqueria.es\/blogs\/alqueriarojaverde\/2017\/11\/07\/invitacion-a-la-fiesta-para-el-sr-otono\/&quot;}' id='gallery-5' class='gallery galleryid-15312 gallery-columns-3 gallery-size-medium'><figure class='gallery-item'>\n\t\t\t<div class='gallery-icon landscape'>\n\t\t\t\t<a href='https:\/\/www.alqueria.es\/blogs\/alqueriarojaverde\/2017\/11\/07\/invitacion-a-la-fiesta-para-el-sr-otono\/img_0430\/'><img data-recalc-dims=\"1\" decoding=\"async\" width=\"300\" height=\"225\" src=\"https:\/\/i0.wp.com\/cloud.alqueria.es\/wp-content\/uploads\/sites\/8\/2017\/11\/IMG_0430-e1510081086577.jpg?resize=300%2C225&#038;ssl=1\" class=\"attachment-medium size-medium\" alt=\"\" srcset=\"https:\/\/cloud.alqueria.es\/wp-content\/uploads\/sites\/8\/2017\/11\/IMG_0430-e1510081086577.jpg 1024w, https:\/\/cloud.alqueria.es\/wp-content\/uploads\/sites\/8\/2017\/11\/IMG_0430-e1510081086577.jpg 300w, https:\/\/cloud.alqueria.es\/wp-content\/uploads\/sites\/8\/2017\/11\/IMG_0430-e1510081086577.jpg 768w, https:\/\/cloud.alqueria.es\/wp-content\/uploads\/sites\/8\/2017\/11\/IMG_0430-e1510081086577.jpg 948w\" sizes=\"(max-width: 300px) 100vw, 300px\" data-attachment-id=\"15343\" data-permalink=\"https:\/\/www.alqueria.es\/blogs\/alqueriarojaverde\/2017\/11\/07\/invitacion-a-la-fiesta-para-el-sr-otono\/img_0430\/\" data-orig-file=\"https:\/\/i0.wp.com\/cloud.alqueria.es\/wp-content\/uploads\/sites\/8\/2017\/11\/IMG_0430-e1510081086577.jpg?fit=1024%2C768&amp;ssl=1\" data-orig-size=\"1024,768\" data-comments-opened=\"1\" data-image-meta=\"{&quot;aperture&quot;:&quot;0&quot;,&quot;credit&quot;:&quot;&quot;,&quot;camera&quot;:&quot;&quot;,&quot;caption&quot;:&quot;&quot;,&quot;created_timestamp&quot;:&quot;0&quot;,&quot;copyright&quot;:&quot;&quot;,&quot;focal_length&quot;:&quot;0&quot;,&quot;iso&quot;:&quot;0&quot;,&quot;shutter_speed&quot;:&quot;0&quot;,&quot;title&quot;:&quot;&quot;,&quot;orientation&quot;:&quot;0&quot;}\" data-image-title=\"IMG_0430\" data-image-description=\"\" data-image-caption=\"\" data-large-file=\"https:\/\/i0.wp.com\/cloud.alqueria.es\/wp-content\/uploads\/sites\/8\/2017\/11\/IMG_0430-e1510081086577.jpg?fit=474%2C356&amp;ssl=1\" \/><\/a>\n\t\t\t<\/div><\/figure><figure class='gallery-item'>\n\t\t\t<div class='gallery-icon landscape'>\n\t\t\t\t<a href='https:\/\/www.alqueria.es\/blogs\/alqueriarojaverde\/2017\/11\/07\/invitacion-a-la-fiesta-para-el-sr-otono\/img_0429-2\/'><img data-recalc-dims=\"1\" decoding=\"async\" width=\"300\" height=\"225\" src=\"https:\/\/i0.wp.com\/cloud.alqueria.es\/wp-content\/uploads\/sites\/8\/2017\/11\/IMG_0429-e1510081099227.jpg?resize=300%2C225&#038;ssl=1\" class=\"attachment-medium size-medium\" alt=\"\" srcset=\"https:\/\/cloud.alqueria.es\/wp-content\/uploads\/sites\/8\/2017\/11\/IMG_0429-e1510081099227.jpg 1024w, https:\/\/cloud.alqueria.es\/wp-content\/uploads\/sites\/8\/2017\/11\/IMG_0429-e1510081099227.jpg 300w, https:\/\/cloud.alqueria.es\/wp-content\/uploads\/sites\/8\/2017\/11\/IMG_0429-e1510081099227.jpg 768w, https:\/\/cloud.alqueria.es\/wp-content\/uploads\/sites\/8\/2017\/11\/IMG_0429-e1510081099227.jpg 948w\" sizes=\"(max-width: 300px) 100vw, 300px\" data-attachment-id=\"15342\" data-permalink=\"https:\/\/www.alqueria.es\/blogs\/alqueriarojaverde\/2017\/11\/07\/invitacion-a-la-fiesta-para-el-sr-otono\/img_0429-2\/\" data-orig-file=\"https:\/\/i0.wp.com\/cloud.alqueria.es\/wp-content\/uploads\/sites\/8\/2017\/11\/IMG_0429-e1510081099227.jpg?fit=1024%2C768&amp;ssl=1\" data-orig-size=\"1024,768\" data-comments-opened=\"1\" data-image-meta=\"{&quot;aperture&quot;:&quot;0&quot;,&quot;credit&quot;:&quot;&quot;,&quot;camera&quot;:&quot;&quot;,&quot;caption&quot;:&quot;&quot;,&quot;created_timestamp&quot;:&quot;0&quot;,&quot;copyright&quot;:&quot;&quot;,&quot;focal_length&quot;:&quot;0&quot;,&quot;iso&quot;:&quot;0&quot;,&quot;shutter_speed&quot;:&quot;0&quot;,&quot;title&quot;:&quot;&quot;,&quot;orientation&quot;:&quot;0&quot;}\" data-image-title=\"IMG_0429\" data-image-description=\"\" data-image-caption=\"\" data-large-file=\"https:\/\/i0.wp.com\/cloud.alqueria.es\/wp-content\/uploads\/sites\/8\/2017\/11\/IMG_0429-e1510081099227.jpg?fit=474%2C356&amp;ssl=1\" \/><\/a>\n\t\t\t<\/div><\/figure><figure class='gallery-item'>\n\t\t\t<div class='gallery-icon landscape'>\n\t\t\t\t<a href='https:\/\/www.alqueria.es\/blogs\/alqueriarojaverde\/2017\/11\/07\/invitacion-a-la-fiesta-para-el-sr-otono\/img_0428-2\/'><img data-recalc-dims=\"1\" decoding=\"async\" width=\"300\" height=\"225\" src=\"https:\/\/i0.wp.com\/cloud.alqueria.es\/wp-content\/uploads\/sites\/8\/2017\/11\/IMG_0428-e1510081109791.jpg?resize=300%2C225&#038;ssl=1\" class=\"attachment-medium size-medium\" alt=\"\" srcset=\"https:\/\/cloud.alqueria.es\/wp-content\/uploads\/sites\/8\/2017\/11\/IMG_0428-e1510081109791.jpg 1024w, https:\/\/cloud.alqueria.es\/wp-content\/uploads\/sites\/8\/2017\/11\/IMG_0428-e1510081109791.jpg 300w, https:\/\/cloud.alqueria.es\/wp-content\/uploads\/sites\/8\/2017\/11\/IMG_0428-e1510081109791.jpg 768w, https:\/\/cloud.alqueria.es\/wp-content\/uploads\/sites\/8\/2017\/11\/IMG_0428-e1510081109791.jpg 948w\" sizes=\"(max-width: 300px) 100vw, 300px\" data-attachment-id=\"15341\" data-permalink=\"https:\/\/www.alqueria.es\/blogs\/alqueriarojaverde\/2017\/11\/07\/invitacion-a-la-fiesta-para-el-sr-otono\/img_0428-2\/\" data-orig-file=\"https:\/\/i0.wp.com\/cloud.alqueria.es\/wp-content\/uploads\/sites\/8\/2017\/11\/IMG_0428-e1510081109791.jpg?fit=1024%2C768&amp;ssl=1\" data-orig-size=\"1024,768\" data-comments-opened=\"1\" data-image-meta=\"{&quot;aperture&quot;:&quot;0&quot;,&quot;credit&quot;:&quot;&quot;,&quot;camera&quot;:&quot;&quot;,&quot;caption&quot;:&quot;&quot;,&quot;created_timestamp&quot;:&quot;0&quot;,&quot;copyright&quot;:&quot;&quot;,&quot;focal_length&quot;:&quot;0&quot;,&quot;iso&quot;:&quot;0&quot;,&quot;shutter_speed&quot;:&quot;0&quot;,&quot;title&quot;:&quot;&quot;,&quot;orientation&quot;:&quot;0&quot;}\" data-image-title=\"IMG_0428\" data-image-description=\"\" data-image-caption=\"\" data-large-file=\"https:\/\/i0.wp.com\/cloud.alqueria.es\/wp-content\/uploads\/sites\/8\/2017\/11\/IMG_0428-e1510081109791.jpg?fit=474%2C356&amp;ssl=1\" \/><\/a>\n\t\t\t<\/div><\/figure>\n\t\t<\/div>\n\n<p><strong><span style=\"color: #993300\">\u00a1A por el resto de la semana!,<\/span><\/strong><\/p>\n<p><em><strong>NOTA: El jueves realizaremos nuestro taller de cocina, para hacer las tradicionales galletas de coco.<\/strong><\/em><\/p>\n<p>Esther Justicia.<\/p>\n<p>&nbsp;<\/p>\n<p>&nbsp;<\/p>\n<p>&nbsp;<\/p>\n","protected":false},"excerpt":{"rendered":"<p>Parece que este fin de semana el Oto\u00f1o ya ha hecho presencia en nuestra ciudad, el clima ha variado, han bajado las temperaturas y el paisaje es m\u00e1s propio de la estaci\u00f3n en la que nos encontramos. En la asamblea comentamos esos cambios, hablamos acerca de la vestimenta a utilizar, de las frutas que tomaremos &hellip; <a href=\"https:\/\/www.alqueria.es\/blogs\/alqueriarojaverde\/2017\/11\/07\/invitacion-a-la-fiesta-para-el-sr-otono\/\" class=\"more-link\">Seguir leyendo <span class=\"screen-reader-text\">INVITACI\u00d3N A LA FIESTA, PARA EL SR. OTO\u00d1O<\/span> <span class=\"meta-nav\">&rarr;<\/span><\/a><\/p>\n","protected":false},"author":19,"featured_media":0,"comment_status":"open","ping_status":"open","sticky":false,"template":"","format":"standard","meta":{"jetpack_post_was_ever_published":false,"_jetpack_newsletter_access":"","_jetpack_dont_email_post_to_subs":false,"_jetpack_newsletter_tier_id":0,"_jetpack_memberships_contains_paywalled_content":false,"_jetpack_memberships_contains_paid_content":false,"footnotes":"","jetpack_publicize_message":"","jetpack_publicize_feature_enabled":true,"jetpack_social_post_already_shared":true,"jetpack_social_options":{"image_generator_settings":{"template":"highway","default_image_id":0,"font":"","enabled":false},"version":2}},"categories":[7,13],"tags":[130,283,284,233],"class_list":["post-15312","post","type-post","status-publish","format-standard","hentry","category-clase-verde-5-6-anos","category-inicio","tag-alfabetizacion","tag-carta-invitacion-al-sr-otono","tag-confundiendo-historias","tag-talleres-creativos"],"jetpack_publicize_connections":[],"jetpack_featured_media_url":"","jetpack_sharing_enabled":true,"jetpack_shortlink":"https:\/\/wp.me\/p4lFbP-3YY","_links":{"self":[{"href":"https:\/\/www.alqueria.es\/blogs\/alqueriarojaverde\/wp-json\/wp\/v2\/posts\/15312","targetHints":{"allow":["GET"]}}],"collection":[{"href":"https:\/\/www.alqueria.es\/blogs\/alqueriarojaverde\/wp-json\/wp\/v2\/posts"}],"about":[{"href":"https:\/\/www.alqueria.es\/blogs\/alqueriarojaverde\/wp-json\/wp\/v2\/types\/post"}],"author":[{"embeddable":true,"href":"https:\/\/www.alqueria.es\/blogs\/alqueriarojaverde\/wp-json\/wp\/v2\/users\/19"}],"replies":[{"embeddable":true,"href":"https:\/\/www.alqueria.es\/blogs\/alqueriarojaverde\/wp-json\/wp\/v2\/comments?post=15312"}],"version-history":[{"count":0,"href":"https:\/\/www.alqueria.es\/blogs\/alqueriarojaverde\/wp-json\/wp\/v2\/posts\/15312\/revisions"}],"wp:attachment":[{"href":"https:\/\/www.alqueria.es\/blogs\/alqueriarojaverde\/wp-json\/wp\/v2\/media?parent=15312"}],"wp:term":[{"taxonomy":"category","embeddable":true,"href":"https:\/\/www.alqueria.es\/blogs\/alqueriarojaverde\/wp-json\/wp\/v2\/categories?post=15312"},{"taxonomy":"post_tag","embeddable":true,"href":"https:\/\/www.alqueria.es\/blogs\/alqueriarojaverde\/wp-json\/wp\/v2\/tags?post=15312"}],"curies":[{"name":"wp","href":"https:\/\/api.w.org\/{rel}","templated":true}]}}