{"id":15469,"date":"2017-11-13T15:44:01","date_gmt":"2017-11-13T14:44:01","guid":{"rendered":"https:\/\/www.alqueria.es\/blogs\/alqueriarojaverde\/?p=15469"},"modified":"2017-11-13T15:49:26","modified_gmt":"2017-11-13T14:49:26","slug":"fiesta-de-otono","status":"publish","type":"post","link":"https:\/\/www.alqueria.es\/blogs\/alqueriarojaverde\/2017\/11\/13\/fiesta-de-otono\/","title":{"rendered":"FIESTA DE OTO\u00d1O"},"content":{"rendered":"<p><img data-recalc-dims=\"1\" decoding=\"async\" data-attachment-id=\"15458\" data-permalink=\"https:\/\/www.alqueria.es\/blogs\/alqueriarojaverde\/2017\/11\/13\/15455\/20171110_102918\/\" data-orig-file=\"https:\/\/i0.wp.com\/cloud.alqueria.es\/wp-content\/uploads\/sites\/8\/2017\/11\/20171110_102918.jpg?fit=1024%2C576&amp;ssl=1\" data-orig-size=\"1024,576\" data-comments-opened=\"1\" data-image-meta=\"{&quot;aperture&quot;:&quot;0&quot;,&quot;credit&quot;:&quot;&quot;,&quot;camera&quot;:&quot;&quot;,&quot;caption&quot;:&quot;&quot;,&quot;created_timestamp&quot;:&quot;0&quot;,&quot;copyright&quot;:&quot;&quot;,&quot;focal_length&quot;:&quot;0&quot;,&quot;iso&quot;:&quot;0&quot;,&quot;shutter_speed&quot;:&quot;0&quot;,&quot;title&quot;:&quot;&quot;,&quot;orientation&quot;:&quot;0&quot;}\" data-image-title=\"20171110_102918\" data-image-description=\"\" data-image-caption=\"\" data-large-file=\"https:\/\/i0.wp.com\/cloud.alqueria.es\/wp-content\/uploads\/sites\/8\/2017\/11\/20171110_102918.jpg?fit=474%2C267&amp;ssl=1\" class=\"alignleft size-medium wp-image-15458\" src=\"https:\/\/i0.wp.com\/cloud.alqueria.es\/wp-content\/uploads\/sites\/8\/2017\/11\/20171110_102918.jpg?resize=300%2C169&#038;ssl=1\" alt=\"\" width=\"300\" height=\"169\" srcset=\"https:\/\/cloud.alqueria.es\/wp-content\/uploads\/sites\/8\/2017\/11\/20171110_102918.jpg 1024w, https:\/\/cloud.alqueria.es\/wp-content\/uploads\/sites\/8\/2017\/11\/20171110_102918.jpg 300w, https:\/\/cloud.alqueria.es\/wp-content\/uploads\/sites\/8\/2017\/11\/20171110_102918.jpg 768w, https:\/\/cloud.alqueria.es\/wp-content\/uploads\/sites\/8\/2017\/11\/20171110_102918.jpg 948w\" sizes=\"(max-width: 300px) 100vw, 300px\" \/><em><strong><span style=\"color: #993300\">Como no pod\u00eda ser de otra manera, comenzamos nuestra semana con el bonito recuerdo de nuestra fiesta de Oto\u00f1o<\/span><\/strong><\/em>. <strong>En la asamblea cada uno\/a comenta qu\u00e9 es lo que m\u00e1s le gust\u00f3 y realizamos un breve recordatorio de todo lo que aconteci\u00f3 en esa jornada:<\/strong><\/p>\n<p>A primera hora preparamos nuestra clase para recibir al Sr. y la Sra. Oto\u00f1o, para ello colocamos diversos carteles con paisajes oto\u00f1ales y poes\u00edas y montamos una mesa con frutos t\u00edpicos de la estaci\u00f3n y nuestras deliciosas galletas de coco. Como son algo mayores ya y realizan un largo viaje desde su bosque hasta el colegio, les reservamos un sitio especial para sentarse y colocamos nuestras sillas en c\u00edrculo, para poder verlos mejor.<\/p>\n<p>Mientras esperamos que nos toque la visita en nuestra clase, ya que empieza por los azulitos, nos maquillamos de simp\u00e1ticas hojas de Oto\u00f1o y nos vamos al aula de usos m\u00faltiples. All\u00ed los grupos de 3\u00ba, 4\u00ba y 5\u00ba de Primaria nos deleitan con teatros, canciones y cuentos preparados para la ocasi\u00f3n (\u00abEl \u00e1rbol que no ten\u00eda hojas\u00bb, \u00abCanciones tradicionales\u00bb y \u00abCuentos en verso para ni\u00f1os perversos, respectivamente).<\/p>\n<p><strong><span style=\"color: #993300\">Aprovechamos unos minutillos sobrantes para bajar a hacernos la foto de grupo, junto al Sr. Oto\u00f1o de la entrada y de repente&#8230;<\/span><\/strong> <strong>\u00a1Ay que lo escuchamos por el pasillo!.<\/strong><\/p>\n<p>A toda prisa subimos a la clase y <em><strong><span style=\"color: #ff0000\">\u00a1Qu\u00e9 sorpresa!<\/span><\/strong><\/em> un a\u00f1o m\u00e1s el Sr. y la Sra. Oto\u00f1o han venido a visitarnos. Tras contarnos c\u00f3mo ha sido su viaje, c\u00f3mo est\u00e1n los animalitos de su bosque y felicitarnos por las cartas tan bonitas que recibieron de la clase verde, les formulamos algunas preguntas. Los ni\u00f1os y ni\u00f1as quer\u00edan saber de qu\u00e9 estaba hecha su cama, si hab\u00edan venido andando o en burriquilla, \u00a0qu\u00e9 com\u00edan cada d\u00eda, etc. Tambi\u00e9n quisieron contarles los dulces que cada uno\/a hab\u00eda elaborado en casa con su familia (vaya variedad).<\/p>\n<p>Una pena, pero no pudieron quedarse a la merienda de la tarde con las familias, ya que ten\u00edan que visitar otros colegios, as\u00ed que los despedimos con el recitado de nuestra poes\u00eda en ingl\u00e9s y algunas canciones oto\u00f1ales. Ellos a cambio nos obsequian con una lluvia de hojas secas, con las que jugamos un mont\u00f3n.<\/p>\n<p>Turno para escuchar al grupo de 6\u00ba de Primaria cantar su romance, que adem\u00e1s este a\u00f1o han versionado en rap.<\/p>\n<p><img data-recalc-dims=\"1\" decoding=\"async\" data-attachment-id=\"15472\" data-permalink=\"https:\/\/www.alqueria.es\/blogs\/alqueriarojaverde\/2017\/11\/13\/fiesta-de-otono\/senor-otono\/\" data-orig-file=\"https:\/\/i0.wp.com\/cloud.alqueria.es\/wp-content\/uploads\/sites\/8\/2017\/11\/se%C3%B1or-oto%C3%B1o.jpg?fit=400%2C291&amp;ssl=1\" data-orig-size=\"400,291\" data-comments-opened=\"1\" data-image-meta=\"{&quot;aperture&quot;:&quot;0&quot;,&quot;credit&quot;:&quot;&quot;,&quot;camera&quot;:&quot;&quot;,&quot;caption&quot;:&quot;&quot;,&quot;created_timestamp&quot;:&quot;0&quot;,&quot;copyright&quot;:&quot;&quot;,&quot;focal_length&quot;:&quot;0&quot;,&quot;iso&quot;:&quot;0&quot;,&quot;shutter_speed&quot;:&quot;0&quot;,&quot;title&quot;:&quot;&quot;,&quot;orientation&quot;:&quot;0&quot;}\" data-image-title=\"se\u00f1or-oto\u00f1o\" data-image-description=\"\" data-image-caption=\"\" data-large-file=\"https:\/\/i0.wp.com\/cloud.alqueria.es\/wp-content\/uploads\/sites\/8\/2017\/11\/se%C3%B1or-oto%C3%B1o.jpg?fit=400%2C291&amp;ssl=1\" class=\"alignleft size-medium wp-image-15472\" src=\"https:\/\/i0.wp.com\/cloud.alqueria.es\/wp-content\/uploads\/sites\/8\/2017\/11\/se%C3%B1or-oto%C3%B1o.jpg?resize=300%2C218&#038;ssl=1\" alt=\"\" width=\"300\" height=\"218\" srcset=\"https:\/\/cloud.alqueria.es\/wp-content\/uploads\/sites\/8\/2017\/11\/se%C3%B1or-oto%C3%B1o.jpg 400w, https:\/\/cloud.alqueria.es\/wp-content\/uploads\/sites\/8\/2017\/11\/se%C3%B1or-oto%C3%B1o.jpg 300w\" sizes=\"(max-width: 300px) 100vw, 300px\" \/>A\u00fan nos quedan fuerzas antes de comer y dedicamos un gran rato a compartir en ciclo danzas de Oto\u00f1o y juegos en el parque. Tras el almuerzo, nos acicalamos de nuevo y bajamos a compartir una estupenda merienda en compa\u00f1\u00eda de las familias, con las que pasamos un rato muy agradable. <em><strong><span style=\"color: #008000\">\u00a1Felicidades a todos\/as por vuestras elaboraciones oto\u00f1ales!,<\/span><\/strong><\/em> <strong>dignas de los mejores chefs<\/strong>. Espero las recetas, je.<\/p>\n<p>Aqu\u00ed os dejo un simb\u00f3lico montaje para que os hag\u00e1is una idea de c\u00f3mo lo pasaron vuestros peques ese d\u00eda.<\/p>\n<div class=\"embed-vimeo\" style=\"text-align: center;\"><div class=\"a25-CTUOC-hidding-box\" data-original-content=\"&lt;iframe loading=&quot;lazy&quot; src=&quot;https:\/\/player.vimeo.com\/video\/242547690&quot; width=&quot;640&quot; height=&quot;360&quot; frameborder=&quot;0&quot; webkitallowfullscreen mozallowfullscreen allowfullscreen&gt;&lt;\/iframe&gt;\">Esta p\u00e1gina incluye contenido multimedia que requiere aceptar todas las cookies. Pulse aqu\u00ed para abrir la configuraci\u00f3n de cookies.<\/div><\/div>\n<p>Tras recordarlo en asamblea, llevar a cabo las tareas de s\u00faper y presentar los objetos tra\u00eddos de casa, realizamos un dibujo que represente lo que m\u00e1s gust\u00f3 a cada uno\/a y dedicamos el resto del tiempo al juego libre en el aula.<\/p>\n<p>Por la tarde, en ingl\u00e9s, trabajan la expresi\u00f3n creativa confeccionando materiales para representar una canci\u00f3n referente a la lluvia, que est\u00e1n preparando con D\u00e9bora.<\/p>\n<p>Aprovecho para recordados que existe un blog espec\u00edfico de este \u00e1rea, que pod\u00e9is consultar.<\/p>\n<p>Ma\u00f1ana m\u00e1s,<\/p>\n<p>Esther Justicia.<\/p>\n<p>&nbsp;<\/p>\n","protected":false},"excerpt":{"rendered":"<p>Como no pod\u00eda ser de otra manera, comenzamos nuestra semana con el bonito recuerdo de nuestra fiesta de Oto\u00f1o. En la asamblea cada uno\/a comenta qu\u00e9 es lo que m\u00e1s le gust\u00f3 y realizamos un breve recordatorio de todo lo que aconteci\u00f3 en esa jornada: A primera hora preparamos nuestra clase para recibir al Sr. &hellip; <a href=\"https:\/\/www.alqueria.es\/blogs\/alqueriarojaverde\/2017\/11\/13\/fiesta-de-otono\/\" class=\"more-link\">Seguir leyendo <span class=\"screen-reader-text\">FIESTA DE OTO\u00d1O<\/span> <span class=\"meta-nav\">&rarr;<\/span><\/a><\/p>\n","protected":false},"author":19,"featured_media":0,"comment_status":"open","ping_status":"open","sticky":false,"template":"","format":"standard","meta":{"jetpack_post_was_ever_published":false,"_jetpack_newsletter_access":"","_jetpack_dont_email_post_to_subs":false,"_jetpack_newsletter_tier_id":0,"_jetpack_memberships_contains_paywalled_content":false,"_jetpack_memberships_contains_paid_content":false,"footnotes":"","jetpack_publicize_message":"","jetpack_publicize_feature_enabled":true,"jetpack_social_post_already_shared":true,"jetpack_social_options":{"image_generator_settings":{"template":"highway","default_image_id":0,"font":"","enabled":false},"version":2}},"categories":[23,7,13],"tags":[53],"class_list":["post-15469","post","type-post","status-publish","format-standard","hentry","category-actividades-especiales-y-salidas-clase-verde","category-clase-verde-5-6-anos","category-inicio","tag-fiesta-de-otono"],"jetpack_publicize_connections":[],"jetpack_featured_media_url":"","jetpack_sharing_enabled":true,"jetpack_shortlink":"https:\/\/wp.me\/p4lFbP-41v","_links":{"self":[{"href":"https:\/\/www.alqueria.es\/blogs\/alqueriarojaverde\/wp-json\/wp\/v2\/posts\/15469","targetHints":{"allow":["GET"]}}],"collection":[{"href":"https:\/\/www.alqueria.es\/blogs\/alqueriarojaverde\/wp-json\/wp\/v2\/posts"}],"about":[{"href":"https:\/\/www.alqueria.es\/blogs\/alqueriarojaverde\/wp-json\/wp\/v2\/types\/post"}],"author":[{"embeddable":true,"href":"https:\/\/www.alqueria.es\/blogs\/alqueriarojaverde\/wp-json\/wp\/v2\/users\/19"}],"replies":[{"embeddable":true,"href":"https:\/\/www.alqueria.es\/blogs\/alqueriarojaverde\/wp-json\/wp\/v2\/comments?post=15469"}],"version-history":[{"count":0,"href":"https:\/\/www.alqueria.es\/blogs\/alqueriarojaverde\/wp-json\/wp\/v2\/posts\/15469\/revisions"}],"wp:attachment":[{"href":"https:\/\/www.alqueria.es\/blogs\/alqueriarojaverde\/wp-json\/wp\/v2\/media?parent=15469"}],"wp:term":[{"taxonomy":"category","embeddable":true,"href":"https:\/\/www.alqueria.es\/blogs\/alqueriarojaverde\/wp-json\/wp\/v2\/categories?post=15469"},{"taxonomy":"post_tag","embeddable":true,"href":"https:\/\/www.alqueria.es\/blogs\/alqueriarojaverde\/wp-json\/wp\/v2\/tags?post=15469"}],"curies":[{"name":"wp","href":"https:\/\/api.w.org\/{rel}","templated":true}]}}