{"id":15728,"date":"2017-11-25T10:13:02","date_gmt":"2017-11-25T09:13:02","guid":{"rendered":"https:\/\/www.alqueria.es\/blogs\/alqueriarojaverde\/?p=15728"},"modified":"2017-11-25T10:13:02","modified_gmt":"2017-11-25T09:13:02","slug":"salida-a-mercagranada-y-preparando-nuestro-teatro","status":"publish","type":"post","link":"https:\/\/www.alqueria.es\/blogs\/alqueriarojaverde\/2017\/11\/25\/salida-a-mercagranada-y-preparando-nuestro-teatro\/","title":{"rendered":"SALIDA A MERCAGRANADA y &#8230; PREPARANDO NUESTRO TEATRO!"},"content":{"rendered":"<p style=\"text-align: center\"><em><strong><span style=\"color: #993366\">\u00a1POR FIN HA LLEGADO EL GRAN D\u00cdA!<\/span><\/strong><\/em><\/p>\n<p>Tras algunas sesiones de preparaci\u00f3n, varios proyectos conjuntos con nuestros compa\u00f1eros de 4\u00ba EPO (cura-ali\u00f1o de aceitunas y desayuno saludable) y diversos juegos en el aula, enfocados al mercado, podemos vivir la experiencia en primera persona.<\/p>\n<p><img data-recalc-dims=\"1\" decoding=\"async\" data-attachment-id=\"15730\" data-permalink=\"https:\/\/www.alqueria.es\/blogs\/alqueriarojaverde\/2017\/11\/25\/salida-a-mercagranada-y-preparando-nuestro-teatro\/mercagranada-logo\/\" data-orig-file=\"https:\/\/i0.wp.com\/cloud.alqueria.es\/wp-content\/uploads\/sites\/8\/2017\/11\/mercagranada-logo.jpg?fit=600%2C250&amp;ssl=1\" data-orig-size=\"600,250\" data-comments-opened=\"1\" data-image-meta=\"{&quot;aperture&quot;:&quot;0&quot;,&quot;credit&quot;:&quot;&quot;,&quot;camera&quot;:&quot;&quot;,&quot;caption&quot;:&quot;&quot;,&quot;created_timestamp&quot;:&quot;0&quot;,&quot;copyright&quot;:&quot;&quot;,&quot;focal_length&quot;:&quot;0&quot;,&quot;iso&quot;:&quot;0&quot;,&quot;shutter_speed&quot;:&quot;0&quot;,&quot;title&quot;:&quot;&quot;,&quot;orientation&quot;:&quot;1&quot;}\" data-image-title=\"mercagranada-logo\" data-image-description=\"\" data-image-caption=\"\" data-large-file=\"https:\/\/i0.wp.com\/cloud.alqueria.es\/wp-content\/uploads\/sites\/8\/2017\/11\/mercagranada-logo.jpg?fit=474%2C198&amp;ssl=1\" class=\"aligncenter size-medium wp-image-15730\" src=\"https:\/\/i0.wp.com\/cloud.alqueria.es\/wp-content\/uploads\/sites\/8\/2017\/11\/mercagranada-logo.jpg?resize=300%2C125&#038;ssl=1\" alt=\"\" width=\"300\" height=\"125\" srcset=\"https:\/\/cloud.alqueria.es\/wp-content\/uploads\/sites\/8\/2017\/11\/mercagranada-logo.jpg 600w, https:\/\/cloud.alqueria.es\/wp-content\/uploads\/sites\/8\/2017\/11\/mercagranada-logo.jpg 300w\" sizes=\"(max-width: 300px) 100vw, 300px\" \/><\/p>\n<p><em><strong>Mercagranada ofrece un programa educativo orientado a mejorar la calidad de la dieta de los m\u00e1s peque\u00f1os de la casa y educar sus h\u00e1bitos en el consumo de alimentos.<\/strong> <\/em>\u00a0Aunque en nuestro centro ya se trabajan ambos aspectos, de forma transversal, no est\u00e1 de m\u00e1s que conozcan de otras fuentes informaci\u00f3n al respecto.<\/p>\n<p style=\"text-align: center\"><em><strong><span style=\"color: #993366\">La visita de hoy ha estado dividida en varias partes:<img data-recalc-dims=\"1\" decoding=\"async\" class=\"aligncenter\" src=\"https:\/\/i0.wp.com\/mercagranada.es\/espaciosdisponibles\/wp-content\/uploads\/2013\/09\/triptico-1.png?resize=386%2C273\" width=\"386\" height=\"273\" \/><\/span><\/strong><\/em><\/p>\n<ul>\n<li>En primer lugar <em><strong><span style=\"color: #339966\">nos han recibido en el aparcamiento<\/span><\/strong><\/em>y nos han presentado las instalaciones por fuera, haci\u00e9ndonos conscientes de algunas normas a seguir, dado que en este lugar trabaja mucha gente y debemos tener cuidado. <em><strong>Para que se nos identifique correctamente nos facilitan unos chalecos reflectantes, que les ha encantado ponerse.<\/strong><\/em><\/li>\n<li>Una vez preparados nos desplazamos hasta la<em><strong><span style=\"color: #339966\"> nave de las frutas y hortalizas<\/span><\/strong><\/em>. All\u00ed hemos conocido <em><strong>qu\u00e9 es un mercado mayorista, qu\u00e9 productos se venden en \u00e9l, c\u00f3mo se trabaja en los distintos puestos , y lo m\u00e1s importante, la cadena de distribuci\u00f3n alimentaria,<\/strong><\/em> de d\u00f3nde vienen esos productos y c\u00f3mo llegan a los supermercados y a la mesa.<\/li>\n<\/ul>\n<p>Identificamos algunos de ellos, hablamos de sus caracter\u00edsticas, de su origen, de su sabor, etc.<\/p>\n<p>Aprendemos que los que contienen mucho <span style=\"color: #ff0000\">color rojo<\/span> son buenos para el <strong>coraz\u00f3n<\/strong> y el aparato circulatorio, los de <span style=\"color: #339966\">color verde<\/span> para los <strong>huesos<\/strong> (como el pimiento, que tiene el mismo calcio que media taza de leche entera) y los de <span style=\"color: #ff6600\">color naranja<\/span> para <strong>la visi\u00f3n<\/strong>. \u00bfQu\u00e9 dec\u00eds al respecto las mam\u00e1s y pap\u00e1s \u00abcient\u00edficos\u00bb?, se que este teme genera alguna que otra controversia pero&#8230; \u00bfa nuestros peques les sirven esas orientaciones, a nivel general?.<\/p>\n<p>Antes de finalizar nuestra visita en esta nave, el responsable del puesto de naranjas Jim\u00e9nez, nos regala una caja de mandarinas. Para demostrar nuestra buena educaci\u00f3n, nos hacemos una foto con \u00e9l y le damos las gracias.<\/p>\n<p>En la nave del pescado no hab\u00eda mercanc\u00eda, ya que a esas horas \u00abya est\u00e1 todo el pescado vendido\u00bb, tal y como afirma el dicho. Les cuentan a qu\u00e9 hora se vende el pescado y porqu\u00e9 es as\u00ed. Los mayores encuentran un ca\u00f1a\u00edlla y la guardan como un tesoro, je.<\/p>\n<ul>\n<li>Despu\u00e9s nos llevan a conocer el <em><strong><span style=\"color: #339966\">trabajo de una ONG, el Banco de Alimentos,<\/span> <\/strong><\/em>una<em><strong> iniciativa solidaria para ayudar a los m\u00e1s desfavorecidos<\/strong><\/em>. Aprendemos qu\u00e9 labor realizan dentro y fuera de Mercagranada. Nos informan que el fin de semana del 1-2-3 de diciembre acudir\u00e1n a todos los establecimientos de alimentaci\u00f3n, para solicitar nuestra colaboraci\u00f3n, aportando alg\u00fan alimento. Nos obsequian con unas peras chiquititas que est\u00e1n bastante dulces.<\/li>\n<li>Por \u00faltimo visitamos el <em><strong><span style=\"color: #339966\">aula de los sentidos.<\/span><\/strong><\/em> En esta parte de la visita, se ha hecho hincapi\u00e9 en la <em><strong>educaci\u00f3n nutricional de los m\u00e1s peque\u00f1os.<\/strong><\/em><\/li>\n<\/ul>\n<p>Con ayuda de un monitor hemos participado en el <span style=\"color: #339966\">Taller de los sentidos<\/span>, en el que hemos realizado algunos descubrimientos acerca de dos grupos de alimentos bien diferenciados: frutas\/hortalizas y pescados. Algunos\/as han salido voluntarios para probar alimentos con los ojos cerrados y lo han hecho divinamente. Tambi\u00e9n nos han ense\u00f1ado a diferenciar el pescado azul del blanco, mirando la cola (preguntad a ver qu\u00e9 os dicen) y por \u00faltimo unos peque\u00f1os \u00abtruquillos\u00bb para saber si un pescado est\u00e1 fresco o no, bas\u00e1ndonos en sus ojos, su piel, su consistencia, sus agallas y su cola.<\/p>\n<p>Para terminar la visita nos hacemos una foto de grupo, para recordar nuestro paso por Mercagranada, en compa\u00f1\u00eda de nuestros compa\u00f1eros mayores.<\/p>\n<p><div class=\"embed-vimeo\" style=\"text-align: center;\"><div class=\"a25-CTUOC-hidding-box\" data-original-content=\"&lt;iframe loading=&quot;lazy&quot; src=&quot;https:\/\/player.vimeo.com\/video\/244428474&quot; width=&quot;640&quot; height=&quot;360&quot; frameborder=&quot;0&quot; webkitallowfullscreen mozallowfullscreen allowfullscreen&gt;&lt;\/iframe&gt;\">Esta p\u00e1gina incluye contenido multimedia que requiere aceptar todas las cookies. Pulse aqu\u00ed para abrir la configuraci\u00f3n de cookies.<\/div><\/div><br \/>\nAunque esta ha sido la actividad m\u00e1s importante llevada a cabo esta semana, en torno a la cual ha girado la mayor parte de nuestro tiempo de clase, tambi\u00e9n hemos seguido trabajando en <em><strong><span style=\"color: #0000ff\">nuestra representaci\u00f3n teatral.<\/span><\/strong><\/em><\/p>\n<p><em><strong>Conseguimos avances respecto a<\/strong><\/em>:<\/p>\n<ul>\n<li>Dejamos ultimados los <span style=\"color: #0000ff\">dos primeros decorados<\/span>. En el primero utilizamos las acuarelas para dar el fondo e incluimos el resto de elementos de la composici\u00f3n mediante recortes de papel charol y c\u00f3mo no la inclusi\u00f3n de nuestros dos primeros personajes: el elefante y la nube. Para el segundo tintamos el fondo con papel de seda de colores, que humedecemos sobre la cartulina, rellenamos nuestro elefante con bolitas de papel seda y \u00a0el suelo lo componemos a base de recortes de papel continuo marr\u00f3n. Como elemento adicional incluimos palitos de madera que rompemos, para otorgar mayor realismo a la escena. \u00a1Hasta que no est\u00e9n terminados todos nos los expondremos!.<\/li>\n<li>Algunos <span style=\"color: #0000ff\">personajes han ido ensayando sus frases<\/span>, para memorizarlas y utilizar la entonaci\u00f3n adecuada.<\/li>\n<li>Realizamos otro <span style=\"color: #0000ff\">\u00abconcurso\u00bb para decidir la figura del gallo<\/span> que incluiremos en los decorados.<\/li>\n<li>De manera voluntaria se ofrecen dos alumnos para realizar el <span style=\"color: #0000ff\">dibujo de la nube y el \u00e1rbol.<\/span><\/li>\n<\/ul>\n<p><em><strong><span style=\"color: #ff6600\">La semana pr\u00f3xima nos meteremos de lleno con el teatro que \u00abnos pilla el toro\u00bb.<\/span><\/strong><\/em><\/p>\n<p>Buen fin de semana,<\/p>\n<p>Esther Justicia.<\/p>\n","protected":false},"excerpt":{"rendered":"<p>\u00a1POR FIN HA LLEGADO EL GRAN D\u00cdA! Tras algunas sesiones de preparaci\u00f3n, varios proyectos conjuntos con nuestros compa\u00f1eros de 4\u00ba EPO (cura-ali\u00f1o de aceitunas y desayuno saludable) y diversos juegos en el aula, enfocados al mercado, podemos vivir la experiencia en primera persona. Mercagranada ofrece un programa educativo orientado a mejorar la calidad de la &hellip; <a href=\"https:\/\/www.alqueria.es\/blogs\/alqueriarojaverde\/2017\/11\/25\/salida-a-mercagranada-y-preparando-nuestro-teatro\/\" class=\"more-link\">Seguir leyendo <span class=\"screen-reader-text\">SALIDA A MERCAGRANADA y &#8230; PREPARANDO NUESTRO TEATRO!<\/span> <span class=\"meta-nav\">&rarr;<\/span><\/a><\/p>\n","protected":false},"author":19,"featured_media":0,"comment_status":"open","ping_status":"open","sticky":false,"template":"","format":"standard","meta":{"jetpack_post_was_ever_published":false,"_jetpack_newsletter_access":"","_jetpack_dont_email_post_to_subs":false,"_jetpack_newsletter_tier_id":0,"_jetpack_memberships_contains_paywalled_content":false,"_jetpack_memberships_contains_paid_content":false,"footnotes":"","jetpack_publicize_message":"","jetpack_publicize_feature_enabled":true,"jetpack_social_post_already_shared":true,"jetpack_social_options":{"image_generator_settings":{"template":"highway","default_image_id":0,"font":"","enabled":false},"version":2}},"categories":[23,7,13],"tags":[290,304,303],"class_list":["post-15728","post","type-post","status-publish","format-standard","hentry","category-actividades-especiales-y-salidas-clase-verde","category-clase-verde-5-6-anos","category-inicio","tag-los-alimentos","tag-representacion-teatral","tag-visita-a-mercagranada"],"jetpack_publicize_connections":[],"jetpack_featured_media_url":"","jetpack_sharing_enabled":true,"jetpack_shortlink":"https:\/\/wp.me\/p4lFbP-45G","_links":{"self":[{"href":"https:\/\/www.alqueria.es\/blogs\/alqueriarojaverde\/wp-json\/wp\/v2\/posts\/15728","targetHints":{"allow":["GET"]}}],"collection":[{"href":"https:\/\/www.alqueria.es\/blogs\/alqueriarojaverde\/wp-json\/wp\/v2\/posts"}],"about":[{"href":"https:\/\/www.alqueria.es\/blogs\/alqueriarojaverde\/wp-json\/wp\/v2\/types\/post"}],"author":[{"embeddable":true,"href":"https:\/\/www.alqueria.es\/blogs\/alqueriarojaverde\/wp-json\/wp\/v2\/users\/19"}],"replies":[{"embeddable":true,"href":"https:\/\/www.alqueria.es\/blogs\/alqueriarojaverde\/wp-json\/wp\/v2\/comments?post=15728"}],"version-history":[{"count":0,"href":"https:\/\/www.alqueria.es\/blogs\/alqueriarojaverde\/wp-json\/wp\/v2\/posts\/15728\/revisions"}],"wp:attachment":[{"href":"https:\/\/www.alqueria.es\/blogs\/alqueriarojaverde\/wp-json\/wp\/v2\/media?parent=15728"}],"wp:term":[{"taxonomy":"category","embeddable":true,"href":"https:\/\/www.alqueria.es\/blogs\/alqueriarojaverde\/wp-json\/wp\/v2\/categories?post=15728"},{"taxonomy":"post_tag","embeddable":true,"href":"https:\/\/www.alqueria.es\/blogs\/alqueriarojaverde\/wp-json\/wp\/v2\/tags?post=15728"}],"curies":[{"name":"wp","href":"https:\/\/api.w.org\/{rel}","templated":true}]}}