{"id":15781,"date":"2017-11-27T15:44:04","date_gmt":"2017-11-27T14:44:04","guid":{"rendered":"https:\/\/www.alqueria.es\/blogs\/alqueriarojaverde\/?p=15781"},"modified":"2017-11-27T15:44:04","modified_gmt":"2017-11-27T14:44:04","slug":"de-lleno-con-el-teatro","status":"publish","type":"post","link":"https:\/\/www.alqueria.es\/blogs\/alqueriarojaverde\/2017\/11\/27\/de-lleno-con-el-teatro\/","title":{"rendered":"\u00a1DE LLENO CON EL TEATRO!"},"content":{"rendered":"<p><em><strong><span style=\"color: #ff00ff\">Esta semana nos vamos a centrar totalmente en nuestro teatro, salvando las clases de los distintos especialistas y la salida a la vega del jueves.<\/span><\/strong><\/em><\/p>\n<p><img data-recalc-dims=\"1\" decoding=\"async\" data-attachment-id=\"15782\" data-permalink=\"https:\/\/www.alqueria.es\/blogs\/alqueriarojaverde\/2017\/11\/27\/de-lleno-con-el-teatro\/cute-theater\/\" data-orig-file=\"https:\/\/i0.wp.com\/cloud.alqueria.es\/wp-content\/uploads\/sites\/8\/2017\/11\/teatro-infantil-para-el-verano-en-Barcelona.jpg?fit=640%2C426&amp;ssl=1\" data-orig-size=\"640,426\" data-comments-opened=\"1\" data-image-meta=\"{&quot;aperture&quot;:&quot;0&quot;,&quot;credit&quot;:&quot;Kakigori Studio&quot;,&quot;camera&quot;:&quot;&quot;,&quot;caption&quot;:&quot;Cute Theater&quot;,&quot;created_timestamp&quot;:&quot;1355776495&quot;,&quot;copyright&quot;:&quot;\\u00a9 Kakigori Studio&quot;,&quot;focal_length&quot;:&quot;0&quot;,&quot;iso&quot;:&quot;0&quot;,&quot;shutter_speed&quot;:&quot;0&quot;,&quot;title&quot;:&quot;Cute Theater&quot;,&quot;orientation&quot;:&quot;1&quot;}\" data-image-title=\"Cute Theater\" data-image-description=\"\" data-image-caption=\"&lt;p&gt;Cute Theater&lt;\/p&gt;\n\" data-large-file=\"https:\/\/i0.wp.com\/cloud.alqueria.es\/wp-content\/uploads\/sites\/8\/2017\/11\/teatro-infantil-para-el-verano-en-Barcelona.jpg?fit=474%2C316&amp;ssl=1\" class=\"size-medium wp-image-15782\" src=\"https:\/\/i0.wp.com\/cloud.alqueria.es\/wp-content\/uploads\/sites\/8\/2017\/11\/teatro-infantil-para-el-verano-en-Barcelona.jpg?resize=300%2C200&#038;ssl=1\" alt=\"\" width=\"300\" height=\"200\" srcset=\"https:\/\/cloud.alqueria.es\/wp-content\/uploads\/sites\/8\/2017\/11\/teatro-infantil-para-el-verano-en-Barcelona.jpg 640w, https:\/\/cloud.alqueria.es\/wp-content\/uploads\/sites\/8\/2017\/11\/teatro-infantil-para-el-verano-en-Barcelona.jpg 300w\" sizes=\"(max-width: 300px) 100vw, 300px\" \/><\/p>\n<p>Debemos avanzar en la confecci\u00f3n de los decorados y dedicar un tiempo, cada d\u00eda, al ensayo de las distintas intervenciones, la posici\u00f3n que ocuparemos en el espacio, la gesticulaci\u00f3n que emplearemos y en qu\u00e9 momento debe cada personaje entrar en escena.<\/p>\n<p>El texto seleccionado posee una complejidad adaptada a la edad, pero coordinar todas esos condicionantes no es tarea f\u00e1cil para ellos.<\/p>\n<p><em><strong>De una forma globalizada estamos trabajando en el desarrollo intelectual, la expresi\u00f3n verbal\/gestual, la capacidad de observaci\u00f3n, la reflexi\u00f3n, la imaginaci\u00f3n y el trabajo en equipo. A la vez que fomentamos valores como la cooperaci\u00f3n, la ayuda mutua, compartir y la empat\u00eda.<\/strong><\/em><\/p>\n<p><span style=\"color: #ff6600\"><em><strong>Para el dibujo de hoy escogemos como tema nuestra salida a Mercagranada<\/strong><\/em><\/span>. En la asamblea hacemos un peque\u00f1o repaso de todo cuanto vimos y aprendimos, para plasmar en la representaci\u00f3n gr\u00e1fica qu\u00e9 es lo que m\u00e1s nos gust\u00f3 de la misma.<\/p>\n<p><img data-recalc-dims=\"1\" decoding=\"async\" data-attachment-id=\"15783\" data-permalink=\"https:\/\/www.alqueria.es\/blogs\/alqueriarojaverde\/2017\/11\/27\/de-lleno-con-el-teatro\/a\/\" data-orig-file=\"https:\/\/i0.wp.com\/cloud.alqueria.es\/wp-content\/uploads\/sites\/8\/2017\/11\/a.png?fit=197%2C255&amp;ssl=1\" data-orig-size=\"197,255\" data-comments-opened=\"1\" data-image-meta=\"{&quot;aperture&quot;:&quot;0&quot;,&quot;credit&quot;:&quot;&quot;,&quot;camera&quot;:&quot;&quot;,&quot;caption&quot;:&quot;&quot;,&quot;created_timestamp&quot;:&quot;0&quot;,&quot;copyright&quot;:&quot;&quot;,&quot;focal_length&quot;:&quot;0&quot;,&quot;iso&quot;:&quot;0&quot;,&quot;shutter_speed&quot;:&quot;0&quot;,&quot;title&quot;:&quot;&quot;,&quot;orientation&quot;:&quot;0&quot;}\" data-image-title=\"a\" data-image-description=\"\" data-image-caption=\"\" data-large-file=\"https:\/\/i0.wp.com\/cloud.alqueria.es\/wp-content\/uploads\/sites\/8\/2017\/11\/a.png?fit=197%2C255&amp;ssl=1\" class=\"alignright size-full wp-image-15783\" src=\"https:\/\/i0.wp.com\/cloud.alqueria.es\/wp-content\/uploads\/sites\/8\/2017\/11\/a.png?resize=197%2C255&#038;ssl=1\" alt=\"\" width=\"197\" height=\"255\" \/>En esta ocasi\u00f3n, no escribimos nuestro nombre ni la fecha (yo incluyo ambos a posteriori) ya que centramos nuestro trabajo alfab\u00e9tico en <em><strong><span style=\"color: #800080\">la rotulaci\u00f3n<\/span><\/strong><\/em>. Aprendemos a realizar <span style=\"color: #800080\">\u00abletras dobles\u00bb<\/span> y en qu\u00e9 contexto se pueden utilizar y para qu\u00e9.<\/p>\n<p>Les ha encantado ensayar, no os extra\u00f1e que os soliciten rotular cosas en casa \u00a1creatividad al poder!.<\/p>\n<p>Un saludo,<\/p>\n<p>Esther Justicia.<\/p>\n","protected":false},"excerpt":{"rendered":"<p>Esta semana nos vamos a centrar totalmente en nuestro teatro, salvando las clases de los distintos especialistas y la salida a la vega del jueves. Debemos avanzar en la confecci\u00f3n de los decorados y dedicar un tiempo, cada d\u00eda, al ensayo de las distintas intervenciones, la posici\u00f3n que ocuparemos en el espacio, la gesticulaci\u00f3n que &hellip; <a href=\"https:\/\/www.alqueria.es\/blogs\/alqueriarojaverde\/2017\/11\/27\/de-lleno-con-el-teatro\/\" class=\"more-link\">Seguir leyendo <span class=\"screen-reader-text\">\u00a1DE LLENO CON EL TEATRO!<\/span> <span class=\"meta-nav\">&rarr;<\/span><\/a><\/p>\n","protected":false},"author":19,"featured_media":0,"comment_status":"open","ping_status":"open","sticky":false,"template":"","format":"standard","meta":{"jetpack_post_was_ever_published":false,"_jetpack_newsletter_access":"","_jetpack_dont_email_post_to_subs":false,"_jetpack_newsletter_tier_id":0,"_jetpack_memberships_contains_paywalled_content":false,"_jetpack_memberships_contains_paid_content":false,"footnotes":"","jetpack_publicize_message":"","jetpack_publicize_feature_enabled":true,"jetpack_social_post_already_shared":true,"jetpack_social_options":{"image_generator_settings":{"template":"highway","default_image_id":0,"font":"","enabled":false},"version":2}},"categories":[7,13],"tags":[308,309],"class_list":["post-15781","post","type-post","status-publish","format-standard","hentry","category-clase-verde-5-6-anos","category-inicio","tag-obra-de-teatro","tag-rotulacion"],"jetpack_publicize_connections":[],"jetpack_featured_media_url":"","jetpack_sharing_enabled":true,"jetpack_shortlink":"https:\/\/wp.me\/p4lFbP-46x","_links":{"self":[{"href":"https:\/\/www.alqueria.es\/blogs\/alqueriarojaverde\/wp-json\/wp\/v2\/posts\/15781","targetHints":{"allow":["GET"]}}],"collection":[{"href":"https:\/\/www.alqueria.es\/blogs\/alqueriarojaverde\/wp-json\/wp\/v2\/posts"}],"about":[{"href":"https:\/\/www.alqueria.es\/blogs\/alqueriarojaverde\/wp-json\/wp\/v2\/types\/post"}],"author":[{"embeddable":true,"href":"https:\/\/www.alqueria.es\/blogs\/alqueriarojaverde\/wp-json\/wp\/v2\/users\/19"}],"replies":[{"embeddable":true,"href":"https:\/\/www.alqueria.es\/blogs\/alqueriarojaverde\/wp-json\/wp\/v2\/comments?post=15781"}],"version-history":[{"count":0,"href":"https:\/\/www.alqueria.es\/blogs\/alqueriarojaverde\/wp-json\/wp\/v2\/posts\/15781\/revisions"}],"wp:attachment":[{"href":"https:\/\/www.alqueria.es\/blogs\/alqueriarojaverde\/wp-json\/wp\/v2\/media?parent=15781"}],"wp:term":[{"taxonomy":"category","embeddable":true,"href":"https:\/\/www.alqueria.es\/blogs\/alqueriarojaverde\/wp-json\/wp\/v2\/categories?post=15781"},{"taxonomy":"post_tag","embeddable":true,"href":"https:\/\/www.alqueria.es\/blogs\/alqueriarojaverde\/wp-json\/wp\/v2\/tags?post=15781"}],"curies":[{"name":"wp","href":"https:\/\/api.w.org\/{rel}","templated":true}]}}