{"id":16016,"date":"2017-12-22T14:06:15","date_gmt":"2017-12-22T13:06:15","guid":{"rendered":"https:\/\/www.alqueria.es\/blogs\/alqueriarojaverde\/?p=16016"},"modified":"2017-12-22T14:06:15","modified_gmt":"2017-12-22T13:06:15","slug":"encuentro-de-villancicos-comida-especial-y-cierre-de-trimestre-teatro","status":"publish","type":"post","link":"https:\/\/www.alqueria.es\/blogs\/alqueriarojaverde\/2017\/12\/22\/encuentro-de-villancicos-comida-especial-y-cierre-de-trimestre-teatro\/","title":{"rendered":"ENCUENTRO DE VILLANCICOS, COMIDA ESPECIAL Y CIERRE DE TRIMESTRE (TEATRO)"},"content":{"rendered":"<p><img data-recalc-dims=\"1\" decoding=\"async\" data-attachment-id=\"16147\" data-permalink=\"https:\/\/www.alqueria.es\/blogs\/alqueriarojaverde\/2017\/12\/22\/encuentro-de-villancicos-comida-especial-y-cierre-de-trimestre-teatro\/1bfcad57c6596f6df8876e629486869d\/\" data-orig-file=\"https:\/\/i0.wp.com\/cloud.alqueria.es\/wp-content\/uploads\/sites\/8\/2017\/12\/1bfcad57c6596f6df8876e629486869d.jpg?fit=564%2C797&amp;ssl=1\" data-orig-size=\"564,797\" data-comments-opened=\"1\" data-image-meta=\"{&quot;aperture&quot;:&quot;0&quot;,&quot;credit&quot;:&quot;&quot;,&quot;camera&quot;:&quot;&quot;,&quot;caption&quot;:&quot;&quot;,&quot;created_timestamp&quot;:&quot;0&quot;,&quot;copyright&quot;:&quot;&quot;,&quot;focal_length&quot;:&quot;0&quot;,&quot;iso&quot;:&quot;0&quot;,&quot;shutter_speed&quot;:&quot;0&quot;,&quot;title&quot;:&quot;&quot;,&quot;orientation&quot;:&quot;0&quot;}\" data-image-title=\"1bfcad57c6596f6df8876e629486869d\" data-image-description=\"\" data-image-caption=\"\" data-large-file=\"https:\/\/i0.wp.com\/cloud.alqueria.es\/wp-content\/uploads\/sites\/8\/2017\/12\/1bfcad57c6596f6df8876e629486869d.jpg?fit=474%2C670&amp;ssl=1\" class=\"alignleft size-medium wp-image-16147\" src=\"https:\/\/i0.wp.com\/cloud.alqueria.es\/wp-content\/uploads\/sites\/8\/2017\/12\/1bfcad57c6596f6df8876e629486869d.jpg?resize=212%2C300&#038;ssl=1\" alt=\"\" width=\"212\" height=\"300\" srcset=\"https:\/\/cloud.alqueria.es\/wp-content\/uploads\/sites\/8\/2017\/12\/1bfcad57c6596f6df8876e629486869d.jpg 564w, https:\/\/cloud.alqueria.es\/wp-content\/uploads\/sites\/8\/2017\/12\/1bfcad57c6596f6df8876e629486869d.jpg 212w\" sizes=\"(max-width: 212px) 100vw, 212px\" \/><em><strong>Cerramos el trimestre con broche de oro y para ello disfrutamos de distintas actividades especiales, a cual de ellas m\u00e1s atractiva y divertida:<\/strong><\/em><\/p>\n<p><span style=\"color: #008000\">El mi\u00e9rcoles asistimos como espectadores a una adaptaci\u00f3n de un cuento tradicional de estas fechas,\u00a0<em><strong><span style=\"color: #ff0000\">\u00abRodolfo el reno\u00bb,<\/span><\/strong><\/em> <span style=\"color: #ff0000\">a cargo de Pilar, Maribel y Luis, nuestros alumnos en pr\u00e1cticas de Magisterio<\/span>. Con una buena dosis de cari\u00f1o e ilusi\u00f3n prepararon esta entra\u00f1able puesta en escena que a nosotros nos encant\u00f3 compartir con el resto de la etapa Infantil. \u00a0Al finalizar la misma, cada uno regal\u00f3 a su clase unos simp\u00e1ticos renos, que como ya hab\u00e9is comprobado hicieron las delicias de todos.<\/span><\/p>\n<p class=\"jetpack-slideshow-noscript robots-nocontent\">El pase de diapositivas requiere JavaScript.<\/p><div id=\"gallery-16016-1-slideshow\" class=\"jetpack-slideshow-window jetpack-slideshow jetpack-slideshow-black\" data-trans=\"fade\" data-autostart=\"1\" data-gallery=\"[{&quot;src&quot;:&quot;https:\\\/\\\/i0.wp.com\\\/cloud.alqueria.es\\\/wp-content\\\/uploads\\\/sites\\\/8\\\/2017\\\/12\\\/IMG_0918.jpg?fit=1024%2C768\\u0026ssl=1&quot;,&quot;id&quot;:&quot;16154&quot;,&quot;title&quot;:&quot;IMG_0918&quot;,&quot;alt&quot;:&quot;&quot;,&quot;caption&quot;:&quot;&quot;,&quot;itemprop&quot;:&quot;image&quot;},{&quot;src&quot;:&quot;https:\\\/\\\/i0.wp.com\\\/cloud.alqueria.es\\\/wp-content\\\/uploads\\\/sites\\\/8\\\/2017\\\/12\\\/IMG_0923.jpg?fit=1024%2C768\\u0026ssl=1&quot;,&quot;id&quot;:&quot;16155&quot;,&quot;title&quot;:&quot;IMG_0923&quot;,&quot;alt&quot;:&quot;&quot;,&quot;caption&quot;:&quot;&quot;,&quot;itemprop&quot;:&quot;image&quot;},{&quot;src&quot;:&quot;https:\\\/\\\/i0.wp.com\\\/cloud.alqueria.es\\\/wp-content\\\/uploads\\\/sites\\\/8\\\/2017\\\/12\\\/IMG_0930.jpg?fit=768%2C1024\\u0026ssl=1&quot;,&quot;id&quot;:&quot;16158&quot;,&quot;title&quot;:&quot;IMG_0930&quot;,&quot;alt&quot;:&quot;&quot;,&quot;caption&quot;:&quot;&quot;,&quot;itemprop&quot;:&quot;image&quot;},{&quot;src&quot;:&quot;https:\\\/\\\/i0.wp.com\\\/cloud.alqueria.es\\\/wp-content\\\/uploads\\\/sites\\\/8\\\/2017\\\/12\\\/IMG_0928.jpg?fit=1024%2C768\\u0026ssl=1&quot;,&quot;id&quot;:&quot;16156&quot;,&quot;title&quot;:&quot;IMG_0928&quot;,&quot;alt&quot;:&quot;&quot;,&quot;caption&quot;:&quot;&quot;,&quot;itemprop&quot;:&quot;image&quot;},{&quot;src&quot;:&quot;https:\\\/\\\/i0.wp.com\\\/cloud.alqueria.es\\\/wp-content\\\/uploads\\\/sites\\\/8\\\/2017\\\/12\\\/IMG_0929.jpg?fit=768%2C1024\\u0026ssl=1&quot;,&quot;id&quot;:&quot;16157&quot;,&quot;title&quot;:&quot;IMG_0929&quot;,&quot;alt&quot;:&quot;&quot;,&quot;caption&quot;:&quot;&quot;,&quot;itemprop&quot;:&quot;image&quot;},{&quot;src&quot;:&quot;https:\\\/\\\/i0.wp.com\\\/cloud.alqueria.es\\\/wp-content\\\/uploads\\\/sites\\\/8\\\/2017\\\/12\\\/IMG_0931.jpg?fit=1024%2C768\\u0026ssl=1&quot;,&quot;id&quot;:&quot;16159&quot;,&quot;title&quot;:&quot;IMG_0931&quot;,&quot;alt&quot;:&quot;&quot;,&quot;caption&quot;:&quot;&quot;,&quot;itemprop&quot;:&quot;image&quot;}]\" itemscope itemtype=\"https:\/\/schema.org\/ImageGallery\"><\/div>\n<p><span style=\"color: #008000\">Ataviados para la ocasi\u00f3n, con unas preciosas coronas decoradas por nosotros mismos, dimos paso a nuestro ya tradicional <span style=\"color: #ff0000\"><em><strong>\u00abEncuentro de villancicos\u00bb.<\/strong><\/em><\/span> Cada clase cant\u00f3 el villancico preparado con Elena y nuestro grupo adem\u00e1s lo acompa\u00f1\u00f3 de forma instrumental por algunos de los alumnos que realizan el taller de instrumento (guitarra, percusi\u00f3n y piano). \u00a0<\/span><\/p>\n<div class=\"tiled-gallery type-circle tiled-gallery-unresized\" data-original-width=\"474\" data-carousel-extra='{&quot;blog_id&quot;:8,&quot;permalink&quot;:&quot;https:\\\/\\\/www.alqueria.es\\\/blogs\\\/alqueriarojaverde\\\/2017\\\/12\\\/22\\\/encuentro-de-villancicos-comida-especial-y-cierre-de-trimestre-teatro\\\/&quot;,&quot;likes_blog_id&quot;:64268569}' itemscope itemtype=\"http:\/\/schema.org\/ImageGallery\" > <div class=\"gallery-row\" style=\"width: 474px; height: 237px;\" data-original-width=\"474\" data-original-height=\"237\" > <div class=\"gallery-group\" style=\"width: 237px; height: 237px;\" data-original-width=\"237\" data-original-height=\"237\" > <div class=\"tiled-gallery-item \" itemprop=\"associatedMedia\" itemscope itemtype=\"http:\/\/schema.org\/ImageObject\"> <a href=\"https:\/\/www.alqueria.es\/blogs\/alqueriarojaverde\/2017\/12\/22\/encuentro-de-villancicos-comida-especial-y-cierre-de-trimestre-teatro\/img_0933\/\" border=\"0\" itemprop=\"url\"> <meta itemprop=\"width\" content=\"233\"> <meta itemprop=\"height\" content=\"233\"> <img decoding=\"async\" class=\"\" data-attachment-id=\"16160\" data-orig-file=\"https:\/\/cloud.alqueria.es\/wp-content\/uploads\/sites\/8\/2017\/12\/IMG_0933.jpg\" data-orig-size=\"1024,768\" data-comments-opened=\"1\" data-image-meta=\"{&quot;aperture&quot;:&quot;0&quot;,&quot;credit&quot;:&quot;&quot;,&quot;camera&quot;:&quot;&quot;,&quot;caption&quot;:&quot;&quot;,&quot;created_timestamp&quot;:&quot;0&quot;,&quot;copyright&quot;:&quot;&quot;,&quot;focal_length&quot;:&quot;0&quot;,&quot;iso&quot;:&quot;0&quot;,&quot;shutter_speed&quot;:&quot;0&quot;,&quot;title&quot;:&quot;&quot;,&quot;orientation&quot;:&quot;0&quot;}\" data-image-title=\"IMG_0933\" data-image-description=\"\" data-medium-file=\"https:\/\/i0.wp.com\/cloud.alqueria.es\/wp-content\/uploads\/sites\/8\/2017\/12\/IMG_0933.jpg?fit=300%2C225&#038;ssl=1\" data-large-file=\"https:\/\/i0.wp.com\/cloud.alqueria.es\/wp-content\/uploads\/sites\/8\/2017\/12\/IMG_0933.jpg?fit=474%2C356&#038;ssl=1\" src=\"https:\/\/i0.wp.com\/cloud.alqueria.es\/wp-content\/uploads\/sites\/8\/2017\/12\/IMG_0933.jpg?w=233&#038;h=233&#038;crop=1&#038;ssl=1\" srcset=\"https:\/\/cloud.alqueria.es\/wp-content\/uploads\/sites\/8\/2017\/12\/IMG_0933.jpg 150w, https:\/\/cloud.alqueria.es\/wp-content\/uploads\/sites\/8\/2017\/12\/IMG_0933.jpg 466w, https:\/\/cloud.alqueria.es\/wp-content\/uploads\/sites\/8\/2017\/12\/IMG_0933.jpg 699w\" width=\"233\" height=\"233\" loading=\"lazy\" data-original-width=\"233\" data-original-height=\"233\" itemprop=\"http:\/\/schema.org\/image\" title=\"IMG_0933\" alt=\"IMG_0933\" style=\"width: 233px; height: 233px;\" \/> <\/a> <\/div> <\/div> <div class=\"gallery-group\" style=\"width: 237px; height: 237px;\" data-original-width=\"237\" data-original-height=\"237\" > <div class=\"tiled-gallery-item \" itemprop=\"associatedMedia\" itemscope itemtype=\"http:\/\/schema.org\/ImageObject\"> <a href=\"https:\/\/www.alqueria.es\/blogs\/alqueriarojaverde\/2017\/12\/22\/encuentro-de-villancicos-comida-especial-y-cierre-de-trimestre-teatro\/img_0934\/\" border=\"0\" itemprop=\"url\"> <meta itemprop=\"width\" content=\"233\"> <meta itemprop=\"height\" content=\"233\"> <img decoding=\"async\" class=\"\" data-attachment-id=\"16161\" data-orig-file=\"https:\/\/cloud.alqueria.es\/wp-content\/uploads\/sites\/8\/2017\/12\/IMG_0934.jpg\" data-orig-size=\"1024,768\" data-comments-opened=\"1\" data-image-meta=\"{&quot;aperture&quot;:&quot;0&quot;,&quot;credit&quot;:&quot;&quot;,&quot;camera&quot;:&quot;&quot;,&quot;caption&quot;:&quot;&quot;,&quot;created_timestamp&quot;:&quot;0&quot;,&quot;copyright&quot;:&quot;&quot;,&quot;focal_length&quot;:&quot;0&quot;,&quot;iso&quot;:&quot;0&quot;,&quot;shutter_speed&quot;:&quot;0&quot;,&quot;title&quot;:&quot;&quot;,&quot;orientation&quot;:&quot;0&quot;}\" data-image-title=\"IMG_0934\" data-image-description=\"\" data-medium-file=\"https:\/\/i0.wp.com\/cloud.alqueria.es\/wp-content\/uploads\/sites\/8\/2017\/12\/IMG_0934.jpg?fit=300%2C225&#038;ssl=1\" data-large-file=\"https:\/\/i0.wp.com\/cloud.alqueria.es\/wp-content\/uploads\/sites\/8\/2017\/12\/IMG_0934.jpg?fit=474%2C356&#038;ssl=1\" src=\"https:\/\/i0.wp.com\/cloud.alqueria.es\/wp-content\/uploads\/sites\/8\/2017\/12\/IMG_0934.jpg?w=233&#038;h=233&#038;crop=1&#038;ssl=1\" srcset=\"https:\/\/cloud.alqueria.es\/wp-content\/uploads\/sites\/8\/2017\/12\/IMG_0934.jpg 150w, https:\/\/cloud.alqueria.es\/wp-content\/uploads\/sites\/8\/2017\/12\/IMG_0934.jpg 466w, https:\/\/cloud.alqueria.es\/wp-content\/uploads\/sites\/8\/2017\/12\/IMG_0934.jpg 699w\" width=\"233\" height=\"233\" loading=\"lazy\" data-original-width=\"233\" data-original-height=\"233\" itemprop=\"http:\/\/schema.org\/image\" title=\"IMG_0934\" alt=\"IMG_0934\" style=\"width: 233px; height: 233px;\" \/> <\/a> <\/div> <\/div> <\/div> <\/div>\n<p><img data-recalc-dims=\"1\" decoding=\"async\" data-attachment-id=\"16162\" data-permalink=\"https:\/\/www.alqueria.es\/blogs\/alqueriarojaverde\/2017\/12\/22\/encuentro-de-villancicos-comida-especial-y-cierre-de-trimestre-teatro\/img_0937\/\" data-orig-file=\"https:\/\/i0.wp.com\/cloud.alqueria.es\/wp-content\/uploads\/sites\/8\/2017\/12\/IMG_0937.jpg?fit=1024%2C768&amp;ssl=1\" data-orig-size=\"1024,768\" data-comments-opened=\"1\" data-image-meta=\"{&quot;aperture&quot;:&quot;0&quot;,&quot;credit&quot;:&quot;&quot;,&quot;camera&quot;:&quot;&quot;,&quot;caption&quot;:&quot;&quot;,&quot;created_timestamp&quot;:&quot;0&quot;,&quot;copyright&quot;:&quot;&quot;,&quot;focal_length&quot;:&quot;0&quot;,&quot;iso&quot;:&quot;0&quot;,&quot;shutter_speed&quot;:&quot;0&quot;,&quot;title&quot;:&quot;&quot;,&quot;orientation&quot;:&quot;0&quot;}\" data-image-title=\"IMG_0937\" data-image-description=\"\" data-image-caption=\"\" data-large-file=\"https:\/\/i0.wp.com\/cloud.alqueria.es\/wp-content\/uploads\/sites\/8\/2017\/12\/IMG_0937.jpg?fit=474%2C356&amp;ssl=1\" class=\"aligncenter size-large wp-image-16162\" src=\"https:\/\/i0.wp.com\/cloud.alqueria.es\/wp-content\/uploads\/sites\/8\/2017\/12\/IMG_0937.jpg?resize=474%2C356&#038;ssl=1\" alt=\"\" width=\"474\" height=\"356\" srcset=\"https:\/\/cloud.alqueria.es\/wp-content\/uploads\/sites\/8\/2017\/12\/IMG_0937.jpg 1024w, https:\/\/cloud.alqueria.es\/wp-content\/uploads\/sites\/8\/2017\/12\/IMG_0937.jpg 300w, https:\/\/cloud.alqueria.es\/wp-content\/uploads\/sites\/8\/2017\/12\/IMG_0937.jpg 768w, https:\/\/cloud.alqueria.es\/wp-content\/uploads\/sites\/8\/2017\/12\/IMG_0937.jpg 948w\" sizes=\"(max-width: 474px) 100vw, 474px\" \/><div class=\"embed-vimeo\" style=\"text-align: center;\"><div class=\"a25-CTUOC-hidding-box\" data-original-content=\"&lt;iframe loading=&quot;lazy&quot; src=&quot;https:\/\/player.vimeo.com\/video\/248461538&quot; width=&quot;640&quot; height=&quot;360&quot; frameborder=&quot;0&quot; webkitallowfullscreen mozallowfullscreen allowfullscreen&gt;&lt;\/iframe&gt;\">Esta p\u00e1gina incluye contenido multimedia que requiere aceptar todas las cookies. Pulse aqu\u00ed para abrir la configuraci\u00f3n de cookies.<\/div><\/div><br \/>\n<span style=\"color: #008000\">Lo disfrutaron much\u00edsimo y al finalizar se atrevieron con distintas improvisaciones de otros villancicos tradicionales, que sin ning\u00fan pudor acompa\u00f1aron tambi\u00e9n con los instrumentos.<\/span><\/p>\n<p><span style=\"color: #008000\">Y para cerrar el mi\u00e9rcoles&#8230; <em><strong><span style=\"color: #ff0000\">\u00a1COMIDA ESPECIAL NAVIDE\u00d1A!<\/span><\/strong><\/em>. Qu\u00e9 ilusi\u00f3n les hizo encontrarse el comedor decorado de una forma especial, con manteles, velas y la m\u00fasica navide\u00f1a. Para dar un toque m\u00e1s festivo, complementamos nuestra indumentaria elegante con unas pajaritas y lazos muy brillantes que nos unificaba como grupo.<\/span><\/p>\n<p><strong><span style=\"color: #008000\">El men\u00fa tambi\u00e9n fue especial:<\/span><\/strong><\/p>\n<ul>\n<li><strong><span style=\"color: #008000\">Entremeses variados de jam\u00f3n y queso<\/span><\/strong><\/li>\n<li><strong><span style=\"color: #008000\">Sopa de estrellitas<\/span><\/strong><\/li>\n<li><strong><span style=\"color: #008000\">Carne en salsa con patatas fritas<\/span><\/strong><\/li>\n<li><strong><span style=\"color: #008000\">Trufas navide\u00f1as.<\/span><\/strong><\/li>\n<\/ul>\n<p class=\"jetpack-slideshow-noscript robots-nocontent\">El pase de diapositivas requiere JavaScript.<\/p><div id=\"gallery-16016-2-slideshow\" class=\"jetpack-slideshow-window jetpack-slideshow jetpack-slideshow-black\" data-trans=\"fade\" data-autostart=\"1\" data-gallery=\"[{&quot;src&quot;:&quot;https:\\\/\\\/i0.wp.com\\\/cloud.alqueria.es\\\/wp-content\\\/uploads\\\/sites\\\/8\\\/2017\\\/12\\\/IMG_0938.jpg?fit=768%2C1024\\u0026ssl=1&quot;,&quot;id&quot;:&quot;16163&quot;,&quot;title&quot;:&quot;IMG_0938&quot;,&quot;alt&quot;:&quot;&quot;,&quot;caption&quot;:&quot;&quot;,&quot;itemprop&quot;:&quot;image&quot;},{&quot;src&quot;:&quot;https:\\\/\\\/i0.wp.com\\\/cloud.alqueria.es\\\/wp-content\\\/uploads\\\/sites\\\/8\\\/2017\\\/12\\\/IMG_0939.jpg?fit=768%2C1024\\u0026ssl=1&quot;,&quot;id&quot;:&quot;16164&quot;,&quot;title&quot;:&quot;IMG_0939&quot;,&quot;alt&quot;:&quot;&quot;,&quot;caption&quot;:&quot;&quot;,&quot;itemprop&quot;:&quot;image&quot;},{&quot;src&quot;:&quot;https:\\\/\\\/i0.wp.com\\\/cloud.alqueria.es\\\/wp-content\\\/uploads\\\/sites\\\/8\\\/2017\\\/12\\\/IMG_0941.jpg?fit=1024%2C768\\u0026ssl=1&quot;,&quot;id&quot;:&quot;16166&quot;,&quot;title&quot;:&quot;IMG_0941&quot;,&quot;alt&quot;:&quot;&quot;,&quot;caption&quot;:&quot;&quot;,&quot;itemprop&quot;:&quot;image&quot;},{&quot;src&quot;:&quot;https:\\\/\\\/i0.wp.com\\\/cloud.alqueria.es\\\/wp-content\\\/uploads\\\/sites\\\/8\\\/2017\\\/12\\\/IMG_0943.jpg?fit=1024%2C768\\u0026ssl=1&quot;,&quot;id&quot;:&quot;16168&quot;,&quot;title&quot;:&quot;IMG_0943&quot;,&quot;alt&quot;:&quot;&quot;,&quot;caption&quot;:&quot;&quot;,&quot;itemprop&quot;:&quot;image&quot;},{&quot;src&quot;:&quot;https:\\\/\\\/i0.wp.com\\\/cloud.alqueria.es\\\/wp-content\\\/uploads\\\/sites\\\/8\\\/2017\\\/12\\\/IMG_0945.jpg?fit=1024%2C768\\u0026ssl=1&quot;,&quot;id&quot;:&quot;16170&quot;,&quot;title&quot;:&quot;IMG_0945&quot;,&quot;alt&quot;:&quot;&quot;,&quot;caption&quot;:&quot;&quot;,&quot;itemprop&quot;:&quot;image&quot;},{&quot;src&quot;:&quot;https:\\\/\\\/i0.wp.com\\\/cloud.alqueria.es\\\/wp-content\\\/uploads\\\/sites\\\/8\\\/2017\\\/12\\\/IMG_0946.jpg?fit=1024%2C768\\u0026ssl=1&quot;,&quot;id&quot;:&quot;16171&quot;,&quot;title&quot;:&quot;IMG_0946&quot;,&quot;alt&quot;:&quot;&quot;,&quot;caption&quot;:&quot;&quot;,&quot;itemprop&quot;:&quot;image&quot;},{&quot;src&quot;:&quot;https:\\\/\\\/i0.wp.com\\\/cloud.alqueria.es\\\/wp-content\\\/uploads\\\/sites\\\/8\\\/2017\\\/12\\\/IMG_0944.jpg?fit=1024%2C768\\u0026ssl=1&quot;,&quot;id&quot;:&quot;16169&quot;,&quot;title&quot;:&quot;IMG_0944&quot;,&quot;alt&quot;:&quot;&quot;,&quot;caption&quot;:&quot;&quot;,&quot;itemprop&quot;:&quot;image&quot;}]\" itemscope itemtype=\"https:\/\/schema.org\/ImageGallery\"><\/div>\n<p><span style=\"color: #008000\">Qu\u00e9 \u00e9xito las trufas y qu\u00e9 sencillas de elaborar, me apunto la receta para estas fiestas. Todos quisieron repetir m\u00e1s de una vez, menos mal que guardamos unas poquitas para que las prob\u00e1seis. \u00bfOs gustaron?<\/span><\/p>\n<p><em><strong><img data-recalc-dims=\"1\" decoding=\"async\" data-attachment-id=\"16148\" data-permalink=\"https:\/\/www.alqueria.es\/blogs\/alqueriarojaverde\/2017\/12\/22\/encuentro-de-villancicos-comida-especial-y-cierre-de-trimestre-teatro\/9f77428fdf44563e4357fd30e08f621d\/\" data-orig-file=\"https:\/\/i0.wp.com\/cloud.alqueria.es\/wp-content\/uploads\/sites\/8\/2017\/12\/9f77428fdf44563e4357fd30e08f621d.jpg?fit=440%2C520&amp;ssl=1\" data-orig-size=\"440,520\" data-comments-opened=\"1\" data-image-meta=\"{&quot;aperture&quot;:&quot;0&quot;,&quot;credit&quot;:&quot;&quot;,&quot;camera&quot;:&quot;&quot;,&quot;caption&quot;:&quot;&quot;,&quot;created_timestamp&quot;:&quot;0&quot;,&quot;copyright&quot;:&quot;&quot;,&quot;focal_length&quot;:&quot;0&quot;,&quot;iso&quot;:&quot;0&quot;,&quot;shutter_speed&quot;:&quot;0&quot;,&quot;title&quot;:&quot;&quot;,&quot;orientation&quot;:&quot;0&quot;}\" data-image-title=\"9f77428fdf44563e4357fd30e08f621d\" data-image-description=\"\" data-image-caption=\"\" data-large-file=\"https:\/\/i0.wp.com\/cloud.alqueria.es\/wp-content\/uploads\/sites\/8\/2017\/12\/9f77428fdf44563e4357fd30e08f621d.jpg?fit=440%2C520&amp;ssl=1\" class=\"alignleft size-thumbnail wp-image-16148\" src=\"https:\/\/i0.wp.com\/cloud.alqueria.es\/wp-content\/uploads\/sites\/8\/2017\/12\/9f77428fdf44563e4357fd30e08f621d.jpg?resize=150%2C150&#038;ssl=1\" alt=\"\" width=\"150\" height=\"150\" srcset=\"https:\/\/cloud.alqueria.es\/wp-content\/uploads\/sites\/8\/2017\/12\/9f77428fdf44563e4357fd30e08f621d.jpg 150w, https:\/\/cloud.alqueria.es\/wp-content\/uploads\/sites\/8\/2017\/12\/9f77428fdf44563e4357fd30e08f621d.jpg 300w\" sizes=\"(max-width: 150px) 100vw, 150px\" \/>Y despu\u00e9s de estos meses de compartir vivencias, ilusiones, proyectos, experiencias, sentimientos y \u00a0esfuerzo, ha llegado el final del trimestre.<\/strong><\/em><\/p>\n<p><em><strong>Aunque nos queda a\u00fan mucho por disfrutar.<\/strong><\/em><\/p>\n<p><span style=\"color: #ff0000\">No se me ocurrir\u00eda mejor forma de hacerlo que ofreciendo a todos nuestros compa\u00f1eros y compa\u00f1eras de Infantil, la <span style=\"color: #008000\">representaci\u00f3n teatral<\/span> que nos ha mantenido ocupados estas \u00faltimas semanas,<em><strong><span style=\"color: #008000\"> \u00abLas ense\u00f1anzas de la lluvia\u00bb<\/span><\/strong><\/em>. Una bonita historia basada en una leyenda africana que fomenta valores como \u00a0la amabilidad, el compartir y el respeto a la naturaleza.<\/span><\/p>\n<p class=\"jetpack-slideshow-noscript robots-nocontent\">El pase de diapositivas requiere JavaScript.<\/p><div id=\"gallery-16016-3-slideshow\" class=\"jetpack-slideshow-window jetpack-slideshow jetpack-slideshow-black\" data-trans=\"fade\" data-autostart=\"1\" data-gallery=\"[{&quot;src&quot;:&quot;https:\\\/\\\/i0.wp.com\\\/cloud.alqueria.es\\\/wp-content\\\/uploads\\\/sites\\\/8\\\/2017\\\/12\\\/IMG_0952.jpg?fit=1024%2C768\\u0026ssl=1&quot;,&quot;id&quot;:&quot;16172&quot;,&quot;title&quot;:&quot;IMG_0952&quot;,&quot;alt&quot;:&quot;&quot;,&quot;caption&quot;:&quot;&quot;,&quot;itemprop&quot;:&quot;image&quot;},{&quot;src&quot;:&quot;https:\\\/\\\/i0.wp.com\\\/cloud.alqueria.es\\\/wp-content\\\/uploads\\\/sites\\\/8\\\/2017\\\/12\\\/IMG_0961.jpg?fit=1024%2C768\\u0026ssl=1&quot;,&quot;id&quot;:&quot;16181&quot;,&quot;title&quot;:&quot;IMG_0961&quot;,&quot;alt&quot;:&quot;&quot;,&quot;caption&quot;:&quot;&quot;,&quot;itemprop&quot;:&quot;image&quot;},{&quot;src&quot;:&quot;https:\\\/\\\/i0.wp.com\\\/cloud.alqueria.es\\\/wp-content\\\/uploads\\\/sites\\\/8\\\/2017\\\/12\\\/IMG_0957.jpg?fit=768%2C1024\\u0026ssl=1&quot;,&quot;id&quot;:&quot;16177&quot;,&quot;title&quot;:&quot;IMG_0957&quot;,&quot;alt&quot;:&quot;&quot;,&quot;caption&quot;:&quot;&quot;,&quot;itemprop&quot;:&quot;image&quot;},{&quot;src&quot;:&quot;https:\\\/\\\/i0.wp.com\\\/cloud.alqueria.es\\\/wp-content\\\/uploads\\\/sites\\\/8\\\/2017\\\/12\\\/IMG_0956.jpg?fit=768%2C1024\\u0026ssl=1&quot;,&quot;id&quot;:&quot;16176&quot;,&quot;title&quot;:&quot;IMG_0956&quot;,&quot;alt&quot;:&quot;&quot;,&quot;caption&quot;:&quot;&quot;,&quot;itemprop&quot;:&quot;image&quot;},{&quot;src&quot;:&quot;https:\\\/\\\/i0.wp.com\\\/cloud.alqueria.es\\\/wp-content\\\/uploads\\\/sites\\\/8\\\/2017\\\/12\\\/IMG_0955.jpg?fit=768%2C1024\\u0026ssl=1&quot;,&quot;id&quot;:&quot;16175&quot;,&quot;title&quot;:&quot;IMG_0955&quot;,&quot;alt&quot;:&quot;&quot;,&quot;caption&quot;:&quot;&quot;,&quot;itemprop&quot;:&quot;image&quot;},{&quot;src&quot;:&quot;https:\\\/\\\/i0.wp.com\\\/cloud.alqueria.es\\\/wp-content\\\/uploads\\\/sites\\\/8\\\/2017\\\/12\\\/IMG_0954.jpg?fit=768%2C1024\\u0026ssl=1&quot;,&quot;id&quot;:&quot;16174&quot;,&quot;title&quot;:&quot;IMG_0954&quot;,&quot;alt&quot;:&quot;&quot;,&quot;caption&quot;:&quot;&quot;,&quot;itemprop&quot;:&quot;image&quot;},{&quot;src&quot;:&quot;https:\\\/\\\/i0.wp.com\\\/cloud.alqueria.es\\\/wp-content\\\/uploads\\\/sites\\\/8\\\/2017\\\/12\\\/IMG_0953.jpg?fit=768%2C1024\\u0026ssl=1&quot;,&quot;id&quot;:&quot;16173&quot;,&quot;title&quot;:&quot;IMG_0953&quot;,&quot;alt&quot;:&quot;&quot;,&quot;caption&quot;:&quot;&quot;,&quot;itemprop&quot;:&quot;image&quot;},{&quot;src&quot;:&quot;https:\\\/\\\/i0.wp.com\\\/cloud.alqueria.es\\\/wp-content\\\/uploads\\\/sites\\\/8\\\/2017\\\/12\\\/IMG_0958.jpg?fit=1024%2C768\\u0026ssl=1&quot;,&quot;id&quot;:&quot;16178&quot;,&quot;title&quot;:&quot;IMG_0958&quot;,&quot;alt&quot;:&quot;&quot;,&quot;caption&quot;:&quot;&quot;,&quot;itemprop&quot;:&quot;image&quot;},{&quot;src&quot;:&quot;https:\\\/\\\/i0.wp.com\\\/cloud.alqueria.es\\\/wp-content\\\/uploads\\\/sites\\\/8\\\/2017\\\/12\\\/IMG_0959.jpg?fit=768%2C1024\\u0026ssl=1&quot;,&quot;id&quot;:&quot;16179&quot;,&quot;title&quot;:&quot;IMG_0959&quot;,&quot;alt&quot;:&quot;&quot;,&quot;caption&quot;:&quot;&quot;,&quot;itemprop&quot;:&quot;image&quot;},{&quot;src&quot;:&quot;https:\\\/\\\/i0.wp.com\\\/cloud.alqueria.es\\\/wp-content\\\/uploads\\\/sites\\\/8\\\/2017\\\/12\\\/IMG_0965.jpg?fit=1024%2C768\\u0026ssl=1&quot;,&quot;id&quot;:&quot;16182&quot;,&quot;title&quot;:&quot;IMG_0965&quot;,&quot;alt&quot;:&quot;&quot;,&quot;caption&quot;:&quot;&quot;,&quot;itemprop&quot;:&quot;image&quot;}]\" itemscope itemtype=\"https:\/\/schema.org\/ImageGallery\"><\/div>\n<p><span style=\"color: #ff0000\">Lo prometido es deuda, aqu\u00ed os dejo el v\u00eddeo del esperado estreno, que espero que disfrut\u00e9is tanto como vuestros hijos e hijas. Han actuado como aut\u00e9nticos\/as profesionales, ni el ruido de fondo les ha impedido continuar con su actuaci\u00f3n, ja, ja, ja.<\/span><\/p>\n<div class=\"embed-vimeo\" style=\"text-align: center;\"><div class=\"a25-CTUOC-hidding-box\" data-original-content=\"&lt;iframe loading=&quot;lazy&quot; src=&quot;https:\/\/player.vimeo.com\/video\/248447254&quot; width=&quot;640&quot; height=&quot;360&quot; frameborder=&quot;0&quot; webkitallowfullscreen mozallowfullscreen allowfullscreen&gt;&lt;\/iframe&gt;\">Esta p\u00e1gina incluye contenido multimedia que requiere aceptar todas las cookies. Pulse aqu\u00ed para abrir la configuraci\u00f3n de cookies.<\/div><\/div>\n<p><span style=\"color: #ff0000\">\u00a1Un merecido aplauso a la interpretaci\u00f3n! \u00a1Me los como!<\/span><\/p>\n<p><span style=\"color: #ff0000\"><img data-recalc-dims=\"1\" decoding=\"async\" data-attachment-id=\"16183\" data-permalink=\"https:\/\/www.alqueria.es\/blogs\/alqueriarojaverde\/2017\/12\/22\/encuentro-de-villancicos-comida-especial-y-cierre-de-trimestre-teatro\/img_0967\/\" data-orig-file=\"https:\/\/i0.wp.com\/cloud.alqueria.es\/wp-content\/uploads\/sites\/8\/2017\/12\/IMG_0967.jpg?fit=1024%2C768&amp;ssl=1\" data-orig-size=\"1024,768\" data-comments-opened=\"1\" data-image-meta=\"{&quot;aperture&quot;:&quot;0&quot;,&quot;credit&quot;:&quot;&quot;,&quot;camera&quot;:&quot;&quot;,&quot;caption&quot;:&quot;&quot;,&quot;created_timestamp&quot;:&quot;0&quot;,&quot;copyright&quot;:&quot;&quot;,&quot;focal_length&quot;:&quot;0&quot;,&quot;iso&quot;:&quot;0&quot;,&quot;shutter_speed&quot;:&quot;0&quot;,&quot;title&quot;:&quot;&quot;,&quot;orientation&quot;:&quot;0&quot;}\" data-image-title=\"IMG_0967\" data-image-description=\"\" data-image-caption=\"\" data-large-file=\"https:\/\/i0.wp.com\/cloud.alqueria.es\/wp-content\/uploads\/sites\/8\/2017\/12\/IMG_0967.jpg?fit=474%2C356&amp;ssl=1\" class=\"alignright size-medium wp-image-16183\" src=\"https:\/\/i0.wp.com\/cloud.alqueria.es\/wp-content\/uploads\/sites\/8\/2017\/12\/IMG_0967.jpg?resize=300%2C225&#038;ssl=1\" alt=\"\" width=\"300\" height=\"225\" srcset=\"https:\/\/cloud.alqueria.es\/wp-content\/uploads\/sites\/8\/2017\/12\/IMG_0967.jpg 1024w, https:\/\/cloud.alqueria.es\/wp-content\/uploads\/sites\/8\/2017\/12\/IMG_0967.jpg 300w, https:\/\/cloud.alqueria.es\/wp-content\/uploads\/sites\/8\/2017\/12\/IMG_0967.jpg 768w, https:\/\/cloud.alqueria.es\/wp-content\/uploads\/sites\/8\/2017\/12\/IMG_0967.jpg 948w\" sizes=\"(max-width: 300px) 100vw, 300px\" \/>Ya que se trata de un d\u00eda especial <em><strong><span style=\"color: #008000\">compartimos unos deliciosos mantecados<\/span><\/strong><\/em> (en lugar de fruta) y cantamos unos villancicos. Despu\u00e9,s en el parque, disfrutamos de una inmens<span style=\"color: #008000\"><span style=\"color: #ff0000\">a<\/span><\/span> <em><strong><span style=\"color: #008000\">lluvia de globos, que simula la llegada del invierno.<\/span><\/strong><\/em><\/span><\/p>\n<p><img data-recalc-dims=\"1\" decoding=\"async\" data-attachment-id=\"16186\" data-permalink=\"https:\/\/www.alqueria.es\/blogs\/alqueriarojaverde\/2017\/12\/22\/encuentro-de-villancicos-comida-especial-y-cierre-de-trimestre-teatro\/img_0972\/\" data-orig-file=\"https:\/\/i0.wp.com\/cloud.alqueria.es\/wp-content\/uploads\/sites\/8\/2017\/12\/IMG_0972.jpg?fit=1024%2C768&amp;ssl=1\" data-orig-size=\"1024,768\" data-comments-opened=\"1\" data-image-meta=\"{&quot;aperture&quot;:&quot;0&quot;,&quot;credit&quot;:&quot;&quot;,&quot;camera&quot;:&quot;&quot;,&quot;caption&quot;:&quot;&quot;,&quot;created_timestamp&quot;:&quot;0&quot;,&quot;copyright&quot;:&quot;&quot;,&quot;focal_length&quot;:&quot;0&quot;,&quot;iso&quot;:&quot;0&quot;,&quot;shutter_speed&quot;:&quot;0&quot;,&quot;title&quot;:&quot;&quot;,&quot;orientation&quot;:&quot;0&quot;}\" data-image-title=\"IMG_0972\" data-image-description=\"\" data-image-caption=\"\" data-large-file=\"https:\/\/i0.wp.com\/cloud.alqueria.es\/wp-content\/uploads\/sites\/8\/2017\/12\/IMG_0972.jpg?fit=474%2C356&amp;ssl=1\" class=\"aligncenter size-medium wp-image-16186\" src=\"https:\/\/i0.wp.com\/cloud.alqueria.es\/wp-content\/uploads\/sites\/8\/2017\/12\/IMG_0972.jpg?resize=300%2C225&#038;ssl=1\" alt=\"\" width=\"300\" height=\"225\" srcset=\"https:\/\/cloud.alqueria.es\/wp-content\/uploads\/sites\/8\/2017\/12\/IMG_0972.jpg 1024w, https:\/\/cloud.alqueria.es\/wp-content\/uploads\/sites\/8\/2017\/12\/IMG_0972.jpg 300w, https:\/\/cloud.alqueria.es\/wp-content\/uploads\/sites\/8\/2017\/12\/IMG_0972.jpg 768w, https:\/\/cloud.alqueria.es\/wp-content\/uploads\/sites\/8\/2017\/12\/IMG_0972.jpg 948w\" sizes=\"(max-width: 300px) 100vw, 300px\" \/><\/p>\n<p><img data-recalc-dims=\"1\" decoding=\"async\" data-attachment-id=\"16150\" data-permalink=\"https:\/\/www.alqueria.es\/blogs\/alqueriarojaverde\/2017\/12\/22\/encuentro-de-villancicos-comida-especial-y-cierre-de-trimestre-teatro\/54030ecd55eea1c6b61cd74b4b158f48\/\" data-orig-file=\"https:\/\/i0.wp.com\/cloud.alqueria.es\/wp-content\/uploads\/sites\/8\/2017\/12\/54030ecd55eea1c6b61cd74b4b158f48.jpg?fit=394%2C659&amp;ssl=1\" data-orig-size=\"394,659\" data-comments-opened=\"1\" data-image-meta=\"{&quot;aperture&quot;:&quot;0&quot;,&quot;credit&quot;:&quot;&quot;,&quot;camera&quot;:&quot;&quot;,&quot;caption&quot;:&quot;&quot;,&quot;created_timestamp&quot;:&quot;0&quot;,&quot;copyright&quot;:&quot;&quot;,&quot;focal_length&quot;:&quot;0&quot;,&quot;iso&quot;:&quot;0&quot;,&quot;shutter_speed&quot;:&quot;0&quot;,&quot;title&quot;:&quot;&quot;,&quot;orientation&quot;:&quot;0&quot;}\" data-image-title=\"54030ecd55eea1c6b61cd74b4b158f48\" data-image-description=\"\" data-image-caption=\"\" data-large-file=\"https:\/\/i0.wp.com\/cloud.alqueria.es\/wp-content\/uploads\/sites\/8\/2017\/12\/54030ecd55eea1c6b61cd74b4b158f48.jpg?fit=394%2C659&amp;ssl=1\" class=\"alignleft size-medium wp-image-16150\" src=\"https:\/\/i0.wp.com\/cloud.alqueria.es\/wp-content\/uploads\/sites\/8\/2017\/12\/54030ecd55eea1c6b61cd74b4b158f48.jpg?resize=179%2C300&#038;ssl=1\" alt=\"\" width=\"179\" height=\"300\" srcset=\"https:\/\/cloud.alqueria.es\/wp-content\/uploads\/sites\/8\/2017\/12\/54030ecd55eea1c6b61cd74b4b158f48.jpg 394w, https:\/\/cloud.alqueria.es\/wp-content\/uploads\/sites\/8\/2017\/12\/54030ecd55eea1c6b61cd74b4b158f48.jpg 179w\" sizes=\"(max-width: 179px) 100vw, 179px\" \/><\/p>\n<p><em><strong>Os deseo unos d\u00edas entra\u00f1ables con vuestros hijos e hijas, que disfrut\u00e9is del tiempo de estar en familia y aprovech\u00e9is para hacer todo aquello que la rutina diaria no nos permite.<\/strong><\/em><\/p>\n<p><em><strong>Un fuerte abrazo a todos \/as y \u00a1FELIZ NAVIDAD!.<\/strong><\/em><\/p>\n<p><em><strong>Os espero a la vuelta, para seguir compartiendo juntos el crecimiento de estos duendecillos, que me tienen loca.<\/strong><\/em><\/p>\n<p>Esther Justicia.<\/p>\n<p>&nbsp;<\/p>\n","protected":false},"excerpt":{"rendered":"<p>Cerramos el trimestre con broche de oro y para ello disfrutamos de distintas actividades especiales, a cual de ellas m\u00e1s atractiva y divertida: El mi\u00e9rcoles asistimos como espectadores a una adaptaci\u00f3n de un cuento tradicional de estas fechas,\u00a0\u00abRodolfo el reno\u00bb, a cargo de Pilar, Maribel y Luis, nuestros alumnos en pr\u00e1cticas de Magisterio. Con una &hellip; <a href=\"https:\/\/www.alqueria.es\/blogs\/alqueriarojaverde\/2017\/12\/22\/encuentro-de-villancicos-comida-especial-y-cierre-de-trimestre-teatro\/\" class=\"more-link\">Seguir leyendo <span class=\"screen-reader-text\">ENCUENTRO DE VILLANCICOS, COMIDA ESPECIAL Y CIERRE DE TRIMESTRE (TEATRO)<\/span> <span class=\"meta-nav\">&rarr;<\/span><\/a><\/p>\n","protected":false},"author":19,"featured_media":0,"comment_status":"open","ping_status":"open","sticky":false,"template":"","format":"standard","meta":{"jetpack_post_was_ever_published":false,"_jetpack_newsletter_access":"","_jetpack_dont_email_post_to_subs":false,"_jetpack_newsletter_tier_id":0,"_jetpack_memberships_contains_paywalled_content":false,"_jetpack_memberships_contains_paid_content":false,"footnotes":"","jetpack_publicize_message":"","jetpack_publicize_feature_enabled":true,"jetpack_social_post_already_shared":true,"jetpack_social_options":{"image_generator_settings":{"template":"highway","default_image_id":0,"font":"","enabled":false},"version":2}},"categories":[7,13],"tags":[328,327,326,202,322],"class_list":["post-16016","post","type-post","status-publish","format-standard","hentry","category-clase-verde-5-6-anos","category-inicio","tag-comida-de-navidad","tag-encuentro-de-villancicos","tag-rodolfo-el-reno","tag-teatro-infantil","tag-trufas-navidenas"],"jetpack_publicize_connections":[],"jetpack_featured_media_url":"","jetpack_sharing_enabled":true,"jetpack_shortlink":"https:\/\/wp.me\/p4lFbP-4ak","_links":{"self":[{"href":"https:\/\/www.alqueria.es\/blogs\/alqueriarojaverde\/wp-json\/wp\/v2\/posts\/16016","targetHints":{"allow":["GET"]}}],"collection":[{"href":"https:\/\/www.alqueria.es\/blogs\/alqueriarojaverde\/wp-json\/wp\/v2\/posts"}],"about":[{"href":"https:\/\/www.alqueria.es\/blogs\/alqueriarojaverde\/wp-json\/wp\/v2\/types\/post"}],"author":[{"embeddable":true,"href":"https:\/\/www.alqueria.es\/blogs\/alqueriarojaverde\/wp-json\/wp\/v2\/users\/19"}],"replies":[{"embeddable":true,"href":"https:\/\/www.alqueria.es\/blogs\/alqueriarojaverde\/wp-json\/wp\/v2\/comments?post=16016"}],"version-history":[{"count":0,"href":"https:\/\/www.alqueria.es\/blogs\/alqueriarojaverde\/wp-json\/wp\/v2\/posts\/16016\/revisions"}],"wp:attachment":[{"href":"https:\/\/www.alqueria.es\/blogs\/alqueriarojaverde\/wp-json\/wp\/v2\/media?parent=16016"}],"wp:term":[{"taxonomy":"category","embeddable":true,"href":"https:\/\/www.alqueria.es\/blogs\/alqueriarojaverde\/wp-json\/wp\/v2\/categories?post=16016"},{"taxonomy":"post_tag","embeddable":true,"href":"https:\/\/www.alqueria.es\/blogs\/alqueriarojaverde\/wp-json\/wp\/v2\/tags?post=16016"}],"curies":[{"name":"wp","href":"https:\/\/api.w.org\/{rel}","templated":true}]}}