{"id":16778,"date":"2018-02-10T10:00:33","date_gmt":"2018-02-10T09:00:33","guid":{"rendered":"https:\/\/www.alqueria.es\/blogs\/alqueriarojaverde\/?p=16778"},"modified":"2018-02-11T15:36:59","modified_gmt":"2018-02-11T14:36:59","slug":"se-acerca-el-carnaval","status":"publish","type":"post","link":"https:\/\/www.alqueria.es\/blogs\/alqueriarojaverde\/2018\/02\/10\/se-acerca-el-carnaval\/","title":{"rendered":"Se acerca el carnaval"},"content":{"rendered":"<p><img data-recalc-dims=\"1\" decoding=\"async\" data-attachment-id=\"16779\" data-permalink=\"https:\/\/www.alqueria.es\/blogs\/alqueriarojaverde\/2018\/02\/10\/se-acerca-el-carnaval\/20180209_161218\/\" data-orig-file=\"https:\/\/i0.wp.com\/cloud.alqueria.es\/wp-content\/uploads\/sites\/8\/2018\/02\/20180209_161218.jpg?fit=1024%2C576&amp;ssl=1\" data-orig-size=\"1024,576\" data-comments-opened=\"1\" data-image-meta=\"{&quot;aperture&quot;:&quot;0&quot;,&quot;credit&quot;:&quot;&quot;,&quot;camera&quot;:&quot;&quot;,&quot;caption&quot;:&quot;&quot;,&quot;created_timestamp&quot;:&quot;0&quot;,&quot;copyright&quot;:&quot;&quot;,&quot;focal_length&quot;:&quot;0&quot;,&quot;iso&quot;:&quot;0&quot;,&quot;shutter_speed&quot;:&quot;0&quot;,&quot;title&quot;:&quot;&quot;,&quot;orientation&quot;:&quot;0&quot;}\" data-image-title=\"20180209_161218\" data-image-description=\"\" data-image-caption=\"\" data-large-file=\"https:\/\/i0.wp.com\/cloud.alqueria.es\/wp-content\/uploads\/sites\/8\/2018\/02\/20180209_161218.jpg?fit=474%2C267&amp;ssl=1\" class=\"alignleft wp-image-16779\" src=\"https:\/\/i0.wp.com\/cloud.alqueria.es\/wp-content\/uploads\/sites\/8\/2018\/02\/20180209_161218.jpg?resize=249%2C140&#038;ssl=1\" alt=\"\" width=\"249\" height=\"140\" srcset=\"https:\/\/cloud.alqueria.es\/wp-content\/uploads\/sites\/8\/2018\/02\/20180209_161218.jpg 1024w, https:\/\/cloud.alqueria.es\/wp-content\/uploads\/sites\/8\/2018\/02\/20180209_161218.jpg 300w, https:\/\/cloud.alqueria.es\/wp-content\/uploads\/sites\/8\/2018\/02\/20180209_161218.jpg 768w, https:\/\/cloud.alqueria.es\/wp-content\/uploads\/sites\/8\/2018\/02\/20180209_161218.jpg 948w\" sizes=\"(max-width: 249px) 100vw, 249px\" \/>Estamos a solamente una semana de una de las fiestas m\u00e1s coloridas de nuestro cole, \u00abEl carnaval\u00bb. Llevamos m\u00e1s de una semana ensayando nuestra chirigota, pero creo que las estrofas son muy parecidas y a \u00ablos rojitos\u00bb les est\u00e1 costando un poco aprenderla. Tras pensarlo un poco, pens\u00e9 que la soluci\u00f3n quiz\u00e1 estaba en ayudarlos un poquito a trav\u00e9s de pictogramas. Las im\u00e1genes y representaciones visuales pueden ayudarnos en muchos casos a recordar la idea a la que las asociamos. As\u00ed, en la pizarra de la clase realizamos entre todos una secuencia de pictogramas con la que ensayaremos nuestra chirigota de ahora en adelante&#8230;., \u00a1seguro que da resultado!<\/p>\n<ul>\n<li>Durante las sesiones de juego de la semana nuestra propuesta de los \u00abCastillos medievales\u00bb va derivando en otra parecida pero un poco m\u00e1s \u00abterror\u00edfica\u00bb, jajajaj siempre al nivel de nuestros ni\u00f1@, \u00abEl castillo de las tinieblas de la noche\u00bb la hemos titulado.<\/li>\n<\/ul>\n<p>Estos d\u00edas se han convertido en vampiros, ara\u00f1as, murci\u00e9lagos, fantasmas&#8230;., as\u00ed que no nos ha quedado m\u00e1s remedio que \u00abconstruir\u00bb las mazmorras y pasadizos del castillo.<\/p>\n<p class=\"jetpack-slideshow-noscript robots-nocontent\">El pase de diapositivas requiere JavaScript.<\/p><div id=\"gallery-16778-1-slideshow\" class=\"jetpack-slideshow-window jetpack-slideshow jetpack-slideshow-black\" data-trans=\"fade\" data-autostart=\"1\" data-gallery=\"[{&quot;src&quot;:&quot;https:\\\/\\\/i0.wp.com\\\/cloud.alqueria.es\\\/wp-content\\\/uploads\\\/sites\\\/8\\\/2018\\\/02\\\/IMG-20180207-WA0000.jpg?fit=576%2C1024\\u0026ssl=1&quot;,&quot;id&quot;:&quot;16782&quot;,&quot;title&quot;:&quot;IMG-20180207-WA0000&quot;,&quot;alt&quot;:&quot;&quot;,&quot;caption&quot;:&quot;&quot;,&quot;itemprop&quot;:&quot;image&quot;},{&quot;src&quot;:&quot;https:\\\/\\\/i0.wp.com\\\/cloud.alqueria.es\\\/wp-content\\\/uploads\\\/sites\\\/8\\\/2018\\\/02\\\/IMG-20180207-WA0001.jpg?fit=1024%2C576\\u0026ssl=1&quot;,&quot;id&quot;:&quot;16783&quot;,&quot;title&quot;:&quot;IMG-20180207-WA0001&quot;,&quot;alt&quot;:&quot;&quot;,&quot;caption&quot;:&quot;&quot;,&quot;itemprop&quot;:&quot;image&quot;},{&quot;src&quot;:&quot;https:\\\/\\\/i0.wp.com\\\/cloud.alqueria.es\\\/wp-content\\\/uploads\\\/sites\\\/8\\\/2018\\\/02\\\/IMG-20180207-WA0002.jpg?fit=1024%2C576\\u0026ssl=1&quot;,&quot;id&quot;:&quot;16784&quot;,&quot;title&quot;:&quot;IMG-20180207-WA0002&quot;,&quot;alt&quot;:&quot;&quot;,&quot;caption&quot;:&quot;&quot;,&quot;itemprop&quot;:&quot;image&quot;},{&quot;src&quot;:&quot;https:\\\/\\\/i0.wp.com\\\/cloud.alqueria.es\\\/wp-content\\\/uploads\\\/sites\\\/8\\\/2018\\\/02\\\/IMG-20180207-WA0003.jpg?fit=1024%2C576\\u0026ssl=1&quot;,&quot;id&quot;:&quot;16785&quot;,&quot;title&quot;:&quot;IMG-20180207-WA0003&quot;,&quot;alt&quot;:&quot;&quot;,&quot;caption&quot;:&quot;&quot;,&quot;itemprop&quot;:&quot;image&quot;},{&quot;src&quot;:&quot;https:\\\/\\\/i0.wp.com\\\/cloud.alqueria.es\\\/wp-content\\\/uploads\\\/sites\\\/8\\\/2018\\\/02\\\/IMG-20180207-WA0008.jpg?fit=1024%2C576\\u0026ssl=1&quot;,&quot;id&quot;:&quot;16786&quot;,&quot;title&quot;:&quot;IMG-20180207-WA0008&quot;,&quot;alt&quot;:&quot;&quot;,&quot;caption&quot;:&quot;&quot;,&quot;itemprop&quot;:&quot;image&quot;},{&quot;src&quot;:&quot;https:\\\/\\\/i0.wp.com\\\/cloud.alqueria.es\\\/wp-content\\\/uploads\\\/sites\\\/8\\\/2018\\\/02\\\/IMG-20180207-WA0009.jpg?fit=1024%2C576\\u0026ssl=1&quot;,&quot;id&quot;:&quot;16787&quot;,&quot;title&quot;:&quot;IMG-20180207-WA0009&quot;,&quot;alt&quot;:&quot;&quot;,&quot;caption&quot;:&quot;&quot;,&quot;itemprop&quot;:&quot;image&quot;},{&quot;src&quot;:&quot;https:\\\/\\\/i0.wp.com\\\/cloud.alqueria.es\\\/wp-content\\\/uploads\\\/sites\\\/8\\\/2018\\\/02\\\/IMG-20180207-WA0010.jpg?fit=1024%2C576\\u0026ssl=1&quot;,&quot;id&quot;:&quot;16788&quot;,&quot;title&quot;:&quot;IMG-20180207-WA0010&quot;,&quot;alt&quot;:&quot;&quot;,&quot;caption&quot;:&quot;&quot;,&quot;itemprop&quot;:&quot;image&quot;},{&quot;src&quot;:&quot;https:\\\/\\\/i0.wp.com\\\/cloud.alqueria.es\\\/wp-content\\\/uploads\\\/sites\\\/8\\\/2018\\\/02\\\/IMG-20180208-WA0005.jpg?fit=1024%2C576\\u0026ssl=1&quot;,&quot;id&quot;:&quot;16789&quot;,&quot;title&quot;:&quot;IMG-20180208-WA0005&quot;,&quot;alt&quot;:&quot;&quot;,&quot;caption&quot;:&quot;&quot;,&quot;itemprop&quot;:&quot;image&quot;},{&quot;src&quot;:&quot;https:\\\/\\\/i0.wp.com\\\/cloud.alqueria.es\\\/wp-content\\\/uploads\\\/sites\\\/8\\\/2018\\\/02\\\/IMG-20180208-WA00061.jpg?fit=1024%2C576\\u0026ssl=1&quot;,&quot;id&quot;:&quot;16793&quot;,&quot;title&quot;:&quot;IMG-20180208-WA00061&quot;,&quot;alt&quot;:&quot;&quot;,&quot;caption&quot;:&quot;&quot;,&quot;itemprop&quot;:&quot;image&quot;},{&quot;src&quot;:&quot;https:\\\/\\\/i0.wp.com\\\/cloud.alqueria.es\\\/wp-content\\\/uploads\\\/sites\\\/8\\\/2018\\\/02\\\/IMG-20180208-WA0008.jpg?fit=1024%2C576\\u0026ssl=1&quot;,&quot;id&quot;:&quot;16794&quot;,&quot;title&quot;:&quot;IMG-20180208-WA0008&quot;,&quot;alt&quot;:&quot;&quot;,&quot;caption&quot;:&quot;&quot;,&quot;itemprop&quot;:&quot;image&quot;}]\" itemscope itemtype=\"https:\/\/schema.org\/ImageGallery\"><\/div>\n<p>Como pod\u00e9is apreciar en las im\u00e1genes est\u00e1 muy motivados y est\u00e1n disfrutando much\u00edsimo durante el juego, as\u00ed que creo que esta pr\u00f3xima semana, semana de carnaval, continuaremos convirti\u00e9ndonos en estos TERROR\u00cdFICOS PERSONAJES.<\/p>\n<ul>\n<li>El jueves aprovechamos que hac\u00eda solecito para dar un paseo por la vega en el que comprobamos que Sierra Nevada esta llen\u00ediiiiisima de nieve, por eso en Granada hace tanto fr\u00edo \ud83d\ude09<\/li>\n<\/ul>\n<p>Muy abrigaditos caminamos junto a la acequia hasta llegar al camino que nos lleva hasta\u00a0 la casa de la bruja. Como siempre compartimos la salida con nuestros compa\u00f1eros de las clases naranja y verde, todos juntos pasamos una ma\u00f1ana estupenda. \u00a1Oz\u00fa que bien!<\/p>\n<div class=\"tiled-gallery type-square tiled-gallery-unresized\" data-original-width=\"474\" data-carousel-extra='{&quot;blog_id&quot;:8,&quot;permalink&quot;:&quot;https:\\\/\\\/www.alqueria.es\\\/blogs\\\/alqueriarojaverde\\\/2018\\\/02\\\/10\\\/se-acerca-el-carnaval\\\/&quot;,&quot;likes_blog_id&quot;:64268569}' itemscope itemtype=\"http:\/\/schema.org\/ImageGallery\" > <div class=\"gallery-row\" style=\"width: 474px; height: 158px;\" data-original-width=\"474\" data-original-height=\"158\" > <div class=\"gallery-group\" style=\"width: 158px; height: 158px;\" data-original-width=\"158\" data-original-height=\"158\" > <div class=\"tiled-gallery-item \" itemprop=\"associatedMedia\" itemscope itemtype=\"http:\/\/schema.org\/ImageObject\"> <a href=\"https:\/\/www.alqueria.es\/blogs\/alqueriarojaverde\/2018\/02\/10\/se-acerca-el-carnaval\/img-20180208-wa0011\/\" border=\"0\" itemprop=\"url\"> <meta itemprop=\"width\" content=\"154\"> <meta itemprop=\"height\" content=\"154\"> <img decoding=\"async\" class=\"\" data-attachment-id=\"16795\" data-orig-file=\"https:\/\/cloud.alqueria.es\/wp-content\/uploads\/sites\/8\/2018\/02\/IMG-20180208-WA0011.jpg\" data-orig-size=\"576,1024\" data-comments-opened=\"1\" data-image-meta=\"{&quot;aperture&quot;:&quot;0&quot;,&quot;credit&quot;:&quot;&quot;,&quot;camera&quot;:&quot;&quot;,&quot;caption&quot;:&quot;&quot;,&quot;created_timestamp&quot;:&quot;0&quot;,&quot;copyright&quot;:&quot;&quot;,&quot;focal_length&quot;:&quot;0&quot;,&quot;iso&quot;:&quot;0&quot;,&quot;shutter_speed&quot;:&quot;0&quot;,&quot;title&quot;:&quot;&quot;,&quot;orientation&quot;:&quot;0&quot;}\" data-image-title=\"IMG-20180208-WA0011\" data-image-description=\"\" data-medium-file=\"https:\/\/i0.wp.com\/cloud.alqueria.es\/wp-content\/uploads\/sites\/8\/2018\/02\/IMG-20180208-WA0011.jpg?fit=169%2C300&#038;ssl=1\" data-large-file=\"https:\/\/i0.wp.com\/cloud.alqueria.es\/wp-content\/uploads\/sites\/8\/2018\/02\/IMG-20180208-WA0011.jpg?fit=474%2C843&#038;ssl=1\" src=\"https:\/\/i0.wp.com\/cloud.alqueria.es\/wp-content\/uploads\/sites\/8\/2018\/02\/IMG-20180208-WA0011.jpg?w=154&#038;h=154&#038;crop=1&#038;ssl=1\" srcset=\"https:\/\/cloud.alqueria.es\/wp-content\/uploads\/sites\/8\/2018\/02\/IMG-20180208-WA0011.jpg 150w, https:\/\/cloud.alqueria.es\/wp-content\/uploads\/sites\/8\/2018\/02\/IMG-20180208-WA0011.jpg 576w, https:\/\/cloud.alqueria.es\/wp-content\/uploads\/sites\/8\/2018\/02\/IMG-20180208-WA0011.jpg 308w, https:\/\/cloud.alqueria.es\/wp-content\/uploads\/sites\/8\/2018\/02\/IMG-20180208-WA0011.jpg 462w\" width=\"154\" height=\"154\" loading=\"lazy\" data-original-width=\"154\" data-original-height=\"154\" itemprop=\"http:\/\/schema.org\/image\" title=\"IMG-20180208-WA0011\" alt=\"IMG-20180208-WA0011\" style=\"width: 154px; height: 154px;\" \/> <\/a> <\/div> <\/div> <div class=\"gallery-group\" style=\"width: 158px; height: 158px;\" data-original-width=\"158\" data-original-height=\"158\" > <div class=\"tiled-gallery-item \" itemprop=\"associatedMedia\" itemscope itemtype=\"http:\/\/schema.org\/ImageObject\"> <a href=\"https:\/\/www.alqueria.es\/blogs\/alqueriarojaverde\/2018\/02\/10\/se-acerca-el-carnaval\/img-20180208-wa0012\/\" border=\"0\" itemprop=\"url\"> <meta itemprop=\"width\" content=\"154\"> <meta itemprop=\"height\" content=\"154\"> <img decoding=\"async\" class=\"\" data-attachment-id=\"16796\" data-orig-file=\"https:\/\/cloud.alqueria.es\/wp-content\/uploads\/sites\/8\/2018\/02\/IMG-20180208-WA0012.jpg\" data-orig-size=\"1024,576\" data-comments-opened=\"1\" data-image-meta=\"{&quot;aperture&quot;:&quot;0&quot;,&quot;credit&quot;:&quot;&quot;,&quot;camera&quot;:&quot;&quot;,&quot;caption&quot;:&quot;&quot;,&quot;created_timestamp&quot;:&quot;0&quot;,&quot;copyright&quot;:&quot;&quot;,&quot;focal_length&quot;:&quot;0&quot;,&quot;iso&quot;:&quot;0&quot;,&quot;shutter_speed&quot;:&quot;0&quot;,&quot;title&quot;:&quot;&quot;,&quot;orientation&quot;:&quot;0&quot;}\" data-image-title=\"IMG-20180208-WA0012\" data-image-description=\"\" data-medium-file=\"https:\/\/i0.wp.com\/cloud.alqueria.es\/wp-content\/uploads\/sites\/8\/2018\/02\/IMG-20180208-WA0012.jpg?fit=300%2C169&#038;ssl=1\" data-large-file=\"https:\/\/i0.wp.com\/cloud.alqueria.es\/wp-content\/uploads\/sites\/8\/2018\/02\/IMG-20180208-WA0012.jpg?fit=474%2C267&#038;ssl=1\" src=\"https:\/\/i0.wp.com\/cloud.alqueria.es\/wp-content\/uploads\/sites\/8\/2018\/02\/IMG-20180208-WA0012.jpg?w=154&#038;h=154&#038;crop=1&#038;ssl=1\" srcset=\"https:\/\/cloud.alqueria.es\/wp-content\/uploads\/sites\/8\/2018\/02\/IMG-20180208-WA0012.jpg 150w, https:\/\/cloud.alqueria.es\/wp-content\/uploads\/sites\/8\/2018\/02\/IMG-20180208-WA0012.jpg 308w, https:\/\/cloud.alqueria.es\/wp-content\/uploads\/sites\/8\/2018\/02\/IMG-20180208-WA0012.jpg 462w\" width=\"154\" height=\"154\" loading=\"lazy\" data-original-width=\"154\" data-original-height=\"154\" itemprop=\"http:\/\/schema.org\/image\" title=\"IMG-20180208-WA0012\" alt=\"IMG-20180208-WA0012\" style=\"width: 154px; height: 154px;\" \/> <\/a> <\/div> <\/div> <div class=\"gallery-group\" style=\"width: 158px; height: 158px;\" data-original-width=\"158\" data-original-height=\"158\" > <div class=\"tiled-gallery-item \" itemprop=\"associatedMedia\" itemscope itemtype=\"http:\/\/schema.org\/ImageObject\"> <a href=\"https:\/\/www.alqueria.es\/blogs\/alqueriarojaverde\/2018\/02\/10\/se-acerca-el-carnaval\/img-20180208-wa0013\/\" border=\"0\" itemprop=\"url\"> <meta itemprop=\"width\" content=\"154\"> <meta itemprop=\"height\" content=\"154\"> <img decoding=\"async\" class=\"\" data-attachment-id=\"16797\" data-orig-file=\"https:\/\/cloud.alqueria.es\/wp-content\/uploads\/sites\/8\/2018\/02\/IMG-20180208-WA0013.jpg\" data-orig-size=\"1024,576\" data-comments-opened=\"1\" data-image-meta=\"{&quot;aperture&quot;:&quot;0&quot;,&quot;credit&quot;:&quot;&quot;,&quot;camera&quot;:&quot;&quot;,&quot;caption&quot;:&quot;&quot;,&quot;created_timestamp&quot;:&quot;0&quot;,&quot;copyright&quot;:&quot;&quot;,&quot;focal_length&quot;:&quot;0&quot;,&quot;iso&quot;:&quot;0&quot;,&quot;shutter_speed&quot;:&quot;0&quot;,&quot;title&quot;:&quot;&quot;,&quot;orientation&quot;:&quot;0&quot;}\" data-image-title=\"IMG-20180208-WA0013\" data-image-description=\"\" data-medium-file=\"https:\/\/i0.wp.com\/cloud.alqueria.es\/wp-content\/uploads\/sites\/8\/2018\/02\/IMG-20180208-WA0013.jpg?fit=300%2C169&#038;ssl=1\" data-large-file=\"https:\/\/i0.wp.com\/cloud.alqueria.es\/wp-content\/uploads\/sites\/8\/2018\/02\/IMG-20180208-WA0013.jpg?fit=474%2C267&#038;ssl=1\" src=\"https:\/\/i0.wp.com\/cloud.alqueria.es\/wp-content\/uploads\/sites\/8\/2018\/02\/IMG-20180208-WA0013.jpg?w=154&#038;h=154&#038;crop=1&#038;ssl=1\" srcset=\"https:\/\/cloud.alqueria.es\/wp-content\/uploads\/sites\/8\/2018\/02\/IMG-20180208-WA0013.jpg 150w, https:\/\/cloud.alqueria.es\/wp-content\/uploads\/sites\/8\/2018\/02\/IMG-20180208-WA0013.jpg 308w, https:\/\/cloud.alqueria.es\/wp-content\/uploads\/sites\/8\/2018\/02\/IMG-20180208-WA0013.jpg 462w\" width=\"154\" height=\"154\" loading=\"lazy\" data-original-width=\"154\" data-original-height=\"154\" itemprop=\"http:\/\/schema.org\/image\" title=\"IMG-20180208-WA0013\" alt=\"IMG-20180208-WA0013\" style=\"width: 154px; height: 154px;\" \/> <\/a> <\/div> <\/div> <\/div> <\/div>\n<ul>\n<li>Durante la tarde cooperativa del viernes nos reunimos todos en el huerto del cole para plantar una aloe-veras peque\u00f1itas que nos ha tra\u00eddo Charito y que vamos a cuidar hasta que llegue la hora de nuestro vivero.<\/li>\n<\/ul>\n<p class=\"jetpack-slideshow-noscript robots-nocontent\">El pase de diapositivas requiere JavaScript.<\/p><div id=\"gallery-16778-2-slideshow\" class=\"jetpack-slideshow-window jetpack-slideshow jetpack-slideshow-black\" data-trans=\"fade\" data-autostart=\"1\" data-gallery=\"[{&quot;src&quot;:&quot;https:\\\/\\\/i0.wp.com\\\/cloud.alqueria.es\\\/wp-content\\\/uploads\\\/sites\\\/8\\\/2018\\\/02\\\/20180209_152450.jpg?fit=1024%2C576\\u0026ssl=1&quot;,&quot;id&quot;:&quot;16799&quot;,&quot;title&quot;:&quot;20180209_152450&quot;,&quot;alt&quot;:&quot;&quot;,&quot;caption&quot;:&quot;&quot;,&quot;itemprop&quot;:&quot;image&quot;},{&quot;src&quot;:&quot;https:\\\/\\\/i0.wp.com\\\/cloud.alqueria.es\\\/wp-content\\\/uploads\\\/sites\\\/8\\\/2018\\\/02\\\/20180209_152543.jpg?fit=1024%2C576\\u0026ssl=1&quot;,&quot;id&quot;:&quot;16800&quot;,&quot;title&quot;:&quot;20180209_152543&quot;,&quot;alt&quot;:&quot;&quot;,&quot;caption&quot;:&quot;&quot;,&quot;itemprop&quot;:&quot;image&quot;},{&quot;src&quot;:&quot;https:\\\/\\\/i0.wp.com\\\/cloud.alqueria.es\\\/wp-content\\\/uploads\\\/sites\\\/8\\\/2018\\\/02\\\/20180209_152748.jpg?fit=1024%2C576\\u0026ssl=1&quot;,&quot;id&quot;:&quot;16801&quot;,&quot;title&quot;:&quot;20180209_152748&quot;,&quot;alt&quot;:&quot;&quot;,&quot;caption&quot;:&quot;&quot;,&quot;itemprop&quot;:&quot;image&quot;},{&quot;src&quot;:&quot;https:\\\/\\\/i0.wp.com\\\/cloud.alqueria.es\\\/wp-content\\\/uploads\\\/sites\\\/8\\\/2018\\\/02\\\/20180209_153433.jpg?fit=1024%2C576\\u0026ssl=1&quot;,&quot;id&quot;:&quot;16802&quot;,&quot;title&quot;:&quot;20180209_153433&quot;,&quot;alt&quot;:&quot;&quot;,&quot;caption&quot;:&quot;&quot;,&quot;itemprop&quot;:&quot;image&quot;},{&quot;src&quot;:&quot;https:\\\/\\\/i0.wp.com\\\/cloud.alqueria.es\\\/wp-content\\\/uploads\\\/sites\\\/8\\\/2018\\\/02\\\/20180209_153459.jpg?fit=1024%2C576\\u0026ssl=1&quot;,&quot;id&quot;:&quot;16803&quot;,&quot;title&quot;:&quot;20180209_153459&quot;,&quot;alt&quot;:&quot;&quot;,&quot;caption&quot;:&quot;&quot;,&quot;itemprop&quot;:&quot;image&quot;}]\" itemscope itemtype=\"https:\/\/schema.org\/ImageGallery\"><\/div>\n<ul>\n<li>Tambi\u00e9n hemos colgado en el tabl\u00f3n general del pasillo nuestro cartel anunciador de la Fiesta de Carnaval (que ser\u00e1 el pr\u00f3ximo viernes a partir de las 16:00h). Naranjas y verdes han colgado sus m\u00e1scaras tribales y sus sombreros locos. Los rojitos dedicaremos la ma\u00f1ana del lunes a decorar nuestros antifaces antes de colgarlos y colaborar as\u00ed tambi\u00e9n con la decoraci\u00f3n general de la fiesta.<\/li>\n<\/ul>\n<p><img data-recalc-dims=\"1\" decoding=\"async\" data-attachment-id=\"16809\" data-permalink=\"https:\/\/www.alqueria.es\/blogs\/alqueriarojaverde\/2018\/02\/10\/se-acerca-el-carnaval\/carnaval_2017\/\" data-orig-file=\"https:\/\/i0.wp.com\/cloud.alqueria.es\/wp-content\/uploads\/sites\/8\/2018\/02\/carnaval_2017.jpg?fit=535%2C240&amp;ssl=1\" data-orig-size=\"535,240\" data-comments-opened=\"1\" data-image-meta=\"{&quot;aperture&quot;:&quot;0&quot;,&quot;credit&quot;:&quot;&quot;,&quot;camera&quot;:&quot;&quot;,&quot;caption&quot;:&quot;&quot;,&quot;created_timestamp&quot;:&quot;0&quot;,&quot;copyright&quot;:&quot;&quot;,&quot;focal_length&quot;:&quot;0&quot;,&quot;iso&quot;:&quot;0&quot;,&quot;shutter_speed&quot;:&quot;0&quot;,&quot;title&quot;:&quot;&quot;,&quot;orientation&quot;:&quot;0&quot;}\" data-image-title=\"carnaval_2017\" data-image-description=\"\" data-image-caption=\"\" data-large-file=\"https:\/\/i0.wp.com\/cloud.alqueria.es\/wp-content\/uploads\/sites\/8\/2018\/02\/carnaval_2017.jpg?fit=474%2C213&amp;ssl=1\" class=\"aligncenter size-medium wp-image-16809\" src=\"https:\/\/i0.wp.com\/cloud.alqueria.es\/wp-content\/uploads\/sites\/8\/2018\/02\/carnaval_2017.jpg?resize=300%2C135&#038;ssl=1\" alt=\"\" width=\"300\" height=\"135\" srcset=\"https:\/\/cloud.alqueria.es\/wp-content\/uploads\/sites\/8\/2018\/02\/carnaval_2017.jpg 535w, https:\/\/cloud.alqueria.es\/wp-content\/uploads\/sites\/8\/2018\/02\/carnaval_2017.jpg 300w\" sizes=\"(max-width: 300px) 100vw, 300px\" \/><\/p>\n<p>Buen fin de semana , Loli G\u00e1lvez<\/p>\n<p>&nbsp;<\/p>\n","protected":false},"excerpt":{"rendered":"<p>Estamos a solamente una semana de una de las fiestas m\u00e1s coloridas de nuestro cole, \u00abEl carnaval\u00bb. Llevamos m\u00e1s de una semana ensayando nuestra chirigota, pero creo que las estrofas son muy parecidas y a \u00ablos rojitos\u00bb les est\u00e1 costando un poco aprenderla. Tras pensarlo un poco, pens\u00e9 que la soluci\u00f3n quiz\u00e1 estaba en ayudarlos &hellip; <a href=\"https:\/\/www.alqueria.es\/blogs\/alqueriarojaverde\/2018\/02\/10\/se-acerca-el-carnaval\/\" class=\"more-link\">Seguir leyendo <span class=\"screen-reader-text\">Se acerca el carnaval<\/span> <span class=\"meta-nav\">&rarr;<\/span><\/a><\/p>\n","protected":false},"author":19,"featured_media":0,"comment_status":"open","ping_status":"open","sticky":false,"template":"","format":"standard","meta":{"jetpack_post_was_ever_published":false,"_jetpack_newsletter_access":"","_jetpack_dont_email_post_to_subs":false,"_jetpack_newsletter_tier_id":0,"_jetpack_memberships_contains_paywalled_content":false,"_jetpack_memberships_contains_paid_content":false,"footnotes":"","jetpack_publicize_message":"","jetpack_publicize_feature_enabled":true,"jetpack_social_post_already_shared":true,"jetpack_social_options":{"image_generator_settings":{"template":"highway","default_image_id":0,"font":"","enabled":false},"version":2}},"categories":[6],"tags":[88,212,248],"class_list":["post-16778","post","type-post","status-publish","format-standard","hentry","category-clase-roja-4-5-anos","tag-fiesta-de-carnaval","tag-metodo-de-propuestas","tag-salida-a-la-vega"],"jetpack_publicize_connections":[],"jetpack_featured_media_url":"","jetpack_sharing_enabled":true,"jetpack_shortlink":"https:\/\/wp.me\/p4lFbP-4mC","_links":{"self":[{"href":"https:\/\/www.alqueria.es\/blogs\/alqueriarojaverde\/wp-json\/wp\/v2\/posts\/16778","targetHints":{"allow":["GET"]}}],"collection":[{"href":"https:\/\/www.alqueria.es\/blogs\/alqueriarojaverde\/wp-json\/wp\/v2\/posts"}],"about":[{"href":"https:\/\/www.alqueria.es\/blogs\/alqueriarojaverde\/wp-json\/wp\/v2\/types\/post"}],"author":[{"embeddable":true,"href":"https:\/\/www.alqueria.es\/blogs\/alqueriarojaverde\/wp-json\/wp\/v2\/users\/19"}],"replies":[{"embeddable":true,"href":"https:\/\/www.alqueria.es\/blogs\/alqueriarojaverde\/wp-json\/wp\/v2\/comments?post=16778"}],"version-history":[{"count":0,"href":"https:\/\/www.alqueria.es\/blogs\/alqueriarojaverde\/wp-json\/wp\/v2\/posts\/16778\/revisions"}],"wp:attachment":[{"href":"https:\/\/www.alqueria.es\/blogs\/alqueriarojaverde\/wp-json\/wp\/v2\/media?parent=16778"}],"wp:term":[{"taxonomy":"category","embeddable":true,"href":"https:\/\/www.alqueria.es\/blogs\/alqueriarojaverde\/wp-json\/wp\/v2\/categories?post=16778"},{"taxonomy":"post_tag","embeddable":true,"href":"https:\/\/www.alqueria.es\/blogs\/alqueriarojaverde\/wp-json\/wp\/v2\/tags?post=16778"}],"curies":[{"name":"wp","href":"https:\/\/api.w.org\/{rel}","templated":true}]}}