{"id":16819,"date":"2018-02-12T15:47:40","date_gmt":"2018-02-12T14:47:40","guid":{"rendered":"https:\/\/www.alqueria.es\/blogs\/alqueriarojaverde\/?p=16819"},"modified":"2018-02-12T15:47:40","modified_gmt":"2018-02-12T14:47:40","slug":"preparando-el-carnaval","status":"publish","type":"post","link":"https:\/\/www.alqueria.es\/blogs\/alqueriarojaverde\/2018\/02\/12\/preparando-el-carnaval\/","title":{"rendered":"\u00a1Preparando el Carnaval!"},"content":{"rendered":"<p><img data-recalc-dims=\"1\" decoding=\"async\" data-attachment-id=\"16773\" data-permalink=\"https:\/\/www.alqueria.es\/blogs\/alqueriarojaverde\/2018\/02\/09\/coeducacion\/dia-de-la-muejr-ciencia\/\" data-orig-file=\"https:\/\/i0.wp.com\/cloud.alqueria.es\/wp-content\/uploads\/sites\/8\/2018\/02\/d%C3%ADa-de-la-muejr-ciencia.png?fit=780%2C350&amp;ssl=1\" data-orig-size=\"780,350\" data-comments-opened=\"1\" data-image-meta=\"{&quot;aperture&quot;:&quot;0&quot;,&quot;credit&quot;:&quot;&quot;,&quot;camera&quot;:&quot;&quot;,&quot;caption&quot;:&quot;&quot;,&quot;created_timestamp&quot;:&quot;0&quot;,&quot;copyright&quot;:&quot;&quot;,&quot;focal_length&quot;:&quot;0&quot;,&quot;iso&quot;:&quot;0&quot;,&quot;shutter_speed&quot;:&quot;0&quot;,&quot;title&quot;:&quot;&quot;,&quot;orientation&quot;:&quot;0&quot;}\" data-image-title=\"d\u00eda-de-la-muejr-ciencia\" data-image-description=\"\" data-image-caption=\"\" data-large-file=\"https:\/\/i0.wp.com\/cloud.alqueria.es\/wp-content\/uploads\/sites\/8\/2018\/02\/d%C3%ADa-de-la-muejr-ciencia.png?fit=474%2C213&amp;ssl=1\" class=\"alignleft wp-image-16773 size-medium\" src=\"https:\/\/i0.wp.com\/cloud.alqueria.es\/wp-content\/uploads\/sites\/8\/2018\/02\/d%C3%ADa-de-la-muejr-ciencia.png?resize=300%2C135&#038;ssl=1\" alt=\"\" width=\"300\" height=\"135\" srcset=\"https:\/\/cloud.alqueria.es\/wp-content\/uploads\/sites\/8\/2018\/02\/d%C3%ADa-de-la-muejr-ciencia.png 780w, https:\/\/cloud.alqueria.es\/wp-content\/uploads\/sites\/8\/2018\/02\/d%C3%ADa-de-la-muejr-ciencia.png 300w, https:\/\/cloud.alqueria.es\/wp-content\/uploads\/sites\/8\/2018\/02\/d%C3%ADa-de-la-muejr-ciencia.png 768w\" sizes=\"(max-width: 300px) 100vw, 300px\" \/>Ayer se celebr\u00f3 el <em><strong><span style=\"color: #0000ff\">d\u00eda Internacional de la mujer y la ni\u00f1a en la Ciencia,\u00a0<\/span><\/strong><\/em>as\u00ed que esta ma\u00f1ana en la asamblea cambiamos nuestra tradicional \u00abcharla\u00bb a cerca de lo que hemos hecho el fin de semana, por un recordatorio de aquellas experiencias que a lo largo de nuestra andadura en Infantil, hemos llevado a cabo en torno a la Ciencia. Os sorprender\u00eda la cantidad de actividades que han recordado y el detalle con que las han narrado. Tenemos oportunidad de ver el v\u00eddeo que la UGR ha lanzado, en relaci\u00f3n a este tema, en el que somos parte protagonista, y que hemos compartido a trav\u00e9s de nuestro facebook.<\/p>\n<div class=\"fb-video\" data-allowfullscreen=\"true\" data-href=\"https:\/\/www.facebook.com\/universidadgranada\/videos\/1890193427680150\/\" style=\"background-color: #fff; display: inline-block;\"><\/div>\n<p>Os animo a extender vuestra colaboraci\u00f3n, formando parte de nuestra comunidad en facebook. El que compart\u00e1is nuestras publicaciones contribuye a una mayor difusi\u00f3n de nuestro proyecto, llegando a un sector de la poblaci\u00f3n que a\u00fan no lo conoce. Este a\u00f1o 2018, celebramos nuestro 40 aniversario como proyecto educativo referente en la ciudad de Granada, y vosotros form\u00e1is parte de \u00e9l. <strong><span style=\"color: #ff00ff\">\u00a1Gracias por elegirnos!<\/span><\/strong><\/p>\n<p><img data-recalc-dims=\"1\" decoding=\"async\" data-attachment-id=\"16821\" data-permalink=\"https:\/\/www.alqueria.es\/blogs\/alqueriarojaverde\/2018\/02\/12\/preparando-el-carnaval\/antifaz-manos-127\/\" data-orig-file=\"https:\/\/i0.wp.com\/cloud.alqueria.es\/wp-content\/uploads\/sites\/8\/2018\/02\/antifaz-manos-127.jpg?fit=454%2C287&amp;ssl=1\" data-orig-size=\"454,287\" data-comments-opened=\"1\" data-image-meta=\"{&quot;aperture&quot;:&quot;0&quot;,&quot;credit&quot;:&quot;&quot;,&quot;camera&quot;:&quot;&quot;,&quot;caption&quot;:&quot;&quot;,&quot;created_timestamp&quot;:&quot;0&quot;,&quot;copyright&quot;:&quot;&quot;,&quot;focal_length&quot;:&quot;0&quot;,&quot;iso&quot;:&quot;0&quot;,&quot;shutter_speed&quot;:&quot;0&quot;,&quot;title&quot;:&quot;&quot;,&quot;orientation&quot;:&quot;0&quot;}\" data-image-title=\"antifaz-manos-127\" data-image-description=\"\" data-image-caption=\"\" data-large-file=\"https:\/\/i0.wp.com\/cloud.alqueria.es\/wp-content\/uploads\/sites\/8\/2018\/02\/antifaz-manos-127.jpg?fit=454%2C287&amp;ssl=1\" class=\"alignleft size-medium wp-image-16821\" src=\"https:\/\/i0.wp.com\/cloud.alqueria.es\/wp-content\/uploads\/sites\/8\/2018\/02\/antifaz-manos-127.jpg?resize=300%2C190&#038;ssl=1\" alt=\"\" width=\"300\" height=\"190\" srcset=\"https:\/\/cloud.alqueria.es\/wp-content\/uploads\/sites\/8\/2018\/02\/antifaz-manos-127.jpg 454w, https:\/\/cloud.alqueria.es\/wp-content\/uploads\/sites\/8\/2018\/02\/antifaz-manos-127.jpg 300w\" sizes=\"(max-width: 300px) 100vw, 300px\" \/>A lo largo de la ma\u00f1ana hemos combinado el<em><strong><span style=\"color: #008000\"> juego libre,<\/span><\/strong><\/em> en el que las propuestas que han prevalecido han sido <strong><span style=\"color: #000000\">coches y disfraces<\/span><\/strong>, con un<em><strong><span style=\"color: #008000\"> taller creativo carnavalesco.<\/span><\/strong><\/em><\/p>\n<p>Por peque\u00f1os grupos han ido pasando al taller, en el que han plasmado las siluetas de sus manos (trabajando la simetr\u00eda) y punteando su contorno, para obtener unos sencillos antifaces. En sesiones posteriores les incluiremos la decoraci\u00f3n.<\/p>\n<p>Los ensayos de la chirigota ya nos salen genial, incluso una peque\u00f1\u00edsima coreograf\u00eda han incluido. \u00a1A ver el d\u00eda en cuesti\u00f3n! que ya sab\u00e9is que el miedo esc\u00e9nico&#8230;.<\/p>\n<p><strong><span style=\"color: #ff0000\">NOTAS:<\/span><\/strong><\/p>\n<ol>\n<li>El <strong>mi\u00e9rcoles <\/strong>tendremos clase de<em><strong><span style=\"color: #000000\"> Educaci\u00f3n F\u00edsica<\/span><\/strong><\/em>, ya que el viernes no hay especialistas debido a la fiesta del Carnaval.<\/li>\n<li>El <strong>jueves<\/strong> tendremos un <strong><em><span style=\"color: #000000\">taller de cocina<\/span><\/em><\/strong>, cuyo resultado degustaremos el d\u00eda de la fiesta. Si alguien se anima a deleitarnos con alguna delicatessen&#8230;, en el Oto\u00f1o os quedaron buen\u00edsimas.<\/li>\n<li>La comunicaci\u00f3n que hab\u00e9is recibido por mail, en torno a la celebraci\u00f3n de la Semana Cultural, compete tan s\u00f3lo a la etapa de Primaria. Es una forma de que conozc\u00e1is las experiencias que se realizan en el centro. El viernes s\u00ed, nos incluiremos en la celebraci\u00f3n de la fiesta de Carnaval, cuya invitaci\u00f3n os llegar\u00e1 pr\u00f3ximamente por e-mail.<\/li>\n<\/ol>\n<p>\u00a1Hasta pronto!,<\/p>\n<p style=\"text-align: right\">Esther Justicia.<\/p>\n<p>&nbsp;<\/p>\n<p>&nbsp;<\/p>\n","protected":false},"excerpt":{"rendered":"<p>Ayer se celebr\u00f3 el d\u00eda Internacional de la mujer y la ni\u00f1a en la Ciencia,\u00a0as\u00ed que esta ma\u00f1ana en la asamblea cambiamos nuestra tradicional \u00abcharla\u00bb a cerca de lo que hemos hecho el fin de semana, por un recordatorio de aquellas experiencias que a lo largo de nuestra andadura en Infantil, hemos llevado a cabo &hellip; <a href=\"https:\/\/www.alqueria.es\/blogs\/alqueriarojaverde\/2018\/02\/12\/preparando-el-carnaval\/\" class=\"more-link\">Seguir leyendo <span class=\"screen-reader-text\">\u00a1Preparando el Carnaval!<\/span> <span class=\"meta-nav\">&rarr;<\/span><\/a><\/p>\n","protected":false},"author":19,"featured_media":0,"comment_status":"open","ping_status":"open","sticky":false,"template":"","format":"standard","meta":{"jetpack_post_was_ever_published":false,"_jetpack_newsletter_access":"","_jetpack_dont_email_post_to_subs":false,"_jetpack_newsletter_tier_id":0,"_jetpack_memberships_contains_paywalled_content":false,"_jetpack_memberships_contains_paid_content":false,"footnotes":"","jetpack_publicize_message":"","jetpack_publicize_feature_enabled":true,"jetpack_social_post_already_shared":true,"jetpack_social_options":{"image_generator_settings":{"template":"highway","default_image_id":0,"font":"","enabled":false},"version":2}},"categories":[7,13],"tags":[352,348],"class_list":["post-16819","post","type-post","status-publish","format-standard","hentry","category-clase-verde-5-6-anos","category-inicio","tag-antifaces-de-carnaval","tag-dia-internacional-de-la-mujer-y-la-nina-en-la-ciencia"],"jetpack_publicize_connections":[],"jetpack_featured_media_url":"","jetpack_sharing_enabled":true,"jetpack_shortlink":"https:\/\/wp.me\/p4lFbP-4nh","_links":{"self":[{"href":"https:\/\/www.alqueria.es\/blogs\/alqueriarojaverde\/wp-json\/wp\/v2\/posts\/16819","targetHints":{"allow":["GET"]}}],"collection":[{"href":"https:\/\/www.alqueria.es\/blogs\/alqueriarojaverde\/wp-json\/wp\/v2\/posts"}],"about":[{"href":"https:\/\/www.alqueria.es\/blogs\/alqueriarojaverde\/wp-json\/wp\/v2\/types\/post"}],"author":[{"embeddable":true,"href":"https:\/\/www.alqueria.es\/blogs\/alqueriarojaverde\/wp-json\/wp\/v2\/users\/19"}],"replies":[{"embeddable":true,"href":"https:\/\/www.alqueria.es\/blogs\/alqueriarojaverde\/wp-json\/wp\/v2\/comments?post=16819"}],"version-history":[{"count":0,"href":"https:\/\/www.alqueria.es\/blogs\/alqueriarojaverde\/wp-json\/wp\/v2\/posts\/16819\/revisions"}],"wp:attachment":[{"href":"https:\/\/www.alqueria.es\/blogs\/alqueriarojaverde\/wp-json\/wp\/v2\/media?parent=16819"}],"wp:term":[{"taxonomy":"category","embeddable":true,"href":"https:\/\/www.alqueria.es\/blogs\/alqueriarojaverde\/wp-json\/wp\/v2\/categories?post=16819"},{"taxonomy":"post_tag","embeddable":true,"href":"https:\/\/www.alqueria.es\/blogs\/alqueriarojaverde\/wp-json\/wp\/v2\/tags?post=16819"}],"curies":[{"name":"wp","href":"https:\/\/api.w.org\/{rel}","templated":true}]}}