{"id":16919,"date":"2018-02-19T16:08:50","date_gmt":"2018-02-19T15:08:50","guid":{"rendered":"https:\/\/www.alqueria.es\/blogs\/alqueriarojaverde\/?p=16919"},"modified":"2018-02-19T16:08:50","modified_gmt":"2018-02-19T15:08:50","slug":"fiesta-de-carnaval-pepi-y-los-019","status":"publish","type":"post","link":"https:\/\/www.alqueria.es\/blogs\/alqueriarojaverde\/2018\/02\/19\/fiesta-de-carnaval-pepi-y-los-019\/","title":{"rendered":"FIESTA DE CARNAVAL: \u00abPEPI Y LOS 019\u00bb"},"content":{"rendered":"<p><img data-recalc-dims=\"1\" decoding=\"async\" data-attachment-id=\"16921\" data-permalink=\"https:\/\/www.alqueria.es\/blogs\/alqueriarojaverde\/2018\/02\/19\/fiesta-de-carnaval-pepi-y-los-019\/carnaval-10\/\" data-orig-file=\"https:\/\/i0.wp.com\/cloud.alqueria.es\/wp-content\/uploads\/sites\/8\/2018\/02\/carnaval.jpg?fit=1024%2C553&amp;ssl=1\" data-orig-size=\"1024,553\" data-comments-opened=\"1\" data-image-meta=\"{&quot;aperture&quot;:&quot;0&quot;,&quot;credit&quot;:&quot;&quot;,&quot;camera&quot;:&quot;&quot;,&quot;caption&quot;:&quot;&quot;,&quot;created_timestamp&quot;:&quot;0&quot;,&quot;copyright&quot;:&quot;&quot;,&quot;focal_length&quot;:&quot;0&quot;,&quot;iso&quot;:&quot;0&quot;,&quot;shutter_speed&quot;:&quot;0&quot;,&quot;title&quot;:&quot;&quot;,&quot;orientation&quot;:&quot;0&quot;}\" data-image-title=\"carnaval\" data-image-description=\"\" data-image-caption=\"\" data-large-file=\"https:\/\/i0.wp.com\/cloud.alqueria.es\/wp-content\/uploads\/sites\/8\/2018\/02\/carnaval.jpg?fit=474%2C256&amp;ssl=1\" class=\"alignleft size-medium wp-image-16921\" src=\"https:\/\/i0.wp.com\/cloud.alqueria.es\/wp-content\/uploads\/sites\/8\/2018\/02\/carnaval.jpg?resize=300%2C162&#038;ssl=1\" alt=\"\" width=\"300\" height=\"162\" srcset=\"https:\/\/cloud.alqueria.es\/wp-content\/uploads\/sites\/8\/2018\/02\/carnaval.jpg 1024w, https:\/\/cloud.alqueria.es\/wp-content\/uploads\/sites\/8\/2018\/02\/carnaval.jpg 300w, https:\/\/cloud.alqueria.es\/wp-content\/uploads\/sites\/8\/2018\/02\/carnaval.jpg 768w, https:\/\/cloud.alqueria.es\/wp-content\/uploads\/sites\/8\/2018\/02\/carnaval.jpg 948w\" sizes=\"(max-width: 300px) 100vw, 300px\" \/>El pasado viernes celebramos nuestra fiesta de Carnaval. Desde primera hora estaban plet\u00f3ricos\/as ense\u00f1\u00e1ndose sus disfraces. Tuvimos s\u00faper-h\u00e9roes, princesas, dinosaurios, brujas, abuelas y un sinf\u00edn de caracterizaciones m\u00e1s, a cual de ellas m\u00e1s bonita y espectacular.<\/p>\n<p>Tras la primera toma de contacto, nos hicimos unas cuantas fotos para el recuerdo y nos fuimos a visitar a nuestros compis del ciclo 0-3 a\u00f1os. All\u00ed cantamos nuestras chirigotas de clase e intercambiamos impresiones de c\u00f3mo iba cada uno\/a.<\/p>\n<p>Alrededor de la las 11.00 horas, y tras haber repuesto energ\u00edas con la fruta de media ma\u00f1ana, comenz\u00f3 el pasacalles, en el que particip\u00f3 todo el centro. Despu\u00e9s nos dispusimos a escuchar cada una de las chirigotas que las distintas clases hab\u00eda preparado. Recibimos una ovaci\u00f3n enorme, que nos produjo una satisfacci\u00f3n tremenda. Fue la recompensa a tantos ensayos y estaban orgullosos.<\/p>\n<p>Antes del almuerzo, decidimos quitarnos aquellos abalorios o complementos que nos dificultaban la movilidad para el juego en el patio o que pod\u00edan perderse o deteriorarse.<\/p>\n<p>Por la tarde, antes de la hora fijada para que viniesen las familias, volvimos a componer nuestros disfraces y tomamos un poquito de torta, para aguantar bien hasta el final de las actuaciones.<\/p>\n<p>Os dejo una cr\u00f3nica fotogr\u00e1fica de la jornada y la grabaci\u00f3n de la puesta en escena de la ma\u00f1ana, ya que Cayetana no puedo acompa\u00f1arnos por la tarde.<\/p>\n<div class=\"embed-vimeo\" style=\"text-align: center;\"><div class=\"a25-CTUOC-hidding-box\" data-original-content=\"&lt;iframe loading=&quot;lazy&quot; src=&quot;https:\/\/player.vimeo.com\/video\/256333636&quot; width=&quot;640&quot; height=&quot;360&quot; frameborder=&quot;0&quot; webkitallowfullscreen mozallowfullscreen allowfullscreen&gt;&lt;\/iframe&gt;\">Esta p\u00e1gina incluye contenido multimedia que requiere aceptar todas las cookies. Pulse aqu\u00ed para abrir la configuraci\u00f3n de cookies.<\/div><\/div>\n<p>No me queda m\u00e1s que agradeceros vuestra participaci\u00f3n en la fiesta y felicitaros por la imaginaci\u00f3n a la hora de los disfraces.<\/p>\n<p>Hoy lunes hemos realizado un dibujo, con acuarela, de cada uno\/a de nosotros con el disfraz. Por la tarde lo intentamos con el modelado de plastilina.<\/p>\n<p><img data-recalc-dims=\"1\" decoding=\"async\" data-attachment-id=\"16935\" data-permalink=\"https:\/\/www.alqueria.es\/blogs\/alqueriarojaverde\/2018\/02\/19\/fiesta-de-carnaval-pepi-y-los-019\/img_1365-2\/\" data-orig-file=\"https:\/\/i0.wp.com\/cloud.alqueria.es\/wp-content\/uploads\/sites\/8\/2018\/02\/IMG_1365.jpg?fit=1024%2C768&amp;ssl=1\" data-orig-size=\"1024,768\" data-comments-opened=\"1\" data-image-meta=\"{&quot;aperture&quot;:&quot;0&quot;,&quot;credit&quot;:&quot;&quot;,&quot;camera&quot;:&quot;&quot;,&quot;caption&quot;:&quot;&quot;,&quot;created_timestamp&quot;:&quot;0&quot;,&quot;copyright&quot;:&quot;&quot;,&quot;focal_length&quot;:&quot;0&quot;,&quot;iso&quot;:&quot;0&quot;,&quot;shutter_speed&quot;:&quot;0&quot;,&quot;title&quot;:&quot;&quot;,&quot;orientation&quot;:&quot;0&quot;}\" data-image-title=\"IMG_1365\" data-image-description=\"\" data-image-caption=\"\" data-large-file=\"https:\/\/i0.wp.com\/cloud.alqueria.es\/wp-content\/uploads\/sites\/8\/2018\/02\/IMG_1365.jpg?fit=474%2C356&amp;ssl=1\" class=\"aligncenter size-large wp-image-16935\" src=\"https:\/\/i0.wp.com\/cloud.alqueria.es\/wp-content\/uploads\/sites\/8\/2018\/02\/IMG_1365.jpg?resize=474%2C356&#038;ssl=1\" alt=\"\" width=\"474\" height=\"356\" srcset=\"https:\/\/cloud.alqueria.es\/wp-content\/uploads\/sites\/8\/2018\/02\/IMG_1365.jpg 1024w, https:\/\/cloud.alqueria.es\/wp-content\/uploads\/sites\/8\/2018\/02\/IMG_1365.jpg 300w, https:\/\/cloud.alqueria.es\/wp-content\/uploads\/sites\/8\/2018\/02\/IMG_1365.jpg 768w, https:\/\/cloud.alqueria.es\/wp-content\/uploads\/sites\/8\/2018\/02\/IMG_1365.jpg 948w\" sizes=\"(max-width: 474px) 100vw, 474px\" \/><\/p>\n<p>\u00a1Ma\u00f1ana experta!,<\/p>\n<p style=\"text-align: right\">Esther Justicia.<\/p>\n","protected":false},"excerpt":{"rendered":"<p>El pasado viernes celebramos nuestra fiesta de Carnaval. Desde primera hora estaban plet\u00f3ricos\/as ense\u00f1\u00e1ndose sus disfraces. Tuvimos s\u00faper-h\u00e9roes, princesas, dinosaurios, brujas, abuelas y un sinf\u00edn de caracterizaciones m\u00e1s, a cual de ellas m\u00e1s bonita y espectacular. Tras la primera toma de contacto, nos hicimos unas cuantas fotos para el recuerdo y nos fuimos a visitar &hellip; <a href=\"https:\/\/www.alqueria.es\/blogs\/alqueriarojaverde\/2018\/02\/19\/fiesta-de-carnaval-pepi-y-los-019\/\" class=\"more-link\">Seguir leyendo <span class=\"screen-reader-text\">FIESTA DE CARNAVAL: \u00abPEPI Y LOS 019\u00bb<\/span> <span class=\"meta-nav\">&rarr;<\/span><\/a><\/p>\n","protected":false},"author":19,"featured_media":0,"comment_status":"open","ping_status":"open","sticky":false,"template":"","format":"standard","meta":{"jetpack_post_was_ever_published":false,"_jetpack_newsletter_access":"","_jetpack_dont_email_post_to_subs":false,"_jetpack_newsletter_tier_id":0,"_jetpack_memberships_contains_paywalled_content":false,"_jetpack_memberships_contains_paid_content":false,"footnotes":"","jetpack_publicize_message":"","jetpack_publicize_feature_enabled":true,"jetpack_social_post_already_shared":true,"jetpack_social_options":{"image_generator_settings":{"template":"highway","default_image_id":0,"font":"","enabled":false},"version":2}},"categories":[7,13],"tags":[88],"class_list":["post-16919","post","type-post","status-publish","format-standard","hentry","category-clase-verde-5-6-anos","category-inicio","tag-fiesta-de-carnaval"],"jetpack_publicize_connections":[],"jetpack_featured_media_url":"","jetpack_sharing_enabled":true,"jetpack_shortlink":"https:\/\/wp.me\/p4lFbP-4oT","_links":{"self":[{"href":"https:\/\/www.alqueria.es\/blogs\/alqueriarojaverde\/wp-json\/wp\/v2\/posts\/16919","targetHints":{"allow":["GET"]}}],"collection":[{"href":"https:\/\/www.alqueria.es\/blogs\/alqueriarojaverde\/wp-json\/wp\/v2\/posts"}],"about":[{"href":"https:\/\/www.alqueria.es\/blogs\/alqueriarojaverde\/wp-json\/wp\/v2\/types\/post"}],"author":[{"embeddable":true,"href":"https:\/\/www.alqueria.es\/blogs\/alqueriarojaverde\/wp-json\/wp\/v2\/users\/19"}],"replies":[{"embeddable":true,"href":"https:\/\/www.alqueria.es\/blogs\/alqueriarojaverde\/wp-json\/wp\/v2\/comments?post=16919"}],"version-history":[{"count":0,"href":"https:\/\/www.alqueria.es\/blogs\/alqueriarojaverde\/wp-json\/wp\/v2\/posts\/16919\/revisions"}],"wp:attachment":[{"href":"https:\/\/www.alqueria.es\/blogs\/alqueriarojaverde\/wp-json\/wp\/v2\/media?parent=16919"}],"wp:term":[{"taxonomy":"category","embeddable":true,"href":"https:\/\/www.alqueria.es\/blogs\/alqueriarojaverde\/wp-json\/wp\/v2\/categories?post=16919"},{"taxonomy":"post_tag","embeddable":true,"href":"https:\/\/www.alqueria.es\/blogs\/alqueriarojaverde\/wp-json\/wp\/v2\/tags?post=16919"}],"curies":[{"name":"wp","href":"https:\/\/api.w.org\/{rel}","templated":true}]}}