{"id":16999,"date":"2018-02-25T14:34:47","date_gmt":"2018-02-25T13:34:47","guid":{"rendered":"https:\/\/www.alqueria.es\/blogs\/alqueriarojaverde\/?p=16999"},"modified":"2018-02-25T14:34:47","modified_gmt":"2018-02-25T13:34:47","slug":"parece-que-los-seres-fantasticos-se-van-a-apoderar-de-nuestra-clase","status":"publish","type":"post","link":"https:\/\/www.alqueria.es\/blogs\/alqueriarojaverde\/2018\/02\/25\/parece-que-los-seres-fantasticos-se-van-a-apoderar-de-nuestra-clase\/","title":{"rendered":"PARECE QUE \u00abLOS SERES FANT\u00c1STICOS\u00bb SE VAN A APODERAR DE NUESTRA CLASE"},"content":{"rendered":"<p><img data-recalc-dims=\"1\" decoding=\"async\" data-attachment-id=\"17034\" data-permalink=\"https:\/\/www.alqueria.es\/blogs\/alqueriarojaverde\/2018\/02\/25\/parece-que-los-seres-fantasticos-se-van-a-apoderar-de-nuestra-clase\/sirenas\/\" data-orig-file=\"https:\/\/i0.wp.com\/cloud.alqueria.es\/wp-content\/uploads\/sites\/8\/2018\/02\/sirenas.jpg?fit=600%2C598&amp;ssl=1\" data-orig-size=\"600,598\" data-comments-opened=\"1\" data-image-meta=\"{&quot;aperture&quot;:&quot;0&quot;,&quot;credit&quot;:&quot;&quot;,&quot;camera&quot;:&quot;&quot;,&quot;caption&quot;:&quot;&quot;,&quot;created_timestamp&quot;:&quot;0&quot;,&quot;copyright&quot;:&quot;&quot;,&quot;focal_length&quot;:&quot;0&quot;,&quot;iso&quot;:&quot;0&quot;,&quot;shutter_speed&quot;:&quot;0&quot;,&quot;title&quot;:&quot;&quot;,&quot;orientation&quot;:&quot;0&quot;}\" data-image-title=\"sirenas\" data-image-description=\"\" data-image-caption=\"\" data-large-file=\"https:\/\/i0.wp.com\/cloud.alqueria.es\/wp-content\/uploads\/sites\/8\/2018\/02\/sirenas.jpg?fit=474%2C472&amp;ssl=1\" class=\"alignleft wp-image-17034 size-medium\" src=\"https:\/\/i0.wp.com\/cloud.alqueria.es\/wp-content\/uploads\/sites\/8\/2018\/02\/sirenas.jpg?resize=300%2C300&#038;ssl=1\" alt=\"\" width=\"300\" height=\"300\" srcset=\"https:\/\/cloud.alqueria.es\/wp-content\/uploads\/sites\/8\/2018\/02\/sirenas.jpg 600w, https:\/\/cloud.alqueria.es\/wp-content\/uploads\/sites\/8\/2018\/02\/sirenas.jpg 150w, https:\/\/cloud.alqueria.es\/wp-content\/uploads\/sites\/8\/2018\/02\/sirenas.jpg 300w\" sizes=\"(max-width: 300px) 100vw, 300px\" \/><\/p>\n<p>Tras la conferencia de experto de M\u00eda, acerca de las sirenas, ten\u00edamos pendiente la lectura de un par de libros. \u00c9ste que os muestro y \u00abLa odisea para ni\u00f1os\u00bb. Pues bien, decidimos leer primero el de las Sirenas, ya que las im\u00e1genes en un principio les atra\u00edan m\u00e1s. A medida que les iba relatando la historia que conten\u00eda, sus caras iban cambiando de expresi\u00f3n. Ninguno esper\u00e1bamos el contenido tan \u00abmitol\u00f3gico\u00bb del mismo y much\u00edsimo menos el gran conocimiento de ese tema que algunos\/as demostraron. <span style=\"color: #3366ff\">En el texto aparec\u00edan personajes como los dragones, las Nereidas, las N\u00e1yades, el \u00a0mago Merl\u00edn, \u00a0el monstruo del lago Ness, los Unicornios, los Caballos alados (Pegaso), los Hipogrifos, la Hydra de Lerna, Medusa &#8230;\u00a0<\/span><\/p>\n<p>La tertulia que se gener\u00f3 fue de lo m\u00e1s interesante, algun@s hab\u00edan visto o le\u00eddo sobre H\u00e9rcules (Heracles en la antigua Grecia) y contaron cosas acerca de sus haza\u00f1as. Otr@s conoc\u00edan caracter\u00edsticas de algunos de los personajes fant\u00e1sticos que aparec\u00edan y contaban de qu\u00e9 los conoc\u00edan y c\u00f3mo eran. Los que escuchaban este tema por primera vez, atend\u00edan entusiasmados y formulaban preguntas acerca de aspectos que les generaba curiosidad. En fin, que lo que en principio fue planteado como una simple narraci\u00f3n en voz alta, gener\u00f3 una propuesta de juego en toda regla. No todos se incluyeron en la misma, alg\u00fan@s decidieron decantarse por los coches o los veterinarios.<\/p>\n<p>Les propuse que si quer\u00edan conocer algo m\u00e1s acerca de \u00abese mundo fant\u00e1stico\u00bb y aceptaron gustosos. As\u00ed que <span style=\"color: #3366ff\">la semana pr\u00f3xima nos visitar\u00e1 el grupo de 3\u00ba EPO para compartir con nosotros algunos datos curiosos.<\/span> <strong>\u00a1Creo que por ah\u00ed ir\u00e1 nuestra nueva propuesta!<\/strong><\/p>\n<p>La semana pasada tuvimos oportunidad de visitar los espectaculares trabajos que nuestros compa\u00f1eros y compa\u00f1eras de Primaria, hab\u00edan realizado en torno al tema de la <span style=\"color: #ff6600\">Geometr\u00eda<\/span> (para la Semana Cultural) y nos hab\u00edamos quedado con ganas de hacer algo relacionado. Pues bien, como estamos dispuestos a afrontar cualquier reto, Charito y yo les propusimos realizar una <strong><span style=\"color: #ff6600\">composici\u00f3n art\u00edstica<\/span><\/strong>, partiendo tan s\u00f3lo de rect\u00e1ngulos.<\/p>\n<p><img data-recalc-dims=\"1\" decoding=\"async\" data-attachment-id=\"17020\" data-permalink=\"https:\/\/www.alqueria.es\/blogs\/alqueriarojaverde\/2018\/02\/25\/parece-que-los-seres-fantasticos-se-van-a-apoderar-de-nuestra-clase\/img_1405-2\/\" data-orig-file=\"https:\/\/i0.wp.com\/cloud.alqueria.es\/wp-content\/uploads\/sites\/8\/2018\/02\/IMG_1405.jpg?fit=1024%2C768&amp;ssl=1\" data-orig-size=\"1024,768\" data-comments-opened=\"1\" data-image-meta=\"{&quot;aperture&quot;:&quot;0&quot;,&quot;credit&quot;:&quot;&quot;,&quot;camera&quot;:&quot;&quot;,&quot;caption&quot;:&quot;&quot;,&quot;created_timestamp&quot;:&quot;0&quot;,&quot;copyright&quot;:&quot;&quot;,&quot;focal_length&quot;:&quot;0&quot;,&quot;iso&quot;:&quot;0&quot;,&quot;shutter_speed&quot;:&quot;0&quot;,&quot;title&quot;:&quot;&quot;,&quot;orientation&quot;:&quot;0&quot;}\" data-image-title=\"IMG_1405\" data-image-description=\"\" data-image-caption=\"\" data-large-file=\"https:\/\/i0.wp.com\/cloud.alqueria.es\/wp-content\/uploads\/sites\/8\/2018\/02\/IMG_1405.jpg?fit=474%2C356&amp;ssl=1\" class=\"aligncenter size-large wp-image-17020\" src=\"https:\/\/i0.wp.com\/cloud.alqueria.es\/wp-content\/uploads\/sites\/8\/2018\/02\/IMG_1405.jpg?resize=474%2C356&#038;ssl=1\" alt=\"\" width=\"474\" height=\"356\" srcset=\"https:\/\/cloud.alqueria.es\/wp-content\/uploads\/sites\/8\/2018\/02\/IMG_1405.jpg 1024w, https:\/\/cloud.alqueria.es\/wp-content\/uploads\/sites\/8\/2018\/02\/IMG_1405.jpg 300w, https:\/\/cloud.alqueria.es\/wp-content\/uploads\/sites\/8\/2018\/02\/IMG_1405.jpg 768w, https:\/\/cloud.alqueria.es\/wp-content\/uploads\/sites\/8\/2018\/02\/IMG_1405.jpg 948w\" sizes=\"(max-width: 474px) 100vw, 474px\" \/><\/p>\n<p>En primer lugar realizaron un boceto (sin pegar) con el que fueron probando diferentes longitudes, proporciones, paralelismos, simetr\u00edas&#8230; y una vez tuvieron claro c\u00f3mo lo quer\u00edan, pasaron a la fase de pegado. \u00a1Simplemente espectacular!, no es nada f\u00e1cil manejar todos esos conceptos en estas edades y mucho menos aplicarlos en una producci\u00f3n art\u00edstica.<\/p>\n<p class=\"jetpack-slideshow-noscript robots-nocontent\">El pase de diapositivas requiere JavaScript.<\/p><div id=\"gallery-16999-1-slideshow\" class=\"jetpack-slideshow-window jetpack-slideshow jetpack-slideshow-black\" data-trans=\"fade\" data-autostart=\"1\" data-gallery=\"[{&quot;src&quot;:&quot;https:\\\/\\\/i0.wp.com\\\/cloud.alqueria.es\\\/wp-content\\\/uploads\\\/sites\\\/8\\\/2018\\\/02\\\/IMG_1391.jpg?fit=474%2C356\\u0026ssl=1&quot;,&quot;id&quot;:&quot;17024&quot;,&quot;title&quot;:&quot;IMG_1391&quot;,&quot;alt&quot;:&quot;&quot;,&quot;caption&quot;:&quot;&quot;,&quot;itemprop&quot;:&quot;image&quot;},{&quot;src&quot;:&quot;https:\\\/\\\/i0.wp.com\\\/cloud.alqueria.es\\\/wp-content\\\/uploads\\\/sites\\\/8\\\/2018\\\/02\\\/IMG_1390.jpg?fit=474%2C356\\u0026ssl=1&quot;,&quot;id&quot;:&quot;17023&quot;,&quot;title&quot;:&quot;IMG_1390&quot;,&quot;alt&quot;:&quot;&quot;,&quot;caption&quot;:&quot;&quot;,&quot;itemprop&quot;:&quot;image&quot;},{&quot;src&quot;:&quot;https:\\\/\\\/i0.wp.com\\\/cloud.alqueria.es\\\/wp-content\\\/uploads\\\/sites\\\/8\\\/2018\\\/02\\\/IMG_1389.jpg?fit=474%2C356\\u0026ssl=1&quot;,&quot;id&quot;:&quot;17022&quot;,&quot;title&quot;:&quot;IMG_1389&quot;,&quot;alt&quot;:&quot;&quot;,&quot;caption&quot;:&quot;&quot;,&quot;itemprop&quot;:&quot;image&quot;},{&quot;src&quot;:&quot;https:\\\/\\\/i0.wp.com\\\/cloud.alqueria.es\\\/wp-content\\\/uploads\\\/sites\\\/8\\\/2018\\\/02\\\/IMG_1388.jpg?fit=474%2C356\\u0026ssl=1&quot;,&quot;id&quot;:&quot;17021&quot;,&quot;title&quot;:&quot;IMG_1388&quot;,&quot;alt&quot;:&quot;&quot;,&quot;caption&quot;:&quot;&quot;,&quot;itemprop&quot;:&quot;image&quot;}]\" itemscope itemtype=\"https:\/\/schema.org\/ImageGallery\"><\/div>\n<p>En nuestro <em><strong><span style=\"color: #339966\">taller medioambiental<\/span><\/strong><\/em> mensual, trasplantamos nuestros bulbos de tulipanes (que ya hab\u00edan nacido) porque no dispon\u00edan de suficiente tierra para alimentarse. Antes de ponernos manos a la obra se los plantea un problema \u00abTenemos tan s\u00f3lo 9 tetra-bricks y estamos 18 en clase, \u00bfc\u00f3mo vamos a solucionarlo para que todos participemos?\u00bb<\/p>\n<p><img data-recalc-dims=\"1\" decoding=\"async\" data-attachment-id=\"17025\" data-permalink=\"https:\/\/www.alqueria.es\/blogs\/alqueriarojaverde\/2018\/02\/25\/parece-que-los-seres-fantasticos-se-van-a-apoderar-de-nuestra-clase\/img_1392\/\" data-orig-file=\"https:\/\/i0.wp.com\/cloud.alqueria.es\/wp-content\/uploads\/sites\/8\/2018\/02\/IMG_1392.jpg?fit=768%2C1024&amp;ssl=1\" data-orig-size=\"768,1024\" data-comments-opened=\"1\" data-image-meta=\"{&quot;aperture&quot;:&quot;2.8&quot;,&quot;credit&quot;:&quot;&quot;,&quot;camera&quot;:&quot;Canon PowerShot A2500&quot;,&quot;caption&quot;:&quot;&quot;,&quot;created_timestamp&quot;:&quot;1519299818&quot;,&quot;copyright&quot;:&quot;&quot;,&quot;focal_length&quot;:&quot;5&quot;,&quot;iso&quot;:&quot;400&quot;,&quot;shutter_speed&quot;:&quot;0.01&quot;,&quot;title&quot;:&quot;&quot;,&quot;orientation&quot;:&quot;1&quot;}\" data-image-title=\"IMG_1392\" data-image-description=\"\" data-image-caption=\"\" data-large-file=\"https:\/\/i0.wp.com\/cloud.alqueria.es\/wp-content\/uploads\/sites\/8\/2018\/02\/IMG_1392.jpg?fit=474%2C632&amp;ssl=1\" class=\"aligncenter size-medium wp-image-17025\" src=\"https:\/\/i0.wp.com\/cloud.alqueria.es\/wp-content\/uploads\/sites\/8\/2018\/02\/IMG_1392.jpg?resize=225%2C300&#038;ssl=1\" alt=\"\" width=\"225\" height=\"300\" srcset=\"https:\/\/cloud.alqueria.es\/wp-content\/uploads\/sites\/8\/2018\/02\/IMG_1392.jpg 768w, https:\/\/cloud.alqueria.es\/wp-content\/uploads\/sites\/8\/2018\/02\/IMG_1392.jpg 225w\" sizes=\"(max-width: 225px) 100vw, 225px\" \/><\/p>\n<p>Tras la formulaci\u00f3n de algunas hip\u00f3tesis, que al analizarlas no nos parec\u00edan equitativas o \u00abjustas\u00bb, decidimos realizar un ensayo con nosotros mismos. Realizamos un reparto uno a uno para ver cu\u00e1ntos ni\u00f1os\/as ten\u00edan que compartir un mismo tetra-brick , ya que lo que si ten\u00edan claro es que hab\u00eda m\u00e1s ni\u00f1@s que recipientes. <strong>\u00a1Este fue el resultado! una divisi\u00f3n en toda regla.<\/strong><\/p>\n<p class=\"jetpack-slideshow-noscript robots-nocontent\">El pase de diapositivas requiere JavaScript.<\/p><div id=\"gallery-16999-2-slideshow\" class=\"jetpack-slideshow-window jetpack-slideshow jetpack-slideshow-black\" data-trans=\"fade\" data-autostart=\"1\" data-gallery=\"[{&quot;src&quot;:&quot;https:\\\/\\\/i0.wp.com\\\/cloud.alqueria.es\\\/wp-content\\\/uploads\\\/sites\\\/8\\\/2018\\\/02\\\/IMG_1401.jpg?fit=474%2C356\\u0026ssl=1&quot;,&quot;id&quot;:&quot;17032&quot;,&quot;title&quot;:&quot;IMG_1401&quot;,&quot;alt&quot;:&quot;&quot;,&quot;caption&quot;:&quot;&quot;,&quot;itemprop&quot;:&quot;image&quot;},{&quot;src&quot;:&quot;https:\\\/\\\/i0.wp.com\\\/cloud.alqueria.es\\\/wp-content\\\/uploads\\\/sites\\\/8\\\/2018\\\/02\\\/IMG_1399.jpg?fit=474%2C356\\u0026ssl=1&quot;,&quot;id&quot;:&quot;17031&quot;,&quot;title&quot;:&quot;IMG_1399&quot;,&quot;alt&quot;:&quot;&quot;,&quot;caption&quot;:&quot;&quot;,&quot;itemprop&quot;:&quot;image&quot;},{&quot;src&quot;:&quot;https:\\\/\\\/i0.wp.com\\\/cloud.alqueria.es\\\/wp-content\\\/uploads\\\/sites\\\/8\\\/2018\\\/02\\\/IMG_1397.jpg?fit=474%2C356\\u0026ssl=1&quot;,&quot;id&quot;:&quot;17030&quot;,&quot;title&quot;:&quot;IMG_1397&quot;,&quot;alt&quot;:&quot;&quot;,&quot;caption&quot;:&quot;&quot;,&quot;itemprop&quot;:&quot;image&quot;},{&quot;src&quot;:&quot;https:\\\/\\\/i0.wp.com\\\/cloud.alqueria.es\\\/wp-content\\\/uploads\\\/sites\\\/8\\\/2018\\\/02\\\/IMG_1396.jpg?fit=474%2C356\\u0026ssl=1&quot;,&quot;id&quot;:&quot;17029&quot;,&quot;title&quot;:&quot;IMG_1396&quot;,&quot;alt&quot;:&quot;&quot;,&quot;caption&quot;:&quot;&quot;,&quot;itemprop&quot;:&quot;image&quot;},{&quot;src&quot;:&quot;https:\\\/\\\/i0.wp.com\\\/cloud.alqueria.es\\\/wp-content\\\/uploads\\\/sites\\\/8\\\/2018\\\/02\\\/IMG_1395.jpg?fit=474%2C356\\u0026ssl=1&quot;,&quot;id&quot;:&quot;17028&quot;,&quot;title&quot;:&quot;IMG_1395&quot;,&quot;alt&quot;:&quot;&quot;,&quot;caption&quot;:&quot;&quot;,&quot;itemprop&quot;:&quot;image&quot;},{&quot;src&quot;:&quot;https:\\\/\\\/i0.wp.com\\\/cloud.alqueria.es\\\/wp-content\\\/uploads\\\/sites\\\/8\\\/2018\\\/02\\\/IMG_1394.jpg?fit=474%2C356\\u0026ssl=1&quot;,&quot;id&quot;:&quot;17027&quot;,&quot;title&quot;:&quot;IMG_1394&quot;,&quot;alt&quot;:&quot;&quot;,&quot;caption&quot;:&quot;&quot;,&quot;itemprop&quot;:&quot;image&quot;},{&quot;src&quot;:&quot;https:\\\/\\\/i0.wp.com\\\/cloud.alqueria.es\\\/wp-content\\\/uploads\\\/sites\\\/8\\\/2018\\\/02\\\/IMG_1393.jpg?fit=474%2C356\\u0026ssl=1&quot;,&quot;id&quot;:&quot;17026&quot;,&quot;title&quot;:&quot;IMG_1393&quot;,&quot;alt&quot;:&quot;&quot;,&quot;caption&quot;:&quot;&quot;,&quot;itemprop&quot;:&quot;image&quot;}]\" itemscope itemtype=\"https:\/\/schema.org\/ImageGallery\"><\/div>\n<p><img data-recalc-dims=\"1\" decoding=\"async\" data-attachment-id=\"17033\" data-permalink=\"https:\/\/www.alqueria.es\/blogs\/alqueriarojaverde\/2018\/02\/25\/parece-que-los-seres-fantasticos-se-van-a-apoderar-de-nuestra-clase\/img_1404-2\/\" data-orig-file=\"https:\/\/i0.wp.com\/cloud.alqueria.es\/wp-content\/uploads\/sites\/8\/2018\/02\/IMG_1404.jpg?fit=1024%2C768&amp;ssl=1\" data-orig-size=\"1024,768\" data-comments-opened=\"1\" data-image-meta=\"{&quot;aperture&quot;:&quot;0&quot;,&quot;credit&quot;:&quot;&quot;,&quot;camera&quot;:&quot;&quot;,&quot;caption&quot;:&quot;&quot;,&quot;created_timestamp&quot;:&quot;0&quot;,&quot;copyright&quot;:&quot;&quot;,&quot;focal_length&quot;:&quot;0&quot;,&quot;iso&quot;:&quot;0&quot;,&quot;shutter_speed&quot;:&quot;0&quot;,&quot;title&quot;:&quot;&quot;,&quot;orientation&quot;:&quot;0&quot;}\" data-image-title=\"IMG_1404\" data-image-description=\"\" data-image-caption=\"\" data-large-file=\"https:\/\/i0.wp.com\/cloud.alqueria.es\/wp-content\/uploads\/sites\/8\/2018\/02\/IMG_1404.jpg?fit=474%2C356&amp;ssl=1\" class=\"alignright size-large wp-image-17033\" src=\"https:\/\/i0.wp.com\/cloud.alqueria.es\/wp-content\/uploads\/sites\/8\/2018\/02\/IMG_1404.jpg?resize=474%2C356&#038;ssl=1\" alt=\"\" width=\"474\" height=\"356\" srcset=\"https:\/\/cloud.alqueria.es\/wp-content\/uploads\/sites\/8\/2018\/02\/IMG_1404.jpg 1024w, https:\/\/cloud.alqueria.es\/wp-content\/uploads\/sites\/8\/2018\/02\/IMG_1404.jpg 300w, https:\/\/cloud.alqueria.es\/wp-content\/uploads\/sites\/8\/2018\/02\/IMG_1404.jpg 768w, https:\/\/cloud.alqueria.es\/wp-content\/uploads\/sites\/8\/2018\/02\/IMG_1404.jpg 948w\" sizes=\"(max-width: 474px) 100vw, 474px\" \/><\/p>\n<p>Y como broche para terminar la semana, me ha parecido gracioso mostraos esta peque\u00f1a grabaci\u00f3n de una de las <strong><span style=\"color: #ff0000\">sesiones de m\u00fasica<\/span><\/strong>, para que ve\u00e1is la autonom\u00eda que tienen realizando las actividades (en este caso de <span style=\"color: #ff0000\">percusi\u00f3n)<\/span>.<div class=\"embed-vimeo\" style=\"text-align: center;\"><div class=\"a25-CTUOC-hidding-box\" data-original-content=\"&lt;iframe loading=&quot;lazy&quot; src=&quot;https:\/\/player.vimeo.com\/video\/257356823&quot; width=&quot;640&quot; height=&quot;362&quot; frameborder=&quot;0&quot; webkitallowfullscreen mozallowfullscreen allowfullscreen&gt;&lt;\/iframe&gt;\">Esta p\u00e1gina incluye contenido multimedia que requiere aceptar todas las cookies. Pulse aqu\u00ed para abrir la configuraci\u00f3n de cookies.<\/div><\/div><br \/>\n\u00a1Buen fin de semana!,<\/p>\n<p style=\"text-align: right\">Esther Justicia.<\/p>\n","protected":false},"excerpt":{"rendered":"<p>Tras la conferencia de experto de M\u00eda, acerca de las sirenas, ten\u00edamos pendiente la lectura de un par de libros. \u00c9ste que os muestro y \u00abLa odisea para ni\u00f1os\u00bb. Pues bien, decidimos leer primero el de las Sirenas, ya que las im\u00e1genes en un principio les atra\u00edan m\u00e1s. A medida que les iba relatando la &hellip; <a href=\"https:\/\/www.alqueria.es\/blogs\/alqueriarojaverde\/2018\/02\/25\/parece-que-los-seres-fantasticos-se-van-a-apoderar-de-nuestra-clase\/\" class=\"more-link\">Seguir leyendo <span class=\"screen-reader-text\">PARECE QUE \u00abLOS SERES FANT\u00c1STICOS\u00bb SE VAN A APODERAR DE NUESTRA CLASE<\/span> <span class=\"meta-nav\">&rarr;<\/span><\/a><\/p>\n","protected":false},"author":19,"featured_media":0,"comment_status":"open","ping_status":"open","sticky":false,"template":"","format":"standard","meta":{"jetpack_post_was_ever_published":false,"_jetpack_newsletter_access":"","_jetpack_dont_email_post_to_subs":false,"_jetpack_newsletter_tier_id":0,"_jetpack_memberships_contains_paywalled_content":false,"_jetpack_memberships_contains_paid_content":false,"footnotes":"","jetpack_publicize_message":"","jetpack_publicize_feature_enabled":true,"jetpack_social_post_already_shared":true,"jetpack_social_options":{"image_generator_settings":{"template":"highway","default_image_id":0,"font":"","enabled":false},"version":2}},"categories":[7,13],"tags":[359,360,358,279],"class_list":["post-16999","post","type-post","status-publish","format-standard","hentry","category-clase-verde-5-6-anos","category-inicio","tag-geometria-en-infantil","tag-percusion-para-infantil","tag-seres-fantasticos","tag-taller-medioambiental"],"jetpack_publicize_connections":[],"jetpack_featured_media_url":"","jetpack_sharing_enabled":true,"jetpack_shortlink":"https:\/\/wp.me\/p4lFbP-4qb","_links":{"self":[{"href":"https:\/\/www.alqueria.es\/blogs\/alqueriarojaverde\/wp-json\/wp\/v2\/posts\/16999","targetHints":{"allow":["GET"]}}],"collection":[{"href":"https:\/\/www.alqueria.es\/blogs\/alqueriarojaverde\/wp-json\/wp\/v2\/posts"}],"about":[{"href":"https:\/\/www.alqueria.es\/blogs\/alqueriarojaverde\/wp-json\/wp\/v2\/types\/post"}],"author":[{"embeddable":true,"href":"https:\/\/www.alqueria.es\/blogs\/alqueriarojaverde\/wp-json\/wp\/v2\/users\/19"}],"replies":[{"embeddable":true,"href":"https:\/\/www.alqueria.es\/blogs\/alqueriarojaverde\/wp-json\/wp\/v2\/comments?post=16999"}],"version-history":[{"count":0,"href":"https:\/\/www.alqueria.es\/blogs\/alqueriarojaverde\/wp-json\/wp\/v2\/posts\/16999\/revisions"}],"wp:attachment":[{"href":"https:\/\/www.alqueria.es\/blogs\/alqueriarojaverde\/wp-json\/wp\/v2\/media?parent=16999"}],"wp:term":[{"taxonomy":"category","embeddable":true,"href":"https:\/\/www.alqueria.es\/blogs\/alqueriarojaverde\/wp-json\/wp\/v2\/categories?post=16999"},{"taxonomy":"post_tag","embeddable":true,"href":"https:\/\/www.alqueria.es\/blogs\/alqueriarojaverde\/wp-json\/wp\/v2\/tags?post=16999"}],"curies":[{"name":"wp","href":"https:\/\/api.w.org\/{rel}","templated":true}]}}