{"id":18691,"date":"2018-05-28T11:09:49","date_gmt":"2018-05-28T09:09:49","guid":{"rendered":"https:\/\/www.alqueria.es\/blogs\/alqueriarojaverde\/?p=18691"},"modified":"2018-05-28T15:52:07","modified_gmt":"2018-05-28T13:52:07","slug":"salida-fin-de-curso-a-la-granja-escuela-parapanda","status":"publish","type":"post","link":"https:\/\/www.alqueria.es\/blogs\/alqueriarojaverde\/2018\/05\/28\/salida-fin-de-curso-a-la-granja-escuela-parapanda\/","title":{"rendered":"SALIDA FIN DE CURSO A LA GRANJA-ESCUELA \u00abPARAPANDA\u00bb"},"content":{"rendered":"<p><img data-recalc-dims=\"1\" decoding=\"async\" data-attachment-id=\"18726\" data-permalink=\"https:\/\/www.alqueria.es\/blogs\/alqueriarojaverde\/2018\/05\/28\/salida-fin-de-curso-a-la-granja-escuela-parapanda\/dsc_1360\/\" data-orig-file=\"https:\/\/i0.wp.com\/cloud.alqueria.es\/wp-content\/uploads\/sites\/8\/2018\/05\/DSC_1360.jpg?fit=1024%2C577&amp;ssl=1\" data-orig-size=\"1024,577\" data-comments-opened=\"1\" data-image-meta=\"{&quot;aperture&quot;:&quot;0&quot;,&quot;credit&quot;:&quot;&quot;,&quot;camera&quot;:&quot;&quot;,&quot;caption&quot;:&quot;&quot;,&quot;created_timestamp&quot;:&quot;0&quot;,&quot;copyright&quot;:&quot;&quot;,&quot;focal_length&quot;:&quot;0&quot;,&quot;iso&quot;:&quot;0&quot;,&quot;shutter_speed&quot;:&quot;0&quot;,&quot;title&quot;:&quot;&quot;,&quot;orientation&quot;:&quot;0&quot;}\" data-image-title=\"DSC_1360\" data-image-description=\"\" data-image-caption=\"\" data-large-file=\"https:\/\/i0.wp.com\/cloud.alqueria.es\/wp-content\/uploads\/sites\/8\/2018\/05\/DSC_1360.jpg?fit=474%2C267&amp;ssl=1\" class=\"aligncenter size-large wp-image-18726\" src=\"https:\/\/i0.wp.com\/cloud.alqueria.es\/wp-content\/uploads\/sites\/8\/2018\/05\/DSC_1360.jpg?resize=474%2C267&#038;ssl=1\" alt=\"\" width=\"474\" height=\"267\" srcset=\"https:\/\/cloud.alqueria.es\/wp-content\/uploads\/sites\/8\/2018\/05\/DSC_1360.jpg 1024w, https:\/\/cloud.alqueria.es\/wp-content\/uploads\/sites\/8\/2018\/05\/DSC_1360.jpg 300w, https:\/\/cloud.alqueria.es\/wp-content\/uploads\/sites\/8\/2018\/05\/DSC_1360.jpg 768w, https:\/\/cloud.alqueria.es\/wp-content\/uploads\/sites\/8\/2018\/05\/DSC_1360.jpg 948w\" sizes=\"(max-width: 474px) 100vw, 474px\" \/><span style=\"color: #000000\"><em><strong>Una preciosa y apasionante \u00abaventura\u00bb, la que vivimos la pasada semana en nuestra salida a la granja-escuela Parapanda. <span style=\"color: #339966\">Adem\u00e1s de compartir m\u00faltiples vivencias y experiencias en relaci\u00f3n al cuidado de los animales, descubrir cosas nuevas acerca de los productos del huerto\/campo, realizar varios talleres de cocina (pan y rosquillos) y elaborar jabones artesanales, hemos disfrutado de la convivencia en grupo, fuera de nuestro entorno escolar y familiar.<\/span><\/strong><\/em><\/span><\/p>\n<p><span style=\"color: #000000\"><em><strong>Algun@s iban algo expectantes, con incertidumbre acerca de c\u00f3mo ser\u00eda el lugar (pese a haberlo trabajado incluso con im\u00e1genes), \u00a0qu\u00e9 nos \u00edbamos a encontrar all\u00ed y sobretodo &#8230; de la aventura de pasar la noche sin sus familias, en un sitio nuevo y en compa\u00f1\u00eda de \u00bb sus profes\u00bb.<\/strong><\/em><\/span><\/p>\n<p>Durante el trayecto en bus preguntaban sin parar por d\u00f3nde \u00edbamos y cu\u00e1nto faltaba. Algun@s realizaban estimaciones, en cuanto a kil\u00f3metros, dependiendo del pueblo que les dec\u00eda, en funci\u00f3n de lo trabajado acerca del mapa\/plano. Cantaron canciones, inventaron juegos y compartieron lo que pensaban que se iban a encontrar o iban a hacer.<\/p>\n<p>Una vez en nuestro destino, nos estaban esperando para recibirnos y poder dejar nuestro equipaje en las habitaciones. Los monitores (Asun, Laura y Manuel) reunieron al grupo en una jaima preciosa e hicieron juegos de grupo mientras D\u00e9bora y yo concret\u00e1bamos la organizaci\u00f3n de los dos d\u00edas (talleres, men\u00fa, excursiones y distribuci\u00f3n de camas), con los responsables.<\/p>\n<p>Una vez estuvo todo ajustado, tomamos fruta y pan con aceite. Despu\u00e9s dividimos la clase en dos grupos (soles y estrellas) y nos fuimos a dar un paseo por las instalaciones de la granja, con objeto de tener una visi\u00f3n general de todo lo que hab\u00eda y ubicarnos en las distintas tareas a realizar. Una ronda de reconocimiento en la que las sorpresas se suced\u00edan sin cesar, todo les gustaba, les emocionaba y sus caras eran fiel reflejo de ello.<\/p>\n<p>Lleg\u00f3 la hora de la excursi\u00f3n a la mina, no os pod\u00e9is imaginar el entusiasmo y las ganas que mostraban, todo les parec\u00eda bien, ja, ja, ja. Para ello primero nos contaron que se trataba de una antigua mina (bueno cala) de plomo, para qu\u00e9 serv\u00eda este metal, c\u00f3mo la hab\u00edan \u00abhecho\u00bb y en qu\u00e9 estado se encontraba en la actualidad. Tambi\u00e9n nos ofrecieron unas normas de desplazamiento por la monta\u00f1a, ya que entra\u00f1aba cierta dificultad subir por ella. \u00a1Qu\u00e9 valientes!, nadie manifest\u00f3 oposici\u00f3n ni le pareci\u00f3 complicada la subida. Una vez arriba entramos por turnos y dentro &#8230; hubo algunos lloros debidos a resbalones y culetazos, pero nada que no se pasara con un poquito de \u00abl\u00e1grima de gnomo\u00bb que cogimos de la pared y pusimos en nuestra nariz. All\u00ed pudimos \u00abhablar\u00bb con el gnomo Ferm\u00edn, que no se dej\u00f3 ver pero que respondi\u00f3 a nuestras preguntas mediante sonidos.<\/p>\n<p>Una vez de vuelta en la granja, repusimos fuerzas con un delicioso almuerzo y para que hiciesen la digesti\u00f3n a la sombra y D\u00e9bora y yo pudi\u00e9ramos comer, aprovecharon el ratito confeccionando un divertido juego casero \u00abla ranita comilona\u00bb. Taller enfocado al cuidado de la naturaleza, el aprovechamiento de los materiales, el reciclaje y el consumo responsable.<\/p>\n<p>Una vez estuvimos listas para acompa\u00f1arlos, nos fuimos a hacer las faenas de la granja, que nos tuvieron ocupados la mayor parte de la tarde. Uno de los equipos estuvo en la parte de granja (vaca, burra, caballo, conejo, gallina, cerdo, oveja y granero) y el otro se desplaz\u00f3 hasta la charca (pato, pavo, pavo real, caballo -trueno- y avestruz). La tarea consisti\u00f3 en recoger hierba o cereales para cada uno de ellos y d\u00e1rselo a comer, tambi\u00e9n tuvimos oportunidad de cepillar la burrita, el caballo, tocar al cerdito y hasta probar a orde\u00f1ar la vaca.<\/p>\n<p>Tras una rica merendola hicimos un taller de cocina, \u00abrosquillos\u00bb. Salieron buen\u00edsimos y formaron parte de nuestro desayuno del viernes. Prontito lleg\u00f3 la hora de la cena, que tomaron muy bien y r\u00e1pido ya que estaban deseos@s de disfrutar de la velada nocturna. Mientras jugaban en el patio de la granja aprovechamos nosotras para cenar, nos esperaba una noche &#8230;<\/p>\n<p>Un r\u00e1pido cambio de ropa para ponernos el pijama y el correspondiente lavado de dientes, se realizaron con total autonom\u00eda y sin demasiadas indicaciones. Cada un@ eligi\u00f3 con qui\u00e9n dormir y una vez instalados&#8230; shhhhh. Les le\u00ed una historia de miedo-risa \u00abEl hechizo fantasma\u00bb y poco a poco fueron durmi\u00e9ndose solito@s. Algun@s necesitaron de nuestra compa\u00f1\u00eda unos instantes pero enseguida consiguieron conciliar el sue\u00f1o.<\/p>\n<p>A las 7.30 horas, los m\u00e1s madrugadores estaban ya en pie, as\u00ed que nos fuimos vistiendo y pasando por el ba\u00f1o, por peque\u00f1os grupos. Cuando vinieron a levantarnos (la hora era las 8.30) ya est\u00e1bamos preparad\u00edsimos, ja, ja, ja.<\/p>\n<p>El viernes, cada equipo realiz\u00f3 las tareas de granja correspondientes al espacio que no hab\u00edan visitado y tras ellas, otro taller de cocina. Esta vez un riqu\u00edsimo pan de aceite, que nos trajimos para poder merendar a la llegada al cole. Asun fue trabajando el tema de los cereales y la transformaci\u00f3n de los distintos ingredientes que compon\u00edan la receta, as\u00ed como la fermentaci\u00f3n de la levadura, la diferencia de recetas entre distintos pa\u00edses &#8230; \u00a0La visita al antiguo molino de harina que hay en el pueblo no se llev\u00f3 a cabo, ya que las instalaciones permanecen cerradas al p\u00fablico en la actualidad.<\/p>\n<p>El tiempo que nos quedaba hasta el almuerzo (al no habernos trasladado hasta el pueblo) lo empleamos en fabricar unos arom\u00e1ticos jabones artesanales. Realizamos todo el proceso desde el reciclaje del aceite usado ,hasta la obtenci\u00f3n de las figuritas que hoy se llevar\u00e1n a casa.<\/p>\n<p>Tras un reponedor almuerzo disfrutamos de un ratito de juegos en el patio, mientras esperamos que nuestro autob\u00fas nos recogiera.<\/p>\n<p>Aqu\u00ed os dejo una extensa \u00a0cr\u00f3nica fotogr\u00e1fica de nuestra experiencia, que espero que os acerque un poquito m\u00e1s a la realidad vivida.<\/p>\n<div class=\"embed-vimeo\" style=\"text-align: center;\"><div class=\"a25-CTUOC-hidding-box\" data-original-content=\"&lt;iframe loading=&quot;lazy&quot; src=&quot;https:\/\/player.vimeo.com\/video\/272124876&quot; width=&quot;640&quot; height=&quot;360&quot; frameborder=&quot;0&quot; webkitallowfullscreen mozallowfullscreen allowfullscreen&gt;&lt;\/iframe&gt;\">Esta p\u00e1gina incluye contenido multimedia que requiere aceptar todas las cookies. Pulse aqu\u00ed para abrir la configuraci\u00f3n de cookies.<\/div><\/div>\n<p>Nota: Hoy comenzamos el per\u00edodo de clases hasta las 15.00, as\u00ed que \u00a0hemos ajustado los horarios de los distintos talleres y especialistas, para aprovechar el tiempo al m\u00e1ximo. Hoy llevamos a cabo la primera sesi\u00f3n de un taller creativo, que representar\u00e1 lo que a cada uno\/a le gust\u00f3 m\u00e1s de la salida.<\/p>\n<p>\u00a1Espero que el v\u00eddeo os guste tanto como a vuestros peques!,<\/p>\n<p>P.D: He detectado un par de erratas en el v\u00eddeo (acabo de verlo \u00abtranquila\u00bb). Los rosquillos los hicieron por la tarde tal y como indico en el texto, anoche se ve que no daba para m\u00e1s, je. Y en las fotos individuales del final, me he saltado a David, \u00a1lo siento!.<\/p>\n<p><img data-recalc-dims=\"1\" decoding=\"async\" data-attachment-id=\"18733\" data-permalink=\"https:\/\/www.alqueria.es\/blogs\/alqueriarojaverde\/2018\/05\/28\/salida-fin-de-curso-a-la-granja-escuela-parapanda\/img-20180528-wa0006\/\" data-orig-file=\"https:\/\/i0.wp.com\/cloud.alqueria.es\/wp-content\/uploads\/sites\/8\/2018\/05\/IMG-20180528-WA0006.jpg?fit=1024%2C874&amp;ssl=1\" data-orig-size=\"1024,874\" data-comments-opened=\"1\" data-image-meta=\"{&quot;aperture&quot;:&quot;0&quot;,&quot;credit&quot;:&quot;&quot;,&quot;camera&quot;:&quot;&quot;,&quot;caption&quot;:&quot;&quot;,&quot;created_timestamp&quot;:&quot;0&quot;,&quot;copyright&quot;:&quot;&quot;,&quot;focal_length&quot;:&quot;0&quot;,&quot;iso&quot;:&quot;0&quot;,&quot;shutter_speed&quot;:&quot;0&quot;,&quot;title&quot;:&quot;&quot;,&quot;orientation&quot;:&quot;0&quot;}\" data-image-title=\"IMG-20180528-WA0006\" data-image-description=\"\" data-image-caption=\"\" data-large-file=\"https:\/\/i0.wp.com\/cloud.alqueria.es\/wp-content\/uploads\/sites\/8\/2018\/05\/IMG-20180528-WA0006.jpg?fit=474%2C405&amp;ssl=1\" class=\"aligncenter size-large wp-image-18733\" src=\"https:\/\/i0.wp.com\/cloud.alqueria.es\/wp-content\/uploads\/sites\/8\/2018\/05\/IMG-20180528-WA0006.jpg?resize=474%2C405&#038;ssl=1\" alt=\"\" width=\"474\" height=\"405\" srcset=\"https:\/\/cloud.alqueria.es\/wp-content\/uploads\/sites\/8\/2018\/05\/IMG-20180528-WA0006.jpg 1024w, https:\/\/cloud.alqueria.es\/wp-content\/uploads\/sites\/8\/2018\/05\/IMG-20180528-WA0006.jpg 300w, https:\/\/cloud.alqueria.es\/wp-content\/uploads\/sites\/8\/2018\/05\/IMG-20180528-WA0006.jpg 768w, https:\/\/cloud.alqueria.es\/wp-content\/uploads\/sites\/8\/2018\/05\/IMG-20180528-WA0006.jpg 948w\" sizes=\"(max-width: 474px) 100vw, 474px\" \/><\/p>\n<p>Un fuerte abrazo,<\/p>\n<p style=\"text-align: right\">Esther Justicia.<\/p>\n","protected":false},"excerpt":{"rendered":"<p>Una preciosa y apasionante \u00abaventura\u00bb, la que vivimos la pasada semana en nuestra salida a la granja-escuela Parapanda. Adem\u00e1s de compartir m\u00faltiples vivencias y experiencias en relaci\u00f3n al cuidado de los animales, descubrir cosas nuevas acerca de los productos del huerto\/campo, realizar varios talleres de cocina (pan y rosquillos) y elaborar jabones artesanales, hemos disfrutado &hellip; <a href=\"https:\/\/www.alqueria.es\/blogs\/alqueriarojaverde\/2018\/05\/28\/salida-fin-de-curso-a-la-granja-escuela-parapanda\/\" class=\"more-link\">Seguir leyendo <span class=\"screen-reader-text\">SALIDA FIN DE CURSO A LA GRANJA-ESCUELA \u00abPARAPANDA\u00bb<\/span> <span class=\"meta-nav\">&rarr;<\/span><\/a><\/p>\n","protected":false},"author":19,"featured_media":0,"comment_status":"open","ping_status":"open","sticky":false,"template":"","format":"standard","meta":{"jetpack_post_was_ever_published":false,"_jetpack_newsletter_access":"","_jetpack_dont_email_post_to_subs":false,"_jetpack_newsletter_tier_id":0,"_jetpack_memberships_contains_paywalled_content":false,"_jetpack_memberships_contains_paid_content":false,"footnotes":"","jetpack_publicize_message":"","jetpack_publicize_feature_enabled":true,"jetpack_social_post_already_shared":true,"jetpack_social_options":{"image_generator_settings":{"template":"highway","default_image_id":0,"font":"","enabled":false},"version":2}},"categories":[23,7,13],"tags":[415,179,448,447,446],"class_list":["post-18691","post","type-post","status-publish","format-standard","hentry","category-actividades-especiales-y-salidas-clase-verde","category-clase-verde-5-6-anos","category-inicio","tag-animales-de-granja","tag-granja-escuela-parapanda","tag-jabones-artesanales","tag-taller-de-pan","tag-tareas-de-huerto"],"jetpack_publicize_connections":[],"jetpack_featured_media_url":"","jetpack_sharing_enabled":true,"jetpack_shortlink":"https:\/\/wp.me\/p4lFbP-4Rt","_links":{"self":[{"href":"https:\/\/www.alqueria.es\/blogs\/alqueriarojaverde\/wp-json\/wp\/v2\/posts\/18691","targetHints":{"allow":["GET"]}}],"collection":[{"href":"https:\/\/www.alqueria.es\/blogs\/alqueriarojaverde\/wp-json\/wp\/v2\/posts"}],"about":[{"href":"https:\/\/www.alqueria.es\/blogs\/alqueriarojaverde\/wp-json\/wp\/v2\/types\/post"}],"author":[{"embeddable":true,"href":"https:\/\/www.alqueria.es\/blogs\/alqueriarojaverde\/wp-json\/wp\/v2\/users\/19"}],"replies":[{"embeddable":true,"href":"https:\/\/www.alqueria.es\/blogs\/alqueriarojaverde\/wp-json\/wp\/v2\/comments?post=18691"}],"version-history":[{"count":0,"href":"https:\/\/www.alqueria.es\/blogs\/alqueriarojaverde\/wp-json\/wp\/v2\/posts\/18691\/revisions"}],"wp:attachment":[{"href":"https:\/\/www.alqueria.es\/blogs\/alqueriarojaverde\/wp-json\/wp\/v2\/media?parent=18691"}],"wp:term":[{"taxonomy":"category","embeddable":true,"href":"https:\/\/www.alqueria.es\/blogs\/alqueriarojaverde\/wp-json\/wp\/v2\/categories?post=18691"},{"taxonomy":"post_tag","embeddable":true,"href":"https:\/\/www.alqueria.es\/blogs\/alqueriarojaverde\/wp-json\/wp\/v2\/tags?post=18691"}],"curies":[{"name":"wp","href":"https:\/\/api.w.org\/{rel}","templated":true}]}}