{"id":18915,"date":"2018-06-20T11:43:14","date_gmt":"2018-06-20T09:43:14","guid":{"rendered":"https:\/\/www.alqueria.es\/blogs\/alqueriarojaverde\/?p=18915"},"modified":"2018-06-20T11:43:14","modified_gmt":"2018-06-20T09:43:14","slug":"despedida-de-curso-y-cambio-de-etapa","status":"publish","type":"post","link":"https:\/\/www.alqueria.es\/blogs\/alqueriarojaverde\/2018\/06\/20\/despedida-de-curso-y-cambio-de-etapa\/","title":{"rendered":"DESPEDIDA DE CURSO Y CAMBIO DE ETAPA"},"content":{"rendered":"<p>Queridas familias,<\/p>\n<p>Ha sido un placer estar al frente de la tutor\u00eda del grupo verde este a\u00f1o y haber podido compartir con vosotros y vuestros peques, estos dos \u00faltimos cursos de Infantil.<\/p>\n<p><img data-recalc-dims=\"1\" decoding=\"async\" data-attachment-id=\"18918\" data-permalink=\"https:\/\/www.alqueria.es\/blogs\/alqueriarojaverde\/2018\/06\/20\/despedida-de-curso-y-cambio-de-etapa\/26-2\/\" data-orig-file=\"https:\/\/i0.wp.com\/cloud.alqueria.es\/wp-content\/uploads\/sites\/8\/2018\/06\/26-2.jpg?fit=500%2C428&amp;ssl=1\" data-orig-size=\"500,428\" data-comments-opened=\"1\" data-image-meta=\"{&quot;aperture&quot;:&quot;0&quot;,&quot;credit&quot;:&quot;&quot;,&quot;camera&quot;:&quot;&quot;,&quot;caption&quot;:&quot;&quot;,&quot;created_timestamp&quot;:&quot;0&quot;,&quot;copyright&quot;:&quot;&quot;,&quot;focal_length&quot;:&quot;0&quot;,&quot;iso&quot;:&quot;0&quot;,&quot;shutter_speed&quot;:&quot;0&quot;,&quot;title&quot;:&quot;&quot;,&quot;orientation&quot;:&quot;0&quot;}\" data-image-title=\"26-2\" data-image-description=\"\" data-image-caption=\"\" data-large-file=\"https:\/\/i0.wp.com\/cloud.alqueria.es\/wp-content\/uploads\/sites\/8\/2018\/06\/26-2.jpg?fit=474%2C406&amp;ssl=1\" class=\"alignleft size-medium wp-image-18918\" src=\"https:\/\/i0.wp.com\/cloud.alqueria.es\/wp-content\/uploads\/sites\/8\/2018\/06\/26-2.jpg?resize=300%2C257&#038;ssl=1\" alt=\"\" width=\"300\" height=\"257\" srcset=\"https:\/\/cloud.alqueria.es\/wp-content\/uploads\/sites\/8\/2018\/06\/26-2.jpg 500w, https:\/\/cloud.alqueria.es\/wp-content\/uploads\/sites\/8\/2018\/06\/26-2.jpg 300w\" sizes=\"(max-width: 300px) 100vw, 300px\" \/>En todo este tiempo he disfrutado vi\u00e9ndolos crecer de forma plena e integral. Es un grupo cargado de valores, aspecto imprescindible para la vida en sociedad, con gran motivaci\u00f3n hacia el aprendizaje y un enorme potencial de ayuda mutua. Todo esto les har\u00e1 conseguir lo que se propongan en la vida.<\/p>\n<p>Estoy convencida que su adaptaci\u00f3n a la nueva etapa educativa va a ser estupenda y que disfrutar\u00e1n tanto como lo han hecho en Infantil.<\/p>\n<p style=\"text-align: center\"><span style=\"color: #ff00ff\"><strong>Me gustar\u00eda agradeceros especialmente la confianza depositada en nuestro proyecto, la incondicionalidad demostrada y el afecto que me hab\u00e9is hecho llegar, hacia mi persona y mi labor docente. \u00a1GRACIAS DE CORAZ\u00d3N!<\/strong><\/span><\/p>\n<p><strong>Os mando un fort\u00edsimo abrazo y mis mejores deseos para las vacaciones.<\/strong><\/p>\n<p>\u00a1Nos vemos a la vuelta! (aunque est\u00e9is en el pasillo de abajo, je)<\/p>\n<p>P.D. El viernes no despido grupo, as\u00ed que ma\u00f1ana aprovechar\u00e9 la entrega de las carpetas trimestrales, para despedirme de vosotros \u00aboficialmente\u00bb.<\/p>\n<p style=\"text-align: right\">Esther Justicia Justicia.<\/p>\n","protected":false},"excerpt":{"rendered":"<p>Queridas familias, Ha sido un placer estar al frente de la tutor\u00eda del grupo verde este a\u00f1o y haber podido compartir con vosotros y vuestros peques, estos dos \u00faltimos cursos de Infantil. En todo este tiempo he disfrutado vi\u00e9ndolos crecer de forma plena e integral. Es un grupo cargado de valores, aspecto imprescindible para la &hellip; <a href=\"https:\/\/www.alqueria.es\/blogs\/alqueriarojaverde\/2018\/06\/20\/despedida-de-curso-y-cambio-de-etapa\/\" class=\"more-link\">Seguir leyendo <span class=\"screen-reader-text\">DESPEDIDA DE CURSO Y CAMBIO DE ETAPA<\/span> <span class=\"meta-nav\">&rarr;<\/span><\/a><\/p>\n","protected":false},"author":19,"featured_media":0,"comment_status":"open","ping_status":"open","sticky":false,"template":"","format":"standard","meta":{"jetpack_post_was_ever_published":false,"_jetpack_newsletter_access":"","_jetpack_dont_email_post_to_subs":false,"_jetpack_newsletter_tier_id":0,"_jetpack_memberships_contains_paywalled_content":false,"_jetpack_memberships_contains_paid_content":false,"footnotes":"","jetpack_publicize_message":"","jetpack_publicize_feature_enabled":true,"jetpack_social_post_already_shared":true,"jetpack_social_options":{"image_generator_settings":{"template":"highway","default_image_id":0,"font":"","enabled":false},"version":2}},"categories":[7,13,1],"tags":[461],"class_list":["post-18915","post","type-post","status-publish","format-standard","hentry","category-clase-verde-5-6-anos","category-inicio","category-sin-categoria","tag-fin-de-curso"],"jetpack_publicize_connections":[],"jetpack_featured_media_url":"","jetpack_sharing_enabled":true,"jetpack_shortlink":"https:\/\/wp.me\/p4lFbP-4V5","_links":{"self":[{"href":"https:\/\/www.alqueria.es\/blogs\/alqueriarojaverde\/wp-json\/wp\/v2\/posts\/18915","targetHints":{"allow":["GET"]}}],"collection":[{"href":"https:\/\/www.alqueria.es\/blogs\/alqueriarojaverde\/wp-json\/wp\/v2\/posts"}],"about":[{"href":"https:\/\/www.alqueria.es\/blogs\/alqueriarojaverde\/wp-json\/wp\/v2\/types\/post"}],"author":[{"embeddable":true,"href":"https:\/\/www.alqueria.es\/blogs\/alqueriarojaverde\/wp-json\/wp\/v2\/users\/19"}],"replies":[{"embeddable":true,"href":"https:\/\/www.alqueria.es\/blogs\/alqueriarojaverde\/wp-json\/wp\/v2\/comments?post=18915"}],"version-history":[{"count":0,"href":"https:\/\/www.alqueria.es\/blogs\/alqueriarojaverde\/wp-json\/wp\/v2\/posts\/18915\/revisions"}],"wp:attachment":[{"href":"https:\/\/www.alqueria.es\/blogs\/alqueriarojaverde\/wp-json\/wp\/v2\/media?parent=18915"}],"wp:term":[{"taxonomy":"category","embeddable":true,"href":"https:\/\/www.alqueria.es\/blogs\/alqueriarojaverde\/wp-json\/wp\/v2\/categories?post=18915"},{"taxonomy":"post_tag","embeddable":true,"href":"https:\/\/www.alqueria.es\/blogs\/alqueriarojaverde\/wp-json\/wp\/v2\/tags?post=18915"}],"curies":[{"name":"wp","href":"https:\/\/api.w.org\/{rel}","templated":true}]}}