{"id":18921,"date":"2018-06-22T13:31:30","date_gmt":"2018-06-22T11:31:30","guid":{"rendered":"https:\/\/www.alqueria.es\/blogs\/alqueriarojaverde\/?p=18921"},"modified":"2018-06-25T10:15:53","modified_gmt":"2018-06-25T08:15:53","slug":"18921","status":"publish","type":"post","link":"https:\/\/www.alqueria.es\/blogs\/alqueriarojaverde\/2018\/06\/22\/18921\/","title":{"rendered":"\u00a1Ya somos verdes!"},"content":{"rendered":"<p><em><strong><span style=\"color: #a30a91\">Queridas familias, hoy despedimos un gran curso; estos meses hemos <img data-recalc-dims=\"1\" decoding=\"async\" data-attachment-id=\"18922\" data-permalink=\"https:\/\/www.alqueria.es\/blogs\/alqueriarojaverde\/2018\/06\/22\/18921\/de222a116c5c3e8b11ca9cead035d206\/\" data-orig-file=\"https:\/\/i0.wp.com\/cloud.alqueria.es\/wp-content\/uploads\/sites\/8\/2018\/06\/de222a116c5c3e8b11ca9cead035d206.jpg?fit=368%2C529&amp;ssl=1\" data-orig-size=\"368,529\" data-comments-opened=\"1\" data-image-meta=\"{&quot;aperture&quot;:&quot;0&quot;,&quot;credit&quot;:&quot;&quot;,&quot;camera&quot;:&quot;&quot;,&quot;caption&quot;:&quot;&quot;,&quot;created_timestamp&quot;:&quot;0&quot;,&quot;copyright&quot;:&quot;&quot;,&quot;focal_length&quot;:&quot;0&quot;,&quot;iso&quot;:&quot;0&quot;,&quot;shutter_speed&quot;:&quot;0&quot;,&quot;title&quot;:&quot;&quot;,&quot;orientation&quot;:&quot;0&quot;}\" data-image-title=\"de222a116c5c3e8b11ca9cead035d206\" data-image-description=\"\" data-image-caption=\"\" data-large-file=\"https:\/\/i0.wp.com\/cloud.alqueria.es\/wp-content\/uploads\/sites\/8\/2018\/06\/de222a116c5c3e8b11ca9cead035d206.jpg?fit=368%2C529&amp;ssl=1\" class=\"alignleft wp-image-18922\" src=\"https:\/\/i0.wp.com\/cloud.alqueria.es\/wp-content\/uploads\/sites\/8\/2018\/06\/de222a116c5c3e8b11ca9cead035d206.jpg?resize=148%2C212&#038;ssl=1\" alt=\"\" width=\"148\" height=\"212\" srcset=\"https:\/\/cloud.alqueria.es\/wp-content\/uploads\/sites\/8\/2018\/06\/de222a116c5c3e8b11ca9cead035d206.jpg 368w, https:\/\/cloud.alqueria.es\/wp-content\/uploads\/sites\/8\/2018\/06\/de222a116c5c3e8b11ca9cead035d206.jpg 209w\" sizes=\"(max-width: 148px) 100vw, 148px\" \/>convivido en nuestra clase rojita y hemos compartido muchos momentos importantes para todos. Hemos llorado, hemos reido, nos hemos sorprendido, hemos investigado, hemos aprendido&#8230;.., hemos cambiado. Hemos experimentado un cambio madurativo importante, \u00a1ya somos verdes!<\/span><\/strong><\/em><\/p>\n<p><em><strong><span style=\"color: #a30a91\">Todas estas vivencias nos han unido como grupo, hemos creado unos lazos afectivos que van a ser muy dif\u00edciles de romper, es por eso que en Alquer\u00eda nos sentimos una gran familia.\u00a0<\/span><\/strong><\/em><\/p>\n<p><em><strong><span style=\"color: #a30a91\">Para m\u00ed ha sido un verdadero placer volver a compartir con vuestros<img data-recalc-dims=\"1\" decoding=\"async\" data-attachment-id=\"18923\" data-permalink=\"https:\/\/www.alqueria.es\/blogs\/alqueriarojaverde\/2018\/06\/22\/18921\/647c7aa33cf6f58ab6ce60f948db9df3\/\" data-orig-file=\"https:\/\/i0.wp.com\/cloud.alqueria.es\/wp-content\/uploads\/sites\/8\/2018\/06\/647c7aa33cf6f58ab6ce60f948db9df3.jpg?fit=564%2C564&amp;ssl=1\" data-orig-size=\"564,564\" data-comments-opened=\"1\" data-image-meta=\"{&quot;aperture&quot;:&quot;0&quot;,&quot;credit&quot;:&quot;&quot;,&quot;camera&quot;:&quot;&quot;,&quot;caption&quot;:&quot;&quot;,&quot;created_timestamp&quot;:&quot;0&quot;,&quot;copyright&quot;:&quot;&quot;,&quot;focal_length&quot;:&quot;0&quot;,&quot;iso&quot;:&quot;0&quot;,&quot;shutter_speed&quot;:&quot;0&quot;,&quot;title&quot;:&quot;&quot;,&quot;orientation&quot;:&quot;0&quot;}\" data-image-title=\"647c7aa33cf6f58ab6ce60f948db9df3\" data-image-description=\"\" data-image-caption=\"\" data-large-file=\"https:\/\/i0.wp.com\/cloud.alqueria.es\/wp-content\/uploads\/sites\/8\/2018\/06\/647c7aa33cf6f58ab6ce60f948db9df3.jpg?fit=474%2C474&amp;ssl=1\" class=\"alignright wp-image-18923\" src=\"https:\/\/i0.wp.com\/cloud.alqueria.es\/wp-content\/uploads\/sites\/8\/2018\/06\/647c7aa33cf6f58ab6ce60f948db9df3.jpg?resize=228%2C228&#038;ssl=1\" alt=\"\" width=\"228\" height=\"228\" srcset=\"https:\/\/cloud.alqueria.es\/wp-content\/uploads\/sites\/8\/2018\/06\/647c7aa33cf6f58ab6ce60f948db9df3.jpg 564w, https:\/\/cloud.alqueria.es\/wp-content\/uploads\/sites\/8\/2018\/06\/647c7aa33cf6f58ab6ce60f948db9df3.jpg 150w, https:\/\/cloud.alqueria.es\/wp-content\/uploads\/sites\/8\/2018\/06\/647c7aa33cf6f58ab6ce60f948db9df3.jpg 300w\" sizes=\"(max-width: 228px) 100vw, 228px\" \/> hijos e hijas todos esos momentos, cada d\u00eda he aprendido con ellos, me han hecho reir much\u00ediiiiiisimo y me han emocionado en otras tantas ocasiones. Mi trayectoria con este grupo es ya de tres a\u00f1os, lo cual hace que sean muy especiales para mi.\u00a0<\/span><\/strong><\/em><\/p>\n<p><em><strong><span style=\"color: #a30a91\">Quiero agradeceros desde aqu\u00ed el regalo tan especial que me hab\u00e9is hecho, no dud\u00e9is que me acordar\u00e9 de todos vosotros cuando lo est\u00e9 disfrutando \ud83d\ude09 .<\/span><\/strong><\/em><\/p>\n<p><em><strong><span style=\"color: #a30a91\">Algunos seguir\u00e9is viniendo al campus de verano, con lo cual nos seguiremos viendo, pero otros ya os vais para disfrutar de unas merecidas vacaciones; de estos \u00faltimos me despido ya con un gran beso, y a \u00abmis campeones de campus\u00bb ya os lo dar\u00e9 en persona.<\/span><\/strong><\/em><\/p>\n<p><img data-recalc-dims=\"1\" decoding=\"async\" data-attachment-id=\"18924\" data-permalink=\"https:\/\/www.alqueria.es\/blogs\/alqueriarojaverde\/2018\/06\/22\/18921\/f02bd9feb1ce31833523a0853fd78be0\/\" data-orig-file=\"https:\/\/i0.wp.com\/cloud.alqueria.es\/wp-content\/uploads\/sites\/8\/2018\/06\/f02bd9feb1ce31833523a0853fd78be0.jpg?fit=529%2C812&amp;ssl=1\" data-orig-size=\"529,812\" data-comments-opened=\"1\" data-image-meta=\"{&quot;aperture&quot;:&quot;0&quot;,&quot;credit&quot;:&quot;&quot;,&quot;camera&quot;:&quot;&quot;,&quot;caption&quot;:&quot;&quot;,&quot;created_timestamp&quot;:&quot;0&quot;,&quot;copyright&quot;:&quot;&quot;,&quot;focal_length&quot;:&quot;0&quot;,&quot;iso&quot;:&quot;0&quot;,&quot;shutter_speed&quot;:&quot;0&quot;,&quot;title&quot;:&quot;&quot;,&quot;orientation&quot;:&quot;0&quot;}\" data-image-title=\"f02bd9feb1ce31833523a0853fd78be0\" data-image-description=\"\" data-image-caption=\"\" data-large-file=\"https:\/\/i0.wp.com\/cloud.alqueria.es\/wp-content\/uploads\/sites\/8\/2018\/06\/f02bd9feb1ce31833523a0853fd78be0.jpg?fit=474%2C728&amp;ssl=1\" class=\"aligncenter size-full wp-image-18924\" src=\"https:\/\/i0.wp.com\/cloud.alqueria.es\/wp-content\/uploads\/sites\/8\/2018\/06\/f02bd9feb1ce31833523a0853fd78be0.jpg?resize=474%2C728&#038;ssl=1\" alt=\"\" width=\"474\" height=\"728\" srcset=\"https:\/\/cloud.alqueria.es\/wp-content\/uploads\/sites\/8\/2018\/06\/f02bd9feb1ce31833523a0853fd78be0.jpg 529w, https:\/\/cloud.alqueria.es\/wp-content\/uploads\/sites\/8\/2018\/06\/f02bd9feb1ce31833523a0853fd78be0.jpg 195w\" sizes=\"(max-width: 474px) 100vw, 474px\" \/><\/p>\n<p><em><strong><span style=\"color: #a30a91\">Solo me queda desearos que disfrut\u00e9is de un verano maravilloso, os espero en septiembre \u00abcon las pilas cargadas\u00bb y espero que muy alegres, un abrazo.<\/span><\/strong><\/em><\/p>\n<p style=\"text-align: right\"><em><strong><span style=\"color: #a30a91\">Loli G\u00e1lvez<\/span><\/strong><\/em><\/p>\n","protected":false},"excerpt":{"rendered":"<p>Queridas familias, hoy despedimos un gran curso; estos meses hemos convivido en nuestra clase rojita y hemos compartido muchos momentos importantes para todos. Hemos llorado, hemos reido, nos hemos sorprendido, hemos investigado, hemos aprendido&#8230;.., hemos cambiado. Hemos experimentado un cambio madurativo importante, \u00a1ya somos verdes! Todas estas vivencias nos han unido como grupo, hemos creado &hellip; <a href=\"https:\/\/www.alqueria.es\/blogs\/alqueriarojaverde\/2018\/06\/22\/18921\/\" class=\"more-link\">Seguir leyendo <span class=\"screen-reader-text\">\u00a1Ya somos verdes!<\/span> <span class=\"meta-nav\">&rarr;<\/span><\/a><\/p>\n","protected":false},"author":19,"featured_media":0,"comment_status":"open","ping_status":"open","sticky":false,"template":"","format":"standard","meta":{"jetpack_post_was_ever_published":false,"_jetpack_newsletter_access":"","_jetpack_dont_email_post_to_subs":false,"_jetpack_newsletter_tier_id":0,"_jetpack_memberships_contains_paywalled_content":false,"_jetpack_memberships_contains_paid_content":false,"footnotes":"","jetpack_publicize_message":"","jetpack_publicize_feature_enabled":true,"jetpack_social_post_already_shared":true,"jetpack_social_options":{"image_generator_settings":{"template":"highway","default_image_id":0,"font":"","enabled":false},"version":2}},"categories":[6],"tags":[461],"class_list":["post-18921","post","type-post","status-publish","format-standard","hentry","category-clase-roja-4-5-anos","tag-fin-de-curso"],"jetpack_publicize_connections":[],"jetpack_featured_media_url":"","jetpack_sharing_enabled":true,"jetpack_shortlink":"https:\/\/wp.me\/s4lFbP-18921","_links":{"self":[{"href":"https:\/\/www.alqueria.es\/blogs\/alqueriarojaverde\/wp-json\/wp\/v2\/posts\/18921","targetHints":{"allow":["GET"]}}],"collection":[{"href":"https:\/\/www.alqueria.es\/blogs\/alqueriarojaverde\/wp-json\/wp\/v2\/posts"}],"about":[{"href":"https:\/\/www.alqueria.es\/blogs\/alqueriarojaverde\/wp-json\/wp\/v2\/types\/post"}],"author":[{"embeddable":true,"href":"https:\/\/www.alqueria.es\/blogs\/alqueriarojaverde\/wp-json\/wp\/v2\/users\/19"}],"replies":[{"embeddable":true,"href":"https:\/\/www.alqueria.es\/blogs\/alqueriarojaverde\/wp-json\/wp\/v2\/comments?post=18921"}],"version-history":[{"count":0,"href":"https:\/\/www.alqueria.es\/blogs\/alqueriarojaverde\/wp-json\/wp\/v2\/posts\/18921\/revisions"}],"wp:attachment":[{"href":"https:\/\/www.alqueria.es\/blogs\/alqueriarojaverde\/wp-json\/wp\/v2\/media?parent=18921"}],"wp:term":[{"taxonomy":"category","embeddable":true,"href":"https:\/\/www.alqueria.es\/blogs\/alqueriarojaverde\/wp-json\/wp\/v2\/categories?post=18921"},{"taxonomy":"post_tag","embeddable":true,"href":"https:\/\/www.alqueria.es\/blogs\/alqueriarojaverde\/wp-json\/wp\/v2\/tags?post=18921"}],"curies":[{"name":"wp","href":"https:\/\/api.w.org\/{rel}","templated":true}]}}