{"id":18929,"date":"2018-09-06T10:45:53","date_gmt":"2018-09-06T08:45:53","guid":{"rendered":"https:\/\/www.alqueria.es\/blogs\/alqueriarojaverde\/?p=18929"},"modified":"2018-09-10T18:50:58","modified_gmt":"2018-09-10T16:50:58","slug":"ya-estamos-de-vuelta","status":"publish","type":"post","link":"https:\/\/www.alqueria.es\/blogs\/alqueriarojaverde\/2018\/09\/06\/ya-estamos-de-vuelta\/","title":{"rendered":"\u00a1YA ESTAMOS DE VUELTA!"},"content":{"rendered":"<p><img data-recalc-dims=\"1\" decoding=\"async\" data-attachment-id=\"18948\" data-permalink=\"https:\/\/www.alqueria.es\/blogs\/alqueriarojaverde\/2018\/09\/06\/ya-estamos-de-vuelta\/sergofi-vuelve-de-vacaciones\/\" data-orig-file=\"https:\/\/i0.wp.com\/cloud.alqueria.es\/wp-content\/uploads\/sites\/8\/2018\/09\/sergofi-vuelve-de-vacaciones.jpg?fit=226%2C223&amp;ssl=1\" data-orig-size=\"226,223\" data-comments-opened=\"1\" data-image-meta=\"{&quot;aperture&quot;:&quot;0&quot;,&quot;credit&quot;:&quot;&quot;,&quot;camera&quot;:&quot;&quot;,&quot;caption&quot;:&quot;&quot;,&quot;created_timestamp&quot;:&quot;0&quot;,&quot;copyright&quot;:&quot;&quot;,&quot;focal_length&quot;:&quot;0&quot;,&quot;iso&quot;:&quot;0&quot;,&quot;shutter_speed&quot;:&quot;0&quot;,&quot;title&quot;:&quot;&quot;,&quot;orientation&quot;:&quot;0&quot;}\" data-image-title=\"sergofi-vuelve-de-vacaciones\" data-image-description=\"\" data-image-caption=\"\" data-large-file=\"https:\/\/i0.wp.com\/cloud.alqueria.es\/wp-content\/uploads\/sites\/8\/2018\/09\/sergofi-vuelve-de-vacaciones.jpg?fit=226%2C223&amp;ssl=1\" class=\"aligncenter size-full wp-image-18948\" src=\"https:\/\/i0.wp.com\/cloud.alqueria.es\/wp-content\/uploads\/sites\/8\/2018\/09\/sergofi-vuelve-de-vacaciones.jpg?resize=226%2C223&#038;ssl=1\" alt=\"\" width=\"226\" height=\"223\" \/>Apreciadas familias, hoy comienza la atenci\u00f3n al alumnado en nuestro <a href=\"https:\/\/www.alqueria.es\">centro<\/a> aunque, como todos sab\u00e9is, el curso oficial dar\u00e1 comienzo la semana pr\u00f3xima.<\/p>\n<p>En las clases <strong><span style=\"color: #ff0000\">Roja<\/span><\/strong> y <strong><span style=\"color: #008000\">Verde<\/span><\/strong>, las incorporaciones han sido numerosas, aunque todav\u00eda no estamos al completo. Cuando los grupos est\u00e9n conformados en su totalidad realizaremos la tradicional asamblea de vuelta de vacaciones, acordaremos las normas inherentes al nuevo grupo, trataremos las novedades del curso &#8230;<\/p>\n<p>Deciros que en el ambiente se ha respirado una inmensa alegr\u00eda por reencontrarse de nuevos con l@s amig@s y por \u00abvolver a su cole\u00bb. Aunque parezca incre\u00edble ten\u00edan unas ganas inmensas de comenzar el curso. Por supuesto, nosotras felices de la acogida, tanto de l@s ni\u00f1@s como de las familias (que segu\u00eds traslad\u00e1ndonos vuestra cercan\u00eda, confianza e incondicionalidad).<\/p>\n<p style=\"text-align: center\"><strong><span style=\"color: #ff00ff\">\u00a1BIENVENID@S!\u00a0<\/span><\/strong><\/p>\n<p style=\"text-align: right\">Carmen y Esther.<\/p>\n","protected":false},"excerpt":{"rendered":"<p>Apreciadas familias, hoy comienza la atenci\u00f3n al alumnado en nuestro centro aunque, como todos sab\u00e9is, el curso oficial dar\u00e1 comienzo la semana pr\u00f3xima. En las clases Roja y Verde, las incorporaciones han sido numerosas, aunque todav\u00eda no estamos al completo. Cuando los grupos est\u00e9n conformados en su totalidad realizaremos la tradicional asamblea de vuelta de &hellip; <a href=\"https:\/\/www.alqueria.es\/blogs\/alqueriarojaverde\/2018\/09\/06\/ya-estamos-de-vuelta\/\" class=\"more-link\">Seguir leyendo <span class=\"screen-reader-text\">\u00a1YA ESTAMOS DE VUELTA!<\/span> <span class=\"meta-nav\">&rarr;<\/span><\/a><\/p>\n","protected":false},"author":19,"featured_media":0,"comment_status":"open","ping_status":"open","sticky":false,"template":"","format":"standard","meta":{"jetpack_post_was_ever_published":false,"_jetpack_newsletter_access":"","_jetpack_dont_email_post_to_subs":false,"_jetpack_newsletter_tier_id":0,"_jetpack_memberships_contains_paywalled_content":false,"_jetpack_memberships_contains_paid_content":false,"footnotes":"","jetpack_publicize_message":"","jetpack_publicize_feature_enabled":true,"jetpack_social_post_already_shared":true,"jetpack_social_options":{"image_generator_settings":{"template":"highway","default_image_id":0,"font":"","enabled":false},"version":2}},"categories":[6,7,13],"tags":[462],"class_list":["post-18929","post","type-post","status-publish","format-standard","hentry","category-clase-roja-4-5-anos","category-clase-verde-5-6-anos","category-inicio","tag-inicio-de-curso"],"jetpack_publicize_connections":[],"jetpack_featured_media_url":"","jetpack_sharing_enabled":true,"jetpack_shortlink":"https:\/\/wp.me\/p4lFbP-4Vj","_links":{"self":[{"href":"https:\/\/www.alqueria.es\/blogs\/alqueriarojaverde\/wp-json\/wp\/v2\/posts\/18929","targetHints":{"allow":["GET"]}}],"collection":[{"href":"https:\/\/www.alqueria.es\/blogs\/alqueriarojaverde\/wp-json\/wp\/v2\/posts"}],"about":[{"href":"https:\/\/www.alqueria.es\/blogs\/alqueriarojaverde\/wp-json\/wp\/v2\/types\/post"}],"author":[{"embeddable":true,"href":"https:\/\/www.alqueria.es\/blogs\/alqueriarojaverde\/wp-json\/wp\/v2\/users\/19"}],"replies":[{"embeddable":true,"href":"https:\/\/www.alqueria.es\/blogs\/alqueriarojaverde\/wp-json\/wp\/v2\/comments?post=18929"}],"version-history":[{"count":0,"href":"https:\/\/www.alqueria.es\/blogs\/alqueriarojaverde\/wp-json\/wp\/v2\/posts\/18929\/revisions"}],"wp:attachment":[{"href":"https:\/\/www.alqueria.es\/blogs\/alqueriarojaverde\/wp-json\/wp\/v2\/media?parent=18929"}],"wp:term":[{"taxonomy":"category","embeddable":true,"href":"https:\/\/www.alqueria.es\/blogs\/alqueriarojaverde\/wp-json\/wp\/v2\/categories?post=18929"},{"taxonomy":"post_tag","embeddable":true,"href":"https:\/\/www.alqueria.es\/blogs\/alqueriarojaverde\/wp-json\/wp\/v2\/tags?post=18929"}],"curies":[{"name":"wp","href":"https:\/\/api.w.org\/{rel}","templated":true}]}}