{"id":18933,"date":"2018-09-10T18:58:18","date_gmt":"2018-09-10T16:58:18","guid":{"rendered":"https:\/\/www.alqueria.es\/blogs\/alqueriarojaverde\/?p=18933"},"modified":"2018-09-10T18:58:18","modified_gmt":"2018-09-10T16:58:18","slug":"nuestras-vacaciones","status":"publish","type":"post","link":"https:\/\/www.alqueria.es\/blogs\/alqueriarojaverde\/2018\/09\/10\/nuestras-vacaciones\/","title":{"rendered":"\u00a1NUESTRAS VACACIONES!"},"content":{"rendered":"<p><span style=\"color: #008000\">Seguimos muy poquito a poco con las incorporaciones al grupo, as\u00ed que durante la semana iremos introduciendo de forma progresiva aquellas novedades m\u00e1s significativas para este curso.<\/span><\/p>\n<p><span style=\"color: #ff00ff\"><em><strong>El pr\u00f3ximo lunes<\/strong><\/em> <\/span>tendremos nuestra <strong><span style=\"color: #ff00ff\">reuni\u00f3n de grupo<\/span><\/strong>, en la que tendr\u00e9 oportunidad de contaos de primera mano, todo lo necesario y que me formul\u00e9is cuantas dudas o interrogantes se os presenten.<\/p>\n<p>Hoy hemos llevado a cabo una asamblea para contarnos lo que hemos hecho cada un@ este verano y hemos le\u00eddo un par de postales que nos han enviado desde sus destinos estivales Leo P. y Sof\u00eda. Leo tambi\u00e9n nos ha ense\u00f1ado algunas fotos, y se nos ha ocurrido que cada un@ aporte alguna para conformar un rinc\u00f3n especial dentro del aula, que nos podr\u00e1 acompa\u00f1ar al menos durante un tiempo.<\/p>\n<p><img data-recalc-dims=\"1\" decoding=\"async\" data-attachment-id=\"18950\" data-permalink=\"https:\/\/www.alqueria.es\/blogs\/alqueriarojaverde\/2018\/09\/10\/nuestras-vacaciones\/playa\/\" data-orig-file=\"https:\/\/i0.wp.com\/cloud.alqueria.es\/wp-content\/uploads\/sites\/8\/2018\/09\/playa.jpg?fit=1015%2C1024&amp;ssl=1\" data-orig-size=\"1015,1024\" data-comments-opened=\"1\" data-image-meta=\"{&quot;aperture&quot;:&quot;0&quot;,&quot;credit&quot;:&quot;&quot;,&quot;camera&quot;:&quot;&quot;,&quot;caption&quot;:&quot;&quot;,&quot;created_timestamp&quot;:&quot;0&quot;,&quot;copyright&quot;:&quot;&quot;,&quot;focal_length&quot;:&quot;0&quot;,&quot;iso&quot;:&quot;0&quot;,&quot;shutter_speed&quot;:&quot;0&quot;,&quot;title&quot;:&quot;&quot;,&quot;orientation&quot;:&quot;0&quot;}\" data-image-title=\"playa\" data-image-description=\"\" data-image-caption=\"\" data-large-file=\"https:\/\/i0.wp.com\/cloud.alqueria.es\/wp-content\/uploads\/sites\/8\/2018\/09\/playa.jpg?fit=474%2C478&amp;ssl=1\" class=\"aligncenter  wp-image-18950\" src=\"https:\/\/i0.wp.com\/cloud.alqueria.es\/wp-content\/uploads\/sites\/8\/2018\/09\/playa.jpg?resize=277%2C279&#038;ssl=1\" alt=\"\" width=\"277\" height=\"279\" \/>Como no pod\u00eda ser de otra forma, la propuesta de juego ha girado en torno a las vacaciones y como destino mayoritario \u00abla playa\u00bb, as\u00ed que hemos convertido nuestro aula en una paradis\u00edaca playa. Algo peculiar eso s\u00ed, ya que algunas se\u00f1oras iban en tacones, en el agua nos hemos encontrado todo tipo de animales singulares (\u00a1hasta leones y cebras!), han celebrado una fiesta en el chiringuito y la figura del socorrista ha sido bastante relevante.<\/p>\n<p>En estos d\u00edas iremos conociendo tambi\u00e9n la forma de llevar a cabo el dibujo de la propuesta, fin de semana, taller creativo &#8230; cambian peque\u00f1as cositas pero para ell@s muy significativas. De forma paralela comenzar\u00e9 con el diagn\u00f3stico inicial del grupo, para poder afinar m\u00e1s en la programaci\u00f3n.<\/p>\n<p><em><strong><span style=\"color: #ff00ff\">NOTA:<\/span><\/strong> <strong>Animaos con las fotos (pueden ser en papel) de las vacaciones, a ver si la propuesta se mantiene durante la semana. Tambi\u00e9n se puede aportar cualquier objeto que se preste al juego de vacaciones, playa &#8230;<\/strong><\/em><\/p>\n<p style=\"text-align: right\">Esther Justicia.<\/p>\n<p>&nbsp;<\/p>\n","protected":false},"excerpt":{"rendered":"<p>Seguimos muy poquito a poco con las incorporaciones al grupo, as\u00ed que durante la semana iremos introduciendo de forma progresiva aquellas novedades m\u00e1s significativas para este curso. El pr\u00f3ximo lunes tendremos nuestra reuni\u00f3n de grupo, en la que tendr\u00e9 oportunidad de contaos de primera mano, todo lo necesario y que me formul\u00e9is cuantas dudas o &hellip; <a href=\"https:\/\/www.alqueria.es\/blogs\/alqueriarojaverde\/2018\/09\/10\/nuestras-vacaciones\/\" class=\"more-link\">Seguir leyendo <span class=\"screen-reader-text\">\u00a1NUESTRAS VACACIONES!<\/span> <span class=\"meta-nav\">&rarr;<\/span><\/a><\/p>\n","protected":false},"author":19,"featured_media":0,"comment_status":"open","ping_status":"open","sticky":false,"template":"","format":"standard","meta":{"jetpack_post_was_ever_published":false,"_jetpack_newsletter_access":"","_jetpack_dont_email_post_to_subs":false,"_jetpack_newsletter_tier_id":0,"_jetpack_memberships_contains_paywalled_content":false,"_jetpack_memberships_contains_paid_content":false,"footnotes":"","jetpack_publicize_message":"","jetpack_publicize_feature_enabled":true,"jetpack_social_post_already_shared":true,"jetpack_social_options":{"image_generator_settings":{"template":"highway","default_image_id":0,"font":"","enabled":false},"version":2}},"categories":[7,13,21],"tags":[463],"class_list":["post-18933","post","type-post","status-publish","format-standard","hentry","category-clase-verde-5-6-anos","category-inicio","category-semanario-clase-verde","tag-vacaciones-de-verano"],"jetpack_publicize_connections":[],"jetpack_featured_media_url":"","jetpack_sharing_enabled":true,"jetpack_shortlink":"https:\/\/wp.me\/p4lFbP-4Vn","_links":{"self":[{"href":"https:\/\/www.alqueria.es\/blogs\/alqueriarojaverde\/wp-json\/wp\/v2\/posts\/18933","targetHints":{"allow":["GET"]}}],"collection":[{"href":"https:\/\/www.alqueria.es\/blogs\/alqueriarojaverde\/wp-json\/wp\/v2\/posts"}],"about":[{"href":"https:\/\/www.alqueria.es\/blogs\/alqueriarojaverde\/wp-json\/wp\/v2\/types\/post"}],"author":[{"embeddable":true,"href":"https:\/\/www.alqueria.es\/blogs\/alqueriarojaverde\/wp-json\/wp\/v2\/users\/19"}],"replies":[{"embeddable":true,"href":"https:\/\/www.alqueria.es\/blogs\/alqueriarojaverde\/wp-json\/wp\/v2\/comments?post=18933"}],"version-history":[{"count":0,"href":"https:\/\/www.alqueria.es\/blogs\/alqueriarojaverde\/wp-json\/wp\/v2\/posts\/18933\/revisions"}],"wp:attachment":[{"href":"https:\/\/www.alqueria.es\/blogs\/alqueriarojaverde\/wp-json\/wp\/v2\/media?parent=18933"}],"wp:term":[{"taxonomy":"category","embeddable":true,"href":"https:\/\/www.alqueria.es\/blogs\/alqueriarojaverde\/wp-json\/wp\/v2\/categories?post=18933"},{"taxonomy":"post_tag","embeddable":true,"href":"https:\/\/www.alqueria.es\/blogs\/alqueriarojaverde\/wp-json\/wp\/v2\/tags?post=18933"}],"curies":[{"name":"wp","href":"https:\/\/api.w.org\/{rel}","templated":true}]}}