{"id":19025,"date":"2018-09-18T20:02:04","date_gmt":"2018-09-18T18:02:04","guid":{"rendered":"https:\/\/www.alqueria.es\/blogs\/alqueriarojaverde\/?p=19025"},"modified":"2018-09-18T20:04:42","modified_gmt":"2018-09-18T18:04:42","slug":"19025","status":"publish","type":"post","link":"https:\/\/www.alqueria.es\/blogs\/alqueriarojaverde\/2018\/09\/18\/19025\/","title":{"rendered":"INICIAMOS EL TALLER DE BIBLIOTECA. M\u00c1S NOVEDADES EN EL GRUPO VERDE"},"content":{"rendered":"<p><img data-recalc-dims=\"1\" decoding=\"async\" data-attachment-id=\"19026\" data-permalink=\"https:\/\/www.alqueria.es\/blogs\/alqueriarojaverde\/2018\/09\/18\/19025\/gracias-5\/\" data-orig-file=\"https:\/\/i0.wp.com\/cloud.alqueria.es\/wp-content\/uploads\/sites\/8\/2018\/09\/gracias.jpg?fit=384%2C131&amp;ssl=1\" data-orig-size=\"384,131\" data-comments-opened=\"1\" data-image-meta=\"{&quot;aperture&quot;:&quot;0&quot;,&quot;credit&quot;:&quot;&quot;,&quot;camera&quot;:&quot;&quot;,&quot;caption&quot;:&quot;&quot;,&quot;created_timestamp&quot;:&quot;0&quot;,&quot;copyright&quot;:&quot;&quot;,&quot;focal_length&quot;:&quot;0&quot;,&quot;iso&quot;:&quot;0&quot;,&quot;shutter_speed&quot;:&quot;0&quot;,&quot;title&quot;:&quot;&quot;,&quot;orientation&quot;:&quot;0&quot;}\" data-image-title=\"gracias\" data-image-description=\"\" data-image-caption=\"\" data-large-file=\"https:\/\/i0.wp.com\/cloud.alqueria.es\/wp-content\/uploads\/sites\/8\/2018\/09\/gracias.jpg?fit=384%2C131&amp;ssl=1\" class=\"alignleft size-medium wp-image-19026\" src=\"https:\/\/i0.wp.com\/cloud.alqueria.es\/wp-content\/uploads\/sites\/8\/2018\/09\/gracias.jpg?resize=300%2C102&#038;ssl=1\" alt=\"\" width=\"300\" height=\"102\" srcset=\"https:\/\/cloud.alqueria.es\/wp-content\/uploads\/sites\/8\/2018\/09\/gracias.jpg 384w, https:\/\/cloud.alqueria.es\/wp-content\/uploads\/sites\/8\/2018\/09\/gracias.jpg 300w\" sizes=\"(max-width: 300px) 100vw, 300px\" \/>En primer lugar me gustar\u00eda <strong><span style=\"color: #339966\">agradeceros<\/span> <\/strong>tanto <strong><span style=\"color: #339966\">la asistencia a la reuni\u00f3n<\/span> <\/strong>de ayer, como las diferentes <strong><span style=\"color: #339966\">muestras de satisfacci\u00f3n<\/span><\/strong>, que me hicisteis llegar a trav\u00e9s de las encuestas y\/o de forma personal. Da gusto comenzar un curso as\u00ed.<\/p>\n<p>Aunque tuve oportunidad de exponer de forma global los aspectos m\u00e1s significativos inherentes al grupo verde, no quer\u00eda \u00absaltarme\u00bb la entrada al blog de principio de semana, ya que en estos primeros meses ser\u00e9 algo m\u00e1s exhaustiva en las explicaciones y \u00abse me acumula el trabajo\u00bb, je.<\/p>\n<p>El lunes<strong><span style=\"color: #ff00ff\"> recibimos a l@s compa\u00f1er@s que quedaban por incorporarse: Leo S., \u00c1lex y Luna.<\/span> <\/strong>En la asamblea les damos la bienvenida, les ponemos al d\u00eda de todo lo que nosotros hemos tratado hasta ese momento y comentamos los objetos de casa para iniciar propuestas de juego. No result\u00f3 ninguna propuesta que aglutinara al grupo al completo, siguen explorando materiales, juguetes, organizaci\u00f3n de espacios &#8230;<\/p>\n<p>Damos comienzo a la <strong><span style=\"color: #ff00ff\">lista del \u00abs\u00faper-ayudante\u00bb<\/span> <\/strong>y c\u00f3mo no a sus tareas correspondientes: decir qu\u00e9 d\u00eda de la semana es (poco a poco iremos incluyendo tambi\u00e9n los meses, de momento les acompa\u00f1o yo), cu\u00e1ntos hemos venido\/faltado, qu\u00e9 \u00abtoca hacer\u00bb en esa jornada, ser el primero de la fila, repartir los materiales para los diferentes talleres, poner el comedor, ayudar en el reparto del segundo plato y postre en el almuerzo, realizar recados y prestar ayuda a quien lo necesite para realizar cualquier cosa. Como veis una gran responsabilidad, que ell@s asumen gustos\u00edsimos. En pr\u00f3ximas semanas incluiremos la figura de <strong>\u00abLA PATRULLA VERDE\u00bb.<\/strong><\/p>\n<p>Celebramos el <strong><span style=\"color: #ff00ff\">cumple de Aline,<\/span><\/strong> que nos invita a un rico bizcocho con lacasitos. Como regalo, ya sab\u00e9is que le hacemos un precioso bloc con dibujos de cada uno\/a. Pues bien, este a\u00f1o el\/la cumplea\u00f1er@ elegir\u00e1 entre dos opciones: a) que le hagamos unos preciosos y coloridos dibujos para guardar de recuerdo o b) que le hagamos unos \u00a0bonitos dibujos a l\u00e1piz negro, para que pueda servir a modo de \u00abbloc para colorear\u00bb. Aline prefiri\u00f3 el recuerdo, pod\u00e9is verlos en el tabl\u00f3n de clase.<\/p>\n<p>Hoy (que ser\u00e1 en adelante, la <strong><span style=\"color: #ff00ff\">jornada dedica a la exposici\u00f3n del tema de experto<\/span><\/strong>), han sido los propios compa\u00f1eros \u00a0quienes han contado al resto en qu\u00e9 consist\u00eda esta actividad y hemos vuelto a comentar los temas elegidos. Ya hay algunas intenciones de cambio, as\u00ed que les he dado de <strong>plazo hasta la asamblea del viernes para fijar el definitivo.<\/strong> Ya sab\u00e9is, hablarlo en casa estos d\u00edas.<\/p>\n<p>Para el <strong><span style=\"color: #ff00ff\">desarrollo del juego<\/span><\/strong> han elegido:<\/p>\n<ul>\n<li><strong>Disfraces<\/strong>: Ana, Violeta, Candela, Sof\u00eda e Israa.<\/li>\n<li><strong>Cocinita:<\/strong> Aline, Mar\u00eda, Clara, Luna y Andrea.<\/li>\n<li><strong>Animales de la Sabana<\/strong>: Marcelo, Leo P. , Leo S., Oliver, Luis, \u00c1ngel y \u00c1lex.<\/li>\n<\/ul>\n<p>Seguimos realizando, en peque\u00f1as sesiones, el diagn\u00f3stico del grupo. Os he expuesto el dibujo que ya todos han realizado acerca de la figura humana.<\/p>\n<p><img data-recalc-dims=\"1\" decoding=\"async\" data-attachment-id=\"19028\" data-permalink=\"https:\/\/www.alqueria.es\/blogs\/alqueriarojaverde\/2018\/09\/18\/19025\/dsc_18681\/\" data-orig-file=\"https:\/\/i0.wp.com\/cloud.alqueria.es\/wp-content\/uploads\/sites\/8\/2018\/09\/DSC_18681.jpg?fit=1024%2C577&amp;ssl=1\" data-orig-size=\"1024,577\" data-comments-opened=\"1\" data-image-meta=\"{&quot;aperture&quot;:&quot;0&quot;,&quot;credit&quot;:&quot;&quot;,&quot;camera&quot;:&quot;&quot;,&quot;caption&quot;:&quot;&quot;,&quot;created_timestamp&quot;:&quot;0&quot;,&quot;copyright&quot;:&quot;&quot;,&quot;focal_length&quot;:&quot;0&quot;,&quot;iso&quot;:&quot;0&quot;,&quot;shutter_speed&quot;:&quot;0&quot;,&quot;title&quot;:&quot;&quot;,&quot;orientation&quot;:&quot;0&quot;}\" data-image-title=\"DSC_18681\" data-image-description=\"\" data-image-caption=\"\" data-large-file=\"https:\/\/i0.wp.com\/cloud.alqueria.es\/wp-content\/uploads\/sites\/8\/2018\/09\/DSC_18681.jpg?fit=474%2C267&amp;ssl=1\" class=\"aligncenter size-large wp-image-19028\" src=\"https:\/\/i0.wp.com\/cloud.alqueria.es\/wp-content\/uploads\/sites\/8\/2018\/09\/DSC_18681.jpg?resize=474%2C267&#038;ssl=1\" alt=\"\" width=\"474\" height=\"267\" srcset=\"https:\/\/cloud.alqueria.es\/wp-content\/uploads\/sites\/8\/2018\/09\/DSC_18681.jpg 1024w, https:\/\/cloud.alqueria.es\/wp-content\/uploads\/sites\/8\/2018\/09\/DSC_18681.jpg 300w, https:\/\/cloud.alqueria.es\/wp-content\/uploads\/sites\/8\/2018\/09\/DSC_18681.jpg 768w, https:\/\/cloud.alqueria.es\/wp-content\/uploads\/sites\/8\/2018\/09\/DSC_18681.jpg 948w\" sizes=\"(max-width: 474px) 100vw, 474px\" \/><\/p>\n<p><img data-recalc-dims=\"1\" decoding=\"async\" data-attachment-id=\"19027\" data-permalink=\"https:\/\/www.alqueria.es\/blogs\/alqueriarojaverde\/2018\/09\/18\/19025\/un-dragon-a-dieta\/\" data-orig-file=\"https:\/\/i0.wp.com\/cloud.alqueria.es\/wp-content\/uploads\/sites\/8\/2018\/09\/un-dragon-a-dieta.jpg?fit=260%2C288&amp;ssl=1\" data-orig-size=\"260,288\" data-comments-opened=\"1\" data-image-meta=\"{&quot;aperture&quot;:&quot;0&quot;,&quot;credit&quot;:&quot;&quot;,&quot;camera&quot;:&quot;&quot;,&quot;caption&quot;:&quot;&quot;,&quot;created_timestamp&quot;:&quot;0&quot;,&quot;copyright&quot;:&quot;&quot;,&quot;focal_length&quot;:&quot;0&quot;,&quot;iso&quot;:&quot;0&quot;,&quot;shutter_speed&quot;:&quot;0&quot;,&quot;title&quot;:&quot;&quot;,&quot;orientation&quot;:&quot;0&quot;}\" data-image-title=\"un-dragon-a-dieta\" data-image-description=\"\" data-image-caption=\"\" data-large-file=\"https:\/\/i0.wp.com\/cloud.alqueria.es\/wp-content\/uploads\/sites\/8\/2018\/09\/un-dragon-a-dieta.jpg?fit=260%2C288&amp;ssl=1\" class=\"alignleft size-full wp-image-19027\" src=\"https:\/\/i0.wp.com\/cloud.alqueria.es\/wp-content\/uploads\/sites\/8\/2018\/09\/un-dragon-a-dieta.jpg?resize=260%2C288&#038;ssl=1\" alt=\"\" width=\"260\" height=\"288\" \/>En el<em><strong><span style=\"color: #ff00ff\"> taller de biblioteca<\/span> <\/strong><\/em>realizamos:<\/p>\n<ul>\n<li>Escucha de la<span style=\"color: #0000ff\"> narraci\u00f3n \u00abUn drag\u00f3n a dieta\u00bb.<\/span> Con la que han disfrutado much\u00edsimo y re\u00eddo tambi\u00e9n.<\/li>\n<li><span style=\"color: #0000ff\">Lectura individual<\/span> de distintos ejemplares para elegir cu\u00e1l llevar a casa para la <span style=\"color: #0000ff\">tarea semanal<\/span>. Recordad que en un principio el texto que se incluye es con copia y que se entrega el pr\u00f3ximo martes.<\/li>\n<\/ul>\n<p class=\"jetpack-slideshow-noscript robots-nocontent\">El pase de diapositivas requiere JavaScript.<\/p><div id=\"gallery-19025-1-slideshow\" class=\"jetpack-slideshow-window jetpack-slideshow jetpack-slideshow-black\" data-trans=\"fade\" data-autostart=\"1\" data-gallery=\"[{&quot;src&quot;:&quot;https:\\\/\\\/i0.wp.com\\\/cloud.alqueria.es\\\/wp-content\\\/uploads\\\/sites\\\/8\\\/2018\\\/09\\\/DSC_18741.jpg?fit=1024%2C577\\u0026ssl=1&quot;,&quot;id&quot;:&quot;19035&quot;,&quot;title&quot;:&quot;DSC_18741&quot;,&quot;alt&quot;:&quot;&quot;,&quot;caption&quot;:&quot;&quot;,&quot;itemprop&quot;:&quot;image&quot;},{&quot;src&quot;:&quot;https:\\\/\\\/i0.wp.com\\\/cloud.alqueria.es\\\/wp-content\\\/uploads\\\/sites\\\/8\\\/2018\\\/09\\\/DSC_18781.jpg?fit=1024%2C577\\u0026ssl=1&quot;,&quot;id&quot;:&quot;19037&quot;,&quot;title&quot;:&quot;DSC_18781&quot;,&quot;alt&quot;:&quot;&quot;,&quot;caption&quot;:&quot;&quot;,&quot;itemprop&quot;:&quot;image&quot;},{&quot;src&quot;:&quot;https:\\\/\\\/i0.wp.com\\\/cloud.alqueria.es\\\/wp-content\\\/uploads\\\/sites\\\/8\\\/2018\\\/09\\\/DSC_18791.jpg?fit=578%2C1024\\u0026ssl=1&quot;,&quot;id&quot;:&quot;19033&quot;,&quot;title&quot;:&quot;DSC_18791&quot;,&quot;alt&quot;:&quot;&quot;,&quot;caption&quot;:&quot;&quot;,&quot;itemprop&quot;:&quot;image&quot;},{&quot;src&quot;:&quot;https:\\\/\\\/i0.wp.com\\\/cloud.alqueria.es\\\/wp-content\\\/uploads\\\/sites\\\/8\\\/2018\\\/09\\\/DSC_18771.jpg?fit=1024%2C577\\u0026ssl=1&quot;,&quot;id&quot;:&quot;19031&quot;,&quot;title&quot;:&quot;DSC_18771&quot;,&quot;alt&quot;:&quot;&quot;,&quot;caption&quot;:&quot;&quot;,&quot;itemprop&quot;:&quot;image&quot;},{&quot;src&quot;:&quot;https:\\\/\\\/i0.wp.com\\\/cloud.alqueria.es\\\/wp-content\\\/uploads\\\/sites\\\/8\\\/2018\\\/09\\\/DSC_18761.jpg?fit=1024%2C577\\u0026ssl=1&quot;,&quot;id&quot;:&quot;19030&quot;,&quot;title&quot;:&quot;DSC_18761&quot;,&quot;alt&quot;:&quot;&quot;,&quot;caption&quot;:&quot;&quot;,&quot;itemprop&quot;:&quot;image&quot;}]\" itemscope itemtype=\"https:\/\/schema.org\/ImageGallery\"><\/div>\n<ul>\n<li>Puesta en marcha de <span style=\"color: #0000ff\">\u00abLA CAJA DE LOS TRATOS\u00bb.<\/span> Se trata de una cajita secreta en la que cada un@ ha depositado un papel (escrito \u00aba su manera\u00bb o \u00abcomo suena\u00bb de forma aut\u00f3noma) con un compromiso a llevar a cabo. Hablamos de lo que significa un trato y un compromiso, as\u00ed como del plazo para comprobar si se cumpl\u00eda o no y de c\u00f3mo realizaremos la evaluaci\u00f3n. Antes de la fiesta de Oto\u00f1o revisaremos los tratos incluidos y cada uno llevar\u00e1 a cabo una auto-evaluaci\u00f3n, luego la de sus compa\u00f1eros\/as y finalmente mi visi\u00f3n (ya que en ocasiones no son demasiado objetivos con ellos y\/o con los dem\u00e1s).<\/li>\n<\/ul>\n<div class=\"tiled-gallery type-square tiled-gallery-unresized\" data-original-width=\"474\" data-carousel-extra='{&quot;blog_id&quot;:8,&quot;permalink&quot;:&quot;https:\\\/\\\/www.alqueria.es\\\/blogs\\\/alqueriarojaverde\\\/2018\\\/09\\\/18\\\/19025\\\/&quot;,&quot;likes_blog_id&quot;:64268569}' itemscope itemtype=\"http:\/\/schema.org\/ImageGallery\" > <div class=\"gallery-row\" style=\"width: 474px; height: 237px;\" data-original-width=\"474\" data-original-height=\"237\" > <div class=\"gallery-group\" style=\"width: 237px; height: 237px;\" data-original-width=\"237\" data-original-height=\"237\" > <div class=\"tiled-gallery-item \" itemprop=\"associatedMedia\" itemscope itemtype=\"http:\/\/schema.org\/ImageObject\"> <a href=\"https:\/\/www.alqueria.es\/blogs\/alqueriarojaverde\/2018\/09\/18\/19025\/dsc_18731\/\" border=\"0\" itemprop=\"url\"> <meta itemprop=\"width\" content=\"233\"> <meta itemprop=\"height\" content=\"233\"> <img decoding=\"async\" class=\"\" data-attachment-id=\"19036\" data-orig-file=\"https:\/\/cloud.alqueria.es\/wp-content\/uploads\/sites\/8\/2018\/09\/DSC_18731.jpg\" data-orig-size=\"1024,577\" data-comments-opened=\"1\" data-image-meta=\"{&quot;aperture&quot;:&quot;0&quot;,&quot;credit&quot;:&quot;&quot;,&quot;camera&quot;:&quot;&quot;,&quot;caption&quot;:&quot;&quot;,&quot;created_timestamp&quot;:&quot;0&quot;,&quot;copyright&quot;:&quot;&quot;,&quot;focal_length&quot;:&quot;0&quot;,&quot;iso&quot;:&quot;0&quot;,&quot;shutter_speed&quot;:&quot;0&quot;,&quot;title&quot;:&quot;&quot;,&quot;orientation&quot;:&quot;0&quot;}\" data-image-title=\"DSC_18731\" data-image-description=\"\" data-medium-file=\"https:\/\/i0.wp.com\/cloud.alqueria.es\/wp-content\/uploads\/sites\/8\/2018\/09\/DSC_18731.jpg?fit=300%2C169&#038;ssl=1\" data-large-file=\"https:\/\/i0.wp.com\/cloud.alqueria.es\/wp-content\/uploads\/sites\/8\/2018\/09\/DSC_18731.jpg?fit=474%2C267&#038;ssl=1\" src=\"https:\/\/i0.wp.com\/cloud.alqueria.es\/wp-content\/uploads\/sites\/8\/2018\/09\/DSC_18731.jpg?w=233&#038;h=233&#038;crop=1&#038;ssl=1\" srcset=\"https:\/\/cloud.alqueria.es\/wp-content\/uploads\/sites\/8\/2018\/09\/DSC_18731.jpg 150w, https:\/\/cloud.alqueria.es\/wp-content\/uploads\/sites\/8\/2018\/09\/DSC_18731.jpg 466w, https:\/\/cloud.alqueria.es\/wp-content\/uploads\/sites\/8\/2018\/09\/DSC_18731.jpg 699w\" width=\"233\" height=\"233\" loading=\"lazy\" data-original-width=\"233\" data-original-height=\"233\" itemprop=\"http:\/\/schema.org\/image\" title=\"DSC_18731\" alt=\"DSC_18731\" style=\"width: 233px; height: 233px;\" \/> <\/a> <\/div> <\/div> <div class=\"gallery-group\" style=\"width: 237px; height: 237px;\" data-original-width=\"237\" data-original-height=\"237\" > <div class=\"tiled-gallery-item \" itemprop=\"associatedMedia\" itemscope itemtype=\"http:\/\/schema.org\/ImageObject\"> <a href=\"https:\/\/www.alqueria.es\/blogs\/alqueriarojaverde\/2018\/09\/18\/19025\/dsc_1872\/\" border=\"0\" itemprop=\"url\"> <meta itemprop=\"width\" content=\"233\"> <meta itemprop=\"height\" content=\"233\"> <img decoding=\"async\" class=\"\" data-attachment-id=\"19032\" data-orig-file=\"https:\/\/cloud.alqueria.es\/wp-content\/uploads\/sites\/8\/2018\/09\/DSC_1872.jpg\" data-orig-size=\"1024,577\" data-comments-opened=\"1\" data-image-meta=\"{&quot;aperture&quot;:&quot;0&quot;,&quot;credit&quot;:&quot;&quot;,&quot;camera&quot;:&quot;&quot;,&quot;caption&quot;:&quot;&quot;,&quot;created_timestamp&quot;:&quot;0&quot;,&quot;copyright&quot;:&quot;&quot;,&quot;focal_length&quot;:&quot;0&quot;,&quot;iso&quot;:&quot;0&quot;,&quot;shutter_speed&quot;:&quot;0&quot;,&quot;title&quot;:&quot;&quot;,&quot;orientation&quot;:&quot;0&quot;}\" data-image-title=\"DSC_1872\" data-image-description=\"\" data-medium-file=\"https:\/\/i0.wp.com\/cloud.alqueria.es\/wp-content\/uploads\/sites\/8\/2018\/09\/DSC_1872.jpg?fit=300%2C169&#038;ssl=1\" data-large-file=\"https:\/\/i0.wp.com\/cloud.alqueria.es\/wp-content\/uploads\/sites\/8\/2018\/09\/DSC_1872.jpg?fit=474%2C267&#038;ssl=1\" src=\"https:\/\/i0.wp.com\/cloud.alqueria.es\/wp-content\/uploads\/sites\/8\/2018\/09\/DSC_1872.jpg?w=233&#038;h=233&#038;crop=1&#038;ssl=1\" srcset=\"https:\/\/cloud.alqueria.es\/wp-content\/uploads\/sites\/8\/2018\/09\/DSC_1872.jpg 150w, https:\/\/cloud.alqueria.es\/wp-content\/uploads\/sites\/8\/2018\/09\/DSC_1872.jpg 466w, https:\/\/cloud.alqueria.es\/wp-content\/uploads\/sites\/8\/2018\/09\/DSC_1872.jpg 699w\" width=\"233\" height=\"233\" loading=\"lazy\" data-original-width=\"233\" data-original-height=\"233\" itemprop=\"http:\/\/schema.org\/image\" title=\"DSC_1872\" alt=\"DSC_1872\" style=\"width: 233px; height: 233px;\" \/> <\/a> <\/div> <\/div> <\/div> <\/div>\n<p>Os seguir\u00e9 informando de nuestras jornadas en pr\u00f3ximas entradas. Un saludo,<\/p>\n<p>Esther Justicia.<\/p>\n<p>&nbsp;<\/p>\n","protected":false},"excerpt":{"rendered":"<p>En primer lugar me gustar\u00eda agradeceros tanto la asistencia a la reuni\u00f3n de ayer, como las diferentes muestras de satisfacci\u00f3n, que me hicisteis llegar a trav\u00e9s de las encuestas y\/o de forma personal. Da gusto comenzar un curso as\u00ed. Aunque tuve oportunidad de exponer de forma global los aspectos m\u00e1s significativos inherentes al grupo verde, &hellip; <a href=\"https:\/\/www.alqueria.es\/blogs\/alqueriarojaverde\/2018\/09\/18\/19025\/\" class=\"more-link\">Seguir leyendo <span class=\"screen-reader-text\">INICIAMOS EL TALLER DE BIBLIOTECA. M\u00c1S NOVEDADES EN EL GRUPO VERDE<\/span> <span class=\"meta-nav\">&rarr;<\/span><\/a><\/p>\n","protected":false},"author":19,"featured_media":0,"comment_status":"open","ping_status":"open","sticky":false,"template":"","format":"standard","meta":{"jetpack_post_was_ever_published":false,"_jetpack_newsletter_access":"","_jetpack_dont_email_post_to_subs":false,"_jetpack_newsletter_tier_id":0,"_jetpack_memberships_contains_paywalled_content":false,"_jetpack_memberships_contains_paid_content":false,"footnotes":"","jetpack_publicize_message":"","jetpack_publicize_feature_enabled":true,"jetpack_social_post_already_shared":true,"jetpack_social_options":{"image_generator_settings":{"template":"highway","default_image_id":0,"font":"","enabled":false},"version":2}},"categories":[7,13],"tags":[468,470,469,212],"class_list":["post-19025","post","type-post","status-publish","format-standard","hentry","category-clase-verde-5-6-anos","category-inicio","tag-ayudante-de-clase","tag-biblioteca-infantil","tag-conferencia-en-infantil","tag-metodo-de-propuestas"],"jetpack_publicize_connections":[],"jetpack_featured_media_url":"","jetpack_sharing_enabled":true,"jetpack_shortlink":"https:\/\/wp.me\/s4lFbP-19025","_links":{"self":[{"href":"https:\/\/www.alqueria.es\/blogs\/alqueriarojaverde\/wp-json\/wp\/v2\/posts\/19025","targetHints":{"allow":["GET"]}}],"collection":[{"href":"https:\/\/www.alqueria.es\/blogs\/alqueriarojaverde\/wp-json\/wp\/v2\/posts"}],"about":[{"href":"https:\/\/www.alqueria.es\/blogs\/alqueriarojaverde\/wp-json\/wp\/v2\/types\/post"}],"author":[{"embeddable":true,"href":"https:\/\/www.alqueria.es\/blogs\/alqueriarojaverde\/wp-json\/wp\/v2\/users\/19"}],"replies":[{"embeddable":true,"href":"https:\/\/www.alqueria.es\/blogs\/alqueriarojaverde\/wp-json\/wp\/v2\/comments?post=19025"}],"version-history":[{"count":0,"href":"https:\/\/www.alqueria.es\/blogs\/alqueriarojaverde\/wp-json\/wp\/v2\/posts\/19025\/revisions"}],"wp:attachment":[{"href":"https:\/\/www.alqueria.es\/blogs\/alqueriarojaverde\/wp-json\/wp\/v2\/media?parent=19025"}],"wp:term":[{"taxonomy":"category","embeddable":true,"href":"https:\/\/www.alqueria.es\/blogs\/alqueriarojaverde\/wp-json\/wp\/v2\/categories?post=19025"},{"taxonomy":"post_tag","embeddable":true,"href":"https:\/\/www.alqueria.es\/blogs\/alqueriarojaverde\/wp-json\/wp\/v2\/tags?post=19025"}],"curies":[{"name":"wp","href":"https:\/\/api.w.org\/{rel}","templated":true}]}}