{"id":19041,"date":"2018-09-21T16:30:42","date_gmt":"2018-09-21T14:30:42","guid":{"rendered":"https:\/\/www.alqueria.es\/blogs\/alqueriarojaverde\/?p=19041"},"modified":"2018-09-21T15:51:24","modified_gmt":"2018-09-21T13:51:24","slug":"trabajamos-las-emociones-visita-a-la-granja-huerto","status":"publish","type":"post","link":"https:\/\/www.alqueria.es\/blogs\/alqueriarojaverde\/2018\/09\/21\/trabajamos-las-emociones-visita-a-la-granja-huerto\/","title":{"rendered":"TRABAJAMOS LAS EMOCIONES. VISITA A LA GRANJA-HUERTO"},"content":{"rendered":"<p>El mi\u00e9rcoles, comenzamos a trabajar en nuestro <em><strong><span style=\"color: #ff00ff\">objetivo de plan de centro,<\/span><\/strong><\/em> para este curso. En primer lugar hablamos de los buenos modales, qu\u00e9 son, porqu\u00e9 se utilizan, c\u00f3mo influyen en la convivencia diaria &#8230; Las ideas previas del grupo eran numerosas y acordamos ayudarnos unos a otros en el cumplimiento de los mismos, de tal modo que no sea algo impuesto sino m\u00e1s bien algo a interiorizar en nuestra forma de ser.<\/p>\n<p>Para que el tema resultase significativo y no se limitase a una exposici\u00f3n o clase magistral por mi parte, ya que no es nuestra forma de llevar a cabo el proceso de ense\u00f1anza, damos lectura a los siguientes ejemplares:<\/p>\n<div class=\"tiled-gallery type-circle tiled-gallery-unresized\" data-original-width=\"474\" data-carousel-extra='{&quot;blog_id&quot;:8,&quot;permalink&quot;:&quot;https:\\\/\\\/www.alqueria.es\\\/blogs\\\/alqueriarojaverde\\\/2018\\\/09\\\/21\\\/trabajamos-las-emociones-visita-a-la-granja-huerto\\\/&quot;,&quot;likes_blog_id&quot;:64268569}' itemscope itemtype=\"http:\/\/schema.org\/ImageGallery\" > <div class=\"gallery-row\" style=\"width: 474px; height: 237px;\" data-original-width=\"474\" data-original-height=\"237\" > <div class=\"gallery-group\" style=\"width: 237px; height: 237px;\" data-original-width=\"237\" data-original-height=\"237\" > <div class=\"tiled-gallery-item \" itemprop=\"associatedMedia\" itemscope itemtype=\"http:\/\/schema.org\/ImageObject\"> <a href=\"https:\/\/www.alqueria.es\/blogs\/alqueriarojaverde\/2018\/09\/21\/trabajamos-las-emociones-visita-a-la-granja-huerto\/modales_con_los_ninos\/\" border=\"0\" itemprop=\"url\"> <meta itemprop=\"width\" content=\"233\"> <meta itemprop=\"height\" content=\"233\"> <img decoding=\"async\" class=\"\" data-attachment-id=\"19048\" data-orig-file=\"https:\/\/cloud.alqueria.es\/wp-content\/uploads\/sites\/8\/2018\/09\/Modales_con_los_ninos.jpg\" data-orig-size=\"675,675\" data-comments-opened=\"1\" data-image-meta=\"{&quot;aperture&quot;:&quot;0&quot;,&quot;credit&quot;:&quot;&quot;,&quot;camera&quot;:&quot;&quot;,&quot;caption&quot;:&quot;&quot;,&quot;created_timestamp&quot;:&quot;0&quot;,&quot;copyright&quot;:&quot;&quot;,&quot;focal_length&quot;:&quot;0&quot;,&quot;iso&quot;:&quot;0&quot;,&quot;shutter_speed&quot;:&quot;0&quot;,&quot;title&quot;:&quot;&quot;,&quot;orientation&quot;:&quot;0&quot;}\" data-image-title=\"Modales_con_los_ninos\" data-image-description=\"\" data-medium-file=\"https:\/\/i0.wp.com\/cloud.alqueria.es\/wp-content\/uploads\/sites\/8\/2018\/09\/Modales_con_los_ninos.jpg?fit=300%2C300&#038;ssl=1\" data-large-file=\"https:\/\/i0.wp.com\/cloud.alqueria.es\/wp-content\/uploads\/sites\/8\/2018\/09\/Modales_con_los_ninos.jpg?fit=474%2C474&#038;ssl=1\" src=\"https:\/\/i0.wp.com\/cloud.alqueria.es\/wp-content\/uploads\/sites\/8\/2018\/09\/Modales_con_los_ninos.jpg?w=233&#038;h=233&#038;crop=1&#038;ssl=1\" srcset=\"https:\/\/cloud.alqueria.es\/wp-content\/uploads\/sites\/8\/2018\/09\/Modales_con_los_ninos.jpg 675w, https:\/\/cloud.alqueria.es\/wp-content\/uploads\/sites\/8\/2018\/09\/Modales_con_los_ninos.jpg 150w, https:\/\/cloud.alqueria.es\/wp-content\/uploads\/sites\/8\/2018\/09\/Modales_con_los_ninos.jpg 300w\" width=\"233\" height=\"233\" loading=\"lazy\" data-original-width=\"233\" data-original-height=\"233\" itemprop=\"http:\/\/schema.org\/image\" title=\"Modales_con_los_ninos\" alt=\"Modales_con_los_ninos\" style=\"width: 233px; height: 233px;\" \/> <\/a> <\/div> <\/div> <div class=\"gallery-group\" style=\"width: 237px; height: 237px;\" data-original-width=\"237\" data-original-height=\"237\" > <div class=\"tiled-gallery-item \" itemprop=\"associatedMedia\" itemscope itemtype=\"http:\/\/schema.org\/ImageObject\"> <a href=\"https:\/\/www.alqueria.es\/blogs\/alqueriarojaverde\/2018\/09\/21\/trabajamos-las-emociones-visita-a-la-granja-huerto\/mis-amigos\/\" border=\"0\" itemprop=\"url\"> <meta itemprop=\"width\" content=\"233\"> <meta itemprop=\"height\" content=\"233\"> <img decoding=\"async\" class=\"\" data-attachment-id=\"19047\" data-orig-file=\"https:\/\/cloud.alqueria.es\/wp-content\/uploads\/sites\/8\/2018\/09\/MIS-AMIGOS.jpg\" data-orig-size=\"600,673\" data-comments-opened=\"1\" data-image-meta=\"{&quot;aperture&quot;:&quot;0&quot;,&quot;credit&quot;:&quot;&quot;,&quot;camera&quot;:&quot;&quot;,&quot;caption&quot;:&quot;&quot;,&quot;created_timestamp&quot;:&quot;0&quot;,&quot;copyright&quot;:&quot;&quot;,&quot;focal_length&quot;:&quot;0&quot;,&quot;iso&quot;:&quot;0&quot;,&quot;shutter_speed&quot;:&quot;0&quot;,&quot;title&quot;:&quot;&quot;,&quot;orientation&quot;:&quot;0&quot;}\" data-image-title=\"MIS-AMIGOS\" data-image-description=\"\" data-medium-file=\"https:\/\/i0.wp.com\/cloud.alqueria.es\/wp-content\/uploads\/sites\/8\/2018\/09\/MIS-AMIGOS.jpg?fit=267%2C300&#038;ssl=1\" data-large-file=\"https:\/\/i0.wp.com\/cloud.alqueria.es\/wp-content\/uploads\/sites\/8\/2018\/09\/MIS-AMIGOS.jpg?fit=474%2C532&#038;ssl=1\" src=\"https:\/\/i0.wp.com\/cloud.alqueria.es\/wp-content\/uploads\/sites\/8\/2018\/09\/MIS-AMIGOS.jpg?w=233&#038;h=233&#038;crop=1&#038;ssl=1\" srcset=\"https:\/\/cloud.alqueria.es\/wp-content\/uploads\/sites\/8\/2018\/09\/MIS-AMIGOS.jpg 150w, https:\/\/cloud.alqueria.es\/wp-content\/uploads\/sites\/8\/2018\/09\/MIS-AMIGOS.jpg 466w\" width=\"233\" height=\"233\" loading=\"lazy\" data-original-width=\"233\" data-original-height=\"233\" itemprop=\"http:\/\/schema.org\/image\" title=\"MIS-AMIGOS\" alt=\"MIS-AMIGOS\" style=\"width: 233px; height: 233px;\" \/> <\/a> <\/div> <\/div> <\/div> <\/div>\n<p>Os sugiero que no desaprovech\u00e9is la ocasi\u00f3n de comentarlas con vuestros peques, para afianzar como proyecto familiar, lo trabajado en el aula. La cooperaci\u00f3n entre escuela-familia es fundamental, para un desarrollo integral, coherente y armonioso.<\/p>\n<p><img data-recalc-dims=\"1\" decoding=\"async\" data-attachment-id=\"19051\" data-permalink=\"https:\/\/www.alqueria.es\/blogs\/alqueriarojaverde\/2018\/09\/21\/trabajamos-las-emociones-visita-a-la-granja-huerto\/cinco-feos\/\" data-orig-file=\"https:\/\/i0.wp.com\/cloud.alqueria.es\/wp-content\/uploads\/sites\/8\/2018\/09\/cinco-feos.jpg?fit=1000%2C766&amp;ssl=1\" data-orig-size=\"1000,766\" data-comments-opened=\"1\" data-image-meta=\"{&quot;aperture&quot;:&quot;0&quot;,&quot;credit&quot;:&quot;&quot;,&quot;camera&quot;:&quot;&quot;,&quot;caption&quot;:&quot;&quot;,&quot;created_timestamp&quot;:&quot;0&quot;,&quot;copyright&quot;:&quot;&quot;,&quot;focal_length&quot;:&quot;0&quot;,&quot;iso&quot;:&quot;0&quot;,&quot;shutter_speed&quot;:&quot;0&quot;,&quot;title&quot;:&quot;&quot;,&quot;orientation&quot;:&quot;0&quot;}\" data-image-title=\"cinco-feos\" data-image-description=\"\" data-image-caption=\"\" data-large-file=\"https:\/\/i0.wp.com\/cloud.alqueria.es\/wp-content\/uploads\/sites\/8\/2018\/09\/cinco-feos.jpg?fit=474%2C363&amp;ssl=1\" class=\"alignleft size-medium wp-image-19051\" src=\"https:\/\/i0.wp.com\/cloud.alqueria.es\/wp-content\/uploads\/sites\/8\/2018\/09\/cinco-feos.jpg?resize=300%2C230&#038;ssl=1\" alt=\"\" width=\"300\" height=\"230\" srcset=\"https:\/\/cloud.alqueria.es\/wp-content\/uploads\/sites\/8\/2018\/09\/cinco-feos.jpg 1000w, https:\/\/cloud.alqueria.es\/wp-content\/uploads\/sites\/8\/2018\/09\/cinco-feos.jpg 300w, https:\/\/cloud.alqueria.es\/wp-content\/uploads\/sites\/8\/2018\/09\/cinco-feos.jpg 768w, https:\/\/cloud.alqueria.es\/wp-content\/uploads\/sites\/8\/2018\/09\/cinco-feos.jpg 948w\" sizes=\"(max-width: 300px) 100vw, 300px\" \/><\/p>\n<p>Esta lectura, aportada por<strong> Luis<\/strong>, vino a complementar el enfoque, ya que nos dio pie a trabajar la aceptaci\u00f3n de las diferencias en los dem\u00e1s, as\u00ed como prestar atenci\u00f3n m\u00e1s a otros aspectos no relacionados s\u00f3lo y exclusivamente con la apariencia.<\/p>\n<p>Aprovechamos esta tem\u00e1tica, para realizaci\u00f3n de nuestro <span style=\"color: #ff6600\"><em><strong>taller creativo<\/strong><\/em><\/span>. En el que focalizamos en las emociones que afloran en determinadas situaciones de nuestro d\u00eda a d\u00eda y c\u00f3mo nos sentimos despu\u00e9s. Nos detenemos en dos en particular, la alegr\u00eda y la tristeza. Ejemplificamos algunas situaciones que vividas e intentamos ponernos en el lugar de la otra persona (empat\u00eda). Por \u00faltimo reconocemos el gesto facial en ambas situaciones e intentamos realizar un dibujo que los represente.<\/p>\n<div class=\"tiled-gallery type-square tiled-gallery-unresized\" data-original-width=\"474\" data-carousel-extra='{&quot;blog_id&quot;:8,&quot;permalink&quot;:&quot;https:\\\/\\\/www.alqueria.es\\\/blogs\\\/alqueriarojaverde\\\/2018\\\/09\\\/21\\\/trabajamos-las-emociones-visita-a-la-granja-huerto\\\/&quot;,&quot;likes_blog_id&quot;:64268569}' itemscope itemtype=\"http:\/\/schema.org\/ImageGallery\" > <div class=\"gallery-row\" style=\"width: 474px; height: 237px;\" data-original-width=\"474\" data-original-height=\"237\" > <div class=\"gallery-group\" style=\"width: 237px; height: 237px;\" data-original-width=\"237\" data-original-height=\"237\" > <div class=\"tiled-gallery-item \" itemprop=\"associatedMedia\" itemscope itemtype=\"http:\/\/schema.org\/ImageObject\"> <a href=\"https:\/\/www.alqueria.es\/blogs\/alqueriarojaverde\/2018\/09\/21\/trabajamos-las-emociones-visita-a-la-granja-huerto\/dsc_18821\/\" border=\"0\" itemprop=\"url\"> <meta itemprop=\"width\" content=\"233\"> <meta itemprop=\"height\" content=\"233\"> <img decoding=\"async\" class=\"\" data-attachment-id=\"19044\" data-orig-file=\"https:\/\/cloud.alqueria.es\/wp-content\/uploads\/sites\/8\/2018\/09\/DSC_18821.jpg\" data-orig-size=\"1024,578\" data-comments-opened=\"1\" data-image-meta=\"{&quot;aperture&quot;:&quot;0&quot;,&quot;credit&quot;:&quot;&quot;,&quot;camera&quot;:&quot;&quot;,&quot;caption&quot;:&quot;&quot;,&quot;created_timestamp&quot;:&quot;0&quot;,&quot;copyright&quot;:&quot;&quot;,&quot;focal_length&quot;:&quot;0&quot;,&quot;iso&quot;:&quot;0&quot;,&quot;shutter_speed&quot;:&quot;0&quot;,&quot;title&quot;:&quot;&quot;,&quot;orientation&quot;:&quot;0&quot;}\" data-image-title=\"DSC_18821\" data-image-description=\"\" data-medium-file=\"https:\/\/i0.wp.com\/cloud.alqueria.es\/wp-content\/uploads\/sites\/8\/2018\/09\/DSC_18821.jpg?fit=300%2C169&#038;ssl=1\" data-large-file=\"https:\/\/i0.wp.com\/cloud.alqueria.es\/wp-content\/uploads\/sites\/8\/2018\/09\/DSC_18821.jpg?fit=474%2C268&#038;ssl=1\" src=\"https:\/\/i0.wp.com\/cloud.alqueria.es\/wp-content\/uploads\/sites\/8\/2018\/09\/DSC_18821.jpg?w=233&#038;h=233&#038;crop=1&#038;ssl=1\" srcset=\"https:\/\/cloud.alqueria.es\/wp-content\/uploads\/sites\/8\/2018\/09\/DSC_18821.jpg 150w, https:\/\/cloud.alqueria.es\/wp-content\/uploads\/sites\/8\/2018\/09\/DSC_18821.jpg 466w, https:\/\/cloud.alqueria.es\/wp-content\/uploads\/sites\/8\/2018\/09\/DSC_18821.jpg 699w\" width=\"233\" height=\"233\" loading=\"lazy\" data-original-width=\"233\" data-original-height=\"233\" itemprop=\"http:\/\/schema.org\/image\" title=\"DSC_18821\" alt=\"DSC_18821\" style=\"width: 233px; height: 233px;\" \/> <\/a> <\/div> <\/div> <div class=\"gallery-group\" style=\"width: 237px; height: 237px;\" data-original-width=\"237\" data-original-height=\"237\" > <div class=\"tiled-gallery-item \" itemprop=\"associatedMedia\" itemscope itemtype=\"http:\/\/schema.org\/ImageObject\"> <a href=\"https:\/\/www.alqueria.es\/blogs\/alqueriarojaverde\/2018\/09\/21\/trabajamos-las-emociones-visita-a-la-granja-huerto\/dsc_18811\/\" border=\"0\" itemprop=\"url\"> <meta itemprop=\"width\" content=\"233\"> <meta itemprop=\"height\" content=\"233\"> <img decoding=\"async\" class=\"\" data-attachment-id=\"19043\" data-orig-file=\"https:\/\/cloud.alqueria.es\/wp-content\/uploads\/sites\/8\/2018\/09\/DSC_18811.jpg\" data-orig-size=\"1024,578\" data-comments-opened=\"1\" data-image-meta=\"{&quot;aperture&quot;:&quot;0&quot;,&quot;credit&quot;:&quot;&quot;,&quot;camera&quot;:&quot;&quot;,&quot;caption&quot;:&quot;&quot;,&quot;created_timestamp&quot;:&quot;0&quot;,&quot;copyright&quot;:&quot;&quot;,&quot;focal_length&quot;:&quot;0&quot;,&quot;iso&quot;:&quot;0&quot;,&quot;shutter_speed&quot;:&quot;0&quot;,&quot;title&quot;:&quot;&quot;,&quot;orientation&quot;:&quot;0&quot;}\" data-image-title=\"DSC_18811\" data-image-description=\"\" data-medium-file=\"https:\/\/i0.wp.com\/cloud.alqueria.es\/wp-content\/uploads\/sites\/8\/2018\/09\/DSC_18811.jpg?fit=300%2C169&#038;ssl=1\" data-large-file=\"https:\/\/i0.wp.com\/cloud.alqueria.es\/wp-content\/uploads\/sites\/8\/2018\/09\/DSC_18811.jpg?fit=474%2C268&#038;ssl=1\" src=\"https:\/\/i0.wp.com\/cloud.alqueria.es\/wp-content\/uploads\/sites\/8\/2018\/09\/DSC_18811.jpg?w=233&#038;h=233&#038;crop=1&#038;ssl=1\" srcset=\"https:\/\/cloud.alqueria.es\/wp-content\/uploads\/sites\/8\/2018\/09\/DSC_18811.jpg 150w, https:\/\/cloud.alqueria.es\/wp-content\/uploads\/sites\/8\/2018\/09\/DSC_18811.jpg 466w, https:\/\/cloud.alqueria.es\/wp-content\/uploads\/sites\/8\/2018\/09\/DSC_18811.jpg 699w\" width=\"233\" height=\"233\" loading=\"lazy\" data-original-width=\"233\" data-original-height=\"233\" itemprop=\"http:\/\/schema.org\/image\" title=\"DSC_18811\" alt=\"DSC_18811\" style=\"width: 233px; height: 233px;\" \/> <\/a> <\/div> <\/div> <\/div> <\/div>\n<p><img data-recalc-dims=\"1\" decoding=\"async\" data-attachment-id=\"19045\" data-permalink=\"https:\/\/www.alqueria.es\/blogs\/alqueriarojaverde\/2018\/09\/21\/trabajamos-las-emociones-visita-a-la-granja-huerto\/dsc_1883\/\" data-orig-file=\"https:\/\/i0.wp.com\/cloud.alqueria.es\/wp-content\/uploads\/sites\/8\/2018\/09\/DSC_1883.jpg?fit=1024%2C578&amp;ssl=1\" data-orig-size=\"1024,578\" data-comments-opened=\"1\" data-image-meta=\"{&quot;aperture&quot;:&quot;0&quot;,&quot;credit&quot;:&quot;&quot;,&quot;camera&quot;:&quot;&quot;,&quot;caption&quot;:&quot;&quot;,&quot;created_timestamp&quot;:&quot;0&quot;,&quot;copyright&quot;:&quot;&quot;,&quot;focal_length&quot;:&quot;0&quot;,&quot;iso&quot;:&quot;0&quot;,&quot;shutter_speed&quot;:&quot;0&quot;,&quot;title&quot;:&quot;&quot;,&quot;orientation&quot;:&quot;0&quot;}\" data-image-title=\"DSC_1883\" data-image-description=\"\" data-image-caption=\"\" data-large-file=\"https:\/\/i0.wp.com\/cloud.alqueria.es\/wp-content\/uploads\/sites\/8\/2018\/09\/DSC_1883.jpg?fit=474%2C268&amp;ssl=1\" class=\"aligncenter size-large wp-image-19045\" src=\"https:\/\/i0.wp.com\/cloud.alqueria.es\/wp-content\/uploads\/sites\/8\/2018\/09\/DSC_1883.jpg?resize=474%2C268&#038;ssl=1\" alt=\"\" width=\"474\" height=\"268\" srcset=\"https:\/\/cloud.alqueria.es\/wp-content\/uploads\/sites\/8\/2018\/09\/DSC_1883.jpg 1024w, https:\/\/cloud.alqueria.es\/wp-content\/uploads\/sites\/8\/2018\/09\/DSC_1883.jpg 300w, https:\/\/cloud.alqueria.es\/wp-content\/uploads\/sites\/8\/2018\/09\/DSC_1883.jpg 768w, https:\/\/cloud.alqueria.es\/wp-content\/uploads\/sites\/8\/2018\/09\/DSC_1883.jpg 948w\" sizes=\"(max-width: 474px) 100vw, 474px\" \/><\/p>\n<p>El jueves llevamos a cabo nuestro\u00a0<em><strong><span style=\"color: #800080\">\u00abM\u00e9todo de propuestas\u00bb,\u00a0<\/span><\/strong><\/em>con una sola consigna (sugerida por m\u00ed)<strong> \u00abjugar a algo que incluya a un gran n\u00famero de compa\u00f1eros y compa\u00f1eras, sin importar si son chicas o chicos\u00bb. <\/strong><\/p>\n<p>En un principio propusieron y desarrollaron una propuesta, en torno a la familia. \u00c9sta deriv\u00f3 en un viaje familiar en barco, hasta Madrid. Ante mi comentario \u00abpero si Madrid no tiene playa\u00bb, decidieron cambiar el destino a Salobre\u00f1a. Durante el viaje, el capit\u00e1n tuvo que intervenir en varias ocasiones, ante el alboroto de los pasajeros y formar a la tripulaci\u00f3n en el manejo del tim\u00f3n, el ancla &#8230; Qu\u00e9 pena no poder transcribir todas sus verbalizaciones, jugaron \u00abde dulce\u00bb.<\/p>\n<div class=\"tiled-gallery type-square tiled-gallery-unresized\" data-original-width=\"474\" data-carousel-extra='{&quot;blog_id&quot;:8,&quot;permalink&quot;:&quot;https:\\\/\\\/www.alqueria.es\\\/blogs\\\/alqueriarojaverde\\\/2018\\\/09\\\/21\\\/trabajamos-las-emociones-visita-a-la-granja-huerto\\\/&quot;,&quot;likes_blog_id&quot;:64268569}' itemscope itemtype=\"http:\/\/schema.org\/ImageGallery\" > <div class=\"gallery-row\" style=\"width: 474px; height: 237px;\" data-original-width=\"474\" data-original-height=\"237\" > <div class=\"gallery-group\" style=\"width: 237px; height: 237px;\" data-original-width=\"237\" data-original-height=\"237\" > <div class=\"tiled-gallery-item \" itemprop=\"associatedMedia\" itemscope itemtype=\"http:\/\/schema.org\/ImageObject\"> <a href=\"https:\/\/www.alqueria.es\/blogs\/alqueriarojaverde\/2018\/09\/21\/trabajamos-las-emociones-visita-a-la-granja-huerto\/dsc_18691\/\" border=\"0\" itemprop=\"url\"> <meta itemprop=\"width\" content=\"233\"> <meta itemprop=\"height\" content=\"233\"> <img decoding=\"async\" class=\"\" data-attachment-id=\"19068\" data-orig-file=\"https:\/\/cloud.alqueria.es\/wp-content\/uploads\/sites\/8\/2018\/09\/DSC_18691.jpg\" data-orig-size=\"1024,578\" data-comments-opened=\"1\" data-image-meta=\"{&quot;aperture&quot;:&quot;0&quot;,&quot;credit&quot;:&quot;&quot;,&quot;camera&quot;:&quot;&quot;,&quot;caption&quot;:&quot;&quot;,&quot;created_timestamp&quot;:&quot;0&quot;,&quot;copyright&quot;:&quot;&quot;,&quot;focal_length&quot;:&quot;0&quot;,&quot;iso&quot;:&quot;0&quot;,&quot;shutter_speed&quot;:&quot;0&quot;,&quot;title&quot;:&quot;&quot;,&quot;orientation&quot;:&quot;0&quot;}\" data-image-title=\"DSC_18691\" data-image-description=\"\" data-medium-file=\"https:\/\/i0.wp.com\/cloud.alqueria.es\/wp-content\/uploads\/sites\/8\/2018\/09\/DSC_18691.jpg?fit=300%2C169&#038;ssl=1\" data-large-file=\"https:\/\/i0.wp.com\/cloud.alqueria.es\/wp-content\/uploads\/sites\/8\/2018\/09\/DSC_18691.jpg?fit=474%2C268&#038;ssl=1\" src=\"https:\/\/i0.wp.com\/cloud.alqueria.es\/wp-content\/uploads\/sites\/8\/2018\/09\/DSC_18691.jpg?w=233&#038;h=233&#038;crop=1&#038;ssl=1\" srcset=\"https:\/\/cloud.alqueria.es\/wp-content\/uploads\/sites\/8\/2018\/09\/DSC_18691.jpg 150w, https:\/\/cloud.alqueria.es\/wp-content\/uploads\/sites\/8\/2018\/09\/DSC_18691.jpg 466w, https:\/\/cloud.alqueria.es\/wp-content\/uploads\/sites\/8\/2018\/09\/DSC_18691.jpg 699w\" width=\"233\" height=\"233\" loading=\"lazy\" data-original-width=\"233\" data-original-height=\"233\" itemprop=\"http:\/\/schema.org\/image\" title=\"DSC_18691\" alt=\"DSC_18691\" style=\"width: 233px; height: 233px;\" \/> <\/a> <\/div> <\/div> <div class=\"gallery-group\" style=\"width: 237px; height: 237px;\" data-original-width=\"237\" data-original-height=\"237\" > <div class=\"tiled-gallery-item \" itemprop=\"associatedMedia\" itemscope itemtype=\"http:\/\/schema.org\/ImageObject\"> <a href=\"https:\/\/www.alqueria.es\/blogs\/alqueriarojaverde\/2018\/09\/21\/trabajamos-las-emociones-visita-a-la-granja-huerto\/dsc_18682\/\" border=\"0\" itemprop=\"url\"> <meta itemprop=\"width\" content=\"233\"> <meta itemprop=\"height\" content=\"233\"> <img decoding=\"async\" class=\"\" data-attachment-id=\"19067\" data-orig-file=\"https:\/\/cloud.alqueria.es\/wp-content\/uploads\/sites\/8\/2018\/09\/DSC_18682.jpg\" data-orig-size=\"1024,578\" data-comments-opened=\"1\" data-image-meta=\"{&quot;aperture&quot;:&quot;0&quot;,&quot;credit&quot;:&quot;&quot;,&quot;camera&quot;:&quot;&quot;,&quot;caption&quot;:&quot;&quot;,&quot;created_timestamp&quot;:&quot;0&quot;,&quot;copyright&quot;:&quot;&quot;,&quot;focal_length&quot;:&quot;0&quot;,&quot;iso&quot;:&quot;0&quot;,&quot;shutter_speed&quot;:&quot;0&quot;,&quot;title&quot;:&quot;&quot;,&quot;orientation&quot;:&quot;0&quot;}\" data-image-title=\"DSC_18682\" data-image-description=\"\" data-medium-file=\"https:\/\/i0.wp.com\/cloud.alqueria.es\/wp-content\/uploads\/sites\/8\/2018\/09\/DSC_18682.jpg?fit=300%2C169&#038;ssl=1\" data-large-file=\"https:\/\/i0.wp.com\/cloud.alqueria.es\/wp-content\/uploads\/sites\/8\/2018\/09\/DSC_18682.jpg?fit=474%2C268&#038;ssl=1\" src=\"https:\/\/i0.wp.com\/cloud.alqueria.es\/wp-content\/uploads\/sites\/8\/2018\/09\/DSC_18682.jpg?w=233&#038;h=233&#038;crop=1&#038;ssl=1\" srcset=\"https:\/\/cloud.alqueria.es\/wp-content\/uploads\/sites\/8\/2018\/09\/DSC_18682.jpg 150w, https:\/\/cloud.alqueria.es\/wp-content\/uploads\/sites\/8\/2018\/09\/DSC_18682.jpg 466w, https:\/\/cloud.alqueria.es\/wp-content\/uploads\/sites\/8\/2018\/09\/DSC_18682.jpg 699w\" width=\"233\" height=\"233\" loading=\"lazy\" data-original-width=\"233\" data-original-height=\"233\" itemprop=\"http:\/\/schema.org\/image\" title=\"DSC_18682\" alt=\"DSC_18682\" style=\"width: 233px; height: 233px;\" \/> <\/a> <\/div> <\/div> <\/div> <\/div>\n<p>Visitamos nuestra<em><strong><span style=\"color: #008000\"> granja y huerto<\/span><\/strong><\/em>, para recordar qu\u00e9 comen las gallinas y conejos y poder observar de cerca el crecimiento de los tomates, calabacines y mazorcas de ma\u00edz.<\/p>\n<p class=\"jetpack-slideshow-noscript robots-nocontent\">El pase de diapositivas requiere JavaScript.<\/p><div id=\"gallery-19041-1-slideshow\" class=\"jetpack-slideshow-window jetpack-slideshow jetpack-slideshow-black\" data-trans=\"fade\" data-autostart=\"1\" data-gallery=\"[{&quot;src&quot;:&quot;https:\\\/\\\/i0.wp.com\\\/cloud.alqueria.es\\\/wp-content\\\/uploads\\\/sites\\\/8\\\/2018\\\/09\\\/DSC_18762.jpg?fit=1024%2C578\\u0026ssl=1&quot;,&quot;id&quot;:&quot;19074&quot;,&quot;title&quot;:&quot;DSC_18762&quot;,&quot;alt&quot;:&quot;&quot;,&quot;caption&quot;:&quot;&quot;,&quot;itemprop&quot;:&quot;image&quot;},{&quot;src&quot;:&quot;https:\\\/\\\/i0.wp.com\\\/cloud.alqueria.es\\\/wp-content\\\/uploads\\\/sites\\\/8\\\/2018\\\/09\\\/DSC_18732.jpg?fit=1024%2C578\\u0026ssl=1&quot;,&quot;id&quot;:&quot;19073&quot;,&quot;title&quot;:&quot;DSC_18732&quot;,&quot;alt&quot;:&quot;&quot;,&quot;caption&quot;:&quot;&quot;,&quot;itemprop&quot;:&quot;image&quot;},{&quot;src&quot;:&quot;https:\\\/\\\/i0.wp.com\\\/cloud.alqueria.es\\\/wp-content\\\/uploads\\\/sites\\\/8\\\/2018\\\/09\\\/DSC_18721.jpg?fit=1024%2C578\\u0026ssl=1&quot;,&quot;id&quot;:&quot;19072&quot;,&quot;title&quot;:&quot;DSC_18721&quot;,&quot;alt&quot;:&quot;&quot;,&quot;caption&quot;:&quot;&quot;,&quot;itemprop&quot;:&quot;image&quot;},{&quot;src&quot;:&quot;https:\\\/\\\/i0.wp.com\\\/cloud.alqueria.es\\\/wp-content\\\/uploads\\\/sites\\\/8\\\/2018\\\/09\\\/DSC_1871.jpg?fit=1024%2C578\\u0026ssl=1&quot;,&quot;id&quot;:&quot;19071&quot;,&quot;title&quot;:&quot;DSC_1871&quot;,&quot;alt&quot;:&quot;&quot;,&quot;caption&quot;:&quot;&quot;,&quot;itemprop&quot;:&quot;image&quot;},{&quot;src&quot;:&quot;https:\\\/\\\/i0.wp.com\\\/cloud.alqueria.es\\\/wp-content\\\/uploads\\\/sites\\\/8\\\/2018\\\/09\\\/DSC_18702.jpg?fit=1024%2C578\\u0026ssl=1&quot;,&quot;id&quot;:&quot;19070&quot;,&quot;title&quot;:&quot;DSC_18702&quot;,&quot;alt&quot;:&quot;&quot;,&quot;caption&quot;:&quot;&quot;,&quot;itemprop&quot;:&quot;image&quot;}]\" itemscope itemtype=\"https:\/\/schema.org\/ImageGallery\"><\/div>\n<p><img data-recalc-dims=\"1\" decoding=\"async\" data-attachment-id=\"19046\" data-permalink=\"https:\/\/www.alqueria.es\/blogs\/alqueriarojaverde\/2018\/09\/21\/trabajamos-las-emociones-visita-a-la-granja-huerto\/buenos-modales-en-la-mesa\/\" data-orig-file=\"https:\/\/i0.wp.com\/cloud.alqueria.es\/wp-content\/uploads\/sites\/8\/2018\/09\/BUENOS-MODALES-EN-LA-MESA.jpg?fit=674%2C675&amp;ssl=1\" data-orig-size=\"674,675\" data-comments-opened=\"1\" data-image-meta=\"{&quot;aperture&quot;:&quot;0&quot;,&quot;credit&quot;:&quot;&quot;,&quot;camera&quot;:&quot;&quot;,&quot;caption&quot;:&quot;&quot;,&quot;created_timestamp&quot;:&quot;0&quot;,&quot;copyright&quot;:&quot;&quot;,&quot;focal_length&quot;:&quot;0&quot;,&quot;iso&quot;:&quot;0&quot;,&quot;shutter_speed&quot;:&quot;0&quot;,&quot;title&quot;:&quot;&quot;,&quot;orientation&quot;:&quot;0&quot;}\" data-image-title=\"BUENOS-MODALES-EN-LA-MESA\" data-image-description=\"\" data-image-caption=\"\" data-large-file=\"https:\/\/i0.wp.com\/cloud.alqueria.es\/wp-content\/uploads\/sites\/8\/2018\/09\/BUENOS-MODALES-EN-LA-MESA.jpg?fit=474%2C475&amp;ssl=1\" class=\"alignright size-medium wp-image-19046\" src=\"https:\/\/i0.wp.com\/cloud.alqueria.es\/wp-content\/uploads\/sites\/8\/2018\/09\/BUENOS-MODALES-EN-LA-MESA.jpg?resize=300%2C300&#038;ssl=1\" alt=\"\" width=\"300\" height=\"300\" srcset=\"https:\/\/cloud.alqueria.es\/wp-content\/uploads\/sites\/8\/2018\/09\/BUENOS-MODALES-EN-LA-MESA.jpg 674w, https:\/\/cloud.alqueria.es\/wp-content\/uploads\/sites\/8\/2018\/09\/BUENOS-MODALES-EN-LA-MESA.jpg 150w, https:\/\/cloud.alqueria.es\/wp-content\/uploads\/sites\/8\/2018\/09\/BUENOS-MODALES-EN-LA-MESA.jpg 300w\" sizes=\"(max-width: 300px) 100vw, 300px\" \/>Terminamos la semana con la lectura de este ejemplar. Ya que en el<em> <strong><span style=\"color: #800000\">comedor<\/span> <\/strong><\/em>estamos haciendo <em><span style=\"color: #800000\">especial hincapi\u00e9<\/span><\/em> en aspectos como: mantener una buena postura, hablar sin elevar la voz, utilizar correctamente los cubiertos, dar uso a la servilleta, probar alimentos nuevos, masticar con la boca cerrada, pedir las cosas por favor y esperar el turno.<\/p>\n<p>Por la tarde realizamos algunas rondas de<em><strong><span style=\"color: #33cccc\"> c\u00e1lculo global,<\/span><\/strong><\/em> para ver el punto de partida de cada uno. Ha sido muy frecuente el empleo de los dedos para cantidades muy peque\u00f1as, as\u00ed que seguiremos entrenando de forma peri\u00f3dica, al menos dos veces por semana. Os animo a aprovechar el trayecto de ida-vuelta al cole para \u00abjugar a pensar\u00bb. De momento no utilic\u00e9is cantidades mayores al 4-5 (salvo excepciones puntuales que ya vosotros conoc\u00e9is) , ya que el objetivo es ganar agilidad y rapidez en el c\u00e1lculo mental.<\/p>\n<p>\u00a1Os deseo un buen fin de semana!<\/p>\n<p>Esther Justicia.<\/p>\n","protected":false},"excerpt":{"rendered":"<p>El mi\u00e9rcoles, comenzamos a trabajar en nuestro objetivo de plan de centro, para este curso. En primer lugar hablamos de los buenos modales, qu\u00e9 son, porqu\u00e9 se utilizan, c\u00f3mo influyen en la convivencia diaria &#8230; Las ideas previas del grupo eran numerosas y acordamos ayudarnos unos a otros en el cumplimiento de los mismos, de &hellip; <a href=\"https:\/\/www.alqueria.es\/blogs\/alqueriarojaverde\/2018\/09\/21\/trabajamos-las-emociones-visita-a-la-granja-huerto\/\" class=\"more-link\">Seguir leyendo <span class=\"screen-reader-text\">TRABAJAMOS LAS EMOCIONES. VISITA A LA GRANJA-HUERTO<\/span> <span class=\"meta-nav\">&rarr;<\/span><\/a><\/p>\n","protected":false},"author":19,"featured_media":0,"comment_status":"open","ping_status":"open","sticky":false,"template":"","format":"standard","meta":{"jetpack_post_was_ever_published":false,"_jetpack_newsletter_access":"","_jetpack_dont_email_post_to_subs":false,"_jetpack_newsletter_tier_id":0,"_jetpack_memberships_contains_paywalled_content":false,"_jetpack_memberships_contains_paid_content":false,"footnotes":"","jetpack_publicize_message":"","jetpack_publicize_feature_enabled":true,"jetpack_social_post_already_shared":true,"jetpack_social_options":{"image_generator_settings":{"template":"highway","default_image_id":0,"font":"","enabled":false},"version":2}},"categories":[7,13],"tags":[471,474,472,473],"class_list":["post-19041","post","type-post","status-publish","format-standard","hentry","category-clase-verde-5-6-anos","category-inicio","tag-buenos-modales","tag-calculo-mental-en-infantil","tag-gestion-emocional","tag-granja-huerto-infantiles"],"jetpack_publicize_connections":[],"jetpack_featured_media_url":"","jetpack_sharing_enabled":true,"jetpack_shortlink":"https:\/\/wp.me\/p4lFbP-4X7","_links":{"self":[{"href":"https:\/\/www.alqueria.es\/blogs\/alqueriarojaverde\/wp-json\/wp\/v2\/posts\/19041","targetHints":{"allow":["GET"]}}],"collection":[{"href":"https:\/\/www.alqueria.es\/blogs\/alqueriarojaverde\/wp-json\/wp\/v2\/posts"}],"about":[{"href":"https:\/\/www.alqueria.es\/blogs\/alqueriarojaverde\/wp-json\/wp\/v2\/types\/post"}],"author":[{"embeddable":true,"href":"https:\/\/www.alqueria.es\/blogs\/alqueriarojaverde\/wp-json\/wp\/v2\/users\/19"}],"replies":[{"embeddable":true,"href":"https:\/\/www.alqueria.es\/blogs\/alqueriarojaverde\/wp-json\/wp\/v2\/comments?post=19041"}],"version-history":[{"count":0,"href":"https:\/\/www.alqueria.es\/blogs\/alqueriarojaverde\/wp-json\/wp\/v2\/posts\/19041\/revisions"}],"wp:attachment":[{"href":"https:\/\/www.alqueria.es\/blogs\/alqueriarojaverde\/wp-json\/wp\/v2\/media?parent=19041"}],"wp:term":[{"taxonomy":"category","embeddable":true,"href":"https:\/\/www.alqueria.es\/blogs\/alqueriarojaverde\/wp-json\/wp\/v2\/categories?post=19041"},{"taxonomy":"post_tag","embeddable":true,"href":"https:\/\/www.alqueria.es\/blogs\/alqueriarojaverde\/wp-json\/wp\/v2\/tags?post=19041"}],"curies":[{"name":"wp","href":"https:\/\/api.w.org\/{rel}","templated":true}]}}