{"id":19162,"date":"2018-10-01T19:37:03","date_gmt":"2018-10-01T17:37:03","guid":{"rendered":"https:\/\/www.alqueria.es\/blogs\/alqueriarojaverde\/?p=19162"},"modified":"2018-10-01T19:37:03","modified_gmt":"2018-10-01T17:37:03","slug":"nos-vamos-a-la-feria","status":"publish","type":"post","link":"https:\/\/www.alqueria.es\/blogs\/alqueriarojaverde\/2018\/10\/01\/nos-vamos-a-la-feria\/","title":{"rendered":"NOS VAMOS A LA \u00abFERIA\u00bb"},"content":{"rendered":"<p><img data-recalc-dims=\"1\" decoding=\"async\" data-attachment-id=\"19163\" data-permalink=\"https:\/\/www.alqueria.es\/blogs\/alqueriarojaverde\/2018\/10\/01\/nos-vamos-a-la-feria\/feria\/\" data-orig-file=\"https:\/\/i0.wp.com\/cloud.alqueria.es\/wp-content\/uploads\/sites\/8\/2018\/10\/feria.jpg?fit=1024%2C826&amp;ssl=1\" data-orig-size=\"1024,826\" data-comments-opened=\"1\" data-image-meta=\"{&quot;aperture&quot;:&quot;0&quot;,&quot;credit&quot;:&quot;&quot;,&quot;camera&quot;:&quot;&quot;,&quot;caption&quot;:&quot;&quot;,&quot;created_timestamp&quot;:&quot;0&quot;,&quot;copyright&quot;:&quot;&quot;,&quot;focal_length&quot;:&quot;0&quot;,&quot;iso&quot;:&quot;0&quot;,&quot;shutter_speed&quot;:&quot;0&quot;,&quot;title&quot;:&quot;&quot;,&quot;orientation&quot;:&quot;0&quot;}\" data-image-title=\"feria\" data-image-description=\"\" data-image-caption=\"\" data-large-file=\"https:\/\/i0.wp.com\/cloud.alqueria.es\/wp-content\/uploads\/sites\/8\/2018\/10\/feria.jpg?fit=474%2C382&amp;ssl=1\" class=\"alignleft size-medium wp-image-19163\" src=\"https:\/\/i0.wp.com\/cloud.alqueria.es\/wp-content\/uploads\/sites\/8\/2018\/10\/feria.jpg?resize=300%2C242&#038;ssl=1\" alt=\"\" width=\"300\" height=\"242\" srcset=\"https:\/\/cloud.alqueria.es\/wp-content\/uploads\/sites\/8\/2018\/10\/feria.jpg 1024w, https:\/\/cloud.alqueria.es\/wp-content\/uploads\/sites\/8\/2018\/10\/feria.jpg 300w, https:\/\/cloud.alqueria.es\/wp-content\/uploads\/sites\/8\/2018\/10\/feria.jpg 768w, https:\/\/cloud.alqueria.es\/wp-content\/uploads\/sites\/8\/2018\/10\/feria.jpg 948w\" sizes=\"(max-width: 300px) 100vw, 300px\" \/>En la asamblea de inicio de semana, hemos compartido nuestras actividades del fin de semana.<\/p>\n<p>Entre otras cosas han comentado ir al teatro, a la feria (fiestas de un pueblo), a un cumplea\u00f1os, al Parque de las Ciencias, de excursi\u00f3n a la sierra y a un \u00abfoto-mat\u00f3n\u00bb.<\/p>\n<p>Tras contar sus experiencias ha surgido la<span style=\"color: #0000ff\"><em><strong> propuesta <\/strong><\/em><\/span>de jugar al<span style=\"color: #0000ff\"> \u00abtren de la bruja\u00bb <\/span>y el resto de atracciones que hay en las fiestas populares (ferias). Han aportado la creaci\u00f3n de un bar, para poder tomar algo si ten\u00edan hambre y la inclusi\u00f3n del foto-mat\u00f3n, provisto de todo tipo de abalorios para hacerse fotos.<\/p>\n<p>Una vez que sab\u00edan qu\u00e9 rol desempe\u00f1ar, han organizado el espacio con sillas, mesas y todo lo necesario. Han atado las sillas con telas para simular las cadenas de seguridad presentes en las atracciones, han utilizado entradas de teatro como vales para la comida y se han ataviado para la ocasi\u00f3n, utilizando los disfraces de la clase.<\/p>\n<p class=\"jetpack-slideshow-noscript robots-nocontent\">El pase de diapositivas requiere JavaScript.<\/p><div id=\"gallery-19162-1-slideshow\" class=\"jetpack-slideshow-window jetpack-slideshow jetpack-slideshow-black\" data-trans=\"fade\" data-autostart=\"1\" data-gallery=\"[{&quot;src&quot;:&quot;https:\\\/\\\/i0.wp.com\\\/cloud.alqueria.es\\\/wp-content\\\/uploads\\\/sites\\\/8\\\/2018\\\/10\\\/DSC_0069.jpg?fit=1024%2C577\\u0026ssl=1&quot;,&quot;id&quot;:&quot;19190&quot;,&quot;title&quot;:&quot;DSC_0069&quot;,&quot;alt&quot;:&quot;&quot;,&quot;caption&quot;:&quot;&quot;,&quot;itemprop&quot;:&quot;image&quot;},{&quot;src&quot;:&quot;https:\\\/\\\/i0.wp.com\\\/cloud.alqueria.es\\\/wp-content\\\/uploads\\\/sites\\\/8\\\/2018\\\/10\\\/DSC_0071.jpg?fit=1024%2C577\\u0026ssl=1&quot;,&quot;id&quot;:&quot;19188&quot;,&quot;title&quot;:&quot;DSC_0071&quot;,&quot;alt&quot;:&quot;&quot;,&quot;caption&quot;:&quot;&quot;,&quot;itemprop&quot;:&quot;image&quot;},{&quot;src&quot;:&quot;https:\\\/\\\/i0.wp.com\\\/cloud.alqueria.es\\\/wp-content\\\/uploads\\\/sites\\\/8\\\/2018\\\/10\\\/DSC_0073.jpg?fit=1024%2C577\\u0026ssl=1&quot;,&quot;id&quot;:&quot;19186&quot;,&quot;title&quot;:&quot;DSC_0073&quot;,&quot;alt&quot;:&quot;&quot;,&quot;caption&quot;:&quot;&quot;,&quot;itemprop&quot;:&quot;image&quot;},{&quot;src&quot;:&quot;https:\\\/\\\/i0.wp.com\\\/cloud.alqueria.es\\\/wp-content\\\/uploads\\\/sites\\\/8\\\/2018\\\/10\\\/DSC_0070.jpg?fit=578%2C1024\\u0026ssl=1&quot;,&quot;id&quot;:&quot;19185&quot;,&quot;title&quot;:&quot;DSC_0070&quot;,&quot;alt&quot;:&quot;&quot;,&quot;caption&quot;:&quot;&quot;,&quot;itemprop&quot;:&quot;image&quot;},{&quot;src&quot;:&quot;https:\\\/\\\/i0.wp.com\\\/cloud.alqueria.es\\\/wp-content\\\/uploads\\\/sites\\\/8\\\/2018\\\/10\\\/DSC_0067.jpg?fit=1024%2C577\\u0026ssl=1&quot;,&quot;id&quot;:&quot;19184&quot;,&quot;title&quot;:&quot;DSC_0067&quot;,&quot;alt&quot;:&quot;&quot;,&quot;caption&quot;:&quot;&quot;,&quot;itemprop&quot;:&quot;image&quot;},{&quot;src&quot;:&quot;https:\\\/\\\/i0.wp.com\\\/cloud.alqueria.es\\\/wp-content\\\/uploads\\\/sites\\\/8\\\/2018\\\/10\\\/DSC_0074.jpg?fit=1024%2C577\\u0026ssl=1&quot;,&quot;id&quot;:&quot;19183&quot;,&quot;title&quot;:&quot;DSC_0074&quot;,&quot;alt&quot;:&quot;&quot;,&quot;caption&quot;:&quot;&quot;,&quot;itemprop&quot;:&quot;image&quot;},{&quot;src&quot;:&quot;https:\\\/\\\/i0.wp.com\\\/cloud.alqueria.es\\\/wp-content\\\/uploads\\\/sites\\\/8\\\/2018\\\/10\\\/DSC_0072.jpg?fit=1024%2C577\\u0026ssl=1&quot;,&quot;id&quot;:&quot;19182&quot;,&quot;title&quot;:&quot;DSC_0072&quot;,&quot;alt&quot;:&quot;&quot;,&quot;caption&quot;:&quot;&quot;,&quot;itemprop&quot;:&quot;image&quot;},{&quot;src&quot;:&quot;https:\\\/\\\/i0.wp.com\\\/cloud.alqueria.es\\\/wp-content\\\/uploads\\\/sites\\\/8\\\/2018\\\/10\\\/DSC_0066.jpg?fit=1024%2C577\\u0026ssl=1&quot;,&quot;id&quot;:&quot;19181&quot;,&quot;title&quot;:&quot;DSC_0066&quot;,&quot;alt&quot;:&quot;&quot;,&quot;caption&quot;:&quot;&quot;,&quot;itemprop&quot;:&quot;image&quot;}]\" itemscope itemtype=\"https:\/\/schema.org\/ImageGallery\"><\/div>\n<p>Los peque\u00f1os conflictos que suelen acontecer durante la realizaci\u00f3n del juego, han sido inexistentes. El ambiente ha sido bastante relajado, teniendo en cuenta que era juego libre, y la comunicaci\u00f3n verbal para acordar cosas y solucionar discrepancia ha estado muy presente. Parece que el di\u00e1logo va prevaleciendo, como herramienta para resolver conflictos.<\/p>\n<p>A continuaci\u00f3n os nombro algunas <em><strong><span style=\"color: #ff00ff\">novedades que comienzan esta semana<\/span><\/strong><\/em>:<\/p>\n<ul>\n<li>Comienza la responsabilidad de <em><strong><span style=\"color: #008000\">\u00abla patrulla verde\u00bb<\/span><\/strong><\/em>. Se trata de un equipo encargado de cuidar los espacios que utilizamos, supervisando que todo quede recogido, las puertas y ventanas cerradas\/abiertas (dependiendo del momento), los grifos cerrados, el ba\u00f1o limpio &#8230; tambi\u00e9n ser\u00e1 el encargado de recoger el comedor (s\u00f3lo nuestra mesa) una vez finalizado el almuerzo y siempre van los \u00faltimos en el tren para controlar que nadie se quede rezagado. Los equipos coincidir\u00e1n con los equipos de trabajo y cambiaremos cada lunes.<\/li>\n<\/ul>\n<div class=\"tiled-gallery type-circle tiled-gallery-unresized\" data-original-width=\"474\" data-carousel-extra='{&quot;blog_id&quot;:8,&quot;permalink&quot;:&quot;https:\\\/\\\/www.alqueria.es\\\/blogs\\\/alqueriarojaverde\\\/2018\\\/10\\\/01\\\/nos-vamos-a-la-feria\\\/&quot;,&quot;likes_blog_id&quot;:64268569}' itemscope itemtype=\"http:\/\/schema.org\/ImageGallery\" > <div class=\"gallery-row\" style=\"width: 474px; height: 237px;\" data-original-width=\"474\" data-original-height=\"237\" > <div class=\"gallery-group\" style=\"width: 237px; height: 237px;\" data-original-width=\"237\" data-original-height=\"237\" > <div class=\"tiled-gallery-item \" itemprop=\"associatedMedia\" itemscope itemtype=\"http:\/\/schema.org\/ImageObject\"> <a href=\"https:\/\/www.alqueria.es\/blogs\/alqueriarojaverde\/2018\/10\/01\/nos-vamos-a-la-feria\/dsc_0075\/\" border=\"0\" itemprop=\"url\"> <meta itemprop=\"width\" content=\"233\"> <meta itemprop=\"height\" content=\"233\"> <img decoding=\"async\" class=\"\" data-attachment-id=\"19187\" data-orig-file=\"https:\/\/cloud.alqueria.es\/wp-content\/uploads\/sites\/8\/2018\/10\/DSC_0075.jpg\" data-orig-size=\"1024,901\" data-comments-opened=\"1\" data-image-meta=\"{&quot;aperture&quot;:&quot;0&quot;,&quot;credit&quot;:&quot;&quot;,&quot;camera&quot;:&quot;&quot;,&quot;caption&quot;:&quot;&quot;,&quot;created_timestamp&quot;:&quot;0&quot;,&quot;copyright&quot;:&quot;&quot;,&quot;focal_length&quot;:&quot;0&quot;,&quot;iso&quot;:&quot;0&quot;,&quot;shutter_speed&quot;:&quot;0&quot;,&quot;title&quot;:&quot;&quot;,&quot;orientation&quot;:&quot;0&quot;}\" data-image-title=\"DSC_0075\" data-image-description=\"\" data-medium-file=\"https:\/\/i0.wp.com\/cloud.alqueria.es\/wp-content\/uploads\/sites\/8\/2018\/10\/DSC_0075.jpg?fit=300%2C264&#038;ssl=1\" data-large-file=\"https:\/\/i0.wp.com\/cloud.alqueria.es\/wp-content\/uploads\/sites\/8\/2018\/10\/DSC_0075.jpg?fit=474%2C417&#038;ssl=1\" src=\"https:\/\/i0.wp.com\/cloud.alqueria.es\/wp-content\/uploads\/sites\/8\/2018\/10\/DSC_0075.jpg?w=233&#038;h=233&#038;crop=1&#038;ssl=1\" srcset=\"https:\/\/cloud.alqueria.es\/wp-content\/uploads\/sites\/8\/2018\/10\/DSC_0075.jpg 150w, https:\/\/cloud.alqueria.es\/wp-content\/uploads\/sites\/8\/2018\/10\/DSC_0075.jpg 466w, https:\/\/cloud.alqueria.es\/wp-content\/uploads\/sites\/8\/2018\/10\/DSC_0075.jpg 699w\" width=\"233\" height=\"233\" loading=\"lazy\" data-original-width=\"233\" data-original-height=\"233\" itemprop=\"http:\/\/schema.org\/image\" title=\"DSC_0075\" alt=\"DSC_0075\" style=\"width: 233px; height: 233px;\" \/> <\/a> <\/div> <\/div> <div class=\"gallery-group\" style=\"width: 237px; height: 237px;\" data-original-width=\"237\" data-original-height=\"237\" > <div class=\"tiled-gallery-item \" itemprop=\"associatedMedia\" itemscope itemtype=\"http:\/\/schema.org\/ImageObject\"> <a href=\"https:\/\/www.alqueria.es\/blogs\/alqueriarojaverde\/2018\/10\/01\/nos-vamos-a-la-feria\/dsc_0076\/\" border=\"0\" itemprop=\"url\"> <meta itemprop=\"width\" content=\"233\"> <meta itemprop=\"height\" content=\"233\"> <img decoding=\"async\" class=\"\" data-attachment-id=\"19189\" data-orig-file=\"https:\/\/cloud.alqueria.es\/wp-content\/uploads\/sites\/8\/2018\/10\/DSC_0076.jpg\" data-orig-size=\"578,1024\" data-comments-opened=\"1\" data-image-meta=\"{&quot;aperture&quot;:&quot;0&quot;,&quot;credit&quot;:&quot;&quot;,&quot;camera&quot;:&quot;&quot;,&quot;caption&quot;:&quot;&quot;,&quot;created_timestamp&quot;:&quot;0&quot;,&quot;copyright&quot;:&quot;&quot;,&quot;focal_length&quot;:&quot;0&quot;,&quot;iso&quot;:&quot;0&quot;,&quot;shutter_speed&quot;:&quot;0&quot;,&quot;title&quot;:&quot;&quot;,&quot;orientation&quot;:&quot;0&quot;}\" data-image-title=\"DSC_0076\" data-image-description=\"\" data-medium-file=\"https:\/\/i0.wp.com\/cloud.alqueria.es\/wp-content\/uploads\/sites\/8\/2018\/10\/DSC_0076.jpg?fit=169%2C300&#038;ssl=1\" data-large-file=\"https:\/\/i0.wp.com\/cloud.alqueria.es\/wp-content\/uploads\/sites\/8\/2018\/10\/DSC_0076.jpg?fit=474%2C840&#038;ssl=1\" src=\"https:\/\/i0.wp.com\/cloud.alqueria.es\/wp-content\/uploads\/sites\/8\/2018\/10\/DSC_0076.jpg?w=233&#038;h=233&#038;crop=1&#038;ssl=1\" srcset=\"https:\/\/cloud.alqueria.es\/wp-content\/uploads\/sites\/8\/2018\/10\/DSC_0076.jpg 150w, https:\/\/cloud.alqueria.es\/wp-content\/uploads\/sites\/8\/2018\/10\/DSC_0076.jpg 578w, https:\/\/cloud.alqueria.es\/wp-content\/uploads\/sites\/8\/2018\/10\/DSC_0076.jpg 466w\" width=\"233\" height=\"233\" loading=\"lazy\" data-original-width=\"233\" data-original-height=\"233\" itemprop=\"http:\/\/schema.org\/image\" title=\"DSC_0076\" alt=\"DSC_0076\" style=\"width: 233px; height: 233px;\" \/> <\/a> <\/div> <\/div> <\/div> <\/div>\n<ul>\n<li>Dentro de nuestros <em><strong><span style=\"color: #800080\">talleres ambientales<\/span><\/strong><\/em>, incluimos este curso la <span style=\"color: #800080\">separaci\u00f3n de residuos org\u00e1nicos-inorg\u00e1nicos en el almuerzo<\/span>. Los primeros nos servir\u00e1n como alimento para nuestros conejos y gallinas. Esta tarea la realizar\u00e1 cada d\u00eda el s\u00faper-ayudante, en compa\u00f1\u00eda de una de las tutoras del ciclo, ya que tambi\u00e9n participan naranjitas y rojos.<\/li>\n<\/ul>\n<div class=\"tiled-gallery type-square tiled-gallery-unresized\" data-original-width=\"474\" data-carousel-extra='{&quot;blog_id&quot;:8,&quot;permalink&quot;:&quot;https:\\\/\\\/www.alqueria.es\\\/blogs\\\/alqueriarojaverde\\\/2018\\\/10\\\/01\\\/nos-vamos-a-la-feria\\\/&quot;,&quot;likes_blog_id&quot;:64268569}' itemscope itemtype=\"http:\/\/schema.org\/ImageGallery\" > <div class=\"gallery-row\" style=\"width: 474px; height: 237px;\" data-original-width=\"474\" data-original-height=\"237\" > <div class=\"gallery-group\" style=\"width: 237px; height: 237px;\" data-original-width=\"237\" data-original-height=\"237\" > <div class=\"tiled-gallery-item \" itemprop=\"associatedMedia\" itemscope itemtype=\"http:\/\/schema.org\/ImageObject\"> <a href=\"https:\/\/www.alqueria.es\/blogs\/alqueriarojaverde\/2018\/10\/01\/nos-vamos-a-la-feria\/dsc_0077\/\" border=\"0\" itemprop=\"url\"> <meta itemprop=\"width\" content=\"233\"> <meta itemprop=\"height\" content=\"233\"> <img decoding=\"async\" class=\"\" data-attachment-id=\"19191\" data-orig-file=\"https:\/\/cloud.alqueria.es\/wp-content\/uploads\/sites\/8\/2018\/10\/DSC_0077.jpg\" data-orig-size=\"1024,577\" data-comments-opened=\"1\" data-image-meta=\"{&quot;aperture&quot;:&quot;0&quot;,&quot;credit&quot;:&quot;&quot;,&quot;camera&quot;:&quot;&quot;,&quot;caption&quot;:&quot;&quot;,&quot;created_timestamp&quot;:&quot;0&quot;,&quot;copyright&quot;:&quot;&quot;,&quot;focal_length&quot;:&quot;0&quot;,&quot;iso&quot;:&quot;0&quot;,&quot;shutter_speed&quot;:&quot;0&quot;,&quot;title&quot;:&quot;&quot;,&quot;orientation&quot;:&quot;0&quot;}\" data-image-title=\"DSC_0077\" data-image-description=\"\" data-medium-file=\"https:\/\/i0.wp.com\/cloud.alqueria.es\/wp-content\/uploads\/sites\/8\/2018\/10\/DSC_0077.jpg?fit=300%2C169&#038;ssl=1\" data-large-file=\"https:\/\/i0.wp.com\/cloud.alqueria.es\/wp-content\/uploads\/sites\/8\/2018\/10\/DSC_0077.jpg?fit=474%2C267&#038;ssl=1\" src=\"https:\/\/i0.wp.com\/cloud.alqueria.es\/wp-content\/uploads\/sites\/8\/2018\/10\/DSC_0077.jpg?w=233&#038;h=233&#038;crop=1&#038;ssl=1\" srcset=\"https:\/\/cloud.alqueria.es\/wp-content\/uploads\/sites\/8\/2018\/10\/DSC_0077.jpg 150w, https:\/\/cloud.alqueria.es\/wp-content\/uploads\/sites\/8\/2018\/10\/DSC_0077.jpg 466w, https:\/\/cloud.alqueria.es\/wp-content\/uploads\/sites\/8\/2018\/10\/DSC_0077.jpg 699w\" width=\"233\" height=\"233\" loading=\"lazy\" data-original-width=\"233\" data-original-height=\"233\" itemprop=\"http:\/\/schema.org\/image\" title=\"DSC_0077\" alt=\"DSC_0077\" style=\"width: 233px; height: 233px;\" \/> <\/a> <\/div> <\/div> <div class=\"gallery-group\" style=\"width: 237px; height: 237px;\" data-original-width=\"237\" data-original-height=\"237\" > <div class=\"tiled-gallery-item \" itemprop=\"associatedMedia\" itemscope itemtype=\"http:\/\/schema.org\/ImageObject\"> <a href=\"https:\/\/www.alqueria.es\/blogs\/alqueriarojaverde\/2018\/10\/01\/nos-vamos-a-la-feria\/dsc_0078\/\" border=\"0\" itemprop=\"url\"> <meta itemprop=\"width\" content=\"233\"> <meta itemprop=\"height\" content=\"233\"> <img decoding=\"async\" class=\"\" data-attachment-id=\"19192\" data-orig-file=\"https:\/\/cloud.alqueria.es\/wp-content\/uploads\/sites\/8\/2018\/10\/DSC_0078.jpg\" data-orig-size=\"1024,577\" data-comments-opened=\"1\" data-image-meta=\"{&quot;aperture&quot;:&quot;0&quot;,&quot;credit&quot;:&quot;&quot;,&quot;camera&quot;:&quot;&quot;,&quot;caption&quot;:&quot;&quot;,&quot;created_timestamp&quot;:&quot;0&quot;,&quot;copyright&quot;:&quot;&quot;,&quot;focal_length&quot;:&quot;0&quot;,&quot;iso&quot;:&quot;0&quot;,&quot;shutter_speed&quot;:&quot;0&quot;,&quot;title&quot;:&quot;&quot;,&quot;orientation&quot;:&quot;0&quot;}\" data-image-title=\"DSC_0078\" data-image-description=\"\" data-medium-file=\"https:\/\/i0.wp.com\/cloud.alqueria.es\/wp-content\/uploads\/sites\/8\/2018\/10\/DSC_0078.jpg?fit=300%2C169&#038;ssl=1\" data-large-file=\"https:\/\/i0.wp.com\/cloud.alqueria.es\/wp-content\/uploads\/sites\/8\/2018\/10\/DSC_0078.jpg?fit=474%2C267&#038;ssl=1\" src=\"https:\/\/i0.wp.com\/cloud.alqueria.es\/wp-content\/uploads\/sites\/8\/2018\/10\/DSC_0078.jpg?w=233&#038;h=233&#038;crop=1&#038;ssl=1\" srcset=\"https:\/\/cloud.alqueria.es\/wp-content\/uploads\/sites\/8\/2018\/10\/DSC_0078.jpg 150w, https:\/\/cloud.alqueria.es\/wp-content\/uploads\/sites\/8\/2018\/10\/DSC_0078.jpg 466w, https:\/\/cloud.alqueria.es\/wp-content\/uploads\/sites\/8\/2018\/10\/DSC_0078.jpg 699w\" width=\"233\" height=\"233\" loading=\"lazy\" data-original-width=\"233\" data-original-height=\"233\" itemprop=\"http:\/\/schema.org\/image\" title=\"DSC_0078\" alt=\"DSC_0078\" style=\"width: 233px; height: 233px;\" \/> <\/a> <\/div> <\/div> <\/div> <\/div>\n<ul>\n<li>Est\u00e1n expuestas en el tabl\u00f3n las<span style=\"color: #ff6600\"> fechas para las entrevistas personales, las de las conferencias de experto y los equipos para este trimestre.<\/span><\/li>\n<\/ul>\n<p>Por \u00faltimo adelantaros que, tras nuestra propuesta relacionada con el cine-teatro y el inter\u00e9s que todo lo relacionado con ello despierta en el grupo, he decidido preparar una representaci\u00f3n teatral de cara a nuestra fiesta de Oto\u00f1o. Para ello emplearemos buena parte de nuestros talleres de biblioteca, los d\u00edas que no hay celebraci\u00f3n de experto y\u00a0 los talleres creativos. Ya os ir\u00e9 contando los pasitos que damos.<\/p>\n<p><em><strong><span style=\"color: #ff0000\">NOTA:\u00a0<\/span><\/strong> <strong>Este jueves tendremos el primer taller de cocina del trimestre, as\u00ed que quien quiera puede traer su delantal.<\/strong><\/em><\/p>\n<p>\u00a1Un saludo!,<\/p>\n<p>Esther Justicia.<\/p>\n","protected":false},"excerpt":{"rendered":"<p>En la asamblea de inicio de semana, hemos compartido nuestras actividades del fin de semana. Entre otras cosas han comentado ir al teatro, a la feria (fiestas de un pueblo), a un cumplea\u00f1os, al Parque de las Ciencias, de excursi\u00f3n a la sierra y a un \u00abfoto-mat\u00f3n\u00bb. Tras contar sus experiencias ha surgido la propuesta &hellip; <a href=\"https:\/\/www.alqueria.es\/blogs\/alqueriarojaverde\/2018\/10\/01\/nos-vamos-a-la-feria\/\" class=\"more-link\">Seguir leyendo <span class=\"screen-reader-text\">NOS VAMOS A LA \u00abFERIA\u00bb<\/span> <span class=\"meta-nav\">&rarr;<\/span><\/a><\/p>\n","protected":false},"author":19,"featured_media":0,"comment_status":"open","ping_status":"open","sticky":false,"template":"","format":"standard","meta":{"jetpack_post_was_ever_published":false,"_jetpack_newsletter_access":"","_jetpack_dont_email_post_to_subs":false,"_jetpack_newsletter_tier_id":0,"_jetpack_memberships_contains_paywalled_content":false,"_jetpack_memberships_contains_paid_content":false,"footnotes":"","jetpack_publicize_message":"","jetpack_publicize_feature_enabled":true,"jetpack_social_post_already_shared":true,"jetpack_social_options":{"image_generator_settings":{"template":"highway","default_image_id":0,"font":"","enabled":false},"version":2}},"categories":[7,13],"tags":[484,304,289],"class_list":["post-19162","post","type-post","status-publish","format-standard","hentry","category-clase-verde-5-6-anos","category-inicio","tag-nos-vamos-a-la-feria","tag-representacion-teatral","tag-talleres-medioambientales"],"jetpack_publicize_connections":[],"jetpack_featured_media_url":"","jetpack_sharing_enabled":true,"jetpack_shortlink":"https:\/\/wp.me\/p4lFbP-4Z4","_links":{"self":[{"href":"https:\/\/www.alqueria.es\/blogs\/alqueriarojaverde\/wp-json\/wp\/v2\/posts\/19162","targetHints":{"allow":["GET"]}}],"collection":[{"href":"https:\/\/www.alqueria.es\/blogs\/alqueriarojaverde\/wp-json\/wp\/v2\/posts"}],"about":[{"href":"https:\/\/www.alqueria.es\/blogs\/alqueriarojaverde\/wp-json\/wp\/v2\/types\/post"}],"author":[{"embeddable":true,"href":"https:\/\/www.alqueria.es\/blogs\/alqueriarojaverde\/wp-json\/wp\/v2\/users\/19"}],"replies":[{"embeddable":true,"href":"https:\/\/www.alqueria.es\/blogs\/alqueriarojaverde\/wp-json\/wp\/v2\/comments?post=19162"}],"version-history":[{"count":0,"href":"https:\/\/www.alqueria.es\/blogs\/alqueriarojaverde\/wp-json\/wp\/v2\/posts\/19162\/revisions"}],"wp:attachment":[{"href":"https:\/\/www.alqueria.es\/blogs\/alqueriarojaverde\/wp-json\/wp\/v2\/media?parent=19162"}],"wp:term":[{"taxonomy":"category","embeddable":true,"href":"https:\/\/www.alqueria.es\/blogs\/alqueriarojaverde\/wp-json\/wp\/v2\/categories?post=19162"},{"taxonomy":"post_tag","embeddable":true,"href":"https:\/\/www.alqueria.es\/blogs\/alqueriarojaverde\/wp-json\/wp\/v2\/tags?post=19162"}],"curies":[{"name":"wp","href":"https:\/\/api.w.org\/{rel}","templated":true}]}}