{"id":2031,"date":"2012-12-19T18:11:41","date_gmt":"2012-12-19T17:11:41","guid":{"rendered":"http:\/\/alqueriarojaverde.wordpress.com\/?p=2031"},"modified":"2012-12-19T18:11:41","modified_gmt":"2012-12-19T17:11:41","slug":"taller-de-cocina-clase-verde-2","status":"publish","type":"post","link":"https:\/\/www.alqueria.es\/blogs\/alqueriarojaverde\/2012\/12\/19\/taller-de-cocina-clase-verde-2\/","title":{"rendered":"TALLER DE COCINA CLASE VERDE"},"content":{"rendered":"<p>TALLER DE NAVIDAD<\/p>\n<p><span style=\"color:#ff0000\">ROCAS NEVADAS<\/span><\/p>\n<p>El martes despu\u00e9s de asearnos y ponernos los delantales, comenzamos con la tarea.<\/p>\n<p>Nuestra s\u00faper chef Abril prepara todo lo que necesitamos. Escribimos previamente la receta, que menos el t\u00edtulo que lo copiaron, los ingredientes lo escribieron a su manera autonomamente.<\/p>\n<p><img data-recalc-dims=\"1\" decoding=\"async\" class=\"wp-image-2032 aligncenter\" alt=\"3 super chef\" src=\"http:\/\/alqueriarojaverde.files.wordpress.com\/2012\/12\/3-super-chef.jpg?resize=150%2C200\" width=\"150\" height=\"200\" \/><\/p>\n<p>Poco a poco y con la ayuda de todos hicimos la mezcla con : <span style=\"color:#ff0000\">el chocolate<\/span> derretido, los granos de <span style=\"color:#ff0000\">arroz inflados<\/span> y el<span style=\"color:#ff0000\"> coco.<\/span><\/p>\n<p>En peque\u00f1os grupos fuimos cogiendo con ayuda de dos cucharas una porci\u00f3n de esa mezcla para depositarla en los envases de papel. Hab\u00eda que poner mucha atenci\u00f3n y tener habilidad para no derramar nada o casi nada. Por \u00faltimo las espolvoreamos de coco.<\/p>\n<p><img data-recalc-dims=\"1\" decoding=\"async\" class=\"alignnone size-thumbnail wp-image-2046\" alt=\"4 taller cocina navidad\" src=\"http:\/\/alqueriarojaverde.files.wordpress.com\/2012\/12\/4-taller-cocina-navidad.jpg?w=150&#038;resize=150%2C112\" width=\"150\" height=\"112\" \/> <img data-recalc-dims=\"1\" decoding=\"async\" class=\"alignnone size-thumbnail wp-image-2044\" alt=\"1preparacio\u0301n\" src=\"http:\/\/alqueriarojaverde.files.wordpress.com\/2012\/12\/1preparaciocc81n.jpg?w=150&#038;resize=150%2C112\" width=\"150\" height=\"112\" \/> <img data-recalc-dims=\"1\" decoding=\"async\" class=\"alignnone size-thumbnail wp-image-2045\" alt=\"2 elaboracio\u0301n\" src=\"http:\/\/alqueriarojaverde.files.wordpress.com\/2012\/12\/2-elaboraciocc81n.jpg?w=150&#038;resize=150%2C112\" width=\"150\" height=\"112\" \/> \u00a0 \u00a0 \u00a0 \u00a0 \u00a0 \u00a0 \u00a0 \u00a0 \u00a0 \u00a0 \u00a0 \u00a0 \u00a0 \u00a0 <img data-recalc-dims=\"1\" decoding=\"async\" class=\"size-thumbnail wp-image-2047 aligncenter\" alt=\"5 rocas nevadas\" src=\"http:\/\/alqueriarojaverde.files.wordpress.com\/2012\/12\/5-rocas-nevadas.jpg?w=150&#038;resize=150%2C112\" width=\"150\" height=\"112\" \/><img data-recalc-dims=\"1\" decoding=\"async\" class=\"alignnone size-thumbnail wp-image-2049\" alt=\"foto grupo fiori\" src=\"http:\/\/alqueriarojaverde.files.wordpress.com\/2012\/12\/foto-grupo-fiori.jpg?w=150&#038;resize=226%2C168\" width=\"226\" height=\"168\" \/>\u00a0 \u00a0\u00a0 <img data-recalc-dims=\"1\" decoding=\"async\" class=\"alignnone size-thumbnail wp-image-2048\" alt=\"foto grupo charito\" src=\"http:\/\/alqueriarojaverde.files.wordpress.com\/2012\/12\/foto-grupo-charito.jpg?w=150&#038;resize=222%2C164\" width=\"222\" height=\"164\" \/><\/p>\n<p>El mi\u00e9rcoles en nuestra comida especial nos lo tomaremos de postre.<\/p>\n<p>Rosario garc\u00eda-Valenzuela Morell<\/p>\n","protected":false},"excerpt":{"rendered":"<p>TALLER DE NAVIDAD ROCAS NEVADAS El martes despu\u00e9s de asearnos y ponernos los delantales, comenzamos con la tarea. Nuestra s\u00faper chef Abril prepara todo lo que necesitamos. Escribimos previamente la receta, que menos el t\u00edtulo que lo copiaron, los ingredientes lo escribieron a su manera autonomamente. Poco a poco y con la ayuda de todos &hellip; <a href=\"https:\/\/www.alqueria.es\/blogs\/alqueriarojaverde\/2012\/12\/19\/taller-de-cocina-clase-verde-2\/\" class=\"more-link\">Seguir leyendo <span class=\"screen-reader-text\">TALLER DE COCINA CLASE VERDE<\/span> <span class=\"meta-nav\">&rarr;<\/span><\/a><\/p>\n","protected":false},"author":19,"featured_media":0,"comment_status":"open","ping_status":"open","sticky":false,"template":"","format":"standard","meta":{"jetpack_post_was_ever_published":false,"_jetpack_newsletter_access":"","_jetpack_dont_email_post_to_subs":false,"_jetpack_newsletter_tier_id":0,"_jetpack_memberships_contains_paywalled_content":false,"_jetpack_memberships_contains_paid_content":false,"footnotes":"","jetpack_publicize_message":"","jetpack_publicize_feature_enabled":true,"jetpack_social_post_already_shared":false,"jetpack_social_options":{"image_generator_settings":{"template":"highway","default_image_id":0,"font":"","enabled":false},"version":2}},"categories":[23,7,13,15,31],"tags":[36],"class_list":["post-2031","post","type-post","status-publish","format-standard","hentry","category-actividades-especiales-y-salidas-clase-verde","category-clase-verde-5-6-anos","category-inicio","category-noticias","category-taller-de-cocina-clase-verde","tag-19-de-diciembre-de-2012"],"jetpack_publicize_connections":[],"jetpack_featured_media_url":"","jetpack_sharing_enabled":true,"jetpack_shortlink":"https:\/\/wp.me\/p4lFbP-wL","_links":{"self":[{"href":"https:\/\/www.alqueria.es\/blogs\/alqueriarojaverde\/wp-json\/wp\/v2\/posts\/2031","targetHints":{"allow":["GET"]}}],"collection":[{"href":"https:\/\/www.alqueria.es\/blogs\/alqueriarojaverde\/wp-json\/wp\/v2\/posts"}],"about":[{"href":"https:\/\/www.alqueria.es\/blogs\/alqueriarojaverde\/wp-json\/wp\/v2\/types\/post"}],"author":[{"embeddable":true,"href":"https:\/\/www.alqueria.es\/blogs\/alqueriarojaverde\/wp-json\/wp\/v2\/users\/19"}],"replies":[{"embeddable":true,"href":"https:\/\/www.alqueria.es\/blogs\/alqueriarojaverde\/wp-json\/wp\/v2\/comments?post=2031"}],"version-history":[{"count":0,"href":"https:\/\/www.alqueria.es\/blogs\/alqueriarojaverde\/wp-json\/wp\/v2\/posts\/2031\/revisions"}],"wp:attachment":[{"href":"https:\/\/www.alqueria.es\/blogs\/alqueriarojaverde\/wp-json\/wp\/v2\/media?parent=2031"}],"wp:term":[{"taxonomy":"category","embeddable":true,"href":"https:\/\/www.alqueria.es\/blogs\/alqueriarojaverde\/wp-json\/wp\/v2\/categories?post=2031"},{"taxonomy":"post_tag","embeddable":true,"href":"https:\/\/www.alqueria.es\/blogs\/alqueriarojaverde\/wp-json\/wp\/v2\/tags?post=2031"}],"curies":[{"name":"wp","href":"https:\/\/api.w.org\/{rel}","templated":true}]}}