{"id":20619,"date":"2019-01-11T17:54:54","date_gmt":"2019-01-11T16:54:54","guid":{"rendered":"https:\/\/www.alqueria.es\/blogs\/alqueriarojaverde\/?p=20619"},"modified":"2019-01-11T17:54:54","modified_gmt":"2019-01-11T16:54:54","slug":"compartimos-nuestros-juguetes-nuevos","status":"publish","type":"post","link":"https:\/\/www.alqueria.es\/blogs\/alqueriarojaverde\/2019\/01\/11\/compartimos-nuestros-juguetes-nuevos\/","title":{"rendered":"\u00a1COMPARTIMOS NUESTROS JUGUETES NUEVOS!"},"content":{"rendered":"<p><img data-recalc-dims=\"1\" decoding=\"async\" data-attachment-id=\"20620\" data-permalink=\"https:\/\/www.alqueria.es\/blogs\/alqueriarojaverde\/2019\/01\/11\/compartimos-nuestros-juguetes-nuevos\/ninos-compartiendo\/\" data-orig-file=\"https:\/\/i0.wp.com\/cloud.alqueria.es\/wp-content\/uploads\/sites\/8\/2019\/01\/ni%C3%B1os-compartiendo.jpg?fit=500%2C417&amp;ssl=1\" data-orig-size=\"500,417\" data-comments-opened=\"1\" data-image-meta=\"{&quot;aperture&quot;:&quot;0&quot;,&quot;credit&quot;:&quot;&quot;,&quot;camera&quot;:&quot;&quot;,&quot;caption&quot;:&quot;&quot;,&quot;created_timestamp&quot;:&quot;0&quot;,&quot;copyright&quot;:&quot;&quot;,&quot;focal_length&quot;:&quot;0&quot;,&quot;iso&quot;:&quot;0&quot;,&quot;shutter_speed&quot;:&quot;0&quot;,&quot;title&quot;:&quot;&quot;,&quot;orientation&quot;:&quot;0&quot;}\" data-image-title=\"ni\u00f1os-compartiendo\" data-image-description=\"\" data-image-caption=\"\" data-large-file=\"https:\/\/i0.wp.com\/cloud.alqueria.es\/wp-content\/uploads\/sites\/8\/2019\/01\/ni%C3%B1os-compartiendo.jpg?fit=474%2C395&amp;ssl=1\" class=\"size-medium wp-image-20620 alignleft\" src=\"https:\/\/i0.wp.com\/cloud.alqueria.es\/wp-content\/uploads\/sites\/8\/2019\/01\/ni%C3%B1os-compartiendo.jpg?resize=300%2C250&#038;ssl=1\" alt=\"\" width=\"300\" height=\"250\" srcset=\"https:\/\/cloud.alqueria.es\/wp-content\/uploads\/sites\/8\/2019\/01\/ni%C3%B1os-compartiendo.jpg 500w, https:\/\/cloud.alqueria.es\/wp-content\/uploads\/sites\/8\/2019\/01\/ni%C3%B1os-compartiendo.jpg 300w\" sizes=\"(max-width: 300px) 100vw, 300px\" \/>La <span style=\"color: #ff0000\">actividad \u00abestrella\u00bb<\/span>\u00a0de la semana ha sido, sin duda, la celebrada en la tarde cooperativa del viernes:\u00a0<em><strong><span style=\"color: #ff0000\">\u00abCOMPARTIMOS NUESTROS JUGUETES DE NAVIDAD<\/span><\/strong><strong><span style=\"color: #ff0000\">\u00ab.<\/span><\/strong><\/em><\/p>\n<p>Una experiencia que aporta al alumnado la puesta en pr\u00e1ctica de valores tan importantes como la generosidad, la empat\u00eda, el compartir, etc. A la vez que proporciona una visi\u00f3n muy positiva de la socializaci\u00f3n, ya que \u00abuna forma de aumentar la felicidad, es compartirla\u00bb. A lo largo de toda la semana hemos tenido oportunidad de ver algunos \u00abcortos infantiles\u00bb que trabajaban esos valores.<\/p>\n<p>Aqu\u00ed os dejo algunas im\u00e1genes que muestran el ambiente.<\/p>\n<p class=\"jetpack-slideshow-noscript robots-nocontent\">El pase de diapositivas requiere JavaScript.<\/p><div id=\"gallery-20619-1-slideshow\" class=\"jetpack-slideshow-window jetpack-slideshow jetpack-slideshow-black\" data-trans=\"fade\" data-autostart=\"1\" data-gallery=\"[{&quot;src&quot;:&quot;https:\\\/\\\/i0.wp.com\\\/cloud.alqueria.es\\\/wp-content\\\/uploads\\\/sites\\\/8\\\/2019\\\/01\\\/DSC_07161.jpg?fit=1024%2C578\\u0026ssl=1&quot;,&quot;id&quot;:&quot;20672&quot;,&quot;title&quot;:&quot;DSC_07161&quot;,&quot;alt&quot;:&quot;&quot;,&quot;caption&quot;:&quot;&quot;,&quot;itemprop&quot;:&quot;image&quot;},{&quot;src&quot;:&quot;https:\\\/\\\/i0.wp.com\\\/cloud.alqueria.es\\\/wp-content\\\/uploads\\\/sites\\\/8\\\/2019\\\/01\\\/DSC_0717.jpg?fit=1024%2C578\\u0026ssl=1&quot;,&quot;id&quot;:&quot;20673&quot;,&quot;title&quot;:&quot;DSC_0717&quot;,&quot;alt&quot;:&quot;&quot;,&quot;caption&quot;:&quot;&quot;,&quot;itemprop&quot;:&quot;image&quot;},{&quot;src&quot;:&quot;https:\\\/\\\/i0.wp.com\\\/cloud.alqueria.es\\\/wp-content\\\/uploads\\\/sites\\\/8\\\/2019\\\/01\\\/DSC_07201.jpg?fit=1024%2C578\\u0026ssl=1&quot;,&quot;id&quot;:&quot;20675&quot;,&quot;title&quot;:&quot;DSC_07201&quot;,&quot;alt&quot;:&quot;&quot;,&quot;caption&quot;:&quot;&quot;,&quot;itemprop&quot;:&quot;image&quot;},{&quot;src&quot;:&quot;https:\\\/\\\/i0.wp.com\\\/cloud.alqueria.es\\\/wp-content\\\/uploads\\\/sites\\\/8\\\/2019\\\/01\\\/DSC_07181.jpg?fit=1024%2C578\\u0026ssl=1&quot;,&quot;id&quot;:&quot;20683&quot;,&quot;title&quot;:&quot;DSC_07181&quot;,&quot;alt&quot;:&quot;&quot;,&quot;caption&quot;:&quot;&quot;,&quot;itemprop&quot;:&quot;image&quot;},{&quot;src&quot;:&quot;https:\\\/\\\/i0.wp.com\\\/cloud.alqueria.es\\\/wp-content\\\/uploads\\\/sites\\\/8\\\/2019\\\/01\\\/DSC_07211.jpg?fit=1024%2C578\\u0026ssl=1&quot;,&quot;id&quot;:&quot;20676&quot;,&quot;title&quot;:&quot;DSC_07211&quot;,&quot;alt&quot;:&quot;&quot;,&quot;caption&quot;:&quot;&quot;,&quot;itemprop&quot;:&quot;image&quot;},{&quot;src&quot;:&quot;https:\\\/\\\/i0.wp.com\\\/cloud.alqueria.es\\\/wp-content\\\/uploads\\\/sites\\\/8\\\/2019\\\/01\\\/DSC_07231.jpg?fit=1024%2C578\\u0026ssl=1&quot;,&quot;id&quot;:&quot;20677&quot;,&quot;title&quot;:&quot;DSC_07231&quot;,&quot;alt&quot;:&quot;&quot;,&quot;caption&quot;:&quot;&quot;,&quot;itemprop&quot;:&quot;image&quot;},{&quot;src&quot;:&quot;https:\\\/\\\/i0.wp.com\\\/cloud.alqueria.es\\\/wp-content\\\/uploads\\\/sites\\\/8\\\/2019\\\/01\\\/DSC_0724.jpg?fit=1024%2C578\\u0026ssl=1&quot;,&quot;id&quot;:&quot;20678&quot;,&quot;title&quot;:&quot;DSC_0724&quot;,&quot;alt&quot;:&quot;&quot;,&quot;caption&quot;:&quot;&quot;,&quot;itemprop&quot;:&quot;image&quot;},{&quot;src&quot;:&quot;https:\\\/\\\/i0.wp.com\\\/cloud.alqueria.es\\\/wp-content\\\/uploads\\\/sites\\\/8\\\/2019\\\/01\\\/DSC_0725.jpg?fit=1024%2C578\\u0026ssl=1&quot;,&quot;id&quot;:&quot;20679&quot;,&quot;title&quot;:&quot;DSC_0725&quot;,&quot;alt&quot;:&quot;&quot;,&quot;caption&quot;:&quot;&quot;,&quot;itemprop&quot;:&quot;image&quot;},{&quot;src&quot;:&quot;https:\\\/\\\/i0.wp.com\\\/cloud.alqueria.es\\\/wp-content\\\/uploads\\\/sites\\\/8\\\/2019\\\/01\\\/DSC_0726.jpg?fit=1024%2C578\\u0026ssl=1&quot;,&quot;id&quot;:&quot;20680&quot;,&quot;title&quot;:&quot;DSC_0726&quot;,&quot;alt&quot;:&quot;&quot;,&quot;caption&quot;:&quot;&quot;,&quot;itemprop&quot;:&quot;image&quot;},{&quot;src&quot;:&quot;https:\\\/\\\/i0.wp.com\\\/cloud.alqueria.es\\\/wp-content\\\/uploads\\\/sites\\\/8\\\/2019\\\/01\\\/DSC_0727.jpg?fit=1024%2C578\\u0026ssl=1&quot;,&quot;id&quot;:&quot;20681&quot;,&quot;title&quot;:&quot;DSC_0727&quot;,&quot;alt&quot;:&quot;&quot;,&quot;caption&quot;:&quot;&quot;,&quot;itemprop&quot;:&quot;image&quot;},{&quot;src&quot;:&quot;https:\\\/\\\/i0.wp.com\\\/cloud.alqueria.es\\\/wp-content\\\/uploads\\\/sites\\\/8\\\/2019\\\/01\\\/DSC_0728.jpg?fit=1024%2C578\\u0026ssl=1&quot;,&quot;id&quot;:&quot;20682&quot;,&quot;title&quot;:&quot;DSC_0728&quot;,&quot;alt&quot;:&quot;&quot;,&quot;caption&quot;:&quot;&quot;,&quot;itemprop&quot;:&quot;image&quot;}]\" itemscope itemtype=\"https:\/\/schema.org\/ImageGallery\"><\/div>\n<p>Os invito a plantearos el siguiente interrogante <em><strong>\u00bfSer\u00edamos los adultos capaces de compartir tan desinteresadamente, algo tan valioso para nosotros?<\/strong><\/em>, creo que es una reflexi\u00f3n que nos ofrece una visi\u00f3n m\u00e1s ajustada de la envergadura de la actividad en s\u00ed.<\/p>\n<p><img data-recalc-dims=\"1\" decoding=\"async\" data-attachment-id=\"20615\" data-permalink=\"https:\/\/www.alqueria.es\/blogs\/alqueriarojaverde\/2019\/01\/09\/feliz-ano-2019-comenzamos-un-nuevo-trimestre\/alma\/\" data-orig-file=\"https:\/\/i0.wp.com\/cloud.alqueria.es\/wp-content\/uploads\/sites\/8\/2019\/01\/alma.jpg?fit=236%2C314&amp;ssl=1\" data-orig-size=\"236,314\" data-comments-opened=\"1\" data-image-meta=\"{&quot;aperture&quot;:&quot;0&quot;,&quot;credit&quot;:&quot;&quot;,&quot;camera&quot;:&quot;&quot;,&quot;caption&quot;:&quot;&quot;,&quot;created_timestamp&quot;:&quot;0&quot;,&quot;copyright&quot;:&quot;&quot;,&quot;focal_length&quot;:&quot;0&quot;,&quot;iso&quot;:&quot;0&quot;,&quot;shutter_speed&quot;:&quot;0&quot;,&quot;title&quot;:&quot;&quot;,&quot;orientation&quot;:&quot;0&quot;}\" data-image-title=\"alma\" data-image-description=\"\" data-image-caption=\"\" data-large-file=\"https:\/\/i0.wp.com\/cloud.alqueria.es\/wp-content\/uploads\/sites\/8\/2019\/01\/alma.jpg?fit=236%2C314&amp;ssl=1\" class=\"aligncenter size-medium wp-image-20615\" src=\"https:\/\/i0.wp.com\/cloud.alqueria.es\/wp-content\/uploads\/sites\/8\/2019\/01\/alma.jpg?resize=225%2C300&#038;ssl=1\" alt=\"\" width=\"225\" height=\"300\" srcset=\"https:\/\/cloud.alqueria.es\/wp-content\/uploads\/sites\/8\/2019\/01\/alma.jpg 236w, https:\/\/cloud.alqueria.es\/wp-content\/uploads\/sites\/8\/2019\/01\/alma.jpg 225w\" sizes=\"(max-width: 225px) 100vw, 225px\" \/><\/p>\n<p><strong>Otros talleres y actividades realizados en estos tres d\u00edas, adem\u00e1s de nuestras clases con los especialistas de ingl\u00e9s, m\u00fasica y educaci\u00f3n f\u00edsica, y por supuesto nuestro M\u00e9todo de propuestas, han sido<\/strong>:<\/p>\n<ul>\n<li><em><strong><span style=\"color: #0000ff\">Taller creativo: <\/span><\/strong><\/em><span style=\"color: #333333\">El invierno ha entrado con fuerza y no s\u00f3lo se ha notado en el clima tan g\u00e9lido que estamos viviendo estos \u00faltimos d\u00edas. Tambi\u00e9n hemos podido observar muchos cambios en el paisaje y el medio natural y animal m\u00e1s cercano. Decidimos que tambi\u00e9n en nuestra clase, va a estar muy presente el invierno, as\u00ed que la decoramos con unas bonitas nubes que adem\u00e1s de recordarnos la estaci\u00f3n que acaba de dar comienzo, tambi\u00e9n nos aportan un est\u00edmulo visual que incita a la calma.<\/span><\/li>\n<\/ul>\n<p><img data-recalc-dims=\"1\" decoding=\"async\" data-attachment-id=\"20634\" data-permalink=\"https:\/\/www.alqueria.es\/blogs\/alqueriarojaverde\/2019\/01\/11\/compartimos-nuestros-juguetes-nuevos\/dsc_07141\/\" data-orig-file=\"https:\/\/i0.wp.com\/cloud.alqueria.es\/wp-content\/uploads\/sites\/8\/2019\/01\/DSC_07141.jpg?fit=1024%2C578&amp;ssl=1\" data-orig-size=\"1024,578\" data-comments-opened=\"1\" data-image-meta=\"{&quot;aperture&quot;:&quot;0&quot;,&quot;credit&quot;:&quot;&quot;,&quot;camera&quot;:&quot;&quot;,&quot;caption&quot;:&quot;&quot;,&quot;created_timestamp&quot;:&quot;0&quot;,&quot;copyright&quot;:&quot;&quot;,&quot;focal_length&quot;:&quot;0&quot;,&quot;iso&quot;:&quot;0&quot;,&quot;shutter_speed&quot;:&quot;0&quot;,&quot;title&quot;:&quot;&quot;,&quot;orientation&quot;:&quot;0&quot;}\" data-image-title=\"DSC_07141\" data-image-description=\"\" data-image-caption=\"\" data-large-file=\"https:\/\/i0.wp.com\/cloud.alqueria.es\/wp-content\/uploads\/sites\/8\/2019\/01\/DSC_07141.jpg?fit=474%2C268&amp;ssl=1\" class=\"aligncenter size-full wp-image-20634\" src=\"https:\/\/i0.wp.com\/cloud.alqueria.es\/wp-content\/uploads\/sites\/8\/2019\/01\/DSC_07141.jpg?resize=474%2C268&#038;ssl=1\" alt=\"\" width=\"474\" height=\"268\" srcset=\"https:\/\/cloud.alqueria.es\/wp-content\/uploads\/sites\/8\/2019\/01\/DSC_07141.jpg 1024w, https:\/\/cloud.alqueria.es\/wp-content\/uploads\/sites\/8\/2019\/01\/DSC_07141.jpg 300w, https:\/\/cloud.alqueria.es\/wp-content\/uploads\/sites\/8\/2019\/01\/DSC_07141.jpg 768w, https:\/\/cloud.alqueria.es\/wp-content\/uploads\/sites\/8\/2019\/01\/DSC_07141.jpg 948w\" sizes=\"(max-width: 474px) 100vw, 474px\" \/><\/p>\n<p><span style=\"color: #333333\">Dicho todo esto, nuestro taller creativo no pod\u00eda tener otra tem\u00e1tica m\u00e1s apropiada que la de <strong><span style=\"color: #0000ff\">\u00abPaisaje de invierno\u00bb.<\/span><\/strong>\u00a0 Por medio del pegado de papeles de seda de colores morado, blanco y azul, intentamos simular las distintas tonalidades que tiene la nieve en funci\u00f3n de si los rayos del sol le inciden directamente o no.\u00a0<\/span><\/p>\n<p><img data-recalc-dims=\"1\" decoding=\"async\" data-attachment-id=\"20633\" data-permalink=\"https:\/\/www.alqueria.es\/blogs\/alqueriarojaverde\/2019\/01\/11\/compartimos-nuestros-juguetes-nuevos\/dsc_07131\/\" data-orig-file=\"https:\/\/i0.wp.com\/cloud.alqueria.es\/wp-content\/uploads\/sites\/8\/2019\/01\/DSC_07131.jpg?fit=1024%2C578&amp;ssl=1\" data-orig-size=\"1024,578\" data-comments-opened=\"1\" data-image-meta=\"{&quot;aperture&quot;:&quot;0&quot;,&quot;credit&quot;:&quot;&quot;,&quot;camera&quot;:&quot;&quot;,&quot;caption&quot;:&quot;&quot;,&quot;created_timestamp&quot;:&quot;0&quot;,&quot;copyright&quot;:&quot;&quot;,&quot;focal_length&quot;:&quot;0&quot;,&quot;iso&quot;:&quot;0&quot;,&quot;shutter_speed&quot;:&quot;0&quot;,&quot;title&quot;:&quot;&quot;,&quot;orientation&quot;:&quot;0&quot;}\" data-image-title=\"DSC_07131\" data-image-description=\"\" data-image-caption=\"\" data-large-file=\"https:\/\/i0.wp.com\/cloud.alqueria.es\/wp-content\/uploads\/sites\/8\/2019\/01\/DSC_07131.jpg?fit=474%2C268&amp;ssl=1\" class=\"aligncenter size-full wp-image-20633\" src=\"https:\/\/i0.wp.com\/cloud.alqueria.es\/wp-content\/uploads\/sites\/8\/2019\/01\/DSC_07131.jpg?resize=474%2C268&#038;ssl=1\" alt=\"\" width=\"474\" height=\"268\" srcset=\"https:\/\/cloud.alqueria.es\/wp-content\/uploads\/sites\/8\/2019\/01\/DSC_07131.jpg 1024w, https:\/\/cloud.alqueria.es\/wp-content\/uploads\/sites\/8\/2019\/01\/DSC_07131.jpg 300w, https:\/\/cloud.alqueria.es\/wp-content\/uploads\/sites\/8\/2019\/01\/DSC_07131.jpg 768w, https:\/\/cloud.alqueria.es\/wp-content\/uploads\/sites\/8\/2019\/01\/DSC_07131.jpg 948w\" sizes=\"(max-width: 474px) 100vw, 474px\" \/><\/p>\n<p>Trabajamos aspectos relacionados con contenidos espaciales, de tama\u00f1o, diferenciaci\u00f3n de colores fr\u00edos-calientes, constancia, precisi\u00f3n, motricidad fina &#8230;<\/p>\n<p class=\"jetpack-slideshow-noscript robots-nocontent\">El pase de diapositivas requiere JavaScript.<\/p><div id=\"gallery-20619-2-slideshow\" class=\"jetpack-slideshow-window jetpack-slideshow jetpack-slideshow-black\" data-trans=\"fade\" data-autostart=\"1\" data-gallery=\"[{&quot;src&quot;:&quot;https:\\\/\\\/i0.wp.com\\\/cloud.alqueria.es\\\/wp-content\\\/uploads\\\/sites\\\/8\\\/2019\\\/01\\\/DSC_0710.jpg?fit=1024%2C578\\u0026ssl=1&quot;,&quot;id&quot;:&quot;20624&quot;,&quot;title&quot;:&quot;DSC_0710&quot;,&quot;alt&quot;:&quot;&quot;,&quot;caption&quot;:&quot;&quot;,&quot;itemprop&quot;:&quot;image&quot;},{&quot;src&quot;:&quot;https:\\\/\\\/i0.wp.com\\\/cloud.alqueria.es\\\/wp-content\\\/uploads\\\/sites\\\/8\\\/2019\\\/01\\\/DSC_0709.jpg?fit=1024%2C578\\u0026ssl=1&quot;,&quot;id&quot;:&quot;20623&quot;,&quot;title&quot;:&quot;DSC_0709&quot;,&quot;alt&quot;:&quot;&quot;,&quot;caption&quot;:&quot;&quot;,&quot;itemprop&quot;:&quot;image&quot;},{&quot;src&quot;:&quot;https:\\\/\\\/i0.wp.com\\\/cloud.alqueria.es\\\/wp-content\\\/uploads\\\/sites\\\/8\\\/2019\\\/01\\\/DSC_0708.jpg?fit=1024%2C578\\u0026ssl=1&quot;,&quot;id&quot;:&quot;20622&quot;,&quot;title&quot;:&quot;DSC_0708&quot;,&quot;alt&quot;:&quot;&quot;,&quot;caption&quot;:&quot;&quot;,&quot;itemprop&quot;:&quot;image&quot;}]\" itemscope itemtype=\"https:\/\/schema.org\/ImageGallery\"><\/div>\n<ul>\n<li><em><strong><span style=\"color: #008000\">Pase\u00edllo por la vega y cuaderno de campo:\u00a0<\/span><\/strong><\/em><span style=\"color: #333333\">Ayer tuvimos oportunidad de reanudar nuestros pase\u00edllos mensuales a la vega. El camino elegido fue el que nos lleva hasta la \u00abcasa de la Bruja Maruja\u00bb, ya que nos ofreci\u00f3 la posibilidad de observar cambios muy significativos en relaci\u00f3n a nuestra \u00faltima salida. Ya todos los \u00e1rboles de hoja caduca se han desprendido de sus hojas, la cosecha ha sido recogida y los campos se encuentran arados para la pr\u00f3xima siembra, no encontramos insectos ni otros animalillos a nuestro paso y Sierra Nevada est\u00e1 totalmente cubierta por la nieve. Tras un ratito de juego nos encontramos con una amazona y su caballo \u00abCampe\u00f3n\u00bb, que ha sido la atracci\u00f3n de la salida y tambi\u00e9n el pap\u00e1 de Sof\u00eda y Elena (clases Roja y Naranja) que plane\u00f3 con su avioneta por encima de nuestro recorrido \u00a1no pod\u00edan creerlo!.<\/span><\/li>\n<\/ul>\n<p class=\"jetpack-slideshow-noscript robots-nocontent\">El pase de diapositivas requiere JavaScript.<\/p><div id=\"gallery-20619-3-slideshow\" class=\"jetpack-slideshow-window jetpack-slideshow jetpack-slideshow-black\" data-trans=\"fade\" data-autostart=\"1\" data-gallery=\"[{&quot;src&quot;:&quot;https:\\\/\\\/i0.wp.com\\\/cloud.alqueria.es\\\/wp-content\\\/uploads\\\/sites\\\/8\\\/2019\\\/01\\\/DSC_0713.jpg?fit=1024%2C578\\u0026ssl=1&quot;,&quot;id&quot;:&quot;20625&quot;,&quot;title&quot;:&quot;DSC_0713&quot;,&quot;alt&quot;:&quot;&quot;,&quot;caption&quot;:&quot;&quot;,&quot;itemprop&quot;:&quot;image&quot;},{&quot;src&quot;:&quot;https:\\\/\\\/i0.wp.com\\\/cloud.alqueria.es\\\/wp-content\\\/uploads\\\/sites\\\/8\\\/2019\\\/01\\\/DSC_0714.jpg?fit=1024%2C578\\u0026ssl=1&quot;,&quot;id&quot;:&quot;20626&quot;,&quot;title&quot;:&quot;DSC_0714&quot;,&quot;alt&quot;:&quot;&quot;,&quot;caption&quot;:&quot;&quot;,&quot;itemprop&quot;:&quot;image&quot;},{&quot;src&quot;:&quot;https:\\\/\\\/i0.wp.com\\\/cloud.alqueria.es\\\/wp-content\\\/uploads\\\/sites\\\/8\\\/2019\\\/01\\\/DSC_0716.jpg?fit=1024%2C578\\u0026ssl=1&quot;,&quot;id&quot;:&quot;20627&quot;,&quot;title&quot;:&quot;DSC_0716&quot;,&quot;alt&quot;:&quot;&quot;,&quot;caption&quot;:&quot;&quot;,&quot;itemprop&quot;:&quot;image&quot;},{&quot;src&quot;:&quot;https:\\\/\\\/i0.wp.com\\\/cloud.alqueria.es\\\/wp-content\\\/uploads\\\/sites\\\/8\\\/2019\\\/01\\\/DSC_0718.jpg?fit=1024%2C578\\u0026ssl=1&quot;,&quot;id&quot;:&quot;20628&quot;,&quot;title&quot;:&quot;DSC_0718&quot;,&quot;alt&quot;:&quot;&quot;,&quot;caption&quot;:&quot;&quot;,&quot;itemprop&quot;:&quot;image&quot;},{&quot;src&quot;:&quot;https:\\\/\\\/i0.wp.com\\\/cloud.alqueria.es\\\/wp-content\\\/uploads\\\/sites\\\/8\\\/2019\\\/01\\\/DSC_0720.jpg?fit=1024%2C578\\u0026ssl=1&quot;,&quot;id&quot;:&quot;20629&quot;,&quot;title&quot;:&quot;DSC_0720&quot;,&quot;alt&quot;:&quot;&quot;,&quot;caption&quot;:&quot;&quot;,&quot;itemprop&quot;:&quot;image&quot;},{&quot;src&quot;:&quot;https:\\\/\\\/i0.wp.com\\\/cloud.alqueria.es\\\/wp-content\\\/uploads\\\/sites\\\/8\\\/2019\\\/01\\\/DSC_0721.jpg?fit=1024%2C578\\u0026ssl=1&quot;,&quot;id&quot;:&quot;20630&quot;,&quot;title&quot;:&quot;DSC_0721&quot;,&quot;alt&quot;:&quot;&quot;,&quot;caption&quot;:&quot;&quot;,&quot;itemprop&quot;:&quot;image&quot;},{&quot;src&quot;:&quot;https:\\\/\\\/i0.wp.com\\\/cloud.alqueria.es\\\/wp-content\\\/uploads\\\/sites\\\/8\\\/2019\\\/01\\\/DSC_0722.jpg?fit=574%2C1024\\u0026ssl=1&quot;,&quot;id&quot;:&quot;20631&quot;,&quot;title&quot;:&quot;DSC_0722&quot;,&quot;alt&quot;:&quot;&quot;,&quot;caption&quot;:&quot;&quot;,&quot;itemprop&quot;:&quot;image&quot;},{&quot;src&quot;:&quot;https:\\\/\\\/i0.wp.com\\\/cloud.alqueria.es\\\/wp-content\\\/uploads\\\/sites\\\/8\\\/2019\\\/01\\\/DSC_0723.jpg?fit=1024%2C578\\u0026ssl=1&quot;,&quot;id&quot;:&quot;20632&quot;,&quot;title&quot;:&quot;DSC_0723&quot;,&quot;alt&quot;:&quot;&quot;,&quot;caption&quot;:&quot;&quot;,&quot;itemprop&quot;:&quot;image&quot;}]\" itemscope itemtype=\"https:\/\/schema.org\/ImageGallery\"><\/div>\n<ul>\n<li><em><strong><span style=\"color: #ff6600\">Celebramos el cumplea\u00f1os de Clara con un riqu\u00edsimo bizcocho de lim\u00f3n y nosotros le regalamos un precioso bloc de dibujos.<\/span><\/strong><\/em><\/li>\n<\/ul>\n<p><img data-recalc-dims=\"1\" decoding=\"async\" data-attachment-id=\"20636\" data-permalink=\"https:\/\/www.alqueria.es\/blogs\/alqueriarojaverde\/2019\/01\/11\/compartimos-nuestros-juguetes-nuevos\/sombrero-tarta-cumpleanos\/\" data-orig-file=\"https:\/\/i0.wp.com\/cloud.alqueria.es\/wp-content\/uploads\/sites\/8\/2019\/01\/sombrero-tarta-cumpleanos.jpg?fit=640%2C953&amp;ssl=1\" data-orig-size=\"640,953\" data-comments-opened=\"1\" data-image-meta=\"{&quot;aperture&quot;:&quot;0&quot;,&quot;credit&quot;:&quot;&quot;,&quot;camera&quot;:&quot;&quot;,&quot;caption&quot;:&quot;&quot;,&quot;created_timestamp&quot;:&quot;0&quot;,&quot;copyright&quot;:&quot;&quot;,&quot;focal_length&quot;:&quot;0&quot;,&quot;iso&quot;:&quot;0&quot;,&quot;shutter_speed&quot;:&quot;0&quot;,&quot;title&quot;:&quot;&quot;,&quot;orientation&quot;:&quot;0&quot;}\" data-image-title=\"sombrero-tarta-cumpleanos\" data-image-description=\"\" data-image-caption=\"\" data-large-file=\"https:\/\/i0.wp.com\/cloud.alqueria.es\/wp-content\/uploads\/sites\/8\/2019\/01\/sombrero-tarta-cumpleanos.jpg?fit=474%2C706&amp;ssl=1\" class=\"aligncenter size-thumbnail wp-image-20636\" src=\"https:\/\/i0.wp.com\/cloud.alqueria.es\/wp-content\/uploads\/sites\/8\/2019\/01\/sombrero-tarta-cumpleanos.jpg?resize=150%2C150&#038;ssl=1\" alt=\"\" width=\"150\" height=\"150\" srcset=\"https:\/\/cloud.alqueria.es\/wp-content\/uploads\/sites\/8\/2019\/01\/sombrero-tarta-cumpleanos.jpg 150w, https:\/\/cloud.alqueria.es\/wp-content\/uploads\/sites\/8\/2019\/01\/sombrero-tarta-cumpleanos.jpg 300w, https:\/\/cloud.alqueria.es\/wp-content\/uploads\/sites\/8\/2019\/01\/sombrero-tarta-cumpleanos.jpg 450w\" sizes=\"(max-width: 150px) 100vw, 150px\" \/><\/p>\n<ul>\n<li><span style=\"color: #800000\"><em><strong><img data-recalc-dims=\"1\" decoding=\"async\" data-attachment-id=\"20635\" data-permalink=\"https:\/\/www.alqueria.es\/blogs\/alqueriarojaverde\/2019\/01\/11\/compartimos-nuestros-juguetes-nuevos\/libro-invierno\/\" data-orig-file=\"https:\/\/i0.wp.com\/cloud.alqueria.es\/wp-content\/uploads\/sites\/8\/2019\/01\/libro-invierno.jpg?fit=307%2C480&amp;ssl=1\" data-orig-size=\"307,480\" data-comments-opened=\"1\" data-image-meta=\"{&quot;aperture&quot;:&quot;0&quot;,&quot;credit&quot;:&quot;&quot;,&quot;camera&quot;:&quot;&quot;,&quot;caption&quot;:&quot;&quot;,&quot;created_timestamp&quot;:&quot;0&quot;,&quot;copyright&quot;:&quot;&quot;,&quot;focal_length&quot;:&quot;0&quot;,&quot;iso&quot;:&quot;0&quot;,&quot;shutter_speed&quot;:&quot;0&quot;,&quot;title&quot;:&quot;&quot;,&quot;orientation&quot;:&quot;0&quot;}\" data-image-title=\"libro-invierno\" data-image-description=\"\" data-image-caption=\"\" data-large-file=\"https:\/\/i0.wp.com\/cloud.alqueria.es\/wp-content\/uploads\/sites\/8\/2019\/01\/libro-invierno.jpg?fit=307%2C480&amp;ssl=1\" class=\"alignright size-medium wp-image-20635\" src=\"https:\/\/i0.wp.com\/cloud.alqueria.es\/wp-content\/uploads\/sites\/8\/2019\/01\/libro-invierno.jpg?resize=192%2C300&#038;ssl=1\" alt=\"\" width=\"192\" height=\"300\" srcset=\"https:\/\/cloud.alqueria.es\/wp-content\/uploads\/sites\/8\/2019\/01\/libro-invierno.jpg 307w, https:\/\/cloud.alqueria.es\/wp-content\/uploads\/sites\/8\/2019\/01\/libro-invierno.jpg 192w\" sizes=\"(max-width: 192px) 100vw, 192px\" \/>Lectura semanal.<\/strong><\/em><\/span> Ha girado en torno a la tem\u00e1tica del invierno y de c\u00f3mo viven algunos animales en esta estaci\u00f3n del a\u00f1o. Hemos tenido la oportunidad de descubrir un mont\u00f3n de curiosidades. Tambi\u00e9n conocemos t\u00e9rminos como migraci\u00f3n o hibernaci\u00f3n y aprendemos la forma en que muchas especies animales se preparan para pasar el invierno. Descubrimos que no es lo mismo hibernar que adormecerse, estando la principal diferencia en si la temperatura corporal cambia o no.<\/li>\n<\/ul>\n<p style=\"text-align: center\"><em><strong><span style=\"color: #ff00ff\">PROYECTO MINDFULNESS EN EL GRUPO VERDE<\/span><\/strong><\/em><\/p>\n<p>En la reuni\u00f3n de principio de curso os comuniqu\u00e9 que\u00a0 \u00edbamos a llevar a acabo un proyecto novedoso en nuestro centro, la introducci\u00f3n de la pr\u00e1ctica del Mindfulness. Se trata de un proyecto o experiencia, espec\u00edfica para este curso y grupo.<\/p>\n<p>A lo largo del primer trimestre he introducido distintas herramientas enfocadas a la relajaci\u00f3n f\u00edsica y mental, al control de la respiraci\u00f3n,\u00a0 la vuelta a la calma,\u00a0 la compasi\u00f3n,\u00a0 la atenci\u00f3n plena,\u00a0 la aceptaci\u00f3n &#8230; De manera que el alumnado ya est\u00e1 familiarizado con algunas t\u00e9cnicas a emplear de forma sistem\u00e1tica a partir de ahora.<\/p>\n<p>Desde el pr\u00f3ximo lunes y de forma diaria (de 9,15 a 9,20) vamos a realizar una pr\u00e1ctica formal de meditaci\u00f3n (atenci\u00f3n plena). Cada d\u00eda utilizaremos un material distinto y un foco de atenci\u00f3n distinto, para que la novedad sea \u00f3bice para la motivaci\u00f3n en la realizaci\u00f3n. De forma puntual se llevar\u00e1n a cabo tambi\u00e9n meditaciones o pr\u00e1cticas de atenci\u00f3n plena \u00abinformales\u00bb, en distintos momentos de la jornada, sin necesidad de un espacio definido, postura o material (\u00e9stas tendr\u00e1n una duraci\u00f3n bastante menor a las formales).<\/p>\n<p>El objetivo principal de introducir estas pr\u00e1cticas de atenci\u00f3n, no es otro que el de proporcionar un entrenamiento entorno a la fase de inhibici\u00f3n, tan importante en las funciones ejecutivas. Entendiendo inhibici\u00f3n como \u00bb capacidad del ser humano para controlar las respuestas impulsivas o autom\u00e1ticas, y generar respuestas mediadas por la atenci\u00f3n y el razonamiento\u00bb. Vivimos en una sociedad acelerada, donde el principio de inmediatez es algo habitual y normalizado, sin embargo no lo es o deber\u00eda ser para el correcto desarrollo integral del ser humano.<\/p>\n<p>\u00a1Buen fin de semana a todos!,<\/p>\n<p>Esther Justicia.<\/p>\n<p>&nbsp;<\/p>\n","protected":false},"excerpt":{"rendered":"<p>La actividad \u00abestrella\u00bb\u00a0de la semana ha sido, sin duda, la celebrada en la tarde cooperativa del viernes:\u00a0\u00abCOMPARTIMOS NUESTROS JUGUETES DE NAVIDAD\u00ab. Una experiencia que aporta al alumnado la puesta en pr\u00e1ctica de valores tan importantes como la generosidad, la empat\u00eda, el compartir, etc. A la vez que proporciona una visi\u00f3n muy positiva de la socializaci\u00f3n, &hellip; <a href=\"https:\/\/www.alqueria.es\/blogs\/alqueriarojaverde\/2019\/01\/11\/compartimos-nuestros-juguetes-nuevos\/\" class=\"more-link\">Seguir leyendo <span class=\"screen-reader-text\">\u00a1COMPARTIMOS NUESTROS JUGUETES NUEVOS!<\/span> <span class=\"meta-nav\">&rarr;<\/span><\/a><\/p>\n","protected":false},"author":19,"featured_media":0,"comment_status":"open","ping_status":"open","sticky":false,"template":"","format":"standard","meta":{"jetpack_post_was_ever_published":false,"_jetpack_newsletter_access":"","_jetpack_dont_email_post_to_subs":false,"_jetpack_newsletter_tier_id":0,"_jetpack_memberships_contains_paywalled_content":false,"_jetpack_memberships_contains_paid_content":false,"footnotes":"","jetpack_publicize_message":"","jetpack_publicize_feature_enabled":true,"jetpack_social_post_already_shared":true,"jetpack_social_options":{"image_generator_settings":{"template":"highway","default_image_id":0,"font":"","enabled":false},"version":2}},"categories":[7,13],"tags":[190,554,281,556,547,555],"class_list":["post-20619","post","type-post","status-publish","format-standard","hentry","category-clase-verde-5-6-anos","category-inicio","tag-abn","tag-compartiendo-juguetes-navidenos","tag-excursion-a-la-vega","tag-juegos-de-mesa","tag-mindfulness-en-infantil","tag-paisaje-de-invierno"],"jetpack_publicize_connections":[],"jetpack_featured_media_url":"","jetpack_sharing_enabled":true,"jetpack_shortlink":"https:\/\/wp.me\/p4lFbP-5mz","_links":{"self":[{"href":"https:\/\/www.alqueria.es\/blogs\/alqueriarojaverde\/wp-json\/wp\/v2\/posts\/20619","targetHints":{"allow":["GET"]}}],"collection":[{"href":"https:\/\/www.alqueria.es\/blogs\/alqueriarojaverde\/wp-json\/wp\/v2\/posts"}],"about":[{"href":"https:\/\/www.alqueria.es\/blogs\/alqueriarojaverde\/wp-json\/wp\/v2\/types\/post"}],"author":[{"embeddable":true,"href":"https:\/\/www.alqueria.es\/blogs\/alqueriarojaverde\/wp-json\/wp\/v2\/users\/19"}],"replies":[{"embeddable":true,"href":"https:\/\/www.alqueria.es\/blogs\/alqueriarojaverde\/wp-json\/wp\/v2\/comments?post=20619"}],"version-history":[{"count":0,"href":"https:\/\/www.alqueria.es\/blogs\/alqueriarojaverde\/wp-json\/wp\/v2\/posts\/20619\/revisions"}],"wp:attachment":[{"href":"https:\/\/www.alqueria.es\/blogs\/alqueriarojaverde\/wp-json\/wp\/v2\/media?parent=20619"}],"wp:term":[{"taxonomy":"category","embeddable":true,"href":"https:\/\/www.alqueria.es\/blogs\/alqueriarojaverde\/wp-json\/wp\/v2\/categories?post=20619"},{"taxonomy":"post_tag","embeddable":true,"href":"https:\/\/www.alqueria.es\/blogs\/alqueriarojaverde\/wp-json\/wp\/v2\/tags?post=20619"}],"curies":[{"name":"wp","href":"https:\/\/api.w.org\/{rel}","templated":true}]}}