{"id":2069,"date":"2012-12-21T19:25:55","date_gmt":"2012-12-21T18:25:55","guid":{"rendered":"http:\/\/alqueriarojaverde.wordpress.com\/?p=2069"},"modified":"2014-02-24T11:48:45","modified_gmt":"2014-02-24T11:48:45","slug":"semanario-clase-verde-15","status":"publish","type":"post","link":"https:\/\/www.alqueria.es\/blogs\/alqueriarojaverde\/2012\/12\/21\/semanario-clase-verde-15\/","title":{"rendered":"SEMANARIO CLASE VERDE"},"content":{"rendered":"<p><span style=\"color:#ff0000\">SEMANA DEL 17 AL 21 DE DICIEMBRE DEL 2012\u00a0\u00a0<\/span>\u00a0\u00a0\u00a0\u00a0\u00a0\u00a0\u00a0\u00a0\u00a0\u00a0\u00a0\u00a0\u00a0\u00a0\u00a0\u00a0\u00a0\u00a0\u00a0\u00a0\u00a0\u00a0\u00a0\u00a0\u00a0\u00a0\u00a0\u00a0\u00a0\u00a0\u00a0\u00a0\u00a0\u00a0\u00a0\u00a0\u00a0\u00a0\u00a0\u00a0\u00a0\u00a0\u00a0\u00a0\u00a0\u00a0\u00a0\u00a0\u00a0\u00a0\u00a0\u00a0\u00a0\u00a0\u00a0\u00a0 <img data-recalc-dims=\"1\" decoding=\"async\" class=\"size-thumbnail wp-image-2092 alignright\" alt=\"FELIZ NAVIDAD\" src=\"http:\/\/alqueriarojaverde.files.wordpress.com\/2012\/12\/feliz-navidad1.jpg?w=150&#038;resize=150%2C99\" width=\"150\" height=\"99\" \/><\/p>\n<p>Esta semana ha estado llena de m\u00fasica, alegr\u00eda, color y sorpresas.<\/p>\n<p>El lunes en nuestra <span style=\"color:#00ff00\">tarde cooperativa,<\/span> nos reunimos para decorar el pino del patio con elementos reciclados: botellas de agua, papel de plata y dibujos\u00a0 navide\u00f1os realizados por nosotros. Cada grupo cant\u00f3 el villancico que se han estado preparando en la actividad de m\u00fasica con Elena. Tambi\u00e9n expontaneamente algunos chicos\/as salieron a cantar. La merienda fu\u00e9 muy navide\u00f1a: zumos y mantecado<img data-recalc-dims=\"1\" decoding=\"async\" title=\"gallery type=&quot;slideshow&quot; ids=&quot;2075,2074,2071,2070&quot;\" alt=\"\" src=\"https:\/\/i0.wp.com\/cloud.alqueria.es\/wp-content\/uploads\/sites\/8\/2012\/12\/t.gif?w=474&#038;ssl=1\" \/>s.<\/p>\n<p><img data-recalc-dims=\"1\" decoding=\"async\" title=\"gallery type=&quot;slideshow&quot; ids=&quot;2075,2074,2071,2070&quot;\" alt=\"\" src=\"https:\/\/i0.wp.com\/cloud.alqueria.es\/wp-content\/uploads\/sites\/8\/2012\/12\/t.gif?w=474&#038;ssl=1\" \/>El Martes realizamos el <span style=\"color:#ff6600\">taller de cocina <span style=\"color:#000000\">(ver categor\u00eda de dias especiales)<\/span><\/span><\/p>\n<p>El mi\u00e9rcoles celebramos nuestra <span style=\"color:#ff00ff\">comida especial de navidad <span style=\"color:#000000\">(ver categor\u00eda de dias especiales)<\/span><\/span><\/p>\n<p>Todos estos d\u00edas, hemos estado atareados elaborando y creando <span style=\"color:#0000ff\">adornos navide\u00f1os<\/span> con todo tipo de materiales reciclados. Ellos\/as han elegido los materiales para su construcci\u00f3n.<\/p>\n<p>Hemos realizado un <span style=\"color:#0000ff\">taller<\/span> que se basaba en pasar la madeja a tu amigo\/a. Al final se formaba como una tela de <span style=\"color:#0000ff\">ara\u00f1a de la amistad<\/span>. Despu\u00e9s les ped\u00ed que en un papel plasmaran la experiencia. Dibujaron a sus amigos y a ellos mismos y escribieron sus nombres. Nos construimos unas <span style=\"color:#0000ff\">coronas<\/span> para el encuentro del viernes.<\/p>\n<p>De vez en cuando recordamos villancicos y los cantamos. El jueves como no hubo experto, dedicamos la jornada a&#8230;\u00a0 \u00abExpertos en Navidad\u00bb repasando entre todos cosas sobre estas fiestas.<\/p>\n<p>Asistimos a la representaci\u00f3n de un cuento navide\u00f1o a cargo de los chico\/as de 5\u00ba E.P.O.<\/p>\n\n<p><span style=\"color:#800080\">VIERNES 21 DE DICIEMBRE. <\/span><\/p>\n<p><span style=\"color:#800080\">Despedimos el trimestre.<\/span><\/p>\n<p>Los chicos\/as de pr\u00e1cticas nos obsequiaron con un bonito teatro de marionetas titulado <span style=\"color:#800080\">\u00bb Cuento de invierno\u00bb. <span style=\"color:#000000\">\u00a1Muchas gracias chico y chicas, nos ha gustado mucho!<\/span><br \/>\n<\/span><\/p>\n<p><span style=\"color:#800080\"><span style=\"color:#000000\">M\u00e1s<\/span>\u00a0<span style=\"color:#000000\"> tarde nos reunimos todos los alumnos\/as de infant\u00edl (0-6) para cantar villancicos y tomarnos un aperitivo. Despu\u00e9s en el patio jugamos con un mont\u00f3n de globos.<br \/>\n<\/span><\/span><\/p>\n<p class=\"jetpack-slideshow-noscript robots-nocontent\">El pase de diapositivas requiere JavaScript.<\/p><div id=\"gallery-2069-1-slideshow\" class=\"jetpack-slideshow-window jetpack-slideshow jetpack-slideshow-black\" data-trans=\"fade\" data-autostart=\"1\" data-gallery=\"[{&quot;src&quot;:&quot;https:\\\/\\\/i0.wp.com\\\/www.alqueria.es\\\/blogs\\\/alqueriarojaverde\\\/wp-content\\\/uploads\\\/sites\\\/8\\\/2012\\\/12\\\/dsc04192.jpg?fit=1024%2C768\\u0026ssl=1&quot;,&quot;id&quot;:&quot;2112&quot;,&quot;title&quot;:&quot;DSC04192&quot;,&quot;alt&quot;:&quot;&quot;,&quot;caption&quot;:&quot;&quot;,&quot;itemprop&quot;:&quot;image&quot;},{&quot;src&quot;:&quot;https:\\\/\\\/i0.wp.com\\\/www.alqueria.es\\\/blogs\\\/alqueriarojaverde\\\/wp-content\\\/uploads\\\/sites\\\/8\\\/2012\\\/12\\\/feliz-2013.jpg?fit=225%2C225\\u0026ssl=1&quot;,&quot;id&quot;:&quot;2098&quot;,&quot;title&quot;:&quot;feliz 2013&quot;,&quot;alt&quot;:&quot;&quot;,&quot;caption&quot;:&quot;&quot;,&quot;itemprop&quot;:&quot;image&quot;}]\" itemscope itemtype=\"https:\/\/schema.org\/ImageGallery\"><\/div>\n<p>En las carpetas de vuestros hijos\/as, no van los dibujos sobre \u00abLos expertos\/as\u00bb ni lo del \u00abCuaderno de campo\u00bb. Estos se recopilar\u00e1n durante todo el curso para entregarlos en la \u00faltima carpeta.<\/p>\n<p>Ya no me queda nada m\u00e1s que desearos unas muy entra\u00f1ables y felices navidades y una buena entrada de a\u00f1o.<\/p>\n<p>Un abrazo para todos\/as.<\/p>\n<p>Rosario Grac\u00eda-Valenzuela Morell<\/p>\n","protected":false},"excerpt":{"rendered":"<p>SEMANA DEL 17 AL 21 DE DICIEMBRE DEL 2012\u00a0\u00a0\u00a0\u00a0\u00a0\u00a0\u00a0\u00a0\u00a0\u00a0\u00a0\u00a0\u00a0\u00a0\u00a0\u00a0\u00a0\u00a0\u00a0\u00a0\u00a0\u00a0\u00a0\u00a0\u00a0\u00a0\u00a0\u00a0\u00a0\u00a0\u00a0\u00a0\u00a0\u00a0\u00a0\u00a0\u00a0\u00a0\u00a0\u00a0\u00a0\u00a0\u00a0\u00a0\u00a0\u00a0\u00a0\u00a0\u00a0\u00a0\u00a0\u00a0\u00a0\u00a0\u00a0\u00a0\u00a0\u00a0 Esta semana ha estado llena de m\u00fasica, alegr\u00eda, color y sorpresas. El lunes en nuestra tarde cooperativa, nos reunimos para decorar el pino del patio con elementos reciclados: botellas de agua, papel de plata y dibujos\u00a0 navide\u00f1os realizados por nosotros. Cada grupo cant\u00f3 el villancico que &hellip; <a href=\"https:\/\/www.alqueria.es\/blogs\/alqueriarojaverde\/2012\/12\/21\/semanario-clase-verde-15\/\" class=\"more-link\">Seguir leyendo <span class=\"screen-reader-text\">SEMANARIO CLASE VERDE<\/span> <span class=\"meta-nav\">&rarr;<\/span><\/a><\/p>\n","protected":false},"author":19,"featured_media":0,"comment_status":"open","ping_status":"open","sticky":false,"template":"","format":"standard","meta":{"jetpack_post_was_ever_published":false,"_jetpack_newsletter_access":"","_jetpack_dont_email_post_to_subs":false,"_jetpack_newsletter_tier_id":0,"_jetpack_memberships_contains_paywalled_content":false,"_jetpack_memberships_contains_paid_content":false,"footnotes":"","jetpack_publicize_message":"","jetpack_publicize_feature_enabled":true,"jetpack_social_post_already_shared":false,"jetpack_social_options":{"image_generator_settings":{"template":"highway","default_image_id":0,"font":"","enabled":false},"version":2}},"categories":[7,13,21],"tags":[68],"class_list":["post-2069","post","type-post","status-publish","format-standard","hentry","category-clase-verde-5-6-anos","category-inicio","category-semanario-clase-verde","tag-semana-del-17-al-21-de-diciembre-de-2012"],"jetpack_publicize_connections":[],"jetpack_featured_media_url":"","jetpack_sharing_enabled":true,"jetpack_shortlink":"https:\/\/wp.me\/p4lFbP-xn","_links":{"self":[{"href":"https:\/\/www.alqueria.es\/blogs\/alqueriarojaverde\/wp-json\/wp\/v2\/posts\/2069","targetHints":{"allow":["GET"]}}],"collection":[{"href":"https:\/\/www.alqueria.es\/blogs\/alqueriarojaverde\/wp-json\/wp\/v2\/posts"}],"about":[{"href":"https:\/\/www.alqueria.es\/blogs\/alqueriarojaverde\/wp-json\/wp\/v2\/types\/post"}],"author":[{"embeddable":true,"href":"https:\/\/www.alqueria.es\/blogs\/alqueriarojaverde\/wp-json\/wp\/v2\/users\/19"}],"replies":[{"embeddable":true,"href":"https:\/\/www.alqueria.es\/blogs\/alqueriarojaverde\/wp-json\/wp\/v2\/comments?post=2069"}],"version-history":[{"count":0,"href":"https:\/\/www.alqueria.es\/blogs\/alqueriarojaverde\/wp-json\/wp\/v2\/posts\/2069\/revisions"}],"wp:attachment":[{"href":"https:\/\/www.alqueria.es\/blogs\/alqueriarojaverde\/wp-json\/wp\/v2\/media?parent=2069"}],"wp:term":[{"taxonomy":"category","embeddable":true,"href":"https:\/\/www.alqueria.es\/blogs\/alqueriarojaverde\/wp-json\/wp\/v2\/categories?post=2069"},{"taxonomy":"post_tag","embeddable":true,"href":"https:\/\/www.alqueria.es\/blogs\/alqueriarojaverde\/wp-json\/wp\/v2\/tags?post=2069"}],"curies":[{"name":"wp","href":"https:\/\/api.w.org\/{rel}","templated":true}]}}