{"id":21000,"date":"2019-02-01T19:01:44","date_gmt":"2019-02-01T18:01:44","guid":{"rendered":"https:\/\/www.alqueria.es\/blogs\/alqueriarojaverde\/?p=21000"},"modified":"2019-02-01T19:01:44","modified_gmt":"2019-02-01T18:01:44","slug":"tortitas-de-avena","status":"publish","type":"post","link":"https:\/\/www.alqueria.es\/blogs\/alqueriarojaverde\/2019\/02\/01\/tortitas-de-avena\/","title":{"rendered":"TORTITAS DE AVENA"},"content":{"rendered":"<p><img data-recalc-dims=\"1\" decoding=\"async\" data-attachment-id=\"21020\" data-permalink=\"https:\/\/www.alqueria.es\/blogs\/alqueriarojaverde\/2019\/02\/01\/tortitas-de-avena\/indio\/\" data-orig-file=\"https:\/\/i0.wp.com\/cloud.alqueria.es\/wp-content\/uploads\/sites\/8\/2019\/02\/indio.jpg?fit=432%2C667&amp;ssl=1\" data-orig-size=\"432,667\" data-comments-opened=\"1\" data-image-meta=\"{&quot;aperture&quot;:&quot;0&quot;,&quot;credit&quot;:&quot;&quot;,&quot;camera&quot;:&quot;&quot;,&quot;caption&quot;:&quot;&quot;,&quot;created_timestamp&quot;:&quot;0&quot;,&quot;copyright&quot;:&quot;&quot;,&quot;focal_length&quot;:&quot;0&quot;,&quot;iso&quot;:&quot;0&quot;,&quot;shutter_speed&quot;:&quot;0&quot;,&quot;title&quot;:&quot;&quot;,&quot;orientation&quot;:&quot;0&quot;}\" data-image-title=\"indio\" data-image-description=\"\" data-image-caption=\"\" data-large-file=\"https:\/\/i0.wp.com\/cloud.alqueria.es\/wp-content\/uploads\/sites\/8\/2019\/02\/indio.jpg?fit=432%2C667&amp;ssl=1\" class=\"alignright size-medium wp-image-21020\" src=\"https:\/\/i0.wp.com\/cloud.alqueria.es\/wp-content\/uploads\/sites\/8\/2019\/02\/indio.jpg?resize=194%2C300&#038;ssl=1\" alt=\"\" width=\"194\" height=\"300\" srcset=\"https:\/\/cloud.alqueria.es\/wp-content\/uploads\/sites\/8\/2019\/02\/indio.jpg 432w, https:\/\/cloud.alqueria.es\/wp-content\/uploads\/sites\/8\/2019\/02\/indio.jpg 194w\" sizes=\"(max-width: 194px) 100vw, 194px\" \/>Parece que la propuesta de <strong><span style=\"color: #0000ff\">los indios<\/span><\/strong> est\u00e1 dando de s\u00ed much\u00edsimo. No hemos dejado de leer, de forma diaria, curiosidades y datos que complementan nuestro conocimiento acerca de las tribus de indios norteamericanas. El grupo se ha mostrado \u00e1vido por conocer cosas nuevas y la motivaci\u00f3n por el tema se ha mantenido constante. El desarrollo del juego simb\u00f3lico ha sido de una riqueza brutal, debido a que las ideas con las que cuentan para organizar espacios, buscar material y atribuir roles diferenciados, es muy amplia.<\/p>\n<p>Se han abierto debates en torno a las especies animales que habitaban en esas llanuras y las que no, argumentando ambas opciones mediante b\u00fasqueda de informaci\u00f3n. Tambi\u00e9n hemos investigado los materiales con los que confeccionaban sus ropas y adornos y <span style=\"color: #0000ff\">nos hemos hecho un precioso colgante indio con piel y cuentas de colores<\/span>. Nos ha quedado un ratito para terminar nuestros <span style=\"color: #0000ff\">tocados indios<\/span>, a los que incluimos plumas verdes, que simbolizan el nombre de nuestra tribu<em><strong><span style=\"color: #008000\"> \u00abLOS PLUMAS VERDES\u00bb.<\/span><\/strong><\/em><\/p>\n<div class=\"tiled-gallery type-square tiled-gallery-unresized\" data-original-width=\"474\" data-carousel-extra='{&quot;blog_id&quot;:8,&quot;permalink&quot;:&quot;https:\\\/\\\/www.alqueria.es\\\/blogs\\\/alqueriarojaverde\\\/2019\\\/02\\\/01\\\/tortitas-de-avena\\\/&quot;,&quot;likes_blog_id&quot;:64268569}' itemscope itemtype=\"http:\/\/schema.org\/ImageGallery\" > <div class=\"gallery-row\" style=\"width: 474px; height: 474px;\" data-original-width=\"474\" data-original-height=\"474\" > <div class=\"gallery-group\" style=\"width: 474px; height: 474px;\" data-original-width=\"474\" data-original-height=\"474\" > <div class=\"tiled-gallery-item \" itemprop=\"associatedMedia\" itemscope itemtype=\"http:\/\/schema.org\/ImageObject\"> <a href=\"https:\/\/www.alqueria.es\/blogs\/alqueriarojaverde\/2019\/02\/01\/tortitas-de-avena\/dsc_0790-2\/\" border=\"0\" itemprop=\"url\"> <meta itemprop=\"width\" content=\"470\"> <meta itemprop=\"height\" content=\"470\"> <img decoding=\"async\" class=\"\" data-attachment-id=\"21004\" data-orig-file=\"https:\/\/cloud.alqueria.es\/wp-content\/uploads\/sites\/8\/2019\/02\/DSC_0790.jpg\" data-orig-size=\"574,1024\" data-comments-opened=\"1\" data-image-meta=\"{&quot;aperture&quot;:&quot;0&quot;,&quot;credit&quot;:&quot;&quot;,&quot;camera&quot;:&quot;&quot;,&quot;caption&quot;:&quot;&quot;,&quot;created_timestamp&quot;:&quot;0&quot;,&quot;copyright&quot;:&quot;&quot;,&quot;focal_length&quot;:&quot;0&quot;,&quot;iso&quot;:&quot;0&quot;,&quot;shutter_speed&quot;:&quot;0&quot;,&quot;title&quot;:&quot;&quot;,&quot;orientation&quot;:&quot;0&quot;}\" data-image-title=\"DSC_0790\" data-image-description=\"\" data-medium-file=\"https:\/\/i0.wp.com\/cloud.alqueria.es\/wp-content\/uploads\/sites\/8\/2019\/02\/DSC_0790.jpg?fit=168%2C300&#038;ssl=1\" data-large-file=\"https:\/\/i0.wp.com\/cloud.alqueria.es\/wp-content\/uploads\/sites\/8\/2019\/02\/DSC_0790.jpg?fit=474%2C846&#038;ssl=1\" src=\"https:\/\/i0.wp.com\/cloud.alqueria.es\/wp-content\/uploads\/sites\/8\/2019\/02\/DSC_0790.jpg?w=470&#038;h=470&#038;crop=1&#038;ssl=1\" width=\"470\" height=\"470\" loading=\"lazy\" data-original-width=\"470\" data-original-height=\"470\" itemprop=\"http:\/\/schema.org\/image\" title=\"DSC_0790\" alt=\"DSC_0790\" style=\"width: 470px; height: 470px;\" \/> <\/a> <\/div> <\/div> <\/div> <div class=\"gallery-row\" style=\"width: 474px; height: 474px;\" data-original-width=\"474\" data-original-height=\"474\" > <div class=\"gallery-group\" style=\"width: 474px; height: 474px;\" data-original-width=\"474\" data-original-height=\"474\" > <div class=\"tiled-gallery-item \" itemprop=\"associatedMedia\" itemscope itemtype=\"http:\/\/schema.org\/ImageObject\"> <a href=\"https:\/\/www.alqueria.es\/blogs\/alqueriarojaverde\/2019\/02\/01\/tortitas-de-avena\/dsc_0789-2\/\" border=\"0\" itemprop=\"url\"> <meta itemprop=\"width\" content=\"470\"> <meta itemprop=\"height\" content=\"470\"> <img decoding=\"async\" class=\"\" data-attachment-id=\"21003\" data-orig-file=\"https:\/\/cloud.alqueria.es\/wp-content\/uploads\/sites\/8\/2019\/02\/DSC_0789.jpg\" data-orig-size=\"1024,578\" data-comments-opened=\"1\" data-image-meta=\"{&quot;aperture&quot;:&quot;0&quot;,&quot;credit&quot;:&quot;&quot;,&quot;camera&quot;:&quot;&quot;,&quot;caption&quot;:&quot;&quot;,&quot;created_timestamp&quot;:&quot;0&quot;,&quot;copyright&quot;:&quot;&quot;,&quot;focal_length&quot;:&quot;0&quot;,&quot;iso&quot;:&quot;0&quot;,&quot;shutter_speed&quot;:&quot;0&quot;,&quot;title&quot;:&quot;&quot;,&quot;orientation&quot;:&quot;0&quot;}\" data-image-title=\"DSC_0789\" data-image-description=\"\" data-medium-file=\"https:\/\/i0.wp.com\/cloud.alqueria.es\/wp-content\/uploads\/sites\/8\/2019\/02\/DSC_0789.jpg?fit=300%2C169&#038;ssl=1\" data-large-file=\"https:\/\/i0.wp.com\/cloud.alqueria.es\/wp-content\/uploads\/sites\/8\/2019\/02\/DSC_0789.jpg?fit=474%2C268&#038;ssl=1\" src=\"https:\/\/i0.wp.com\/cloud.alqueria.es\/wp-content\/uploads\/sites\/8\/2019\/02\/DSC_0789.jpg?w=470&#038;h=470&#038;crop=1&#038;ssl=1\" srcset=\"https:\/\/cloud.alqueria.es\/wp-content\/uploads\/sites\/8\/2019\/02\/DSC_0789.jpg 150w, https:\/\/cloud.alqueria.es\/wp-content\/uploads\/sites\/8\/2019\/02\/DSC_0789.jpg 940w\" width=\"470\" height=\"470\" loading=\"lazy\" data-original-width=\"470\" data-original-height=\"470\" itemprop=\"http:\/\/schema.org\/image\" title=\"DSC_0789\" alt=\"DSC_0789\" style=\"width: 470px; height: 470px;\" \/> <\/a> <\/div> <\/div> <\/div> <div class=\"gallery-row\" style=\"width: 474px; height: 474px;\" data-original-width=\"474\" data-original-height=\"474\" > <div class=\"gallery-group\" style=\"width: 474px; height: 474px;\" data-original-width=\"474\" data-original-height=\"474\" > <div class=\"tiled-gallery-item \" itemprop=\"associatedMedia\" itemscope itemtype=\"http:\/\/schema.org\/ImageObject\"> <a href=\"https:\/\/www.alqueria.es\/blogs\/alqueriarojaverde\/2019\/02\/01\/tortitas-de-avena\/dsc_0788-2\/\" border=\"0\" itemprop=\"url\"> <meta itemprop=\"width\" content=\"470\"> <meta itemprop=\"height\" content=\"470\"> <img decoding=\"async\" class=\"\" data-attachment-id=\"21002\" data-orig-file=\"https:\/\/cloud.alqueria.es\/wp-content\/uploads\/sites\/8\/2019\/02\/DSC_0788.jpg\" data-orig-size=\"1024,578\" data-comments-opened=\"1\" data-image-meta=\"{&quot;aperture&quot;:&quot;0&quot;,&quot;credit&quot;:&quot;&quot;,&quot;camera&quot;:&quot;&quot;,&quot;caption&quot;:&quot;&quot;,&quot;created_timestamp&quot;:&quot;0&quot;,&quot;copyright&quot;:&quot;&quot;,&quot;focal_length&quot;:&quot;0&quot;,&quot;iso&quot;:&quot;0&quot;,&quot;shutter_speed&quot;:&quot;0&quot;,&quot;title&quot;:&quot;&quot;,&quot;orientation&quot;:&quot;0&quot;}\" data-image-title=\"DSC_0788\" data-image-description=\"\" data-medium-file=\"https:\/\/i0.wp.com\/cloud.alqueria.es\/wp-content\/uploads\/sites\/8\/2019\/02\/DSC_0788.jpg?fit=300%2C169&#038;ssl=1\" data-large-file=\"https:\/\/i0.wp.com\/cloud.alqueria.es\/wp-content\/uploads\/sites\/8\/2019\/02\/DSC_0788.jpg?fit=474%2C268&#038;ssl=1\" src=\"https:\/\/i0.wp.com\/cloud.alqueria.es\/wp-content\/uploads\/sites\/8\/2019\/02\/DSC_0788.jpg?w=470&#038;h=470&#038;crop=1&#038;ssl=1\" srcset=\"https:\/\/cloud.alqueria.es\/wp-content\/uploads\/sites\/8\/2019\/02\/DSC_0788.jpg 150w, https:\/\/cloud.alqueria.es\/wp-content\/uploads\/sites\/8\/2019\/02\/DSC_0788.jpg 940w\" width=\"470\" height=\"470\" loading=\"lazy\" data-original-width=\"470\" data-original-height=\"470\" itemprop=\"http:\/\/schema.org\/image\" title=\"DSC_0788\" alt=\"DSC_0788\" style=\"width: 470px; height: 470px;\" \/> <\/a> <\/div> <\/div> <\/div> <\/div>\n<p>En el taller creativo nos hemos puesto manos a la obra con la <span style=\"color: #0000ff\">construcci\u00f3n del T\u00f3tem<\/span>. Cada equipo ha elegido un animal, siendo el bisonte, el oso y el \u00e1guila los afortunados, je. Hablamos acerca de c\u00f3mo representar de manera simb\u00f3lica dicho animal en lo que vendr\u00eda a ser una talla de madera. Nosotros utilizamos cajas de cart\u00f3n para la base y pegamos determinadas formas que evocan los ojos, alas, pico, orejas &#8230; Para ello realizamos un acuerdo grupal de la forma, tama\u00f1o, color y resto de caracter\u00edsticas particulares, de manera que la producci\u00f3n final ser\u00e1 el producto que ellos y ellas mismas han pensado. Nosotras facilitamos el cortado y pegado, dada su complejidad, pero no guiamos el resultado.<\/p>\n<p><img data-recalc-dims=\"1\" decoding=\"async\" data-attachment-id=\"21014\" data-permalink=\"https:\/\/www.alqueria.es\/blogs\/alqueriarojaverde\/2019\/02\/01\/tortitas-de-avena\/dsc_0819\/\" data-orig-file=\"https:\/\/i0.wp.com\/cloud.alqueria.es\/wp-content\/uploads\/sites\/8\/2019\/02\/DSC_0819-e1549042990374.jpg?fit=1024%2C574&amp;ssl=1\" data-orig-size=\"1024,574\" data-comments-opened=\"1\" data-image-meta=\"{&quot;aperture&quot;:&quot;0&quot;,&quot;credit&quot;:&quot;&quot;,&quot;camera&quot;:&quot;&quot;,&quot;caption&quot;:&quot;&quot;,&quot;created_timestamp&quot;:&quot;0&quot;,&quot;copyright&quot;:&quot;&quot;,&quot;focal_length&quot;:&quot;0&quot;,&quot;iso&quot;:&quot;0&quot;,&quot;shutter_speed&quot;:&quot;0&quot;,&quot;title&quot;:&quot;&quot;,&quot;orientation&quot;:&quot;0&quot;}\" data-image-title=\"DSC_0819\" data-image-description=\"\" data-image-caption=\"\" data-large-file=\"https:\/\/i0.wp.com\/cloud.alqueria.es\/wp-content\/uploads\/sites\/8\/2019\/02\/DSC_0819-e1549042990374.jpg?fit=474%2C266&amp;ssl=1\" class=\"alignleft size-medium wp-image-21014\" src=\"https:\/\/i0.wp.com\/cloud.alqueria.es\/wp-content\/uploads\/sites\/8\/2019\/02\/DSC_0819-e1549042990374.jpg?resize=300%2C168&#038;ssl=1\" alt=\"\" width=\"300\" height=\"168\" srcset=\"https:\/\/cloud.alqueria.es\/wp-content\/uploads\/sites\/8\/2019\/02\/DSC_0819-e1549042990374.jpg 1024w, https:\/\/cloud.alqueria.es\/wp-content\/uploads\/sites\/8\/2019\/02\/DSC_0819-e1549042990374.jpg 300w, https:\/\/cloud.alqueria.es\/wp-content\/uploads\/sites\/8\/2019\/02\/DSC_0819-e1549042990374.jpg 768w, https:\/\/cloud.alqueria.es\/wp-content\/uploads\/sites\/8\/2019\/02\/DSC_0819-e1549042990374.jpg 948w\" sizes=\"(max-width: 300px) 100vw, 300px\" \/>En nuestro taller especial de los jueves, nos tocaba cocina. En esta ocasi\u00f3n hemos vuelto a realizarlo con todo el ciclo, con la colaboraci\u00f3n especial de la mam\u00e1 de Mateo de la T. (clase naranja). <em><strong><span style=\"color: #ff6600\">Cocinamos unas deliciosas y saludables tortitas de avena, pl\u00e1tano y semillas.<\/span><\/strong><\/em> Poniendo especial atenci\u00f3n a las cantidades de los ingredientes utilizados. <strong>\u00a1Estaban riqu\u00edsimas!, os animo a probar en casa.<\/strong><\/p>\n<p class=\"jetpack-slideshow-noscript robots-nocontent\">El pase de diapositivas requiere JavaScript.<\/p><div id=\"gallery-21000-1-slideshow\" class=\"jetpack-slideshow-window jetpack-slideshow jetpack-slideshow-black\" data-trans=\"fade\" data-autostart=\"1\" data-gallery=\"[{&quot;src&quot;:&quot;https:\\\/\\\/i0.wp.com\\\/cloud.alqueria.es\\\/wp-content\\\/uploads\\\/sites\\\/8\\\/2019\\\/02\\\/DSC_0809.jpg?fit=574%2C1024\\u0026ssl=1&quot;,&quot;id&quot;:&quot;21005&quot;,&quot;title&quot;:&quot;DSC_0809&quot;,&quot;alt&quot;:&quot;&quot;,&quot;caption&quot;:&quot;&quot;,&quot;itemprop&quot;:&quot;image&quot;},{&quot;src&quot;:&quot;https:\\\/\\\/i0.wp.com\\\/cloud.alqueria.es\\\/wp-content\\\/uploads\\\/sites\\\/8\\\/2019\\\/02\\\/DSC_0810.jpg?fit=574%2C1024\\u0026ssl=1&quot;,&quot;id&quot;:&quot;21006&quot;,&quot;title&quot;:&quot;DSC_0810&quot;,&quot;alt&quot;:&quot;&quot;,&quot;caption&quot;:&quot;&quot;,&quot;itemprop&quot;:&quot;image&quot;},{&quot;src&quot;:&quot;https:\\\/\\\/i0.wp.com\\\/cloud.alqueria.es\\\/wp-content\\\/uploads\\\/sites\\\/8\\\/2019\\\/02\\\/DSC_0811.jpg?fit=1024%2C578\\u0026ssl=1&quot;,&quot;id&quot;:&quot;21007&quot;,&quot;title&quot;:&quot;DSC_0811&quot;,&quot;alt&quot;:&quot;&quot;,&quot;caption&quot;:&quot;&quot;,&quot;itemprop&quot;:&quot;image&quot;},{&quot;src&quot;:&quot;https:\\\/\\\/i0.wp.com\\\/cloud.alqueria.es\\\/wp-content\\\/uploads\\\/sites\\\/8\\\/2019\\\/02\\\/DSC_0812.jpg?fit=574%2C1024\\u0026ssl=1&quot;,&quot;id&quot;:&quot;21008&quot;,&quot;title&quot;:&quot;DSC_0812&quot;,&quot;alt&quot;:&quot;&quot;,&quot;caption&quot;:&quot;&quot;,&quot;itemprop&quot;:&quot;image&quot;},{&quot;src&quot;:&quot;https:\\\/\\\/i0.wp.com\\\/cloud.alqueria.es\\\/wp-content\\\/uploads\\\/sites\\\/8\\\/2019\\\/02\\\/DSC_0813.jpg?fit=574%2C1024\\u0026ssl=1&quot;,&quot;id&quot;:&quot;21009&quot;,&quot;title&quot;:&quot;DSC_0813&quot;,&quot;alt&quot;:&quot;&quot;,&quot;caption&quot;:&quot;&quot;,&quot;itemprop&quot;:&quot;image&quot;},{&quot;src&quot;:&quot;https:\\\/\\\/i0.wp.com\\\/cloud.alqueria.es\\\/wp-content\\\/uploads\\\/sites\\\/8\\\/2019\\\/02\\\/DSC_0815.jpg?fit=1024%2C578\\u0026ssl=1&quot;,&quot;id&quot;:&quot;21010&quot;,&quot;title&quot;:&quot;DSC_0815&quot;,&quot;alt&quot;:&quot;&quot;,&quot;caption&quot;:&quot;&quot;,&quot;itemprop&quot;:&quot;image&quot;},{&quot;src&quot;:&quot;https:\\\/\\\/i0.wp.com\\\/cloud.alqueria.es\\\/wp-content\\\/uploads\\\/sites\\\/8\\\/2019\\\/02\\\/DSC_0816.jpg?fit=574%2C1024\\u0026ssl=1&quot;,&quot;id&quot;:&quot;21011&quot;,&quot;title&quot;:&quot;DSC_0816&quot;,&quot;alt&quot;:&quot;&quot;,&quot;caption&quot;:&quot;&quot;,&quot;itemprop&quot;:&quot;image&quot;},{&quot;src&quot;:&quot;https:\\\/\\\/i0.wp.com\\\/cloud.alqueria.es\\\/wp-content\\\/uploads\\\/sites\\\/8\\\/2019\\\/02\\\/DSC_0817.jpg?fit=574%2C1024\\u0026ssl=1&quot;,&quot;id&quot;:&quot;21012&quot;,&quot;title&quot;:&quot;DSC_0817&quot;,&quot;alt&quot;:&quot;&quot;,&quot;caption&quot;:&quot;&quot;,&quot;itemprop&quot;:&quot;image&quot;},{&quot;src&quot;:&quot;https:\\\/\\\/i0.wp.com\\\/cloud.alqueria.es\\\/wp-content\\\/uploads\\\/sites\\\/8\\\/2019\\\/02\\\/DSC_0818.jpg?fit=1024%2C578\\u0026ssl=1&quot;,&quot;id&quot;:&quot;21013&quot;,&quot;title&quot;:&quot;DSC_0818&quot;,&quot;alt&quot;:&quot;&quot;,&quot;caption&quot;:&quot;&quot;,&quot;itemprop&quot;:&quot;image&quot;}]\" itemscope itemtype=\"https:\/\/schema.org\/ImageGallery\"><\/div>\n<p>Como veis la semana ha dado para mucho, teniendo en cuenta que el mi\u00e9rcoles estuvo destinado a la celebraci\u00f3n del d\u00eda de la paz (tal y como qued\u00f3 reflejado en una entrada anterior), pero como nos encanta aprender y es divertido, a\u00fan hay m\u00e1s.<\/p>\n<p>Invitamos a <span style=\"color: #800000\">Martina (2\u00ba EPO)<\/span> para que nos expusiera la <span style=\"color: #800000\">conferencia<\/span> que realiz\u00f3 el a\u00f1o pasado, <span style=\"color: #800000\">acerca de \u00ablos indios\u00bb.<\/span> Fant\u00e1stico el ambiente que se cre\u00f3 en el aula, con todos los peque\u00f1os atentos a las explicaciones de su compa\u00f1era e incre\u00edble la soltura con la que Martina les expuso cada uno de los detalles incluidos en sus cartulinas, teniendo en cuenta la edad a la que se dirig\u00eda.<\/p>\n<p class=\"jetpack-slideshow-noscript robots-nocontent\">El pase de diapositivas requiere JavaScript.<\/p><div id=\"gallery-21000-2-slideshow\" class=\"jetpack-slideshow-window jetpack-slideshow jetpack-slideshow-black\" data-trans=\"fade\" data-autostart=\"1\" data-gallery=\"[{&quot;src&quot;:&quot;https:\\\/\\\/i0.wp.com\\\/cloud.alqueria.es\\\/wp-content\\\/uploads\\\/sites\\\/8\\\/2019\\\/02\\\/DSC_0820.jpg?fit=1024%2C578\\u0026ssl=1&quot;,&quot;id&quot;:&quot;21015&quot;,&quot;title&quot;:&quot;DSC_0820&quot;,&quot;alt&quot;:&quot;&quot;,&quot;caption&quot;:&quot;&quot;,&quot;itemprop&quot;:&quot;image&quot;},{&quot;src&quot;:&quot;https:\\\/\\\/i0.wp.com\\\/cloud.alqueria.es\\\/wp-content\\\/uploads\\\/sites\\\/8\\\/2019\\\/02\\\/DSC_0821.jpg?fit=1024%2C578\\u0026ssl=1&quot;,&quot;id&quot;:&quot;21016&quot;,&quot;title&quot;:&quot;DSC_0821&quot;,&quot;alt&quot;:&quot;&quot;,&quot;caption&quot;:&quot;&quot;,&quot;itemprop&quot;:&quot;image&quot;},{&quot;src&quot;:&quot;https:\\\/\\\/i0.wp.com\\\/cloud.alqueria.es\\\/wp-content\\\/uploads\\\/sites\\\/8\\\/2019\\\/02\\\/DSC_0822.jpg?fit=1024%2C578\\u0026ssl=1&quot;,&quot;id&quot;:&quot;21017&quot;,&quot;title&quot;:&quot;DSC_0822&quot;,&quot;alt&quot;:&quot;&quot;,&quot;caption&quot;:&quot;&quot;,&quot;itemprop&quot;:&quot;image&quot;}]\" itemscope itemtype=\"https:\/\/schema.org\/ImageGallery\"><\/div>\n<p>Para finalizar nos regal\u00f3 un juego con el que construir nombres indios. Para llevarlo a cabo dividimos la clase en dos equipos y repartimos a cada uno de ellos sustantivos y adjetivos (que inclu\u00edan por detr\u00e1s un n\u00famero), una vez cada uno y una hubo encontrado su pareja dimos lectura a los simp\u00e1ticos nombres resultantes. Sin pensarlo ni prepararlo, introdujimos conceptos m\u00e1s propios de la etapa Primaria, pero de una forma muy cercana y totalmente significativa.<\/p>\n<p><img data-recalc-dims=\"1\" decoding=\"async\" data-attachment-id=\"21018\" data-permalink=\"https:\/\/www.alqueria.es\/blogs\/alqueriarojaverde\/2019\/02\/01\/tortitas-de-avena\/dsc_0823-2\/\" data-orig-file=\"https:\/\/i0.wp.com\/cloud.alqueria.es\/wp-content\/uploads\/sites\/8\/2019\/02\/DSC_0823.jpg?fit=1024%2C578&amp;ssl=1\" data-orig-size=\"1024,578\" data-comments-opened=\"1\" data-image-meta=\"{&quot;aperture&quot;:&quot;0&quot;,&quot;credit&quot;:&quot;&quot;,&quot;camera&quot;:&quot;&quot;,&quot;caption&quot;:&quot;&quot;,&quot;created_timestamp&quot;:&quot;0&quot;,&quot;copyright&quot;:&quot;&quot;,&quot;focal_length&quot;:&quot;0&quot;,&quot;iso&quot;:&quot;0&quot;,&quot;shutter_speed&quot;:&quot;0&quot;,&quot;title&quot;:&quot;&quot;,&quot;orientation&quot;:&quot;0&quot;}\" data-image-title=\"DSC_0823\" data-image-description=\"\" data-image-caption=\"\" data-large-file=\"https:\/\/i0.wp.com\/cloud.alqueria.es\/wp-content\/uploads\/sites\/8\/2019\/02\/DSC_0823.jpg?fit=474%2C268&amp;ssl=1\" class=\"alignleft size-medium wp-image-21018\" src=\"https:\/\/i0.wp.com\/cloud.alqueria.es\/wp-content\/uploads\/sites\/8\/2019\/02\/DSC_0823.jpg?resize=300%2C169&#038;ssl=1\" alt=\"\" width=\"300\" height=\"169\" srcset=\"https:\/\/cloud.alqueria.es\/wp-content\/uploads\/sites\/8\/2019\/02\/DSC_0823.jpg 1024w, https:\/\/cloud.alqueria.es\/wp-content\/uploads\/sites\/8\/2019\/02\/DSC_0823.jpg 300w, https:\/\/cloud.alqueria.es\/wp-content\/uploads\/sites\/8\/2019\/02\/DSC_0823.jpg 768w, https:\/\/cloud.alqueria.es\/wp-content\/uploads\/sites\/8\/2019\/02\/DSC_0823.jpg 948w\" sizes=\"(max-width: 300px) 100vw, 300px\" \/>En relaci\u00f3n al <strong><span style=\"color: #333399\">\u00e1rea matem\u00e1tica<\/span><\/strong> ha vuelto ha generar inter\u00e9s el tema de las sumas y las restas, \u00a0demandando jugar con este material a menudo.<\/p>\n<p>Para terminar la semana celebramos el <em><strong><span style=\"color: #800080\">cumplea\u00f1os de Candela<\/span><\/strong><\/em> y disfrutamos de la<em><strong><span style=\"color: #ff00ff\"> tarde cooperativa<\/span><\/strong><\/em>. Como el tiempo no nos ha permitido cumplir con la programaci\u00f3n prevista decidimos adaptar lo que ser\u00eda una sesi\u00f3n de Mindfulness para el grupo verde, para convertirla en una sesi\u00f3n de <strong>tratamiento emocional desde la pr\u00e1ctica del agradecimiento.<\/strong> Incluimos el coraz\u00f3n que nos recuerda \u00a0\u00abte quiero agradecer que &#8230;\u00bb y cada un@ ha expresado al compa\u00f1ero o compa\u00f1era de al lado su agradecimiento (por ser mi amigo, por ser tan paciente, por ayudarme, por jugar conmigo, por prestar las cosas..). <img data-recalc-dims=\"1\" decoding=\"async\" data-attachment-id=\"21019\" data-permalink=\"https:\/\/www.alqueria.es\/blogs\/alqueriarojaverde\/2019\/02\/01\/tortitas-de-avena\/manzana-estrela-interior\/\" data-orig-file=\"https:\/\/i0.wp.com\/cloud.alqueria.es\/wp-content\/uploads\/sites\/8\/2019\/02\/manzana-estrela-interior.jpg?fit=412%2C250&amp;ssl=1\" data-orig-size=\"412,250\" data-comments-opened=\"1\" data-image-meta=\"{&quot;aperture&quot;:&quot;0&quot;,&quot;credit&quot;:&quot;&quot;,&quot;camera&quot;:&quot;&quot;,&quot;caption&quot;:&quot;&quot;,&quot;created_timestamp&quot;:&quot;0&quot;,&quot;copyright&quot;:&quot;&quot;,&quot;focal_length&quot;:&quot;0&quot;,&quot;iso&quot;:&quot;0&quot;,&quot;shutter_speed&quot;:&quot;0&quot;,&quot;title&quot;:&quot;&quot;,&quot;orientation&quot;:&quot;0&quot;}\" data-image-title=\"manzana-estrela-interior\" data-image-description=\"\" data-image-caption=\"\" data-large-file=\"https:\/\/i0.wp.com\/cloud.alqueria.es\/wp-content\/uploads\/sites\/8\/2019\/02\/manzana-estrela-interior.jpg?fit=412%2C250&amp;ssl=1\" class=\"alignright size-medium wp-image-21019\" src=\"https:\/\/i0.wp.com\/cloud.alqueria.es\/wp-content\/uploads\/sites\/8\/2019\/02\/manzana-estrela-interior.jpg?resize=300%2C182&#038;ssl=1\" alt=\"\" width=\"300\" height=\"182\" srcset=\"https:\/\/cloud.alqueria.es\/wp-content\/uploads\/sites\/8\/2019\/02\/manzana-estrela-interior.jpg 412w, https:\/\/cloud.alqueria.es\/wp-content\/uploads\/sites\/8\/2019\/02\/manzana-estrela-interior.jpg 300w\" sizes=\"(max-width: 300px) 100vw, 300px\" \/>Amenizamos la merienda con la historia de<strong> \u00abla manzana que quer\u00eda ser una estrella\u00bb.<\/strong> Una historia que pretende mostrar que en ocasiones no nos damos cuenta de lo que guardamos en nuestro interior, ansiando ser cosas que ya somos. Una magn\u00edfica herramienta para trabajar el auto-concepto, como base para una buena autoestima, en la edad infantil.<\/p>\n<p><em><span style=\"color: #808000\">Espero que pas\u00e9is un buen fin de semana y a ver c\u00f3mo nos va el lunes con la nueva propuesta que han decidido: \u00abCosas de miedo\u00bb. Avisados est\u00e1n de no traer objetos relacionados con Halloween, sino algo que fomente m\u00e1s nuestra creatividad a la hora del juego y nos permita adentrarnos en un mundo de fantas\u00eda. Intentar\u00e9 aprovechar la coyuntura para tratar el tema de los terrores nocturnos y la gesti\u00f3n de la emoci\u00f3n del miedo. <\/span><\/em><\/p>\n<p><strong>Un abrazo,<\/strong><\/p>\n<p>Esther Justicia.<\/p>\n","protected":false},"excerpt":{"rendered":"<p>Parece que la propuesta de los indios est\u00e1 dando de s\u00ed much\u00edsimo. No hemos dejado de leer, de forma diaria, curiosidades y datos que complementan nuestro conocimiento acerca de las tribus de indios norteamericanas. El grupo se ha mostrado \u00e1vido por conocer cosas nuevas y la motivaci\u00f3n por el tema se ha mantenido constante. El &hellip; <a href=\"https:\/\/www.alqueria.es\/blogs\/alqueriarojaverde\/2019\/02\/01\/tortitas-de-avena\/\" class=\"more-link\">Seguir leyendo <span class=\"screen-reader-text\">TORTITAS DE AVENA<\/span> <span class=\"meta-nav\">&rarr;<\/span><\/a><\/p>\n","protected":false},"author":19,"featured_media":0,"comment_status":"open","ping_status":"open","sticky":false,"template":"","format":"standard","meta":{"jetpack_post_was_ever_published":false,"_jetpack_newsletter_access":"","_jetpack_dont_email_post_to_subs":false,"_jetpack_newsletter_tier_id":0,"_jetpack_memberships_contains_paywalled_content":false,"_jetpack_memberships_contains_paid_content":false,"footnotes":"","jetpack_publicize_message":"","jetpack_publicize_feature_enabled":true,"jetpack_social_post_already_shared":true,"jetpack_social_options":{"image_generator_settings":{"template":"highway","default_image_id":0,"font":"","enabled":false},"version":2}},"categories":[7,13],"tags":[574,575,576,573],"class_list":["post-21000","post","type-post","status-publish","format-standard","hentry","category-clase-verde-5-6-anos","category-inicio","tag-construimos-colgantes-indios-y-un-totem","tag-cuento-de-la-manzana-que-queria-ser-estrella","tag-los-indios-para-infantil","tag-taller-de-cocina-infantil"],"jetpack_publicize_connections":[],"jetpack_featured_media_url":"","jetpack_sharing_enabled":true,"jetpack_shortlink":"https:\/\/wp.me\/p4lFbP-5sI","_links":{"self":[{"href":"https:\/\/www.alqueria.es\/blogs\/alqueriarojaverde\/wp-json\/wp\/v2\/posts\/21000","targetHints":{"allow":["GET"]}}],"collection":[{"href":"https:\/\/www.alqueria.es\/blogs\/alqueriarojaverde\/wp-json\/wp\/v2\/posts"}],"about":[{"href":"https:\/\/www.alqueria.es\/blogs\/alqueriarojaverde\/wp-json\/wp\/v2\/types\/post"}],"author":[{"embeddable":true,"href":"https:\/\/www.alqueria.es\/blogs\/alqueriarojaverde\/wp-json\/wp\/v2\/users\/19"}],"replies":[{"embeddable":true,"href":"https:\/\/www.alqueria.es\/blogs\/alqueriarojaverde\/wp-json\/wp\/v2\/comments?post=21000"}],"version-history":[{"count":0,"href":"https:\/\/www.alqueria.es\/blogs\/alqueriarojaverde\/wp-json\/wp\/v2\/posts\/21000\/revisions"}],"wp:attachment":[{"href":"https:\/\/www.alqueria.es\/blogs\/alqueriarojaverde\/wp-json\/wp\/v2\/media?parent=21000"}],"wp:term":[{"taxonomy":"category","embeddable":true,"href":"https:\/\/www.alqueria.es\/blogs\/alqueriarojaverde\/wp-json\/wp\/v2\/categories?post=21000"},{"taxonomy":"post_tag","embeddable":true,"href":"https:\/\/www.alqueria.es\/blogs\/alqueriarojaverde\/wp-json\/wp\/v2\/tags?post=21000"}],"curies":[{"name":"wp","href":"https:\/\/api.w.org\/{rel}","templated":true}]}}