{"id":21245,"date":"2019-02-15T20:34:49","date_gmt":"2019-02-15T19:34:49","guid":{"rendered":"https:\/\/www.alqueria.es\/blogs\/alqueriarojaverde\/?p=21245"},"modified":"2019-02-15T20:34:49","modified_gmt":"2019-02-15T19:34:49","slug":"nuestros-gorros-locos-de-carnaval","status":"publish","type":"post","link":"https:\/\/www.alqueria.es\/blogs\/alqueriarojaverde\/2019\/02\/15\/nuestros-gorros-locos-de-carnaval\/","title":{"rendered":"NUESTROS GORROS LOCOS DE CARNAVAL"},"content":{"rendered":"<p>Hemos tenido una semana intensa, pero muy divertida, a trav\u00e9s de las distintas experiencias y talleres que hemos llevado a cabo.<\/p>\n<p><strong><span style=\"color: #ff00ff\"><img data-recalc-dims=\"1\" decoding=\"async\" data-attachment-id=\"21265\" data-permalink=\"https:\/\/www.alqueria.es\/blogs\/alqueriarojaverde\/2019\/02\/15\/nuestros-gorros-locos-de-carnaval\/abecedario_mayusculas_150_gomets_kbe092u_yw5rdf\/\" data-orig-file=\"https:\/\/i0.wp.com\/cloud.alqueria.es\/wp-content\/uploads\/sites\/8\/2019\/02\/abecedario_mayusculas_150_gomets_KBE092u_Yw5rdF.jpg?fit=750%2C643&amp;ssl=1\" data-orig-size=\"750,643\" data-comments-opened=\"1\" data-image-meta=\"{&quot;aperture&quot;:&quot;0&quot;,&quot;credit&quot;:&quot;&quot;,&quot;camera&quot;:&quot;&quot;,&quot;caption&quot;:&quot;&quot;,&quot;created_timestamp&quot;:&quot;0&quot;,&quot;copyright&quot;:&quot;&quot;,&quot;focal_length&quot;:&quot;0&quot;,&quot;iso&quot;:&quot;0&quot;,&quot;shutter_speed&quot;:&quot;0&quot;,&quot;title&quot;:&quot;&quot;,&quot;orientation&quot;:&quot;0&quot;}\" data-image-title=\"abecedario_mayusculas_150_gomets_KBE092u_Yw5rdF\" data-image-description=\"\" data-image-caption=\"\" data-large-file=\"https:\/\/i0.wp.com\/cloud.alqueria.es\/wp-content\/uploads\/sites\/8\/2019\/02\/abecedario_mayusculas_150_gomets_KBE092u_Yw5rdF.jpg?fit=474%2C406&amp;ssl=1\" class=\"alignleft size-medium wp-image-21265\" src=\"https:\/\/i0.wp.com\/cloud.alqueria.es\/wp-content\/uploads\/sites\/8\/2019\/02\/abecedario_mayusculas_150_gomets_KBE092u_Yw5rdF.jpg?resize=300%2C257&#038;ssl=1\" alt=\"\" width=\"300\" height=\"257\" srcset=\"https:\/\/cloud.alqueria.es\/wp-content\/uploads\/sites\/8\/2019\/02\/abecedario_mayusculas_150_gomets_KBE092u_Yw5rdF.jpg 750w, https:\/\/cloud.alqueria.es\/wp-content\/uploads\/sites\/8\/2019\/02\/abecedario_mayusculas_150_gomets_KBE092u_Yw5rdF.jpg 300w\" sizes=\"(max-width: 300px) 100vw, 300px\" \/>TALLER DE BIBLIOTECA y ALFAB\u00c9TICO<\/span><\/strong>.\u00a0 Adem\u00e1s de realizar el cambio de los ejemplares de lectura para casa, disfrutamos de un rato de lectura compartida en el que los que ya se han iniciado en la misma (de modo sil\u00e1bico-alfab\u00e9tico) leen a sus compa\u00f1eros y compa\u00f1eras. Dando la posibilidad de realizar narraciones \u00abinventadas\u00bb, bas\u00e1ndose en los dibujos. De esta forma pueden participar todos y personalizamos el objetivo a cada uno. Damos un repaso a la nomenclatura de algunas letras del alfabeto y jugamos a reproducir su sonido. Tambi\u00e9n cantamos la canci\u00f3n de \u00ablas mandonas\u00bb (A,E,I,O,U), recordando porqu\u00e9 las llamamos as\u00ed.<\/p>\n<p>Algunas familias me hab\u00e9is comentado que el inter\u00e9s por este \u00e1rea va en aumento y carec\u00edais de recursos para fomentarlo en casa. Ya sab\u00e9is que no apostamos por el sistema de fichas, que descontextualizar\u00eda el aprendizaje, as\u00ed que la recomendaci\u00f3n va por elaborar la\u00a0 lista para la compra, mensajes para recordar algo, rotular los contenedores donde guardan sus juguetes, escribir una carta a un familiar &#8230; dando utilidad a esa acci\u00f3n.\u00a0 Por otro lado pod\u00e9is practicar con juegos del tipo crucigramas, sopas de letras, adivina qu\u00e9 palabra es, intelecto o boogle, adaptando por supuesto al nivel de vuestro peque y sin forzar. \u00c9sto \u00faltimo es muy importante, al igual que es imprescindible primero un trabajo sistem\u00e1tico de la conciencia fonol\u00f3gica. Para trabajar esta \u00faltima os recomiendo juegos verbales del tipo \u00abveo, veo &#8230;\u00bb, \u00abbusquemos palabras que empiezan por &#8230;\u00bb, \u00abconstrucci\u00f3n de aumentativos y diminutivos\u00bb, \u00abjugar a inventar palabras\u00bb, todos sin la utilizaci\u00f3n de l\u00e1piz ni papel, son la base del proceso alfabetizador.<\/p>\n<p><strong><span style=\"color: #0000ff\">TALLER CREATIVO.\u00a0<\/span> <\/strong>Decidimos confeccionar un complemento distinto a las m\u00e1scaras-antifaces <span style=\"color: #0000ff\">\u00abGORROS LOCOS\u00bb<\/span>, con el objetivo de trabajar el volumen y el desarrollo de la creatividad, dado que las directrices ofrecidas eran muy pocas y abiertas. El objetivo que les trasladamos Charito y yo era muy concreto \u00abQUE SALIESEN LO M\u00c1S DISTINTOS POSIBLE\u00bb. Por primera vez probamos a no repartir nosotras el material disponible entre los distintos equipos, sino que habilitamos un espacio al que acced\u00edan de forma totalmente aut\u00f3noma y cog\u00edan aquello que necesitaban. \u00a1Sorprendente el nivel organizativo!, si ve\u00edan m\u00e1s de 3-4 personas no se levantaban (nosotras no intervinimos).<\/p>\n<p><img data-recalc-dims=\"1\" decoding=\"async\" data-attachment-id=\"21246\" data-permalink=\"https:\/\/www.alqueria.es\/blogs\/alqueriarojaverde\/2019\/02\/15\/nuestros-gorros-locos-de-carnaval\/dsc_08691\/\" data-orig-file=\"https:\/\/i0.wp.com\/cloud.alqueria.es\/wp-content\/uploads\/sites\/8\/2019\/02\/DSC_08691.jpg?fit=1024%2C578&amp;ssl=1\" data-orig-size=\"1024,578\" data-comments-opened=\"1\" data-image-meta=\"{&quot;aperture&quot;:&quot;0&quot;,&quot;credit&quot;:&quot;&quot;,&quot;camera&quot;:&quot;&quot;,&quot;caption&quot;:&quot;&quot;,&quot;created_timestamp&quot;:&quot;0&quot;,&quot;copyright&quot;:&quot;&quot;,&quot;focal_length&quot;:&quot;0&quot;,&quot;iso&quot;:&quot;0&quot;,&quot;shutter_speed&quot;:&quot;0&quot;,&quot;title&quot;:&quot;&quot;,&quot;orientation&quot;:&quot;0&quot;}\" data-image-title=\"DSC_08691\" data-image-description=\"\" data-image-caption=\"\" data-large-file=\"https:\/\/i0.wp.com\/cloud.alqueria.es\/wp-content\/uploads\/sites\/8\/2019\/02\/DSC_08691.jpg?fit=474%2C268&amp;ssl=1\" class=\"aligncenter size-medium wp-image-21246\" src=\"https:\/\/i0.wp.com\/cloud.alqueria.es\/wp-content\/uploads\/sites\/8\/2019\/02\/DSC_08691.jpg?resize=300%2C169&#038;ssl=1\" alt=\"\" width=\"300\" height=\"169\" srcset=\"https:\/\/cloud.alqueria.es\/wp-content\/uploads\/sites\/8\/2019\/02\/DSC_08691.jpg 1024w, https:\/\/cloud.alqueria.es\/wp-content\/uploads\/sites\/8\/2019\/02\/DSC_08691.jpg 300w, https:\/\/cloud.alqueria.es\/wp-content\/uploads\/sites\/8\/2019\/02\/DSC_08691.jpg 768w, https:\/\/cloud.alqueria.es\/wp-content\/uploads\/sites\/8\/2019\/02\/DSC_08691.jpg 948w\" sizes=\"(max-width: 300px) 100vw, 300px\" \/><\/p>\n<p>El otorgar mayor autonom\u00eda y responsabilidad, les ofrece un autoconcepto m\u00e1s cercano a la seguridad en s\u00ed mismos , la objetividad de sus posibilidades y limitaciones y, como no, a la confianza que depositamos en ellos. Un mejor autoconcepto conlleva una mayor autoestima.<\/p>\n<p class=\"jetpack-slideshow-noscript robots-nocontent\">El pase de diapositivas requiere JavaScript.<\/p><div id=\"gallery-21245-1-slideshow\" class=\"jetpack-slideshow-window jetpack-slideshow jetpack-slideshow-black\" data-trans=\"fade\" data-autostart=\"1\" data-gallery=\"[{&quot;src&quot;:&quot;https:\\\/\\\/i0.wp.com\\\/cloud.alqueria.es\\\/wp-content\\\/uploads\\\/sites\\\/8\\\/2019\\\/02\\\/DSC_08711.jpg?fit=1024%2C578\\u0026ssl=1&quot;,&quot;id&quot;:&quot;21248&quot;,&quot;title&quot;:&quot;DSC_08711&quot;,&quot;alt&quot;:&quot;&quot;,&quot;caption&quot;:&quot;&quot;,&quot;itemprop&quot;:&quot;image&quot;},{&quot;src&quot;:&quot;https:\\\/\\\/i0.wp.com\\\/cloud.alqueria.es\\\/wp-content\\\/uploads\\\/sites\\\/8\\\/2019\\\/02\\\/DSC_08721.jpg?fit=1024%2C578\\u0026ssl=1&quot;,&quot;id&quot;:&quot;21249&quot;,&quot;title&quot;:&quot;DSC_08721&quot;,&quot;alt&quot;:&quot;&quot;,&quot;caption&quot;:&quot;&quot;,&quot;itemprop&quot;:&quot;image&quot;},{&quot;src&quot;:&quot;https:\\\/\\\/i0.wp.com\\\/cloud.alqueria.es\\\/wp-content\\\/uploads\\\/sites\\\/8\\\/2019\\\/02\\\/DSC_08703.jpg?fit=1024%2C578\\u0026ssl=1&quot;,&quot;id&quot;:&quot;21290&quot;,&quot;title&quot;:&quot;DSC_08703&quot;,&quot;alt&quot;:&quot;&quot;,&quot;caption&quot;:&quot;&quot;,&quot;itemprop&quot;:&quot;image&quot;},{&quot;src&quot;:&quot;https:\\\/\\\/i0.wp.com\\\/cloud.alqueria.es\\\/wp-content\\\/uploads\\\/sites\\\/8\\\/2019\\\/02\\\/DSC_08741.jpg?fit=1024%2C578\\u0026ssl=1&quot;,&quot;id&quot;:&quot;21251&quot;,&quot;title&quot;:&quot;DSC_08741&quot;,&quot;alt&quot;:&quot;&quot;,&quot;caption&quot;:&quot;&quot;,&quot;itemprop&quot;:&quot;image&quot;},{&quot;src&quot;:&quot;https:\\\/\\\/i0.wp.com\\\/cloud.alqueria.es\\\/wp-content\\\/uploads\\\/sites\\\/8\\\/2019\\\/02\\\/DSC_08751.jpg?fit=1024%2C578\\u0026ssl=1&quot;,&quot;id&quot;:&quot;21252&quot;,&quot;title&quot;:&quot;DSC_08751&quot;,&quot;alt&quot;:&quot;&quot;,&quot;caption&quot;:&quot;&quot;,&quot;itemprop&quot;:&quot;image&quot;},{&quot;src&quot;:&quot;https:\\\/\\\/i0.wp.com\\\/cloud.alqueria.es\\\/wp-content\\\/uploads\\\/sites\\\/8\\\/2019\\\/02\\\/DSC_08731.jpg?fit=1024%2C578\\u0026ssl=1&quot;,&quot;id&quot;:&quot;21250&quot;,&quot;title&quot;:&quot;DSC_08731&quot;,&quot;alt&quot;:&quot;&quot;,&quot;caption&quot;:&quot;&quot;,&quot;itemprop&quot;:&quot;image&quot;}]\" itemscope itemtype=\"https:\/\/schema.org\/ImageGallery\"><\/div>\n<p><strong><span style=\"color: #008000\">TALLER EXPERIMENTAL.<\/span><\/strong>\u00a0 A trav\u00e9s de los experimentos acercamos al alumnado al mundo cient\u00edfico de una forma l\u00fadica. Con este tipo de experiencias aprendemos a plantear hip\u00f3tesis, a validarlas o no, a practicar el ensayo-error eliminando o reduciendo la frustraci\u00f3n y en algunos casos a buscar distintas soluciones para \u00abun problema\u00bb.<\/p>\n<p>En esta ocasi\u00f3n hemos fabricado <span style=\"color: #008000\">\u00abNIEVE ARTIFICIAL\u00bb,<\/span> con tan s\u00f3lo tres ingredientes, utilizando dos combinaciones distintas: en la primera mezclamos bicarbonato con agua y en la segunda mezclamos bicarbonato con crema hidratante.<\/p>\n<p class=\"jetpack-slideshow-noscript robots-nocontent\">El pase de diapositivas requiere JavaScript.<\/p><div id=\"gallery-21245-2-slideshow\" class=\"jetpack-slideshow-window jetpack-slideshow jetpack-slideshow-black\" data-trans=\"fade\" data-autostart=\"1\" data-gallery=\"[{&quot;src&quot;:&quot;https:\\\/\\\/i0.wp.com\\\/cloud.alqueria.es\\\/wp-content\\\/uploads\\\/sites\\\/8\\\/2019\\\/02\\\/DSC_08742.jpg?fit=1024%2C578\\u0026ssl=1&quot;,&quot;id&quot;:&quot;21283&quot;,&quot;title&quot;:&quot;DSC_08742&quot;,&quot;alt&quot;:&quot;&quot;,&quot;caption&quot;:&quot;&quot;,&quot;itemprop&quot;:&quot;image&quot;},{&quot;src&quot;:&quot;https:\\\/\\\/i0.wp.com\\\/cloud.alqueria.es\\\/wp-content\\\/uploads\\\/sites\\\/8\\\/2019\\\/02\\\/DSC_08752.jpg?fit=1024%2C578\\u0026ssl=1&quot;,&quot;id&quot;:&quot;21284&quot;,&quot;title&quot;:&quot;DSC_08752&quot;,&quot;alt&quot;:&quot;&quot;,&quot;caption&quot;:&quot;&quot;,&quot;itemprop&quot;:&quot;image&quot;},{&quot;src&quot;:&quot;https:\\\/\\\/i0.wp.com\\\/cloud.alqueria.es\\\/wp-content\\\/uploads\\\/sites\\\/8\\\/2019\\\/02\\\/DSC_08761.jpg?fit=1024%2C578\\u0026ssl=1&quot;,&quot;id&quot;:&quot;21285&quot;,&quot;title&quot;:&quot;DSC_08761&quot;,&quot;alt&quot;:&quot;&quot;,&quot;caption&quot;:&quot;&quot;,&quot;itemprop&quot;:&quot;image&quot;}]\" itemscope itemtype=\"https:\/\/schema.org\/ImageGallery\"><\/div>\n<p>Antes de realizar la mezcla, formulamos las hip\u00f3tesis utilizando la f\u00f3rmula de \u00abqu\u00e9 pasar\u00eda si &#8230;\u00bb o \u00aby s\u00ed&#8230;\u00bb. El planteamiento de preguntas abiertas favorece el pensamiento divergente, ya que no gu\u00eda las respuestas entorno al s\u00ed o el no. Dando posibilidad a que cada uno participe en funci\u00f3n de su proceso evolutivo, respetando los distintos ritmos de aprendizaje.<\/p>\n<p>Hubo much\u00edsimos interrogantes, entre otros \u00bfporqu\u00e9 no se ha disuelto el bicarbonato en el agua si cuando mi padre se lo toma no se queda as\u00ed?, \u00bfporqu\u00e9 se mantiene fr\u00eda la nieve, si ha pasado mucho rato?, \u00bfcu\u00e1ntas formas distintas hay para hacer nieve? &#8230; Todas ellas planteadas por el alumnado.<\/p>\n<p><img data-recalc-dims=\"1\" decoding=\"async\" data-attachment-id=\"21286\" data-permalink=\"https:\/\/www.alqueria.es\/blogs\/alqueriarojaverde\/2019\/02\/15\/nuestros-gorros-locos-de-carnaval\/dsc_08831\/\" data-orig-file=\"https:\/\/i0.wp.com\/cloud.alqueria.es\/wp-content\/uploads\/sites\/8\/2019\/02\/DSC_08831.jpg?fit=1024%2C578&amp;ssl=1\" data-orig-size=\"1024,578\" data-comments-opened=\"1\" data-image-meta=\"{&quot;aperture&quot;:&quot;0&quot;,&quot;credit&quot;:&quot;&quot;,&quot;camera&quot;:&quot;&quot;,&quot;caption&quot;:&quot;&quot;,&quot;created_timestamp&quot;:&quot;0&quot;,&quot;copyright&quot;:&quot;&quot;,&quot;focal_length&quot;:&quot;0&quot;,&quot;iso&quot;:&quot;0&quot;,&quot;shutter_speed&quot;:&quot;0&quot;,&quot;title&quot;:&quot;&quot;,&quot;orientation&quot;:&quot;0&quot;}\" data-image-title=\"DSC_08831\" data-image-description=\"\" data-image-caption=\"\" data-large-file=\"https:\/\/i0.wp.com\/cloud.alqueria.es\/wp-content\/uploads\/sites\/8\/2019\/02\/DSC_08831.jpg?fit=474%2C268&amp;ssl=1\" class=\"aligncenter size-full wp-image-21286\" src=\"https:\/\/i0.wp.com\/cloud.alqueria.es\/wp-content\/uploads\/sites\/8\/2019\/02\/DSC_08831.jpg?resize=474%2C268&#038;ssl=1\" alt=\"\" width=\"474\" height=\"268\" srcset=\"https:\/\/cloud.alqueria.es\/wp-content\/uploads\/sites\/8\/2019\/02\/DSC_08831.jpg 1024w, https:\/\/cloud.alqueria.es\/wp-content\/uploads\/sites\/8\/2019\/02\/DSC_08831.jpg 300w, https:\/\/cloud.alqueria.es\/wp-content\/uploads\/sites\/8\/2019\/02\/DSC_08831.jpg 768w, https:\/\/cloud.alqueria.es\/wp-content\/uploads\/sites\/8\/2019\/02\/DSC_08831.jpg 948w\" sizes=\"(max-width: 474px) 100vw, 474px\" \/><\/p>\n<p>Pudimos jugar un buen rato con ella e incluir animales que pensaban pod\u00edan vivir en ese entorno.<\/p>\n<p><strong><span style=\"color: #ff6600\">TALLER MEDIOAMBIENTAL.<\/span><\/strong> Aunque a\u00fan queda tiempo para el montaje de la tienda-vivero, los preparativos hace tiempo que los iniciamos. Esta semana hemos llevado a cabo dos sesiones de plantaci\u00f3n y hemos visitado nuestro jard\u00edn para conseguir esquejes de plantas crasas. El privilegio de disponer de este espacio como un aula m\u00e1s nos posibilit\u00f3 el trabajo acerca de las plantas de exterior-interior, los cuidados que cada una requiere, la identificaci\u00f3n de distintos tipos de plantas, la diferencia entre \u00e1rboles de hoja caduca y perenne. Todo partiendo de la observaci\u00f3n directa y los interrogantes que iban formulando unas y otros.<\/p>\n<p class=\"jetpack-slideshow-noscript robots-nocontent\">El pase de diapositivas requiere JavaScript.<\/p><div id=\"gallery-21245-3-slideshow\" class=\"jetpack-slideshow-window jetpack-slideshow jetpack-slideshow-black\" data-trans=\"fade\" data-autostart=\"1\" data-gallery=\"[{&quot;src&quot;:&quot;https:\\\/\\\/i0.wp.com\\\/cloud.alqueria.es\\\/wp-content\\\/uploads\\\/sites\\\/8\\\/2019\\\/02\\\/DSC_08771.jpg?fit=1024%2C578\\u0026ssl=1&quot;,&quot;id&quot;:&quot;21278&quot;,&quot;title&quot;:&quot;DSC_08771&quot;,&quot;alt&quot;:&quot;&quot;,&quot;caption&quot;:&quot;&quot;,&quot;itemprop&quot;:&quot;image&quot;},{&quot;src&quot;:&quot;https:\\\/\\\/i0.wp.com\\\/cloud.alqueria.es\\\/wp-content\\\/uploads\\\/sites\\\/8\\\/2019\\\/02\\\/DSC_0878.jpg?fit=1024%2C578\\u0026ssl=1&quot;,&quot;id&quot;:&quot;21274&quot;,&quot;title&quot;:&quot;DSC_0878&quot;,&quot;alt&quot;:&quot;&quot;,&quot;caption&quot;:&quot;&quot;,&quot;itemprop&quot;:&quot;image&quot;},{&quot;src&quot;:&quot;https:\\\/\\\/i0.wp.com\\\/cloud.alqueria.es\\\/wp-content\\\/uploads\\\/sites\\\/8\\\/2019\\\/02\\\/DSC_08791.jpg?fit=1024%2C578\\u0026ssl=1&quot;,&quot;id&quot;:&quot;21275&quot;,&quot;title&quot;:&quot;DSC_08791&quot;,&quot;alt&quot;:&quot;&quot;,&quot;caption&quot;:&quot;Recogemos esquejes&quot;,&quot;itemprop&quot;:&quot;image&quot;},{&quot;src&quot;:&quot;https:\\\/\\\/i0.wp.com\\\/cloud.alqueria.es\\\/wp-content\\\/uploads\\\/sites\\\/8\\\/2019\\\/02\\\/DSC_08811.jpg?fit=1024%2C578\\u0026ssl=1&quot;,&quot;id&quot;:&quot;21276&quot;,&quot;title&quot;:&quot;DSC_08811&quot;,&quot;alt&quot;:&quot;&quot;,&quot;caption&quot;:&quot;&quot;,&quot;itemprop&quot;:&quot;image&quot;},{&quot;src&quot;:&quot;https:\\\/\\\/i0.wp.com\\\/cloud.alqueria.es\\\/wp-content\\\/uploads\\\/sites\\\/8\\\/2019\\\/02\\\/DSC_0882.jpg?fit=574%2C1024\\u0026ssl=1&quot;,&quot;id&quot;:&quot;21277&quot;,&quot;title&quot;:&quot;DSC_0882&quot;,&quot;alt&quot;:&quot;&quot;,&quot;caption&quot;:&quot;&quot;,&quot;itemprop&quot;:&quot;image&quot;},{&quot;src&quot;:&quot;https:\\\/\\\/i0.wp.com\\\/cloud.alqueria.es\\\/wp-content\\\/uploads\\\/sites\\\/8\\\/2019\\\/02\\\/IMG_2946.jpg?fit=640%2C480\\u0026ssl=1&quot;,&quot;id&quot;:&quot;21272&quot;,&quot;title&quot;:&quot;IMG_2946&quot;,&quot;alt&quot;:&quot;&quot;,&quot;caption&quot;:&quot;&quot;,&quot;itemprop&quot;:&quot;image&quot;}]\" itemscope itemtype=\"https:\/\/schema.org\/ImageGallery\"><\/div>\n<p><strong><span style=\"color: #800080\">TARDE COOPERATIVA.<\/span><\/strong> Colaboramos en el montaje del cartel que anuncia nuestra fiesta de Carnaval (pr\u00f3ximo viernes a las 16.00), y organizamos y regamos todas las plantas que ya tenemos.<\/p>\n<p><img data-recalc-dims=\"1\" decoding=\"async\" data-attachment-id=\"21269\" data-permalink=\"https:\/\/www.alqueria.es\/blogs\/alqueriarojaverde\/2019\/02\/15\/dinosaurios-sonoros\/img_2943-2\/\" data-orig-file=\"https:\/\/i0.wp.com\/cloud.alqueria.es\/wp-content\/uploads\/sites\/8\/2019\/02\/IMG_2943.jpg?fit=640%2C371&amp;ssl=1\" data-orig-size=\"640,371\" data-comments-opened=\"1\" data-image-meta=\"{&quot;aperture&quot;:&quot;2.8&quot;,&quot;credit&quot;:&quot;&quot;,&quot;camera&quot;:&quot;Canon DIGITAL IXUS 80 IS&quot;,&quot;caption&quot;:&quot;&quot;,&quot;created_timestamp&quot;:&quot;1550232518&quot;,&quot;copyright&quot;:&quot;&quot;,&quot;focal_length&quot;:&quot;6.2&quot;,&quot;iso&quot;:&quot;125&quot;,&quot;shutter_speed&quot;:&quot;0.00625&quot;,&quot;title&quot;:&quot;&quot;,&quot;orientation&quot;:&quot;1&quot;}\" data-image-title=\"IMG_2943\" data-image-description=\"\" data-image-caption=\"\" data-large-file=\"https:\/\/i0.wp.com\/cloud.alqueria.es\/wp-content\/uploads\/sites\/8\/2019\/02\/IMG_2943.jpg?fit=474%2C275&amp;ssl=1\" class=\"aligncenter size-full wp-image-21269\" src=\"https:\/\/i0.wp.com\/cloud.alqueria.es\/wp-content\/uploads\/sites\/8\/2019\/02\/IMG_2943.jpg?resize=474%2C275&#038;ssl=1\" alt=\"\" width=\"474\" height=\"275\" srcset=\"https:\/\/cloud.alqueria.es\/wp-content\/uploads\/sites\/8\/2019\/02\/IMG_2943.jpg 640w, https:\/\/cloud.alqueria.es\/wp-content\/uploads\/sites\/8\/2019\/02\/IMG_2943.jpg 300w\" sizes=\"(max-width: 474px) 100vw, 474px\" \/><\/p>\n<p><strong><span style=\"color: #ff0000\">TALLER L\u00d3GICO-MATEM\u00c1TICO.<\/span><\/strong> Cada d\u00eda practicamos este \u00e1rea con las distintas rutinas de nuestro aula y aquellos \u00abproblemas\u00bb que surgen y requieren soluci\u00f3n. Os pondr\u00e9 como ejemplo el que hemos llevado a cabo esta ma\u00f1ana (que se ha realizado con algo de ayuda por mi parte y fundamentado en el trabajo que hicimos ayer en torno al concepto decena).<\/p>\n<ul>\n<li>Violeta nos ha tra\u00eddo unos cupcakes para compartir y resulta que no sab\u00edamos a cu\u00e1ntos toc\u00e1bamos. Hemos contado los asistentes (12) y sumado otros dos que estaban a punto de llegar, obteniendo como resultado 14 (mediante conteo de dos en dos).<\/li>\n<li>Contamos los cupcakes y obtenemos el n\u00famero 24, les pregunto \u00bfest\u00e1n justos, faltan o sobran?. En seguida alguien ha dicho 24 es m\u00e1s que 14 as\u00ed que sobran. \u00bfY cu\u00e1ntos sobran?, he preguntado.<\/li>\n<li>Aqu\u00ed han intentado resolverlo con los dedos, con ayuda del compa\u00f1ero de al lado, como dicen ellos \u00abpensando\u00bb. Es una operaci\u00f3n demasiado compleja para resolver sin gu\u00eda, as\u00ed que les planteo la posibilidad de utilizar la \u00abserpiente de la decena\u00bb y convertir nuestros cupcakes en tapones.<\/li>\n<li>Vamos contando una serpiente son 10, dos 20, tres 30. Alguien dice \u00abte has pasado\u00bb, entonces pregunto \u00bfqu\u00e9 hacemos rompo la tercera serpiente para quitar los tapones que sobran? \u00abno, no d\u00e9jala que es muy bonita y coge tapones sueltos\u00bb. As\u00ed que me he quedado con las dos serpientes (que sumaban 20) y he vuelto a preguntar \u00bfcu\u00e1ntos sueltos tengo que coger si ya tenemos 20?. Cuatro ha sido la respuesta un\u00e1nime.<\/li>\n<li>Ahora tocaba repartir y les digo que lo haremos de igual forma, primero las serpientes (de 10 en 10) y luego los tapones sueltos. Contamos 10 (una serpiente), 20 (dos serpientes) \u00abque te has pasado otra vez Esther\u00bb. Venga pues la dejo, les digo y comenzamos de nuevo: 10 \u00bfy hasta 14 cu\u00e1ntos faltan? y dicen los cuatro sueltos.<\/li>\n<li>En cuanto han visto encima de la mesa la serpiente (una decena) y los cuatro sueltos (4 unidades) que eran los cupcakes repartidos, han mirado mis manos y tres o cuatro han dicho \u00ab10 son 10 los que sobran\u00bb.<\/li>\n<\/ul>\n<p class=\"jetpack-slideshow-noscript robots-nocontent\">El pase de diapositivas requiere JavaScript.<\/p><div id=\"gallery-21245-4-slideshow\" class=\"jetpack-slideshow-window jetpack-slideshow jetpack-slideshow-black\" data-trans=\"fade\" data-autostart=\"1\" data-gallery=\"[{&quot;src&quot;:&quot;https:\\\/\\\/i0.wp.com\\\/cloud.alqueria.es\\\/wp-content\\\/uploads\\\/sites\\\/8\\\/2019\\\/02\\\/DSC_08702.jpg?fit=1024%2C578\\u0026ssl=1&quot;,&quot;id&quot;:&quot;21289&quot;,&quot;title&quot;:&quot;DSC_08702&quot;,&quot;alt&quot;:&quot;&quot;,&quot;caption&quot;:&quot;&quot;,&quot;itemprop&quot;:&quot;image&quot;},{&quot;src&quot;:&quot;https:\\\/\\\/i0.wp.com\\\/cloud.alqueria.es\\\/wp-content\\\/uploads\\\/sites\\\/8\\\/2019\\\/02\\\/DSC_08722.jpg?fit=1024%2C578\\u0026ssl=1&quot;,&quot;id&quot;:&quot;21282&quot;,&quot;title&quot;:&quot;DSC_08722&quot;,&quot;alt&quot;:&quot;&quot;,&quot;caption&quot;:&quot;&quot;,&quot;itemprop&quot;:&quot;image&quot;},{&quot;src&quot;:&quot;https:\\\/\\\/i0.wp.com\\\/cloud.alqueria.es\\\/wp-content\\\/uploads\\\/sites\\\/8\\\/2019\\\/02\\\/DSC_08712.jpg?fit=1024%2C578\\u0026ssl=1&quot;,&quot;id&quot;:&quot;21281&quot;,&quot;title&quot;:&quot;DSC_08712&quot;,&quot;alt&quot;:&quot;&quot;,&quot;caption&quot;:&quot;&quot;,&quot;itemprop&quot;:&quot;image&quot;},{&quot;src&quot;:&quot;https:\\\/\\\/i0.wp.com\\\/cloud.alqueria.es\\\/wp-content\\\/uploads\\\/sites\\\/8\\\/2019\\\/02\\\/DSC_08692.jpg?fit=1024%2C578\\u0026ssl=1&quot;,&quot;id&quot;:&quot;21279&quot;,&quot;title&quot;:&quot;DSC_08692&quot;,&quot;alt&quot;:&quot;&quot;,&quot;caption&quot;:&quot;&quot;,&quot;itemprop&quot;:&quot;image&quot;}]\" itemscope itemtype=\"https:\/\/schema.org\/ImageGallery\"><\/div>\n<p>Una entrada un poco larga, soy consciente. Pero vuestros peques van creciendo y transmitir la importancia de ense\u00f1arles c\u00f3mo pensar y no qu\u00e9 pensar, est\u00e1 dando unos resultados magn\u00edficos. Enhorabuena por la parte que os toca, somos un t\u00e1ndem.<\/p>\n<p>Os dejo este recurso , a petici\u00f3n de ellos, que hemos presentado en el aula.<\/p>\n<p><a href=\"https:\/\/www.vedoque.com\/juegos\/juego.php?j=suma-monedas\"><img data-recalc-dims=\"1\" decoding=\"async\" data-attachment-id=\"21294\" data-permalink=\"https:\/\/www.alqueria.es\/blogs\/alqueriarojaverde\/2019\/02\/15\/nuestros-gorros-locos-de-carnaval\/suma-monedasg-2\/\" data-orig-file=\"https:\/\/i0.wp.com\/cloud.alqueria.es\/wp-content\/uploads\/sites\/8\/2019\/02\/suma-monedasg.png?fit=300%2C223&amp;ssl=1\" data-orig-size=\"300,223\" data-comments-opened=\"1\" data-image-meta=\"{&quot;aperture&quot;:&quot;0&quot;,&quot;credit&quot;:&quot;&quot;,&quot;camera&quot;:&quot;&quot;,&quot;caption&quot;:&quot;&quot;,&quot;created_timestamp&quot;:&quot;0&quot;,&quot;copyright&quot;:&quot;&quot;,&quot;focal_length&quot;:&quot;0&quot;,&quot;iso&quot;:&quot;0&quot;,&quot;shutter_speed&quot;:&quot;0&quot;,&quot;title&quot;:&quot;&quot;,&quot;orientation&quot;:&quot;0&quot;}\" data-image-title=\"suma-monedasg\" data-image-description=\"\" data-image-caption=\"\" data-large-file=\"https:\/\/i0.wp.com\/cloud.alqueria.es\/wp-content\/uploads\/sites\/8\/2019\/02\/suma-monedasg.png?fit=300%2C223&amp;ssl=1\" class=\"aligncenter size-full wp-image-21294\" src=\"https:\/\/i0.wp.com\/cloud.alqueria.es\/wp-content\/uploads\/sites\/8\/2019\/02\/suma-monedasg.png?resize=300%2C223&#038;ssl=1\" alt=\"\" width=\"300\" height=\"223\" \/><\/a><\/p>\n<p>\u00a1Buen fin de semana!,<\/p>\n<p>Esther Justicia.<\/p>\n","protected":false},"excerpt":{"rendered":"<p>Hemos tenido una semana intensa, pero muy divertida, a trav\u00e9s de las distintas experiencias y talleres que hemos llevado a cabo. TALLER DE BIBLIOTECA y ALFAB\u00c9TICO.\u00a0 Adem\u00e1s de realizar el cambio de los ejemplares de lectura para casa, disfrutamos de un rato de lectura compartida en el que los que ya se han iniciado en &hellip; <a href=\"https:\/\/www.alqueria.es\/blogs\/alqueriarojaverde\/2019\/02\/15\/nuestros-gorros-locos-de-carnaval\/\" class=\"more-link\">Seguir leyendo <span class=\"screen-reader-text\">NUESTROS GORROS LOCOS DE CARNAVAL<\/span> <span class=\"meta-nav\">&rarr;<\/span><\/a><\/p>\n","protected":false},"author":19,"featured_media":0,"comment_status":"open","ping_status":"open","sticky":false,"template":"","format":"standard","meta":{"jetpack_post_was_ever_published":false,"_jetpack_newsletter_access":"","_jetpack_dont_email_post_to_subs":false,"_jetpack_newsletter_tier_id":0,"_jetpack_memberships_contains_paywalled_content":false,"_jetpack_memberships_contains_paid_content":false,"footnotes":"","jetpack_publicize_message":"","jetpack_publicize_feature_enabled":true,"jetpack_social_post_already_shared":true,"jetpack_social_options":{"image_generator_settings":{"template":"highway","default_image_id":0,"font":"","enabled":false},"version":2}},"categories":[7,13],"tags":[586,587,441,144],"class_list":["post-21245","post","type-post","status-publish","format-standard","hentry","category-clase-verde-5-6-anos","category-inicio","tag-abn-en-infantil","tag-experimento-de-nieve-artificial","tag-taller-alfabetico-infantil","tag-vivero-infantil"],"jetpack_publicize_connections":[],"jetpack_featured_media_url":"","jetpack_sharing_enabled":true,"jetpack_shortlink":"https:\/\/wp.me\/p4lFbP-5wF","_links":{"self":[{"href":"https:\/\/www.alqueria.es\/blogs\/alqueriarojaverde\/wp-json\/wp\/v2\/posts\/21245","targetHints":{"allow":["GET"]}}],"collection":[{"href":"https:\/\/www.alqueria.es\/blogs\/alqueriarojaverde\/wp-json\/wp\/v2\/posts"}],"about":[{"href":"https:\/\/www.alqueria.es\/blogs\/alqueriarojaverde\/wp-json\/wp\/v2\/types\/post"}],"author":[{"embeddable":true,"href":"https:\/\/www.alqueria.es\/blogs\/alqueriarojaverde\/wp-json\/wp\/v2\/users\/19"}],"replies":[{"embeddable":true,"href":"https:\/\/www.alqueria.es\/blogs\/alqueriarojaverde\/wp-json\/wp\/v2\/comments?post=21245"}],"version-history":[{"count":0,"href":"https:\/\/www.alqueria.es\/blogs\/alqueriarojaverde\/wp-json\/wp\/v2\/posts\/21245\/revisions"}],"wp:attachment":[{"href":"https:\/\/www.alqueria.es\/blogs\/alqueriarojaverde\/wp-json\/wp\/v2\/media?parent=21245"}],"wp:term":[{"taxonomy":"category","embeddable":true,"href":"https:\/\/www.alqueria.es\/blogs\/alqueriarojaverde\/wp-json\/wp\/v2\/categories?post=21245"},{"taxonomy":"post_tag","embeddable":true,"href":"https:\/\/www.alqueria.es\/blogs\/alqueriarojaverde\/wp-json\/wp\/v2\/tags?post=21245"}],"curies":[{"name":"wp","href":"https:\/\/api.w.org\/{rel}","templated":true}]}}