{"id":21296,"date":"2019-02-19T16:14:32","date_gmt":"2019-02-19T15:14:32","guid":{"rendered":"https:\/\/www.alqueria.es\/blogs\/alqueriarojaverde\/?p=21296"},"modified":"2019-02-19T16:14:32","modified_gmt":"2019-02-19T15:14:32","slug":"una-semana-muy-variopinta","status":"publish","type":"post","link":"https:\/\/www.alqueria.es\/blogs\/alqueriarojaverde\/2019\/02\/19\/una-semana-muy-variopinta\/","title":{"rendered":"UNA SEMANA MUY VARIOPINTA"},"content":{"rendered":"<p>Esta semana celebramos la fiesta de Carnaval y los preparativos para la misma est\u00e1n siendo el eje principal de nuestra actividad en el aula.<\/p>\n<p><img data-recalc-dims=\"1\" decoding=\"async\" data-attachment-id=\"21313\" data-permalink=\"https:\/\/www.alqueria.es\/blogs\/alqueriarojaverde\/2019\/02\/19\/una-semana-muy-variopinta\/dsc_0924\/\" data-orig-file=\"https:\/\/i0.wp.com\/cloud.alqueria.es\/wp-content\/uploads\/sites\/8\/2019\/02\/DSC_0924.jpg?fit=574%2C1024&amp;ssl=1\" data-orig-size=\"574,1024\" data-comments-opened=\"1\" data-image-meta=\"{&quot;aperture&quot;:&quot;0&quot;,&quot;credit&quot;:&quot;&quot;,&quot;camera&quot;:&quot;&quot;,&quot;caption&quot;:&quot;&quot;,&quot;created_timestamp&quot;:&quot;0&quot;,&quot;copyright&quot;:&quot;&quot;,&quot;focal_length&quot;:&quot;0&quot;,&quot;iso&quot;:&quot;0&quot;,&quot;shutter_speed&quot;:&quot;0&quot;,&quot;title&quot;:&quot;&quot;,&quot;orientation&quot;:&quot;0&quot;}\" data-image-title=\"DSC_0924\" data-image-description=\"\" data-image-caption=\"\" data-large-file=\"https:\/\/i0.wp.com\/cloud.alqueria.es\/wp-content\/uploads\/sites\/8\/2019\/02\/DSC_0924.jpg?fit=474%2C846&amp;ssl=1\" class=\"alignleft size-medium wp-image-21313\" src=\"https:\/\/i0.wp.com\/cloud.alqueria.es\/wp-content\/uploads\/sites\/8\/2019\/02\/DSC_0924.jpg?resize=168%2C300&#038;ssl=1\" alt=\"\" width=\"168\" height=\"300\" srcset=\"https:\/\/cloud.alqueria.es\/wp-content\/uploads\/sites\/8\/2019\/02\/DSC_0924.jpg 574w, https:\/\/cloud.alqueria.es\/wp-content\/uploads\/sites\/8\/2019\/02\/DSC_0924.jpg 168w\" sizes=\"(max-width: 168px) 100vw, 168px\" \/><em><strong><span style=\"color: #800080\">CADENETAS PARA ADORNAR LA ESCALERA.<\/span> <\/strong><\/em>Hemos fabricado estas coloridas cadenetas para colgar en la escalera de acceso al pasillo de Infantil. Con este taller creativo hemos practicado la motricidad fina, las seriaciones y el trabajo en equipo.<\/p>\n<p>El resto de decoraciones han sido elaboradas por los grupos Naranja y Rojo, de forma que todo el ciclo participa para adornar una zona com\u00fan.<\/p>\n<p>&nbsp;<\/p>\n<p><img data-recalc-dims=\"1\" decoding=\"async\" data-attachment-id=\"21312\" data-permalink=\"https:\/\/www.alqueria.es\/blogs\/alqueriarojaverde\/2019\/02\/19\/una-semana-muy-variopinta\/dsc_09111\/\" data-orig-file=\"https:\/\/i0.wp.com\/cloud.alqueria.es\/wp-content\/uploads\/sites\/8\/2019\/02\/DSC_09111.jpg?fit=1024%2C367&amp;ssl=1\" data-orig-size=\"1024,367\" data-comments-opened=\"1\" data-image-meta=\"{&quot;aperture&quot;:&quot;0&quot;,&quot;credit&quot;:&quot;&quot;,&quot;camera&quot;:&quot;&quot;,&quot;caption&quot;:&quot;&quot;,&quot;created_timestamp&quot;:&quot;0&quot;,&quot;copyright&quot;:&quot;&quot;,&quot;focal_length&quot;:&quot;0&quot;,&quot;iso&quot;:&quot;0&quot;,&quot;shutter_speed&quot;:&quot;0&quot;,&quot;title&quot;:&quot;&quot;,&quot;orientation&quot;:&quot;0&quot;}\" data-image-title=\"DSC_09111\" data-image-description=\"\" data-image-caption=\"\" data-large-file=\"https:\/\/i0.wp.com\/cloud.alqueria.es\/wp-content\/uploads\/sites\/8\/2019\/02\/DSC_09111.jpg?fit=474%2C170&amp;ssl=1\" class=\"aligncenter size-full wp-image-21312\" src=\"https:\/\/i0.wp.com\/cloud.alqueria.es\/wp-content\/uploads\/sites\/8\/2019\/02\/DSC_09111.jpg?resize=474%2C170&#038;ssl=1\" alt=\"\" width=\"474\" height=\"170\" srcset=\"https:\/\/cloud.alqueria.es\/wp-content\/uploads\/sites\/8\/2019\/02\/DSC_09111.jpg 1024w, https:\/\/cloud.alqueria.es\/wp-content\/uploads\/sites\/8\/2019\/02\/DSC_09111.jpg 300w, https:\/\/cloud.alqueria.es\/wp-content\/uploads\/sites\/8\/2019\/02\/DSC_09111.jpg 768w, https:\/\/cloud.alqueria.es\/wp-content\/uploads\/sites\/8\/2019\/02\/DSC_09111.jpg 948w\" sizes=\"(max-width: 474px) 100vw, 474px\" \/><\/p>\n<p><em><strong><span style=\"color: #ff00ff\">MARACAS CASERAS.\u00a0<\/span><\/strong><\/em> El lunes Sof\u00eda nos trajo esta maraca y nos propuso reproducirla en el taller creativo. Tod@s aceptaron la propuesta, as\u00ed que os dejo el resultado de la misma. En esta ocasi\u00f3n volvemos a trabajar motricidad fina recortando los c\u00edrculos y pegando las diminutas decoraciones. Vuelve a estar presente la creatividad individual, para que cada uno le de su toque personal.<\/p>\n<p><img data-recalc-dims=\"1\" decoding=\"async\" data-attachment-id=\"21310\" data-permalink=\"https:\/\/www.alqueria.es\/blogs\/alqueriarojaverde\/2019\/02\/19\/una-semana-muy-variopinta\/dsc_09091\/\" data-orig-file=\"https:\/\/i0.wp.com\/cloud.alqueria.es\/wp-content\/uploads\/sites\/8\/2019\/02\/DSC_09091.jpg?fit=1024%2C578&amp;ssl=1\" data-orig-size=\"1024,578\" data-comments-opened=\"1\" data-image-meta=\"{&quot;aperture&quot;:&quot;0&quot;,&quot;credit&quot;:&quot;&quot;,&quot;camera&quot;:&quot;&quot;,&quot;caption&quot;:&quot;&quot;,&quot;created_timestamp&quot;:&quot;0&quot;,&quot;copyright&quot;:&quot;&quot;,&quot;focal_length&quot;:&quot;0&quot;,&quot;iso&quot;:&quot;0&quot;,&quot;shutter_speed&quot;:&quot;0&quot;,&quot;title&quot;:&quot;&quot;,&quot;orientation&quot;:&quot;0&quot;}\" data-image-title=\"DSC_09091\" data-image-description=\"\" data-image-caption=\"\" data-large-file=\"https:\/\/i0.wp.com\/cloud.alqueria.es\/wp-content\/uploads\/sites\/8\/2019\/02\/DSC_09091.jpg?fit=474%2C268&amp;ssl=1\" class=\"aligncenter size-full wp-image-21310\" src=\"https:\/\/i0.wp.com\/cloud.alqueria.es\/wp-content\/uploads\/sites\/8\/2019\/02\/DSC_09091.jpg?resize=474%2C268&#038;ssl=1\" alt=\"\" width=\"474\" height=\"268\" srcset=\"https:\/\/cloud.alqueria.es\/wp-content\/uploads\/sites\/8\/2019\/02\/DSC_09091.jpg 1024w, https:\/\/cloud.alqueria.es\/wp-content\/uploads\/sites\/8\/2019\/02\/DSC_09091.jpg 300w, https:\/\/cloud.alqueria.es\/wp-content\/uploads\/sites\/8\/2019\/02\/DSC_09091.jpg 768w, https:\/\/cloud.alqueria.es\/wp-content\/uploads\/sites\/8\/2019\/02\/DSC_09091.jpg 948w\" sizes=\"(max-width: 474px) 100vw, 474px\" \/><\/p>\n<p><em><strong><span style=\"color: #ff6600\">ENSAYOS DE LA CHIRIGOTA.<\/span> <\/strong><\/em>A\u00fan nos quedan unas cuantas sesiones para pulir algo m\u00e1s la intervenci\u00f3n vocal de los verdecitos. \u00a1Atentos a la letra, que creo que sal\u00eds en ella!, ja, ja, ja.<\/p>\n<p>Aprovechamos las distintas invitaciones recibidas desde Primaria, para asistir a algunas <strong><span style=\"color: #993300\">actividades de la Semana Cultural<\/span><\/strong>. El lunes qued\u00f3 inaugurada en un acto al que acudi\u00f3 toda la etapa, ataviados de color azul (acorde a la tem\u00e1tica de la misma: el agua). Os invito a que visit\u00e9is los distintos blogs de Primaria (ten\u00e9is enlace directo desde este) porque los proyectos de aula llevados a cabo no tienen desperdicio. \u00a1A cu\u00e1l mejor !y de un nivel &#8230;<\/p>\n<p><img data-recalc-dims=\"1\" decoding=\"async\" data-attachment-id=\"21327\" data-permalink=\"https:\/\/www.alqueria.es\/blogs\/alqueriarojaverde\/2019\/02\/19\/una-semana-muy-variopinta\/inauguracion\/\" data-orig-file=\"https:\/\/i0.wp.com\/cloud.alqueria.es\/wp-content\/uploads\/sites\/8\/2019\/02\/iNAUGURACI%C3%93N.jpg?fit=1024%2C768&amp;ssl=1\" data-orig-size=\"1024,768\" data-comments-opened=\"1\" data-image-meta=\"{&quot;aperture&quot;:&quot;0&quot;,&quot;credit&quot;:&quot;&quot;,&quot;camera&quot;:&quot;&quot;,&quot;caption&quot;:&quot;&quot;,&quot;created_timestamp&quot;:&quot;0&quot;,&quot;copyright&quot;:&quot;&quot;,&quot;focal_length&quot;:&quot;0&quot;,&quot;iso&quot;:&quot;0&quot;,&quot;shutter_speed&quot;:&quot;0&quot;,&quot;title&quot;:&quot;&quot;,&quot;orientation&quot;:&quot;0&quot;}\" data-image-title=\"iNAUGURACI\u00d3N\" data-image-description=\"\" data-image-caption=\"\" data-large-file=\"https:\/\/i0.wp.com\/cloud.alqueria.es\/wp-content\/uploads\/sites\/8\/2019\/02\/iNAUGURACI%C3%93N.jpg?fit=474%2C356&amp;ssl=1\" class=\"aligncenter size-medium wp-image-21327\" src=\"https:\/\/i0.wp.com\/cloud.alqueria.es\/wp-content\/uploads\/sites\/8\/2019\/02\/iNAUGURACI%C3%93N.jpg?resize=300%2C225&#038;ssl=1\" alt=\"\" width=\"300\" height=\"225\" srcset=\"https:\/\/cloud.alqueria.es\/wp-content\/uploads\/sites\/8\/2019\/02\/iNAUGURACI%C3%93N.jpg 1024w, https:\/\/cloud.alqueria.es\/wp-content\/uploads\/sites\/8\/2019\/02\/iNAUGURACI%C3%93N.jpg 300w, https:\/\/cloud.alqueria.es\/wp-content\/uploads\/sites\/8\/2019\/02\/iNAUGURACI%C3%93N.jpg 768w, https:\/\/cloud.alqueria.es\/wp-content\/uploads\/sites\/8\/2019\/02\/iNAUGURACI%C3%93N.jpg 948w\" sizes=\"(max-width: 300px) 100vw, 300px\" \/><\/p>\n<p>Visitamos una <span style=\"color: #993300\">exposici\u00f3n de pintura<\/span>, ubicada en la biblioteca. El pintor es Juan Antonio Garc\u00eda L\u00f3pez (el pap\u00e1 de David 1\u00ba EPO) y la tem\u00e1tica es el agua. En nuestro tabl\u00f3n ten\u00e9is un librito que contiene los cuadros que fueron expuestos el lunes.<\/p>\n<p class=\"jetpack-slideshow-noscript robots-nocontent\">El pase de diapositivas requiere JavaScript.<\/p><div id=\"gallery-21296-1-slideshow\" class=\"jetpack-slideshow-window jetpack-slideshow jetpack-slideshow-black\" data-trans=\"fade\" data-autostart=\"1\" data-gallery=\"[{&quot;src&quot;:&quot;https:\\\/\\\/i0.wp.com\\\/cloud.alqueria.es\\\/wp-content\\\/uploads\\\/sites\\\/8\\\/2019\\\/02\\\/DSC_0895.jpg?fit=1024%2C578\\u0026ssl=1&quot;,&quot;id&quot;:&quot;21297&quot;,&quot;title&quot;:&quot;DSC_0895&quot;,&quot;alt&quot;:&quot;&quot;,&quot;caption&quot;:&quot;Nos acercamos al t\\u00edtulo original con nuestras hip\\u00f3tesis&quot;,&quot;itemprop&quot;:&quot;image&quot;},{&quot;src&quot;:&quot;https:\\\/\\\/i0.wp.com\\\/cloud.alqueria.es\\\/wp-content\\\/uploads\\\/sites\\\/8\\\/2019\\\/02\\\/DSC_0896.jpg?fit=574%2C1024\\u0026ssl=1&quot;,&quot;id&quot;:&quot;21298&quot;,&quot;title&quot;:&quot;DSC_0896&quot;,&quot;alt&quot;:&quot;&quot;,&quot;caption&quot;:&quot;Reconocemos algunas figuras presentes en otras fuentes.&quot;,&quot;itemprop&quot;:&quot;image&quot;},{&quot;src&quot;:&quot;https:\\\/\\\/i0.wp.com\\\/cloud.alqueria.es\\\/wp-content\\\/uploads\\\/sites\\\/8\\\/2019\\\/02\\\/DSC_0897.jpg?fit=1024%2C578\\u0026ssl=1&quot;,&quot;id&quot;:&quot;21308&quot;,&quot;title&quot;:&quot;DSC_0897&quot;,&quot;alt&quot;:&quot;&quot;,&quot;caption&quot;:&quot;\\u00bfSer\\u00e1 Salobre\\u00f1a\\u0026#8230;?&quot;,&quot;itemprop&quot;:&quot;image&quot;},{&quot;src&quot;:&quot;https:\\\/\\\/i0.wp.com\\\/cloud.alqueria.es\\\/wp-content\\\/uploads\\\/sites\\\/8\\\/2019\\\/02\\\/DSC_0898.jpg?fit=1024%2C578\\u0026ssl=1&quot;,&quot;id&quot;:&quot;21299&quot;,&quot;title&quot;:&quot;DSC_0898&quot;,&quot;alt&quot;:&quot;&quot;,&quot;caption&quot;:&quot;Nos fijamos en los detalles e intentamos buscar similitudes con el anterior, del mismo t\\u00edtulo.&quot;,&quot;itemprop&quot;:&quot;image&quot;}]\" itemscope itemtype=\"https:\/\/schema.org\/ImageGallery\"><\/div>\n<p>Acudimos al aula de <span style=\"color: #993300\">3\u00ba EPO<\/span> para que nos cuenten cosas acerca de <span style=\"color: #993300\">los ecosistemas<\/span>. Aprendemos qu\u00e9 es un ecosistema y cu\u00e1les son los que han trabajado los distintos equipos. Formulamos preguntas e intentamos recordar tres o cuatro cosas significativas de cada uno de ellos.<\/p>\n<p class=\"jetpack-slideshow-noscript robots-nocontent\">El pase de diapositivas requiere JavaScript.<\/p><div id=\"gallery-21296-2-slideshow\" class=\"jetpack-slideshow-window jetpack-slideshow jetpack-slideshow-black\" data-trans=\"fade\" data-autostart=\"1\" data-gallery=\"[{&quot;src&quot;:&quot;https:\\\/\\\/i0.wp.com\\\/cloud.alqueria.es\\\/wp-content\\\/uploads\\\/sites\\\/8\\\/2019\\\/02\\\/DSC_0923.jpg?fit=574%2C1024\\u0026ssl=1&quot;,&quot;id&quot;:&quot;21326&quot;,&quot;title&quot;:&quot;DSC_0923&quot;,&quot;alt&quot;:&quot;&quot;,&quot;caption&quot;:&quot;Sierra Nevada&quot;,&quot;itemprop&quot;:&quot;image&quot;},{&quot;src&quot;:&quot;https:\\\/\\\/i0.wp.com\\\/cloud.alqueria.es\\\/wp-content\\\/uploads\\\/sites\\\/8\\\/2019\\\/02\\\/DSC_09092.jpg?fit=1024%2C578\\u0026ssl=1&quot;,&quot;id&quot;:&quot;21314&quot;,&quot;title&quot;:&quot;DSC_09092&quot;,&quot;alt&quot;:&quot;&quot;,&quot;caption&quot;:&quot;Charca Su\\u00e1rez&quot;,&quot;itemprop&quot;:&quot;image&quot;},{&quot;src&quot;:&quot;https:\\\/\\\/i0.wp.com\\\/cloud.alqueria.es\\\/wp-content\\\/uploads\\\/sites\\\/8\\\/2019\\\/02\\\/DSC_0922.jpg?fit=1024%2C578\\u0026ssl=1&quot;,&quot;id&quot;:&quot;21325&quot;,&quot;title&quot;:&quot;DSC_0922&quot;,&quot;alt&quot;:&quot;&quot;,&quot;caption&quot;:&quot;Charca Su\\u00e1rez&quot;,&quot;itemprop&quot;:&quot;image&quot;},{&quot;src&quot;:&quot;https:\\\/\\\/i0.wp.com\\\/cloud.alqueria.es\\\/wp-content\\\/uploads\\\/sites\\\/8\\\/2019\\\/02\\\/DSC_0910.jpg?fit=574%2C1024\\u0026ssl=1&quot;,&quot;id&quot;:&quot;21315&quot;,&quot;title&quot;:&quot;DSC_0910&quot;,&quot;alt&quot;:&quot;&quot;,&quot;caption&quot;:&quot;Desierto de Tabernas&quot;,&quot;itemprop&quot;:&quot;image&quot;},{&quot;src&quot;:&quot;https:\\\/\\\/i0.wp.com\\\/cloud.alqueria.es\\\/wp-content\\\/uploads\\\/sites\\\/8\\\/2019\\\/02\\\/DSC_0920.jpg?fit=1024%2C578\\u0026ssl=1&quot;,&quot;id&quot;:&quot;21324&quot;,&quot;title&quot;:&quot;DSC_0920&quot;,&quot;alt&quot;:&quot;&quot;,&quot;caption&quot;:&quot;Desierto de Tabernas&quot;,&quot;itemprop&quot;:&quot;image&quot;},{&quot;src&quot;:&quot;https:\\\/\\\/i0.wp.com\\\/cloud.alqueria.es\\\/wp-content\\\/uploads\\\/sites\\\/8\\\/2019\\\/02\\\/DSC_0914.jpg?fit=574%2C1024\\u0026ssl=1&quot;,&quot;id&quot;:&quot;21319&quot;,&quot;title&quot;:&quot;DSC_0914&quot;,&quot;alt&quot;:&quot;&quot;,&quot;caption&quot;:&quot;Sierra de Cazorla&quot;,&quot;itemprop&quot;:&quot;image&quot;},{&quot;src&quot;:&quot;https:\\\/\\\/i0.wp.com\\\/cloud.alqueria.es\\\/wp-content\\\/uploads\\\/sites\\\/8\\\/2019\\\/02\\\/DSC_0915.jpg?fit=1024%2C578\\u0026ssl=1&quot;,&quot;id&quot;:&quot;21320&quot;,&quot;title&quot;:&quot;DSC_0915&quot;,&quot;alt&quot;:&quot;&quot;,&quot;caption&quot;:&quot;Sierra de Cazorla&quot;,&quot;itemprop&quot;:&quot;image&quot;},{&quot;src&quot;:&quot;https:\\\/\\\/i0.wp.com\\\/cloud.alqueria.es\\\/wp-content\\\/uploads\\\/sites\\\/8\\\/2019\\\/02\\\/DSC_0912.jpg?fit=574%2C1024\\u0026ssl=1&quot;,&quot;id&quot;:&quot;21317&quot;,&quot;title&quot;:&quot;DSC_0912&quot;,&quot;alt&quot;:&quot;&quot;,&quot;caption&quot;:&quot;Laguna del Padul&quot;,&quot;itemprop&quot;:&quot;image&quot;},{&quot;src&quot;:&quot;https:\\\/\\\/i0.wp.com\\\/cloud.alqueria.es\\\/wp-content\\\/uploads\\\/sites\\\/8\\\/2019\\\/02\\\/DSC_0918.jpg?fit=1024%2C578\\u0026ssl=1&quot;,&quot;id&quot;:&quot;21323&quot;,&quot;title&quot;:&quot;DSC_0918&quot;,&quot;alt&quot;:&quot;&quot;,&quot;caption&quot;:&quot;Laguna del Padul&quot;,&quot;itemprop&quot;:&quot;image&quot;},{&quot;src&quot;:&quot;https:\\\/\\\/i0.wp.com\\\/cloud.alqueria.es\\\/wp-content\\\/uploads\\\/sites\\\/8\\\/2019\\\/02\\\/DSC_0913.jpg?fit=574%2C1024\\u0026ssl=1&quot;,&quot;id&quot;:&quot;21318&quot;,&quot;title&quot;:&quot;DSC_0913&quot;,&quot;alt&quot;:&quot;&quot;,&quot;caption&quot;:&quot;La vega de Granada&quot;,&quot;itemprop&quot;:&quot;image&quot;},{&quot;src&quot;:&quot;https:\\\/\\\/i0.wp.com\\\/cloud.alqueria.es\\\/wp-content\\\/uploads\\\/sites\\\/8\\\/2019\\\/02\\\/DSC_0916.jpg?fit=1024%2C578\\u0026ssl=1&quot;,&quot;id&quot;:&quot;21321&quot;,&quot;title&quot;:&quot;DSC_0916&quot;,&quot;alt&quot;:&quot;&quot;,&quot;caption&quot;:&quot;La vega de Granada&quot;,&quot;itemprop&quot;:&quot;image&quot;},{&quot;src&quot;:&quot;https:\\\/\\\/i0.wp.com\\\/cloud.alqueria.es\\\/wp-content\\\/uploads\\\/sites\\\/8\\\/2019\\\/02\\\/DSC_0917.jpg?fit=1024%2C578\\u0026ssl=1&quot;,&quot;id&quot;:&quot;21322&quot;,&quot;title&quot;:&quot;DSC_0917&quot;,&quot;alt&quot;:&quot;&quot;,&quot;caption&quot;:&quot;R\\u00edo Darro&quot;,&quot;itemprop&quot;:&quot;image&quot;}]\" itemscope itemtype=\"https:\/\/schema.org\/ImageGallery\"><\/div>\n<p>Aunque la actividad ha sido intensa en estos dos d\u00edas que llevamos, hemos guardado fuerzas para el juego libre en el aula y para una especial <em><strong><span style=\"color: #0000ff\">sesi\u00f3n de yoga.<\/span><\/strong><\/em><\/p>\n<p class=\"jetpack-slideshow-noscript robots-nocontent\">El pase de diapositivas requiere JavaScript.<\/p><div id=\"gallery-21296-3-slideshow\" class=\"jetpack-slideshow-window jetpack-slideshow jetpack-slideshow-black\" data-trans=\"fade\" data-autostart=\"1\" data-gallery=\"[{&quot;src&quot;:&quot;https:\\\/\\\/i0.wp.com\\\/cloud.alqueria.es\\\/wp-content\\\/uploads\\\/sites\\\/8\\\/2019\\\/02\\\/DSC_0901.jpg?fit=1024%2C578\\u0026ssl=1&quot;,&quot;id&quot;:&quot;21301&quot;,&quot;title&quot;:&quot;DSC_0901&quot;,&quot;alt&quot;:&quot;&quot;,&quot;caption&quot;:&quot;Posturas de equilibrio al cesar la m\\u00fasica.&quot;,&quot;itemprop&quot;:&quot;image&quot;},{&quot;src&quot;:&quot;https:\\\/\\\/i0.wp.com\\\/cloud.alqueria.es\\\/wp-content\\\/uploads\\\/sites\\\/8\\\/2019\\\/02\\\/DSC_0903.jpg?fit=1024%2C578\\u0026ssl=1&quot;,&quot;id&quot;:&quot;21303&quot;,&quot;title&quot;:&quot;DSC_0903&quot;,&quot;alt&quot;:&quot;&quot;,&quot;caption&quot;:&quot;Estiramientos con m\\u00fasica&quot;,&quot;itemprop&quot;:&quot;image&quot;},{&quot;src&quot;:&quot;https:\\\/\\\/i0.wp.com\\\/cloud.alqueria.es\\\/wp-content\\\/uploads\\\/sites\\\/8\\\/2019\\\/02\\\/DSC_0902.jpg?fit=1024%2C578\\u0026ssl=1&quot;,&quot;id&quot;:&quot;21302&quot;,&quot;title&quot;:&quot;DSC_0902&quot;,&quot;alt&quot;:&quot;&quot;,&quot;caption&quot;:&quot;Posturas de suelo.&quot;,&quot;itemprop&quot;:&quot;image&quot;},{&quot;src&quot;:&quot;https:\\\/\\\/i0.wp.com\\\/cloud.alqueria.es\\\/wp-content\\\/uploads\\\/sites\\\/8\\\/2019\\\/02\\\/DSC_0905.jpg?fit=1024%2C578\\u0026ssl=1&quot;,&quot;id&quot;:&quot;21304&quot;,&quot;title&quot;:&quot;DSC_0905&quot;,&quot;alt&quot;:&quot;&quot;,&quot;caption&quot;:&quot;Me quedo \\u00abhelado\\u00bb en pareja.&quot;,&quot;itemprop&quot;:&quot;image&quot;},{&quot;src&quot;:&quot;https:\\\/\\\/i0.wp.com\\\/cloud.alqueria.es\\\/wp-content\\\/uploads\\\/sites\\\/8\\\/2019\\\/02\\\/DSC_0906.jpg?fit=1024%2C578\\u0026ssl=1&quot;,&quot;id&quot;:&quot;21305&quot;,&quot;title&quot;:&quot;DSC_0906&quot;,&quot;alt&quot;:&quot;&quot;,&quot;caption&quot;:&quot;T\\u00e9cnica para descargar la rabia.&quot;,&quot;itemprop&quot;:&quot;image&quot;},{&quot;src&quot;:&quot;https:\\\/\\\/i0.wp.com\\\/cloud.alqueria.es\\\/wp-content\\\/uploads\\\/sites\\\/8\\\/2019\\\/02\\\/DSC_0909.jpg?fit=1024%2C578\\u0026ssl=1&quot;,&quot;id&quot;:&quot;21306&quot;,&quot;title&quot;:&quot;DSC_0909&quot;,&quot;alt&quot;:&quot;&quot;,&quot;caption&quot;:&quot;Nos relajamos.&quot;,&quot;itemprop&quot;:&quot;image&quot;}]\" itemscope itemtype=\"https:\/\/schema.org\/ImageGallery\"><\/div>\n<p>Estaban algo \u00abchisposos\u00bb as\u00ed que Isabel fue adaptando lo que ten\u00eda programado para ir canalizando toda esa desbordante energ\u00eda. Una sesi\u00f3n muy din\u00e1mica que poco a poco se fue tornando en relajada, hasta acabar con un estupendo masaje de relajaci\u00f3n por parejas. \u00a1Magia!.<\/p>\n<p><div class=\"a25-CTUOC-hidding-box\" data-original-content=\"&lt;iframe loading=&quot;lazy&quot; title=&quot;Yoga  en 5-6 a\u00f1os. Colegio Alquer\u00eda de Granada.&quot; src=&quot;https:\/\/player.vimeo.com\/video\/318175851?dnt=1&amp;amp;app_id=122963&quot; width=&quot;474&quot; height=&quot;267&quot; frameborder=&quot;0&quot; allow=&quot;autoplay; fullscreen; picture-in-picture; clipboard-write&quot;&gt;&lt;\/iframe&gt;\">Esta p\u00e1gina incluye contenido multimedia que requiere aceptar todas las cookies. Pulse aqu\u00ed para abrir la configuraci\u00f3n de cookies.<\/div><\/p>\n<p>Como hab\u00e9is comprobado, nuestra actividad sigue fren\u00e9tica y nos quedan dos d\u00edas m\u00e1s antes de Carnaval. Ma\u00f1ana iremos a otra actividad de la Semana Cultural, a cargo de 4\u00ba EPO, el jueves haremos nuestros taller de cocina y el viernes&#8230; \u00a1CARNAVAL!. A ver qui\u00e9n es el valiente o la valiente que viene con disfraz.<\/p>\n<p>Como regalo de fin de jornada, hemos recibido la visita de unos antiguos alumnos que cursaron con nosotros las etapas de Infantil y de Primaria. Visita sorpresa que hemos aprovechado para preguntarles c\u00f3mo les va, si se acordaban de su conferencia de experto &#8230; \u00a1Qu\u00e9 orgullo que recuerden su paso por este colegio con tanto cari\u00f1o que aun habiendo pasado tantos a\u00f1os, les mueva el deseo de visitarnos!<\/p>\n<p><img data-recalc-dims=\"1\" decoding=\"async\" data-attachment-id=\"21360\" data-permalink=\"https:\/\/www.alqueria.es\/blogs\/alqueriarojaverde\/2019\/02\/19\/una-semana-muy-variopinta\/dsc_08961\/\" data-orig-file=\"https:\/\/i0.wp.com\/cloud.alqueria.es\/wp-content\/uploads\/sites\/8\/2019\/02\/DSC_08961.jpg?fit=1024%2C578&amp;ssl=1\" data-orig-size=\"1024,578\" data-comments-opened=\"1\" data-image-meta=\"{&quot;aperture&quot;:&quot;0&quot;,&quot;credit&quot;:&quot;&quot;,&quot;camera&quot;:&quot;&quot;,&quot;caption&quot;:&quot;&quot;,&quot;created_timestamp&quot;:&quot;0&quot;,&quot;copyright&quot;:&quot;&quot;,&quot;focal_length&quot;:&quot;0&quot;,&quot;iso&quot;:&quot;0&quot;,&quot;shutter_speed&quot;:&quot;0&quot;,&quot;title&quot;:&quot;&quot;,&quot;orientation&quot;:&quot;0&quot;}\" data-image-title=\"DSC_08961\" data-image-description=\"\" data-image-caption=\"\" data-large-file=\"https:\/\/i0.wp.com\/cloud.alqueria.es\/wp-content\/uploads\/sites\/8\/2019\/02\/DSC_08961.jpg?fit=474%2C268&amp;ssl=1\" class=\"aligncenter wp-image-21360 size-full\" src=\"https:\/\/i0.wp.com\/cloud.alqueria.es\/wp-content\/uploads\/sites\/8\/2019\/02\/DSC_08961.jpg?resize=474%2C268&#038;ssl=1\" alt=\"\" width=\"474\" height=\"268\" srcset=\"https:\/\/cloud.alqueria.es\/wp-content\/uploads\/sites\/8\/2019\/02\/DSC_08961.jpg 1024w, https:\/\/cloud.alqueria.es\/wp-content\/uploads\/sites\/8\/2019\/02\/DSC_08961.jpg 300w, https:\/\/cloud.alqueria.es\/wp-content\/uploads\/sites\/8\/2019\/02\/DSC_08961.jpg 768w, https:\/\/cloud.alqueria.es\/wp-content\/uploads\/sites\/8\/2019\/02\/DSC_08961.jpg 948w\" sizes=\"(max-width: 474px) 100vw, 474px\" \/><\/p>\n<p>Esther Justicia.<\/p>\n<p>&nbsp;<\/p>\n","protected":false},"excerpt":{"rendered":"<p>Esta semana celebramos la fiesta de Carnaval y los preparativos para la misma est\u00e1n siendo el eje principal de nuestra actividad en el aula. CADENETAS PARA ADORNAR LA ESCALERA. Hemos fabricado estas coloridas cadenetas para colgar en la escalera de acceso al pasillo de Infantil. Con este taller creativo hemos practicado la motricidad fina, las &hellip; <a href=\"https:\/\/www.alqueria.es\/blogs\/alqueriarojaverde\/2019\/02\/19\/una-semana-muy-variopinta\/\" class=\"more-link\">Seguir leyendo <span class=\"screen-reader-text\">UNA SEMANA MUY VARIOPINTA<\/span> <span class=\"meta-nav\">&rarr;<\/span><\/a><\/p>\n","protected":false},"author":19,"featured_media":0,"comment_status":"open","ping_status":"open","sticky":false,"template":"","format":"standard","meta":{"jetpack_post_was_ever_published":false,"_jetpack_newsletter_access":"","_jetpack_dont_email_post_to_subs":false,"_jetpack_newsletter_tier_id":0,"_jetpack_memberships_contains_paywalled_content":false,"_jetpack_memberships_contains_paid_content":false,"footnotes":"","jetpack_publicize_message":"","jetpack_publicize_feature_enabled":true,"jetpack_social_post_already_shared":true,"jetpack_social_options":{"image_generator_settings":{"template":"highway","default_image_id":0,"font":"","enabled":false},"version":2}},"categories":[7,13,1],"tags":[588,589],"class_list":["post-21296","post","type-post","status-publish","format-standard","hentry","category-clase-verde-5-6-anos","category-inicio","category-sin-categoria","tag-maracas-y-cadenetas-de-carnaval","tag-semana-cultural-en-primaria"],"jetpack_publicize_connections":[],"jetpack_featured_media_url":"","jetpack_sharing_enabled":true,"jetpack_shortlink":"https:\/\/wp.me\/p4lFbP-5xu","_links":{"self":[{"href":"https:\/\/www.alqueria.es\/blogs\/alqueriarojaverde\/wp-json\/wp\/v2\/posts\/21296","targetHints":{"allow":["GET"]}}],"collection":[{"href":"https:\/\/www.alqueria.es\/blogs\/alqueriarojaverde\/wp-json\/wp\/v2\/posts"}],"about":[{"href":"https:\/\/www.alqueria.es\/blogs\/alqueriarojaverde\/wp-json\/wp\/v2\/types\/post"}],"author":[{"embeddable":true,"href":"https:\/\/www.alqueria.es\/blogs\/alqueriarojaverde\/wp-json\/wp\/v2\/users\/19"}],"replies":[{"embeddable":true,"href":"https:\/\/www.alqueria.es\/blogs\/alqueriarojaverde\/wp-json\/wp\/v2\/comments?post=21296"}],"version-history":[{"count":0,"href":"https:\/\/www.alqueria.es\/blogs\/alqueriarojaverde\/wp-json\/wp\/v2\/posts\/21296\/revisions"}],"wp:attachment":[{"href":"https:\/\/www.alqueria.es\/blogs\/alqueriarojaverde\/wp-json\/wp\/v2\/media?parent=21296"}],"wp:term":[{"taxonomy":"category","embeddable":true,"href":"https:\/\/www.alqueria.es\/blogs\/alqueriarojaverde\/wp-json\/wp\/v2\/categories?post=21296"},{"taxonomy":"post_tag","embeddable":true,"href":"https:\/\/www.alqueria.es\/blogs\/alqueriarojaverde\/wp-json\/wp\/v2\/tags?post=21296"}],"curies":[{"name":"wp","href":"https:\/\/api.w.org\/{rel}","templated":true}]}}