{"id":21368,"date":"2019-02-21T17:40:00","date_gmt":"2019-02-21T16:40:00","guid":{"rendered":"https:\/\/www.alqueria.es\/blogs\/alqueriarojaverde\/?p=21368"},"modified":"2019-02-27T17:36:11","modified_gmt":"2019-02-27T16:36:11","slug":"mlgalletas-de-carnaval","status":"publish","type":"post","link":"https:\/\/www.alqueria.es\/blogs\/alqueriarojaverde\/2019\/02\/21\/mlgalletas-de-carnaval\/","title":{"rendered":"GALLETAS DE CARNAVAL"},"content":{"rendered":"<p><span style=\"color: #003300\">Seguimos con una semana muy interesante en cuanto a variedad de experiencias que estamos viviendo los rojitos.<\/span><\/p>\n<p><span style=\"color: #003300\">Asistimos a la clase de <span style=\"color: #800080\">3\u00ba de Primaria<\/span> junto con la Clase Naranja. All\u00ed por peque\u00f1os grupos nos han ido explicando todo lo que han investigado sobre los <strong><span style=\"color: #800080\">ecosistemas<\/span><\/strong>, cada grupo escucha con atenci\u00f3n algunos de estos lugares que est\u00e1n en Granada ( Laguna del Padul), Ja\u00e9n (Sierra de Cazorla) y Almer\u00eda (Desierto de Tabernas). A ver qu\u00e9 os cuentan&#8230;.<\/span><\/p>\n<p><span style=\"color: #003300\">Despu\u00e9s visitamos la<\/span> <strong><span style=\"color: #800080\">exposici\u00f3n fotogr\u00e1fica<\/span> <\/strong><span style=\"color: #003300\">que han realizado los alumnos de<\/span> <span style=\"color: #800080\">4\u00ba de Primaria<\/span> <span style=\"color: #003300\">sobre el Agua. Nos ha encantado y os invito a visitarla. El trabajo previo a todas estas actividades pod\u00e9is verlo en los blogs de Primaria, merece la pena.<\/span><\/p>\n<p><span style=\"color: #003300\">Tambi\u00e9n\u00a0 nos adentramos en un <strong><span style=\"color: #800080\">Viaje al fondo del Mar<\/span> <\/strong>( en la clase de Yoga) donde podemos descubrir gran variedad de peces y disfrutar de este espacio nadando y escuchando dos poes\u00edas muy bonitas \u00abAGUA, \u00bfD\u00d3NDE VAS?\u00bb (Federico Garc\u00eda Lorca) y \u00abQU\u00c9 BIEN NAVEGA LA BARCA\u00bb ( Concha Lagos).<\/span><\/p>\n<p><span style=\"color: #003300\">En nuestro Taller de Cocina, preparamos una ricas GALLETAS DE CARNAVAL para la fiesta, esta vez lo llevamos\u00a0 a cabo cada grupo en su clase. Antes de ponernos manos a la obra escribimos los ingredientes en la pizarra y cada uno de manera individual en su receta de carnaval:<\/span><\/p>\n<ul>\n<li><span style=\"color: #800080\">GALLETAS<\/span><\/li>\n<li><span style=\"color: #800080\">CHOCOLATE<\/span><\/li>\n<li><span style=\"color: #800080\">AZ\u00daCAR<\/span><\/li>\n<li><span style=\"color: #800080\">LECHE<\/span><\/li>\n<li><span style=\"color: #800080\">VIRUTAS DE COLORES<\/span><\/li>\n<\/ul>\n<p class=\"jetpack-slideshow-noscript robots-nocontent\">El pase de diapositivas requiere JavaScript.<\/p><div id=\"gallery-21368-1-slideshow\" class=\"jetpack-slideshow-window jetpack-slideshow jetpack-slideshow-black\" data-trans=\"fade\" data-autostart=\"1\" data-gallery=\"[{&quot;src&quot;:&quot;https:\\\/\\\/i0.wp.com\\\/cloud.alqueria.es\\\/wp-content\\\/uploads\\\/sites\\\/8\\\/2019\\\/02\\\/IMG_3038.jpg?fit=640%2C480\\u0026ssl=1&quot;,&quot;id&quot;:&quot;21384&quot;,&quot;title&quot;:&quot;IMG_3038&quot;,&quot;alt&quot;:&quot;&quot;,&quot;caption&quot;:&quot;&quot;,&quot;itemprop&quot;:&quot;image&quot;},{&quot;src&quot;:&quot;https:\\\/\\\/i0.wp.com\\\/cloud.alqueria.es\\\/wp-content\\\/uploads\\\/sites\\\/8\\\/2019\\\/02\\\/IMG_3039.jpg?fit=640%2C480\\u0026ssl=1&quot;,&quot;id&quot;:&quot;21385&quot;,&quot;title&quot;:&quot;IMG_3039&quot;,&quot;alt&quot;:&quot;&quot;,&quot;caption&quot;:&quot;&quot;,&quot;itemprop&quot;:&quot;image&quot;},{&quot;src&quot;:&quot;https:\\\/\\\/i0.wp.com\\\/cloud.alqueria.es\\\/wp-content\\\/uploads\\\/sites\\\/8\\\/2019\\\/02\\\/IMG_3040.jpg?fit=640%2C480\\u0026ssl=1&quot;,&quot;id&quot;:&quot;21386&quot;,&quot;title&quot;:&quot;IMG_3040&quot;,&quot;alt&quot;:&quot;&quot;,&quot;caption&quot;:&quot;&quot;,&quot;itemprop&quot;:&quot;image&quot;},{&quot;src&quot;:&quot;https:\\\/\\\/i0.wp.com\\\/cloud.alqueria.es\\\/wp-content\\\/uploads\\\/sites\\\/8\\\/2019\\\/02\\\/IMG_3042.jpg?fit=480%2C640\\u0026ssl=1&quot;,&quot;id&quot;:&quot;21387&quot;,&quot;title&quot;:&quot;IMG_3042&quot;,&quot;alt&quot;:&quot;&quot;,&quot;caption&quot;:&quot;&quot;,&quot;itemprop&quot;:&quot;image&quot;},{&quot;src&quot;:&quot;https:\\\/\\\/i0.wp.com\\\/cloud.alqueria.es\\\/wp-content\\\/uploads\\\/sites\\\/8\\\/2019\\\/02\\\/IMG_3055.jpg?fit=640%2C480\\u0026ssl=1&quot;,&quot;id&quot;:&quot;21388&quot;,&quot;title&quot;:&quot;IMG_3055&quot;,&quot;alt&quot;:&quot;&quot;,&quot;caption&quot;:&quot;&quot;,&quot;itemprop&quot;:&quot;image&quot;},{&quot;src&quot;:&quot;https:\\\/\\\/i0.wp.com\\\/cloud.alqueria.es\\\/wp-content\\\/uploads\\\/sites\\\/8\\\/2019\\\/02\\\/IMG_3060-e1550768087944.jpg?fit=640%2C480\\u0026ssl=1&quot;,&quot;id&quot;:&quot;21389&quot;,&quot;title&quot;:&quot;IMG_3060&quot;,&quot;alt&quot;:&quot;&quot;,&quot;caption&quot;:&quot;&quot;,&quot;itemprop&quot;:&quot;image&quot;},{&quot;src&quot;:&quot;https:\\\/\\\/i0.wp.com\\\/cloud.alqueria.es\\\/wp-content\\\/uploads\\\/sites\\\/8\\\/2019\\\/02\\\/IMG_3066-e1550768097984.jpg?fit=640%2C480\\u0026ssl=1&quot;,&quot;id&quot;:&quot;21390&quot;,&quot;title&quot;:&quot;IMG_3066&quot;,&quot;alt&quot;:&quot;&quot;,&quot;caption&quot;:&quot;&quot;,&quot;itemprop&quot;:&quot;image&quot;},{&quot;src&quot;:&quot;https:\\\/\\\/i0.wp.com\\\/cloud.alqueria.es\\\/wp-content\\\/uploads\\\/sites\\\/8\\\/2019\\\/02\\\/IMG_3067.jpg?fit=640%2C480\\u0026ssl=1&quot;,&quot;id&quot;:&quot;21391&quot;,&quot;title&quot;:&quot;IMG_3067&quot;,&quot;alt&quot;:&quot;&quot;,&quot;caption&quot;:&quot;&quot;,&quot;itemprop&quot;:&quot;image&quot;}]\" itemscope itemtype=\"https:\/\/schema.org\/ImageGallery\"><\/div>\n<p>Y ma\u00f1ana todos disfrazados para la fiesta, os ruego puntualidad por la tarde a las 16:00.<\/p>\n<p>Carmen<\/p>\n<p>&nbsp;<\/p>\n","protected":false},"excerpt":{"rendered":"<p>Seguimos con una semana muy interesante en cuanto a variedad de experiencias que estamos viviendo los rojitos. Asistimos a la clase de 3\u00ba de Primaria junto con la Clase Naranja. All\u00ed por peque\u00f1os grupos nos han ido explicando todo lo que han investigado sobre los ecosistemas, cada grupo escucha con atenci\u00f3n algunos de estos lugares &hellip; <a href=\"https:\/\/www.alqueria.es\/blogs\/alqueriarojaverde\/2019\/02\/21\/mlgalletas-de-carnaval\/\" class=\"more-link\">Seguir leyendo <span class=\"screen-reader-text\">GALLETAS DE CARNAVAL<\/span> <span class=\"meta-nav\">&rarr;<\/span><\/a><\/p>\n","protected":false},"author":19,"featured_media":0,"comment_status":"open","ping_status":"open","sticky":false,"template":"","format":"standard","meta":{"jetpack_post_was_ever_published":false,"_jetpack_newsletter_access":"","_jetpack_dont_email_post_to_subs":false,"_jetpack_newsletter_tier_id":0,"_jetpack_memberships_contains_paywalled_content":false,"_jetpack_memberships_contains_paid_content":false,"footnotes":"","jetpack_publicize_message":"","jetpack_publicize_feature_enabled":true,"jetpack_social_post_already_shared":true,"jetpack_social_options":{"image_generator_settings":{"template":"highway","default_image_id":0,"font":"","enabled":false},"version":2}},"categories":[6],"tags":[],"class_list":["post-21368","post","type-post","status-publish","format-standard","hentry","category-clase-roja-4-5-anos"],"jetpack_publicize_connections":[],"jetpack_featured_media_url":"","jetpack_sharing_enabled":true,"jetpack_shortlink":"https:\/\/wp.me\/p4lFbP-5yE","_links":{"self":[{"href":"https:\/\/www.alqueria.es\/blogs\/alqueriarojaverde\/wp-json\/wp\/v2\/posts\/21368","targetHints":{"allow":["GET"]}}],"collection":[{"href":"https:\/\/www.alqueria.es\/blogs\/alqueriarojaverde\/wp-json\/wp\/v2\/posts"}],"about":[{"href":"https:\/\/www.alqueria.es\/blogs\/alqueriarojaverde\/wp-json\/wp\/v2\/types\/post"}],"author":[{"embeddable":true,"href":"https:\/\/www.alqueria.es\/blogs\/alqueriarojaverde\/wp-json\/wp\/v2\/users\/19"}],"replies":[{"embeddable":true,"href":"https:\/\/www.alqueria.es\/blogs\/alqueriarojaverde\/wp-json\/wp\/v2\/comments?post=21368"}],"version-history":[{"count":0,"href":"https:\/\/www.alqueria.es\/blogs\/alqueriarojaverde\/wp-json\/wp\/v2\/posts\/21368\/revisions"}],"wp:attachment":[{"href":"https:\/\/www.alqueria.es\/blogs\/alqueriarojaverde\/wp-json\/wp\/v2\/media?parent=21368"}],"wp:term":[{"taxonomy":"category","embeddable":true,"href":"https:\/\/www.alqueria.es\/blogs\/alqueriarojaverde\/wp-json\/wp\/v2\/categories?post=21368"},{"taxonomy":"post_tag","embeddable":true,"href":"https:\/\/www.alqueria.es\/blogs\/alqueriarojaverde\/wp-json\/wp\/v2\/tags?post=21368"}],"curies":[{"name":"wp","href":"https:\/\/api.w.org\/{rel}","templated":true}]}}