{"id":21380,"date":"2019-02-21T21:14:48","date_gmt":"2019-02-21T20:14:48","guid":{"rendered":"https:\/\/www.alqueria.es\/blogs\/alqueriarojaverde\/?p=21380"},"modified":"2019-02-21T21:14:48","modified_gmt":"2019-02-21T20:14:48","slug":"guau-vaya-semana-pasada-por-agua-ja-ja-ja","status":"publish","type":"post","link":"https:\/\/www.alqueria.es\/blogs\/alqueriarojaverde\/2019\/02\/21\/guau-vaya-semana-pasada-por-agua-ja-ja-ja\/","title":{"rendered":"\u00a1GUAU, VAYA SEMANA!, PASADA POR AGUA, JA, JA, JA."},"content":{"rendered":"<p><em><strong><span style=\"color: #008000\"><img data-recalc-dims=\"1\" decoding=\"async\" data-attachment-id=\"21395\" data-permalink=\"https:\/\/www.alqueria.es\/blogs\/alqueriarojaverde\/2019\/02\/21\/guau-vaya-semana-pasada-por-agua-ja-ja-ja\/depositphotos_12492628-stock-photo-water-drop-with-welcoming-open\/\" data-orig-file=\"https:\/\/i0.wp.com\/cloud.alqueria.es\/wp-content\/uploads\/sites\/8\/2019\/02\/depositphotos_12492628-stock-photo-water-drop-with-welcoming-open.jpg?fit=1023%2C733&amp;ssl=1\" data-orig-size=\"1023,733\" data-comments-opened=\"1\" data-image-meta=\"{&quot;aperture&quot;:&quot;0&quot;,&quot;credit&quot;:&quot;&quot;,&quot;camera&quot;:&quot;&quot;,&quot;caption&quot;:&quot;&quot;,&quot;created_timestamp&quot;:&quot;0&quot;,&quot;copyright&quot;:&quot;&quot;,&quot;focal_length&quot;:&quot;0&quot;,&quot;iso&quot;:&quot;0&quot;,&quot;shutter_speed&quot;:&quot;0&quot;,&quot;title&quot;:&quot;&quot;,&quot;orientation&quot;:&quot;0&quot;}\" data-image-title=\"depositphotos_12492628-stock-photo-water-drop-with-welcoming-open\" data-image-description=\"\" data-image-caption=\"\" data-large-file=\"https:\/\/i0.wp.com\/cloud.alqueria.es\/wp-content\/uploads\/sites\/8\/2019\/02\/depositphotos_12492628-stock-photo-water-drop-with-welcoming-open.jpg?fit=474%2C340&amp;ssl=1\" class=\"alignleft wp-image-21395\" src=\"https:\/\/i0.wp.com\/cloud.alqueria.es\/wp-content\/uploads\/sites\/8\/2019\/02\/depositphotos_12492628-stock-photo-water-drop-with-welcoming-open.jpg?resize=169%2C121&#038;ssl=1\" alt=\"\" width=\"169\" height=\"121\" srcset=\"https:\/\/cloud.alqueria.es\/wp-content\/uploads\/sites\/8\/2019\/02\/depositphotos_12492628-stock-photo-water-drop-with-welcoming-open.jpg 1023w, https:\/\/cloud.alqueria.es\/wp-content\/uploads\/sites\/8\/2019\/02\/depositphotos_12492628-stock-photo-water-drop-with-welcoming-open.jpg 300w, https:\/\/cloud.alqueria.es\/wp-content\/uploads\/sites\/8\/2019\/02\/depositphotos_12492628-stock-photo-water-drop-with-welcoming-open.jpg 768w, https:\/\/cloud.alqueria.es\/wp-content\/uploads\/sites\/8\/2019\/02\/depositphotos_12492628-stock-photo-water-drop-with-welcoming-open.jpg 948w\" sizes=\"(max-width: 169px) 100vw, 169px\" \/>El mi\u00e9rcoles y hoy hemos seguido con la visita a las distintas actividades propuestas en la Semana Cultural de Primaria.<\/span> <\/strong><\/em>Me gustar\u00eda reiterar la recomendaci\u00f3n de que visit\u00e9is no s\u00f3lo las distintas exposiciones que acoge todo el centro sino los trabajos previos realizados y la calidad de los procesos seguidos (a trav\u00e9s de las distintas entradas que han incluido en sus blogs), s\u00f3lo as\u00ed tendr\u00e9is una visi\u00f3n objetiva del resultado.<\/p>\n<p>Aprovechamos uno de los traslados a nuestro aula para recorrer todo el pasillo de Primaria y Dar\u00eda (tutora de <span style=\"color: #ff6600\">2\u00ba EPO<\/span>) nos invita a visitar la <span style=\"color: #ff6600\">exposici\u00f3n de experimentos<\/span> que su grupo ha realizado. Aunque el alumnado se encuentra en el patio a\u00fan (pod\u00e9is verlos asomados a la ventana, en la foto), nos quedamos impresionados de todo lo que han trabajado. <strong>\u00a1Son aut\u00e9nticos cient\u00edficos!<\/strong><\/p>\n<p><img data-recalc-dims=\"1\" decoding=\"async\" data-attachment-id=\"21428\" data-permalink=\"https:\/\/www.alqueria.es\/blogs\/alqueriarojaverde\/2019\/02\/21\/guau-vaya-semana-pasada-por-agua-ja-ja-ja\/foto-fantasma\/\" data-orig-file=\"https:\/\/i0.wp.com\/cloud.alqueria.es\/wp-content\/uploads\/sites\/8\/2019\/02\/foto-fantasma.jpg?fit=1024%2C712&amp;ssl=1\" data-orig-size=\"1024,712\" data-comments-opened=\"1\" data-image-meta=\"{&quot;aperture&quot;:&quot;0&quot;,&quot;credit&quot;:&quot;&quot;,&quot;camera&quot;:&quot;&quot;,&quot;caption&quot;:&quot;&quot;,&quot;created_timestamp&quot;:&quot;0&quot;,&quot;copyright&quot;:&quot;&quot;,&quot;focal_length&quot;:&quot;0&quot;,&quot;iso&quot;:&quot;0&quot;,&quot;shutter_speed&quot;:&quot;0&quot;,&quot;title&quot;:&quot;&quot;,&quot;orientation&quot;:&quot;0&quot;}\" data-image-title=\"foto-fantasma\" data-image-description=\"\" data-image-caption=\"\" data-large-file=\"https:\/\/i0.wp.com\/cloud.alqueria.es\/wp-content\/uploads\/sites\/8\/2019\/02\/foto-fantasma.jpg?fit=474%2C330&amp;ssl=1\" class=\"aligncenter size-full wp-image-21428\" src=\"https:\/\/i0.wp.com\/cloud.alqueria.es\/wp-content\/uploads\/sites\/8\/2019\/02\/foto-fantasma.jpg?resize=474%2C330&#038;ssl=1\" alt=\"\" width=\"474\" height=\"330\" srcset=\"https:\/\/cloud.alqueria.es\/wp-content\/uploads\/sites\/8\/2019\/02\/foto-fantasma.jpg 1024w, https:\/\/cloud.alqueria.es\/wp-content\/uploads\/sites\/8\/2019\/02\/foto-fantasma.jpg 300w, https:\/\/cloud.alqueria.es\/wp-content\/uploads\/sites\/8\/2019\/02\/foto-fantasma.jpg 768w, https:\/\/cloud.alqueria.es\/wp-content\/uploads\/sites\/8\/2019\/02\/foto-fantasma.jpg 948w\" sizes=\"(max-width: 474px) 100vw, 474px\" \/><\/p>\n<p>La <span style=\"color: #ff6600\">exposici\u00f3n\u00a0 \u00abFotagua\u00bb de 4\u00ba EPO<\/span> nos deja boquiabiertos.<\/p>\n<p class=\"jetpack-slideshow-noscript robots-nocontent\">El pase de diapositivas requiere JavaScript.<\/p><div id=\"gallery-21380-1-slideshow\" class=\"jetpack-slideshow-window jetpack-slideshow jetpack-slideshow-black\" data-trans=\"fade\" data-autostart=\"1\" data-gallery=\"[{&quot;src&quot;:&quot;https:\\\/\\\/i0.wp.com\\\/cloud.alqueria.es\\\/wp-content\\\/uploads\\\/sites\\\/8\\\/2019\\\/02\\\/DSC_0907.jpg?fit=1024%2C577\\u0026ssl=1&quot;,&quot;id&quot;:&quot;21399&quot;,&quot;title&quot;:&quot;DSC_0907&quot;,&quot;alt&quot;:&quot;&quot;,&quot;caption&quot;:&quot;&quot;,&quot;itemprop&quot;:&quot;image&quot;},{&quot;src&quot;:&quot;https:\\\/\\\/i0.wp.com\\\/cloud.alqueria.es\\\/wp-content\\\/uploads\\\/sites\\\/8\\\/2019\\\/02\\\/DSC_09021.jpg?fit=964%2C1024\\u0026ssl=1&quot;,&quot;id&quot;:&quot;21398&quot;,&quot;title&quot;:&quot;DSC_09021&quot;,&quot;alt&quot;:&quot;&quot;,&quot;caption&quot;:&quot;&quot;,&quot;itemprop&quot;:&quot;image&quot;},{&quot;src&quot;:&quot;https:\\\/\\\/i0.wp.com\\\/cloud.alqueria.es\\\/wp-content\\\/uploads\\\/sites\\\/8\\\/2019\\\/02\\\/DSC_0899.jpg?fit=792%2C1024\\u0026ssl=1&quot;,&quot;id&quot;:&quot;21397&quot;,&quot;title&quot;:&quot;DSC_0899&quot;,&quot;alt&quot;:&quot;&quot;,&quot;caption&quot;:&quot;&quot;,&quot;itemprop&quot;:&quot;image&quot;}]\" itemscope itemtype=\"https:\/\/schema.org\/ImageGallery\"><\/div>\n<p>Descubrimos los lugares del cole en los que han sido tomadas las fotograf\u00edas y nos impresiona comprobar la precisi\u00f3n en la captaci\u00f3n de las im\u00e1genes, as\u00ed como lo creativo de sus t\u00edtulos.<\/p>\n<p class=\"jetpack-slideshow-noscript robots-nocontent\">El pase de diapositivas requiere JavaScript.<\/p><div id=\"gallery-21380-2-slideshow\" class=\"jetpack-slideshow-window jetpack-slideshow jetpack-slideshow-black\" data-trans=\"fade\" data-autostart=\"1\" data-gallery=\"[{&quot;src&quot;:&quot;https:\\\/\\\/i0.wp.com\\\/cloud.alqueria.es\\\/wp-content\\\/uploads\\\/sites\\\/8\\\/2019\\\/02\\\/DSC_09101.jpg?fit=1024%2C577\\u0026ssl=1&quot;,&quot;id&quot;:&quot;21402&quot;,&quot;title&quot;:&quot;DSC_09101&quot;,&quot;alt&quot;:&quot;&quot;,&quot;caption&quot;:&quot;&quot;,&quot;itemprop&quot;:&quot;image&quot;},{&quot;src&quot;:&quot;https:\\\/\\\/i0.wp.com\\\/cloud.alqueria.es\\\/wp-content\\\/uploads\\\/sites\\\/8\\\/2019\\\/02\\\/DSC_09093.jpg?fit=1024%2C577\\u0026ssl=1&quot;,&quot;id&quot;:&quot;21401&quot;,&quot;title&quot;:&quot;DSC_09093&quot;,&quot;alt&quot;:&quot;&quot;,&quot;caption&quot;:&quot;&quot;,&quot;itemprop&quot;:&quot;image&quot;},{&quot;src&quot;:&quot;https:\\\/\\\/i0.wp.com\\\/cloud.alqueria.es\\\/wp-content\\\/uploads\\\/sites\\\/8\\\/2019\\\/02\\\/DSC_0908.jpg?fit=1024%2C577\\u0026ssl=1&quot;,&quot;id&quot;:&quot;21400&quot;,&quot;title&quot;:&quot;DSC_0908&quot;,&quot;alt&quot;:&quot;&quot;,&quot;caption&quot;:&quot;&quot;,&quot;itemprop&quot;:&quot;image&quot;}]\" itemscope itemtype=\"https:\/\/schema.org\/ImageGallery\"><\/div>\n<p>En la<span style=\"color: #ff6600\"> visita al \u00abviaje al fondo del mar\u00bb,<\/span> nos encontramos con un espacio totalmente transformado que ha hecho las delicias de todos, pura magia a nuestro alcance. En este espacio hemos tenido la suerte de escuchar diversos <span style=\"color: #ff6600\">relatos<\/span> (de creaci\u00f3n individual y propia) del alumnado de <span style=\"color: #ff6600\">4\u00ba EPO<\/span> <span style=\"color: #ff6600\">y una canci\u00f3n<\/span> (basada en un poema de Garc\u00eda Lorca), que bien merece ser cantada en alg\u00fan festival. \u00a1Qu\u00e9 coordinaci\u00f3n y vaya voces, prometen!<\/p>\n<p class=\"jetpack-slideshow-noscript robots-nocontent\">El pase de diapositivas requiere JavaScript.<\/p><div id=\"gallery-21380-3-slideshow\" class=\"jetpack-slideshow-window jetpack-slideshow jetpack-slideshow-black\" data-trans=\"fade\" data-autostart=\"1\" data-gallery=\"[{&quot;src&quot;:&quot;https:\\\/\\\/i0.wp.com\\\/cloud.alqueria.es\\\/wp-content\\\/uploads\\\/sites\\\/8\\\/2019\\\/02\\\/DSC_09121.jpg?fit=1024%2C577\\u0026ssl=1&quot;,&quot;id&quot;:&quot;21403&quot;,&quot;title&quot;:&quot;DSC_09121&quot;,&quot;alt&quot;:&quot;&quot;,&quot;caption&quot;:&quot;&quot;,&quot;itemprop&quot;:&quot;image&quot;},{&quot;src&quot;:&quot;https:\\\/\\\/i0.wp.com\\\/cloud.alqueria.es\\\/wp-content\\\/uploads\\\/sites\\\/8\\\/2019\\\/02\\\/DSC_09131.jpg?fit=1024%2C577\\u0026ssl=1&quot;,&quot;id&quot;:&quot;21404&quot;,&quot;title&quot;:&quot;DSC_09131&quot;,&quot;alt&quot;:&quot;&quot;,&quot;caption&quot;:&quot;&quot;,&quot;itemprop&quot;:&quot;image&quot;},{&quot;src&quot;:&quot;https:\\\/\\\/i0.wp.com\\\/cloud.alqueria.es\\\/wp-content\\\/uploads\\\/sites\\\/8\\\/2019\\\/02\\\/DSC_09141.jpg?fit=1024%2C577\\u0026ssl=1&quot;,&quot;id&quot;:&quot;21405&quot;,&quot;title&quot;:&quot;DSC_09141&quot;,&quot;alt&quot;:&quot;&quot;,&quot;caption&quot;:&quot;&quot;,&quot;itemprop&quot;:&quot;image&quot;},{&quot;src&quot;:&quot;https:\\\/\\\/i0.wp.com\\\/cloud.alqueria.es\\\/wp-content\\\/uploads\\\/sites\\\/8\\\/2019\\\/02\\\/DSC_09161.jpg?fit=1024%2C577\\u0026ssl=1&quot;,&quot;id&quot;:&quot;21406&quot;,&quot;title&quot;:&quot;DSC_09161&quot;,&quot;alt&quot;:&quot;&quot;,&quot;caption&quot;:&quot;&quot;,&quot;itemprop&quot;:&quot;image&quot;},{&quot;src&quot;:&quot;https:\\\/\\\/i0.wp.com\\\/cloud.alqueria.es\\\/wp-content\\\/uploads\\\/sites\\\/8\\\/2019\\\/02\\\/DSC_09171.jpg?fit=1024%2C584\\u0026ssl=1&quot;,&quot;id&quot;:&quot;21407&quot;,&quot;title&quot;:&quot;DSC_09171&quot;,&quot;alt&quot;:&quot;&quot;,&quot;caption&quot;:&quot;&quot;,&quot;itemprop&quot;:&quot;image&quot;},{&quot;src&quot;:&quot;https:\\\/\\\/i0.wp.com\\\/cloud.alqueria.es\\\/wp-content\\\/uploads\\\/sites\\\/8\\\/2019\\\/02\\\/DSC_09201.jpg?fit=1024%2C577\\u0026ssl=1&quot;,&quot;id&quot;:&quot;21408&quot;,&quot;title&quot;:&quot;DSC_09201&quot;,&quot;alt&quot;:&quot;&quot;,&quot;caption&quot;:&quot;&quot;,&quot;itemprop&quot;:&quot;image&quot;},{&quot;src&quot;:&quot;https:\\\/\\\/i0.wp.com\\\/cloud.alqueria.es\\\/wp-content\\\/uploads\\\/sites\\\/8\\\/2019\\\/02\\\/DSC_0921.jpg?fit=1024%2C577\\u0026ssl=1&quot;,&quot;id&quot;:&quot;21409&quot;,&quot;title&quot;:&quot;DSC_0921&quot;,&quot;alt&quot;:&quot;&quot;,&quot;caption&quot;:&quot;&quot;,&quot;itemprop&quot;:&quot;image&quot;}]\" itemscope itemtype=\"https:\/\/schema.org\/ImageGallery\"><\/div>\n<p>Hoy como colof\u00f3n previo a la celebraci\u00f3n de la fiesta, hemos hecho unas deliciosas <strong><span style=\"color: #800080\">\u00abgalletas carnavalescas\u00bb.<\/span><\/strong> Una versi\u00f3n de nuestras aclamadas galletas de coco, que dan un toque m\u00e1s colorido para adecuarse a esta fiesta. Para la escritura de los ingredientes utilizamos \u00abel dictado\u00bb, as\u00ed que en lugar de proporcionarles las palabras enfatizando en los distintos fonemas que las componen, les nombro la palabra al completo, para que cada uno realice su proceso alfabetizador de forma individual. \u00a1Los avances son m\u00e1s que notorios, desde principio de curso!, se est\u00e1n haciendo mayores.<\/p>\n<p class=\"jetpack-slideshow-noscript robots-nocontent\">El pase de diapositivas requiere JavaScript.<\/p><div id=\"gallery-21380-4-slideshow\" class=\"jetpack-slideshow-window jetpack-slideshow jetpack-slideshow-black\" data-trans=\"fade\" data-autostart=\"1\" data-gallery=\"[{&quot;src&quot;:&quot;https:\\\/\\\/i0.wp.com\\\/cloud.alqueria.es\\\/wp-content\\\/uploads\\\/sites\\\/8\\\/2019\\\/02\\\/DSC_0928.jpg?fit=1024%2C667\\u0026ssl=1&quot;,&quot;id&quot;:&quot;21412&quot;,&quot;title&quot;:&quot;DSC_0928&quot;,&quot;alt&quot;:&quot;&quot;,&quot;caption&quot;:&quot;&quot;,&quot;itemprop&quot;:&quot;image&quot;},{&quot;src&quot;:&quot;https:\\\/\\\/i0.wp.com\\\/cloud.alqueria.es\\\/wp-content\\\/uploads\\\/sites\\\/8\\\/2019\\\/02\\\/DSC_0927.jpg?fit=1024%2C333\\u0026ssl=1&quot;,&quot;id&quot;:&quot;21411&quot;,&quot;title&quot;:&quot;DSC_0927&quot;,&quot;alt&quot;:&quot;&quot;,&quot;caption&quot;:&quot;&quot;,&quot;itemprop&quot;:&quot;image&quot;},{&quot;src&quot;:&quot;https:\\\/\\\/i0.wp.com\\\/cloud.alqueria.es\\\/wp-content\\\/uploads\\\/sites\\\/8\\\/2019\\\/02\\\/DSC_0929.jpg?fit=1024%2C577\\u0026ssl=1&quot;,&quot;id&quot;:&quot;21413&quot;,&quot;title&quot;:&quot;DSC_0929&quot;,&quot;alt&quot;:&quot;&quot;,&quot;caption&quot;:&quot;&quot;,&quot;itemprop&quot;:&quot;image&quot;}]\" itemscope itemtype=\"https:\/\/schema.org\/ImageGallery\"><\/div>\n<p>Por la tarde hemos disfrutado del juego con disfraces, beb\u00e9s y animales. Algunos han decidido ayudar en la decoraci\u00f3n de nuestro cartel para la comparsa de grupo y en la confecci\u00f3n de m\u00e1s cadenetas que adornan nuestra clase, para que ma\u00f1ana todo est\u00e9 a la altura de la fiesta.<\/p>\n<p><img data-recalc-dims=\"1\" decoding=\"async\" data-attachment-id=\"21414\" data-permalink=\"https:\/\/www.alqueria.es\/blogs\/alqueriarojaverde\/2019\/02\/21\/guau-vaya-semana-pasada-por-agua-ja-ja-ja\/dsc_0930\/\" data-orig-file=\"https:\/\/i0.wp.com\/cloud.alqueria.es\/wp-content\/uploads\/sites\/8\/2019\/02\/DSC_0930.jpg?fit=1024%2C577&amp;ssl=1\" data-orig-size=\"1024,577\" data-comments-opened=\"1\" data-image-meta=\"{&quot;aperture&quot;:&quot;0&quot;,&quot;credit&quot;:&quot;&quot;,&quot;camera&quot;:&quot;&quot;,&quot;caption&quot;:&quot;&quot;,&quot;created_timestamp&quot;:&quot;0&quot;,&quot;copyright&quot;:&quot;&quot;,&quot;focal_length&quot;:&quot;0&quot;,&quot;iso&quot;:&quot;0&quot;,&quot;shutter_speed&quot;:&quot;0&quot;,&quot;title&quot;:&quot;&quot;,&quot;orientation&quot;:&quot;0&quot;}\" data-image-title=\"DSC_0930\" data-image-description=\"\" data-image-caption=\"\" data-large-file=\"https:\/\/i0.wp.com\/cloud.alqueria.es\/wp-content\/uploads\/sites\/8\/2019\/02\/DSC_0930.jpg?fit=474%2C267&amp;ssl=1\" class=\"aligncenter size-medium wp-image-21414\" src=\"https:\/\/i0.wp.com\/cloud.alqueria.es\/wp-content\/uploads\/sites\/8\/2019\/02\/DSC_0930.jpg?resize=300%2C169&#038;ssl=1\" alt=\"\" width=\"300\" height=\"169\" srcset=\"https:\/\/cloud.alqueria.es\/wp-content\/uploads\/sites\/8\/2019\/02\/DSC_0930.jpg 1024w, https:\/\/cloud.alqueria.es\/wp-content\/uploads\/sites\/8\/2019\/02\/DSC_0930.jpg 300w, https:\/\/cloud.alqueria.es\/wp-content\/uploads\/sites\/8\/2019\/02\/DSC_0930.jpg 768w, https:\/\/cloud.alqueria.es\/wp-content\/uploads\/sites\/8\/2019\/02\/DSC_0930.jpg 948w\" sizes=\"(max-width: 300px) 100vw, 300px\" \/><\/p>\n<p><em><strong><span style=\"color: #0000ff\">\u00a1Os espero a todos, ma\u00f1ana, para disfrutar de las chirigotas de las distintas comparsas y compartir una deliciosa merienda!.<\/span><\/strong><\/em><\/p>\n<p><img data-recalc-dims=\"1\" decoding=\"async\" data-attachment-id=\"21415\" data-permalink=\"https:\/\/www.alqueria.es\/blogs\/alqueriarojaverde\/2019\/02\/21\/guau-vaya-semana-pasada-por-agua-ja-ja-ja\/dsc_0931\/\" data-orig-file=\"https:\/\/i0.wp.com\/cloud.alqueria.es\/wp-content\/uploads\/sites\/8\/2019\/02\/DSC_0931.jpg?fit=1024%2C469&amp;ssl=1\" data-orig-size=\"1024,469\" data-comments-opened=\"1\" data-image-meta=\"{&quot;aperture&quot;:&quot;0&quot;,&quot;credit&quot;:&quot;&quot;,&quot;camera&quot;:&quot;&quot;,&quot;caption&quot;:&quot;&quot;,&quot;created_timestamp&quot;:&quot;0&quot;,&quot;copyright&quot;:&quot;&quot;,&quot;focal_length&quot;:&quot;0&quot;,&quot;iso&quot;:&quot;0&quot;,&quot;shutter_speed&quot;:&quot;0&quot;,&quot;title&quot;:&quot;&quot;,&quot;orientation&quot;:&quot;0&quot;}\" data-image-title=\"DSC_0931\" data-image-description=\"\" data-image-caption=\"\" data-large-file=\"https:\/\/i0.wp.com\/cloud.alqueria.es\/wp-content\/uploads\/sites\/8\/2019\/02\/DSC_0931.jpg?fit=474%2C217&amp;ssl=1\" class=\"aligncenter size-full wp-image-21415\" src=\"https:\/\/i0.wp.com\/cloud.alqueria.es\/wp-content\/uploads\/sites\/8\/2019\/02\/DSC_0931.jpg?resize=474%2C217&#038;ssl=1\" alt=\"\" width=\"474\" height=\"217\" srcset=\"https:\/\/cloud.alqueria.es\/wp-content\/uploads\/sites\/8\/2019\/02\/DSC_0931.jpg 1024w, https:\/\/cloud.alqueria.es\/wp-content\/uploads\/sites\/8\/2019\/02\/DSC_0931.jpg 300w, https:\/\/cloud.alqueria.es\/wp-content\/uploads\/sites\/8\/2019\/02\/DSC_0931.jpg 768w, https:\/\/cloud.alqueria.es\/wp-content\/uploads\/sites\/8\/2019\/02\/DSC_0931.jpg 948w\" sizes=\"(max-width: 474px) 100vw, 474px\" \/><\/p>\n<p><strong>P.D: Venimos disfrazados de casa. Deben traer alguna ropa c\u00f3moda para cambiarse (si el disfraz es muy aparatoso) en el ratito de patio de 13.30 a 15.00 horas.<\/strong><\/p>\n<p>Esther Justicia.<\/p>\n","protected":false},"excerpt":{"rendered":"<p>El mi\u00e9rcoles y hoy hemos seguido con la visita a las distintas actividades propuestas en la Semana Cultural de Primaria. Me gustar\u00eda reiterar la recomendaci\u00f3n de que visit\u00e9is no s\u00f3lo las distintas exposiciones que acoge todo el centro sino los trabajos previos realizados y la calidad de los procesos seguidos (a trav\u00e9s de las distintas &hellip; <a href=\"https:\/\/www.alqueria.es\/blogs\/alqueriarojaverde\/2019\/02\/21\/guau-vaya-semana-pasada-por-agua-ja-ja-ja\/\" class=\"more-link\">Seguir leyendo <span class=\"screen-reader-text\">\u00a1GUAU, VAYA SEMANA!, PASADA POR AGUA, JA, JA, JA.<\/span> <span class=\"meta-nav\">&rarr;<\/span><\/a><\/p>\n","protected":false},"author":19,"featured_media":0,"comment_status":"open","ping_status":"open","sticky":false,"template":"","format":"standard","meta":{"jetpack_post_was_ever_published":false,"_jetpack_newsletter_access":"","_jetpack_dont_email_post_to_subs":false,"_jetpack_newsletter_tier_id":0,"_jetpack_memberships_contains_paywalled_content":false,"_jetpack_memberships_contains_paid_content":false,"footnotes":"","jetpack_publicize_message":"","jetpack_publicize_feature_enabled":true,"jetpack_social_post_already_shared":true,"jetpack_social_options":{"image_generator_settings":{"template":"highway","default_image_id":0,"font":"","enabled":false},"version":2}},"categories":[7,13],"tags":[592,590,591,593],"class_list":["post-21380","post","type-post","status-publish","format-standard","hentry","category-clase-verde-5-6-anos","category-inicio","tag-experimentos-cientificos-en-primaria","tag-exposicion-de-fotografia-el-agua","tag-relatos-cortos-sobre-el-agua","tag-taller-de-cocina-de-carnaval"],"jetpack_publicize_connections":[],"jetpack_featured_media_url":"","jetpack_sharing_enabled":true,"jetpack_shortlink":"https:\/\/wp.me\/p4lFbP-5yQ","_links":{"self":[{"href":"https:\/\/www.alqueria.es\/blogs\/alqueriarojaverde\/wp-json\/wp\/v2\/posts\/21380","targetHints":{"allow":["GET"]}}],"collection":[{"href":"https:\/\/www.alqueria.es\/blogs\/alqueriarojaverde\/wp-json\/wp\/v2\/posts"}],"about":[{"href":"https:\/\/www.alqueria.es\/blogs\/alqueriarojaverde\/wp-json\/wp\/v2\/types\/post"}],"author":[{"embeddable":true,"href":"https:\/\/www.alqueria.es\/blogs\/alqueriarojaverde\/wp-json\/wp\/v2\/users\/19"}],"replies":[{"embeddable":true,"href":"https:\/\/www.alqueria.es\/blogs\/alqueriarojaverde\/wp-json\/wp\/v2\/comments?post=21380"}],"version-history":[{"count":0,"href":"https:\/\/www.alqueria.es\/blogs\/alqueriarojaverde\/wp-json\/wp\/v2\/posts\/21380\/revisions"}],"wp:attachment":[{"href":"https:\/\/www.alqueria.es\/blogs\/alqueriarojaverde\/wp-json\/wp\/v2\/media?parent=21380"}],"wp:term":[{"taxonomy":"category","embeddable":true,"href":"https:\/\/www.alqueria.es\/blogs\/alqueriarojaverde\/wp-json\/wp\/v2\/categories?post=21380"},{"taxonomy":"post_tag","embeddable":true,"href":"https:\/\/www.alqueria.es\/blogs\/alqueriarojaverde\/wp-json\/wp\/v2\/tags?post=21380"}],"curies":[{"name":"wp","href":"https:\/\/api.w.org\/{rel}","templated":true}]}}