{"id":21430,"date":"2019-02-24T20:31:27","date_gmt":"2019-02-24T19:31:27","guid":{"rendered":"https:\/\/www.alqueria.es\/blogs\/alqueriarojaverde\/?p=21430"},"modified":"2019-02-24T20:31:27","modified_gmt":"2019-02-24T19:31:27","slug":"carnaval-carnaval-2","status":"publish","type":"post","link":"https:\/\/www.alqueria.es\/blogs\/alqueriarojaverde\/2019\/02\/24\/carnaval-carnaval-2\/","title":{"rendered":"\u00a1\u00a1CARNAVAL, CARNAVAL&#8230;..!!"},"content":{"rendered":"<p style=\"text-align: center\"><span style=\"color: #ff00ff\">\u00a1\u00a1QU\u00c9 BIEN LO PASAMOS EL VIERNES!!<\/span><\/p>\n<figure id=\"attachment_21431\" aria-describedby=\"caption-attachment-21431\" style=\"width: 448px\" class=\"wp-caption aligncenter\"><img data-recalc-dims=\"1\" decoding=\"async\" data-attachment-id=\"21431\" data-permalink=\"https:\/\/www.alqueria.es\/blogs\/alqueriarojaverde\/2019\/02\/24\/carnaval-carnaval-2\/all-focus-11\/\" data-orig-file=\"https:\/\/i0.wp.com\/cloud.alqueria.es\/wp-content\/uploads\/sites\/8\/2019\/02\/IMG_20190222_095221.jpg?fit=448%2C253&amp;ssl=1\" data-orig-size=\"448,253\" data-comments-opened=\"1\" data-image-meta=\"{&quot;aperture&quot;:&quot;2&quot;,&quot;credit&quot;:&quot;&quot;,&quot;camera&quot;:&quot;MYA-L41&quot;,&quot;caption&quot;:&quot;All-focus&quot;,&quot;created_timestamp&quot;:&quot;1550829141&quot;,&quot;copyright&quot;:&quot;&quot;,&quot;focal_length&quot;:&quot;3.5&quot;,&quot;iso&quot;:&quot;136&quot;,&quot;shutter_speed&quot;:&quot;0.010003&quot;,&quot;title&quot;:&quot;All-focus&quot;,&quot;orientation&quot;:&quot;1&quot;}\" data-image-title=\"All-focus\" data-image-description=\"\" data-image-caption=\"&lt;p&gt;All-focus&lt;\/p&gt;\n\" data-large-file=\"https:\/\/i0.wp.com\/cloud.alqueria.es\/wp-content\/uploads\/sites\/8\/2019\/02\/IMG_20190222_095221.jpg?fit=448%2C253&amp;ssl=1\" class=\"size-full wp-image-21431\" src=\"https:\/\/i0.wp.com\/cloud.alqueria.es\/wp-content\/uploads\/sites\/8\/2019\/02\/IMG_20190222_095221.jpg?resize=448%2C253&#038;ssl=1\" alt=\"\" width=\"448\" height=\"253\" srcset=\"https:\/\/cloud.alqueria.es\/wp-content\/uploads\/sites\/8\/2019\/02\/IMG_20190222_095221.jpg 448w, https:\/\/cloud.alqueria.es\/wp-content\/uploads\/sites\/8\/2019\/02\/IMG_20190222_095221.jpg 300w\" sizes=\"(max-width: 448px) 100vw, 448px\" \/><figcaption id=\"caption-attachment-21431\" class=\"wp-caption-text\">All-focus<\/figcaption><\/figure>\n<p><span style=\"color: #ff6600\">Desde primera hora la clase se iba llenando de color,\u00a0 ilusi\u00f3n,<\/span> <span style=\"color: #003300\"><span style=\"color: #ff6600\">sorpresas al ver los\u00a0 diferentes disfraces que cada uno llev\u00e1bamos.<\/span>\u00a0<\/span><\/p>\n<p><span style=\"color: #0000ff\">Ambientamos el momento con m\u00fasica mientras vamos maquillando<\/span> <span style=\"color: #0000ff\">a los que no estaban caracterizados de casa.<\/span><\/p>\n<p><span style=\"color: #ff0000\">A las diez, como ten\u00edamos previsto en el programa,\u00a0 las clases Naranja, Roja y Verde, visitamos al ciclo 0-3 a\u00f1os. Compartimos con\u00a0 nuestras chirigotas y ellos tambi\u00e9n nos representan su canci\u00f3n disfrazados de gotitas de agua, qu\u00e9 graciosos je, je, je<\/span><\/p>\n<div class=\"tiled-gallery type-square tiled-gallery-unresized\" data-original-width=\"474\" data-carousel-extra='{&quot;blog_id&quot;:8,&quot;permalink&quot;:&quot;https:\\\/\\\/www.alqueria.es\\\/blogs\\\/alqueriarojaverde\\\/2019\\\/02\\\/24\\\/carnaval-carnaval-2\\\/&quot;,&quot;likes_blog_id&quot;:64268569}' itemscope itemtype=\"http:\/\/schema.org\/ImageGallery\" > <div class=\"gallery-row\" style=\"width: 474px; height: 158px;\" data-original-width=\"474\" data-original-height=\"158\" > <div class=\"gallery-group\" style=\"width: 158px; height: 158px;\" data-original-width=\"158\" data-original-height=\"158\" > <div class=\"tiled-gallery-item \" itemprop=\"associatedMedia\" itemscope itemtype=\"http:\/\/schema.org\/ImageObject\"> <a href=\"https:\/\/www.alqueria.es\/blogs\/alqueriarojaverde\/2019\/02\/24\/carnaval-carnaval-2\/all-focus-12\/\" border=\"0\" itemprop=\"url\"> <meta itemprop=\"width\" content=\"154\"> <meta itemprop=\"height\" content=\"154\"> <img decoding=\"async\" class=\"\" data-attachment-id=\"21432\" data-orig-file=\"https:\/\/cloud.alqueria.es\/wp-content\/uploads\/sites\/8\/2019\/02\/IMG_20190222_101050.jpg\" data-orig-size=\"448,253\" data-comments-opened=\"1\" data-image-meta=\"{&quot;aperture&quot;:&quot;2&quot;,&quot;credit&quot;:&quot;&quot;,&quot;camera&quot;:&quot;MYA-L41&quot;,&quot;caption&quot;:&quot;All-focus&quot;,&quot;created_timestamp&quot;:&quot;1550830250&quot;,&quot;copyright&quot;:&quot;&quot;,&quot;focal_length&quot;:&quot;3.5&quot;,&quot;iso&quot;:&quot;193&quot;,&quot;shutter_speed&quot;:&quot;0.010003&quot;,&quot;title&quot;:&quot;All-focus&quot;,&quot;orientation&quot;:&quot;1&quot;}\" data-image-title=\"All-focus\" data-image-description=\"\" data-medium-file=\"https:\/\/i0.wp.com\/cloud.alqueria.es\/wp-content\/uploads\/sites\/8\/2019\/02\/IMG_20190222_101050.jpg?fit=300%2C169&#038;ssl=1\" data-large-file=\"https:\/\/i0.wp.com\/cloud.alqueria.es\/wp-content\/uploads\/sites\/8\/2019\/02\/IMG_20190222_101050.jpg?fit=448%2C253&#038;ssl=1\" src=\"https:\/\/i0.wp.com\/cloud.alqueria.es\/wp-content\/uploads\/sites\/8\/2019\/02\/IMG_20190222_101050.jpg?w=154&#038;h=154&#038;crop=1&#038;ssl=1\" srcset=\"https:\/\/cloud.alqueria.es\/wp-content\/uploads\/sites\/8\/2019\/02\/IMG_20190222_101050.jpg 150w, https:\/\/cloud.alqueria.es\/wp-content\/uploads\/sites\/8\/2019\/02\/IMG_20190222_101050.jpg 308w\" width=\"154\" height=\"154\" loading=\"lazy\" data-original-width=\"154\" data-original-height=\"154\" itemprop=\"http:\/\/schema.org\/image\" title=\"All-focus\" alt=\"All-focus\" style=\"width: 154px; height: 154px;\" \/> <\/a> <div class=\"tiled-gallery-caption\" itemprop=\"caption description\"> All-focus <\/div> <\/div> <\/div> <div class=\"gallery-group\" style=\"width: 158px; height: 158px;\" data-original-width=\"158\" data-original-height=\"158\" > <div class=\"tiled-gallery-item \" itemprop=\"associatedMedia\" itemscope itemtype=\"http:\/\/schema.org\/ImageObject\"> <a href=\"https:\/\/www.alqueria.es\/blogs\/alqueriarojaverde\/2019\/02\/24\/carnaval-carnaval-2\/all-focus-13\/\" border=\"0\" itemprop=\"url\"> <meta itemprop=\"width\" content=\"154\"> <meta itemprop=\"height\" content=\"154\"> <img decoding=\"async\" class=\"\" data-attachment-id=\"21433\" data-orig-file=\"https:\/\/cloud.alqueria.es\/wp-content\/uploads\/sites\/8\/2019\/02\/IMG_20190222_103441.jpg\" data-orig-size=\"448,253\" data-comments-opened=\"1\" data-image-meta=\"{&quot;aperture&quot;:&quot;2&quot;,&quot;credit&quot;:&quot;&quot;,&quot;camera&quot;:&quot;MYA-L41&quot;,&quot;caption&quot;:&quot;All-focus&quot;,&quot;created_timestamp&quot;:&quot;1550831681&quot;,&quot;copyright&quot;:&quot;&quot;,&quot;focal_length&quot;:&quot;3.5&quot;,&quot;iso&quot;:&quot;253&quot;,&quot;shutter_speed&quot;:&quot;0.020005&quot;,&quot;title&quot;:&quot;All-focus&quot;,&quot;orientation&quot;:&quot;1&quot;}\" data-image-title=\"All-focus\" data-image-description=\"\" data-medium-file=\"https:\/\/i0.wp.com\/cloud.alqueria.es\/wp-content\/uploads\/sites\/8\/2019\/02\/IMG_20190222_103441.jpg?fit=300%2C169&#038;ssl=1\" data-large-file=\"https:\/\/i0.wp.com\/cloud.alqueria.es\/wp-content\/uploads\/sites\/8\/2019\/02\/IMG_20190222_103441.jpg?fit=448%2C253&#038;ssl=1\" src=\"https:\/\/i0.wp.com\/cloud.alqueria.es\/wp-content\/uploads\/sites\/8\/2019\/02\/IMG_20190222_103441.jpg?w=154&#038;h=154&#038;crop=1&#038;ssl=1\" srcset=\"https:\/\/cloud.alqueria.es\/wp-content\/uploads\/sites\/8\/2019\/02\/IMG_20190222_103441.jpg 150w, https:\/\/cloud.alqueria.es\/wp-content\/uploads\/sites\/8\/2019\/02\/IMG_20190222_103441.jpg 308w\" width=\"154\" height=\"154\" loading=\"lazy\" data-original-width=\"154\" data-original-height=\"154\" itemprop=\"http:\/\/schema.org\/image\" title=\"All-focus\" alt=\"All-focus\" style=\"width: 154px; height: 154px;\" \/> <\/a> <div class=\"tiled-gallery-caption\" itemprop=\"caption description\"> All-focus <\/div> <\/div> <\/div> <div class=\"gallery-group\" style=\"width: 158px; height: 158px;\" data-original-width=\"158\" data-original-height=\"158\" > <div class=\"tiled-gallery-item \" itemprop=\"associatedMedia\" itemscope itemtype=\"http:\/\/schema.org\/ImageObject\"> <a href=\"https:\/\/www.alqueria.es\/blogs\/alqueriarojaverde\/2019\/02\/24\/carnaval-carnaval-2\/all-focus-14\/\" border=\"0\" itemprop=\"url\"> <meta itemprop=\"width\" content=\"154\"> <meta itemprop=\"height\" content=\"154\"> <img decoding=\"async\" class=\"\" data-attachment-id=\"21434\" data-orig-file=\"https:\/\/cloud.alqueria.es\/wp-content\/uploads\/sites\/8\/2019\/02\/IMG_20190222_103455.jpg\" data-orig-size=\"448,253\" data-comments-opened=\"1\" data-image-meta=\"{&quot;aperture&quot;:&quot;2&quot;,&quot;credit&quot;:&quot;&quot;,&quot;camera&quot;:&quot;MYA-L41&quot;,&quot;caption&quot;:&quot;All-focus&quot;,&quot;created_timestamp&quot;:&quot;1550831695&quot;,&quot;copyright&quot;:&quot;&quot;,&quot;focal_length&quot;:&quot;3.5&quot;,&quot;iso&quot;:&quot;310&quot;,&quot;shutter_speed&quot;:&quot;0.010003&quot;,&quot;title&quot;:&quot;All-focus&quot;,&quot;orientation&quot;:&quot;1&quot;}\" data-image-title=\"All-focus\" data-image-description=\"\" data-medium-file=\"https:\/\/i0.wp.com\/cloud.alqueria.es\/wp-content\/uploads\/sites\/8\/2019\/02\/IMG_20190222_103455.jpg?fit=300%2C169&#038;ssl=1\" data-large-file=\"https:\/\/i0.wp.com\/cloud.alqueria.es\/wp-content\/uploads\/sites\/8\/2019\/02\/IMG_20190222_103455.jpg?fit=448%2C253&#038;ssl=1\" src=\"https:\/\/i0.wp.com\/cloud.alqueria.es\/wp-content\/uploads\/sites\/8\/2019\/02\/IMG_20190222_103455.jpg?w=154&#038;h=154&#038;crop=1&#038;ssl=1\" srcset=\"https:\/\/cloud.alqueria.es\/wp-content\/uploads\/sites\/8\/2019\/02\/IMG_20190222_103455.jpg 150w, https:\/\/cloud.alqueria.es\/wp-content\/uploads\/sites\/8\/2019\/02\/IMG_20190222_103455.jpg 308w\" width=\"154\" height=\"154\" loading=\"lazy\" data-original-width=\"154\" data-original-height=\"154\" itemprop=\"http:\/\/schema.org\/image\" title=\"All-focus\" alt=\"All-focus\" style=\"width: 154px; height: 154px;\" \/> <\/a> <div class=\"tiled-gallery-caption\" itemprop=\"caption description\"> All-focus <\/div> <\/div> <\/div> <\/div> <\/div>\n<p><span style=\"color: #008000\">Despu\u00e9s de tomarnos la fruta todo el ciclo juntos, nos preparamos para realizar el pasacalles por el patio; todos los grupos de Infantil y Primaria desfilan y pasean sus disfraces al ritmo de la m\u00fasica y\u00a0 tenemos la oportunidad de escuchar algunas\u00a0 chirigotas grupales.<\/span><\/p>\n<div class=\"tiled-gallery type-circle tiled-gallery-unresized\" data-original-width=\"474\" data-carousel-extra='{&quot;blog_id&quot;:8,&quot;permalink&quot;:&quot;https:\\\/\\\/www.alqueria.es\\\/blogs\\\/alqueriarojaverde\\\/2019\\\/02\\\/24\\\/carnaval-carnaval-2\\\/&quot;,&quot;likes_blog_id&quot;:64268569}' itemscope itemtype=\"http:\/\/schema.org\/ImageGallery\" > <div class=\"gallery-row\" style=\"width: 474px; height: 237px;\" data-original-width=\"474\" data-original-height=\"237\" > <div class=\"gallery-group\" style=\"width: 237px; height: 237px;\" data-original-width=\"237\" data-original-height=\"237\" > <div class=\"tiled-gallery-item \" itemprop=\"associatedMedia\" itemscope itemtype=\"http:\/\/schema.org\/ImageObject\"> <a href=\"https:\/\/www.alqueria.es\/blogs\/alqueriarojaverde\/2019\/02\/24\/carnaval-carnaval-2\/all-focus-15\/\" border=\"0\" itemprop=\"url\"> <meta itemprop=\"width\" content=\"233\"> <meta itemprop=\"height\" content=\"233\"> <img decoding=\"async\" class=\"\" data-attachment-id=\"21435\" data-orig-file=\"https:\/\/cloud.alqueria.es\/wp-content\/uploads\/sites\/8\/2019\/02\/IMG_20190222_110115.jpg\" data-orig-size=\"448,253\" data-comments-opened=\"1\" data-image-meta=\"{&quot;aperture&quot;:&quot;2&quot;,&quot;credit&quot;:&quot;&quot;,&quot;camera&quot;:&quot;MYA-L41&quot;,&quot;caption&quot;:&quot;All-focus&quot;,&quot;created_timestamp&quot;:&quot;1550833275&quot;,&quot;copyright&quot;:&quot;&quot;,&quot;focal_length&quot;:&quot;3.5&quot;,&quot;iso&quot;:&quot;117&quot;,&quot;shutter_speed&quot;:&quot;0.000542&quot;,&quot;title&quot;:&quot;All-focus&quot;,&quot;orientation&quot;:&quot;1&quot;}\" data-image-title=\"All-focus\" data-image-description=\"\" data-medium-file=\"https:\/\/i0.wp.com\/cloud.alqueria.es\/wp-content\/uploads\/sites\/8\/2019\/02\/IMG_20190222_110115.jpg?fit=300%2C169&#038;ssl=1\" data-large-file=\"https:\/\/i0.wp.com\/cloud.alqueria.es\/wp-content\/uploads\/sites\/8\/2019\/02\/IMG_20190222_110115.jpg?fit=448%2C253&#038;ssl=1\" src=\"https:\/\/i0.wp.com\/cloud.alqueria.es\/wp-content\/uploads\/sites\/8\/2019\/02\/IMG_20190222_110115.jpg?w=233&#038;h=233&#038;crop=1&#038;ssl=1\" width=\"233\" height=\"233\" loading=\"lazy\" data-original-width=\"233\" data-original-height=\"233\" itemprop=\"http:\/\/schema.org\/image\" title=\"All-focus\" alt=\"All-focus\" style=\"width: 233px; height: 233px;\" \/> <\/a> <div class=\"tiled-gallery-caption\" itemprop=\"caption description\"> All-focus <\/div> <\/div> <\/div> <div class=\"gallery-group\" style=\"width: 237px; height: 237px;\" data-original-width=\"237\" data-original-height=\"237\" > <div class=\"tiled-gallery-item \" itemprop=\"associatedMedia\" itemscope itemtype=\"http:\/\/schema.org\/ImageObject\"> <a href=\"https:\/\/www.alqueria.es\/blogs\/alqueriarojaverde\/2019\/02\/24\/carnaval-carnaval-2\/all-focus-16\/\" border=\"0\" itemprop=\"url\"> <meta itemprop=\"width\" content=\"233\"> <meta itemprop=\"height\" content=\"233\"> <img decoding=\"async\" class=\"\" data-attachment-id=\"21436\" data-orig-file=\"https:\/\/cloud.alqueria.es\/wp-content\/uploads\/sites\/8\/2019\/02\/IMG_20190222_110131.jpg\" data-orig-size=\"448,253\" data-comments-opened=\"1\" data-image-meta=\"{&quot;aperture&quot;:&quot;2&quot;,&quot;credit&quot;:&quot;&quot;,&quot;camera&quot;:&quot;MYA-L41&quot;,&quot;caption&quot;:&quot;All-focus&quot;,&quot;created_timestamp&quot;:&quot;1550833291&quot;,&quot;copyright&quot;:&quot;&quot;,&quot;focal_length&quot;:&quot;3.5&quot;,&quot;iso&quot;:&quot;116&quot;,&quot;shutter_speed&quot;:&quot;0.000404&quot;,&quot;title&quot;:&quot;All-focus&quot;,&quot;orientation&quot;:&quot;1&quot;}\" data-image-title=\"All-focus\" data-image-description=\"\" data-medium-file=\"https:\/\/i0.wp.com\/cloud.alqueria.es\/wp-content\/uploads\/sites\/8\/2019\/02\/IMG_20190222_110131.jpg?fit=300%2C169&#038;ssl=1\" data-large-file=\"https:\/\/i0.wp.com\/cloud.alqueria.es\/wp-content\/uploads\/sites\/8\/2019\/02\/IMG_20190222_110131.jpg?fit=448%2C253&#038;ssl=1\" src=\"https:\/\/i0.wp.com\/cloud.alqueria.es\/wp-content\/uploads\/sites\/8\/2019\/02\/IMG_20190222_110131.jpg?w=233&#038;h=233&#038;crop=1&#038;ssl=1\" width=\"233\" height=\"233\" loading=\"lazy\" data-original-width=\"233\" data-original-height=\"233\" itemprop=\"http:\/\/schema.org\/image\" title=\"All-focus\" alt=\"All-focus\" style=\"width: 233px; height: 233px;\" \/> <\/a> <div class=\"tiled-gallery-caption\" itemprop=\"caption description\"> All-focus <\/div> <\/div> <\/div> <\/div> <\/div>\n<p><span style=\"color: #993366\">Antes de comer, nos quitamos los disfraces y complementos\u00a0 y los dejamos preparados para volver a arreglarnos y componernos a las tres.<\/span><\/p>\n<p><span style=\"color: #ff00ff\">Lo que ocurri\u00f3 a partir de las cuatro cuando llegaron todas las familias ya lo presenciasteis junto a\u00a0 nosotros: actuaciones, merienda y juego sin parar.<\/span><\/p>\n<p class=\"jetpack-slideshow-noscript robots-nocontent\">El pase de diapositivas requiere JavaScript.<\/p><div id=\"gallery-21430-1-slideshow\" class=\"jetpack-slideshow-window jetpack-slideshow jetpack-slideshow-black\" data-trans=\"fade\" data-autostart=\"1\" data-gallery=\"[{&quot;src&quot;:&quot;https:\\\/\\\/i0.wp.com\\\/cloud.alqueria.es\\\/wp-content\\\/uploads\\\/sites\\\/8\\\/2019\\\/02\\\/IMG_20190222_181511.jpg?fit=448%2C253\\u0026ssl=1&quot;,&quot;id&quot;:&quot;21441&quot;,&quot;title&quot;:&quot;All-focus&quot;,&quot;alt&quot;:&quot;&quot;,&quot;caption&quot;:&quot;All-focus&quot;,&quot;itemprop&quot;:&quot;image&quot;},{&quot;src&quot;:&quot;https:\\\/\\\/i0.wp.com\\\/cloud.alqueria.es\\\/wp-content\\\/uploads\\\/sites\\\/8\\\/2019\\\/02\\\/IMG_20190222_181446.jpg?fit=448%2C253\\u0026ssl=1&quot;,&quot;id&quot;:&quot;21440&quot;,&quot;title&quot;:&quot;All-focus&quot;,&quot;alt&quot;:&quot;&quot;,&quot;caption&quot;:&quot;All-focus&quot;,&quot;itemprop&quot;:&quot;image&quot;},{&quot;src&quot;:&quot;https:\\\/\\\/i0.wp.com\\\/cloud.alqueria.es\\\/wp-content\\\/uploads\\\/sites\\\/8\\\/2019\\\/02\\\/IMG_20190222_181306.jpg?fit=448%2C253\\u0026ssl=1&quot;,&quot;id&quot;:&quot;21439&quot;,&quot;title&quot;:&quot;All-focus&quot;,&quot;alt&quot;:&quot;&quot;,&quot;caption&quot;:&quot;All-focus&quot;,&quot;itemprop&quot;:&quot;image&quot;},{&quot;src&quot;:&quot;https:\\\/\\\/i0.wp.com\\\/cloud.alqueria.es\\\/wp-content\\\/uploads\\\/sites\\\/8\\\/2019\\\/02\\\/IMG_20190222_181211.jpg?fit=448%2C253\\u0026ssl=1&quot;,&quot;id&quot;:&quot;21438&quot;,&quot;title&quot;:&quot;All-focus&quot;,&quot;alt&quot;:&quot;&quot;,&quot;caption&quot;:&quot;All-focus&quot;,&quot;itemprop&quot;:&quot;image&quot;},{&quot;src&quot;:&quot;https:\\\/\\\/i0.wp.com\\\/cloud.alqueria.es\\\/wp-content\\\/uploads\\\/sites\\\/8\\\/2019\\\/02\\\/IMG_20190222_172455.jpg?fit=448%2C253\\u0026ssl=1&quot;,&quot;id&quot;:&quot;21437&quot;,&quot;title&quot;:&quot;All-focus&quot;,&quot;alt&quot;:&quot;&quot;,&quot;caption&quot;:&quot;All-focus&quot;,&quot;itemprop&quot;:&quot;image&quot;}]\" itemscope itemtype=\"https:\/\/schema.org\/ImageGallery\"><\/div>\n<p><span style=\"color: #ff0000\">Gracias a todos por asistir\u00a0 a la fiesta y gracias a las familias que participaron en la chirigota. Los rojitos\u00a0 disfrutamos mucho del ambiente tan festivo que nos envolvi\u00f3 todo el d\u00eda, espero que vosotros tambi\u00e9n.<\/span><\/p>\n<div class=\"tiled-gallery type-rectangular tiled-gallery-unresized\" data-original-width=\"474\" data-carousel-extra='{&quot;blog_id&quot;:8,&quot;permalink&quot;:&quot;https:\\\/\\\/www.alqueria.es\\\/blogs\\\/alqueriarojaverde\\\/2019\\\/02\\\/24\\\/carnaval-carnaval-2\\\/&quot;,&quot;likes_blog_id&quot;:64268569}' itemscope itemtype=\"http:\/\/schema.org\/ImageGallery\" > <div class=\"gallery-row\" style=\"width: 474px; height: 204px;\" data-original-width=\"474\" data-original-height=\"204\" > <div class=\"gallery-group images-1\" style=\"width: 154px; height: 204px;\" data-original-width=\"154\" data-original-height=\"204\" > <div class=\"tiled-gallery-item tiled-gallery-item-small\" itemprop=\"associatedMedia\" itemscope itemtype=\"http:\/\/schema.org\/ImageObject\"> <a href=\"https:\/\/www.alqueria.es\/blogs\/alqueriarojaverde\/2019\/02\/24\/carnaval-carnaval-2\/img-20190222-wa0023\/\" border=\"0\" itemprop=\"url\"> <meta itemprop=\"width\" content=\"150\"> <meta itemprop=\"height\" content=\"200\"> <img decoding=\"async\" class=\"\" data-attachment-id=\"21443\" data-orig-file=\"https:\/\/cloud.alqueria.es\/wp-content\/uploads\/sites\/8\/2019\/02\/IMG-20190222-WA0023.jpg\" data-orig-size=\"336,448\" data-comments-opened=\"1\" data-image-meta=\"{&quot;aperture&quot;:&quot;0&quot;,&quot;credit&quot;:&quot;&quot;,&quot;camera&quot;:&quot;&quot;,&quot;caption&quot;:&quot;&quot;,&quot;created_timestamp&quot;:&quot;0&quot;,&quot;copyright&quot;:&quot;&quot;,&quot;focal_length&quot;:&quot;0&quot;,&quot;iso&quot;:&quot;0&quot;,&quot;shutter_speed&quot;:&quot;0&quot;,&quot;title&quot;:&quot;&quot;,&quot;orientation&quot;:&quot;0&quot;}\" data-image-title=\"IMG-20190222-WA0023\" data-image-description=\"\" data-medium-file=\"https:\/\/i0.wp.com\/cloud.alqueria.es\/wp-content\/uploads\/sites\/8\/2019\/02\/IMG-20190222-WA0023.jpg?fit=225%2C300&#038;ssl=1\" data-large-file=\"https:\/\/i0.wp.com\/cloud.alqueria.es\/wp-content\/uploads\/sites\/8\/2019\/02\/IMG-20190222-WA0023.jpg?fit=336%2C448&#038;ssl=1\" src=\"https:\/\/i0.wp.com\/cloud.alqueria.es\/wp-content\/uploads\/sites\/8\/2019\/02\/IMG-20190222-WA0023.jpg?w=150&#038;h=200&#038;ssl=1\" srcset=\"https:\/\/cloud.alqueria.es\/wp-content\/uploads\/sites\/8\/2019\/02\/IMG-20190222-WA0023.jpg 336w, https:\/\/cloud.alqueria.es\/wp-content\/uploads\/sites\/8\/2019\/02\/IMG-20190222-WA0023.jpg 225w\" width=\"150\" height=\"200\" loading=\"lazy\" data-original-width=\"150\" data-original-height=\"200\" itemprop=\"http:\/\/schema.org\/image\" title=\"IMG-20190222-WA0023\" alt=\"IMG-20190222-WA0023\" style=\"width: 150px; height: 200px;\" \/> <\/a> <\/div> <\/div> <!-- close group --> <div class=\"gallery-group images-1\" style=\"width: 320px; height: 204px;\" data-original-width=\"320\" data-original-height=\"204\" > <div class=\"tiled-gallery-item tiled-gallery-item-large\" itemprop=\"associatedMedia\" itemscope itemtype=\"http:\/\/schema.org\/ImageObject\"> <a href=\"https:\/\/www.alqueria.es\/blogs\/alqueriarojaverde\/2019\/02\/24\/carnaval-carnaval-2\/all-focus-22\/\" border=\"0\" itemprop=\"url\"> <meta itemprop=\"width\" content=\"316\"> <meta itemprop=\"height\" content=\"200\"> <img decoding=\"async\" class=\"\" data-attachment-id=\"21442\" data-orig-file=\"https:\/\/cloud.alqueria.es\/wp-content\/uploads\/sites\/8\/2019\/02\/IMG_20190224_183404.jpg\" data-orig-size=\"448,283\" data-comments-opened=\"1\" data-image-meta=\"{&quot;aperture&quot;:&quot;2&quot;,&quot;credit&quot;:&quot;&quot;,&quot;camera&quot;:&quot;MYA-L41&quot;,&quot;caption&quot;:&quot;All-focus&quot;,&quot;created_timestamp&quot;:&quot;1550833402&quot;,&quot;copyright&quot;:&quot;&quot;,&quot;focal_length&quot;:&quot;3.5&quot;,&quot;iso&quot;:&quot;117&quot;,&quot;shutter_speed&quot;:&quot;0.001774&quot;,&quot;title&quot;:&quot;All-focus&quot;,&quot;orientation&quot;:&quot;1&quot;}\" data-image-title=\"All-focus\" data-image-description=\"\" data-medium-file=\"https:\/\/i0.wp.com\/cloud.alqueria.es\/wp-content\/uploads\/sites\/8\/2019\/02\/IMG_20190224_183404.jpg?fit=300%2C190&#038;ssl=1\" data-large-file=\"https:\/\/i0.wp.com\/cloud.alqueria.es\/wp-content\/uploads\/sites\/8\/2019\/02\/IMG_20190224_183404.jpg?fit=448%2C283&#038;ssl=1\" src=\"https:\/\/i0.wp.com\/cloud.alqueria.es\/wp-content\/uploads\/sites\/8\/2019\/02\/IMG_20190224_183404.jpg?w=316&#038;h=200&#038;ssl=1\" srcset=\"https:\/\/cloud.alqueria.es\/wp-content\/uploads\/sites\/8\/2019\/02\/IMG_20190224_183404.jpg 448w, https:\/\/cloud.alqueria.es\/wp-content\/uploads\/sites\/8\/2019\/02\/IMG_20190224_183404.jpg 300w\" width=\"316\" height=\"200\" loading=\"lazy\" data-original-width=\"316\" data-original-height=\"200\" itemprop=\"http:\/\/schema.org\/image\" title=\"All-focus\" alt=\"All-focus\" style=\"width: 316px; height: 200px;\" \/> <\/a> <div class=\"tiled-gallery-caption\" itemprop=\"caption description\"> All-focus <\/div> <\/div> <\/div> <!-- close group --> <\/div> <!-- close row --> <\/div>\n<p><span style=\"color: #0000ff\">Os enlazo el v\u00eddeo del ensayo que hicimos con todo el alumnado y profes de Alquer\u00eda.\u00a1\u00a1 Estos rojitos lo hicieron genial!!<\/span><\/p>\n<p style=\"text-align: center\"><span style=\"color: #ff0000\">\u00a1\u00a1S\u00daPER ROJITOS FANT\u00c1STICOS!!<\/span><\/p>\n<p><div class=\"a25-CTUOC-hidding-box\" data-original-content=\"&lt;iframe loading=&quot;lazy&quot; title=&quot;Carnaval 2019&quot; src=&quot;https:\/\/player.vimeo.com\/video\/319320427?dnt=1&amp;amp;app_id=122963&quot; width=&quot;474&quot; height=&quot;267&quot; frameborder=&quot;0&quot; allow=&quot;autoplay; fullscreen; picture-in-picture; clipboard-write&quot;&gt;&lt;\/iframe&gt;\">Esta p\u00e1gina incluye contenido multimedia que requiere aceptar todas las cookies. Pulse aqu\u00ed para abrir la configuraci\u00f3n de cookies.<\/div><\/p>\n<p>Carmen<\/p>\n","protected":false},"excerpt":{"rendered":"<p>\u00a1\u00a1QU\u00c9 BIEN LO PASAMOS EL VIERNES!! Desde primera hora la clase se iba llenando de color,\u00a0 ilusi\u00f3n, sorpresas al ver los\u00a0 diferentes disfraces que cada uno llev\u00e1bamos.\u00a0 Ambientamos el momento con m\u00fasica mientras vamos maquillando a los que no estaban caracterizados de casa. A las diez, como ten\u00edamos previsto en el programa,\u00a0 las clases Naranja, &hellip; <a href=\"https:\/\/www.alqueria.es\/blogs\/alqueriarojaverde\/2019\/02\/24\/carnaval-carnaval-2\/\" class=\"more-link\">Seguir leyendo <span class=\"screen-reader-text\">\u00a1\u00a1CARNAVAL, CARNAVAL&#8230;..!!<\/span> <span class=\"meta-nav\">&rarr;<\/span><\/a><\/p>\n","protected":false},"author":19,"featured_media":0,"comment_status":"open","ping_status":"open","sticky":false,"template":"","format":"standard","meta":{"jetpack_post_was_ever_published":false,"_jetpack_newsletter_access":"","_jetpack_dont_email_post_to_subs":false,"_jetpack_newsletter_tier_id":0,"_jetpack_memberships_contains_paywalled_content":false,"_jetpack_memberships_contains_paid_content":false,"footnotes":"","jetpack_publicize_message":"","jetpack_publicize_feature_enabled":true,"jetpack_social_post_already_shared":true,"jetpack_social_options":{"image_generator_settings":{"template":"highway","default_image_id":0,"font":"","enabled":false},"version":2}},"categories":[22,6],"tags":[583,339,594,88],"class_list":["post-21430","post","type-post","status-publish","format-standard","hentry","category-actividades-especiales-y-salidas-clase-roja","category-clase-roja-4-5-anos","tag-carnaval-en-infantil","tag-chirigota-carnaval","tag-disfraces","tag-fiesta-de-carnaval"],"jetpack_publicize_connections":[],"jetpack_featured_media_url":"","jetpack_sharing_enabled":true,"jetpack_shortlink":"https:\/\/wp.me\/p4lFbP-5zE","_links":{"self":[{"href":"https:\/\/www.alqueria.es\/blogs\/alqueriarojaverde\/wp-json\/wp\/v2\/posts\/21430","targetHints":{"allow":["GET"]}}],"collection":[{"href":"https:\/\/www.alqueria.es\/blogs\/alqueriarojaverde\/wp-json\/wp\/v2\/posts"}],"about":[{"href":"https:\/\/www.alqueria.es\/blogs\/alqueriarojaverde\/wp-json\/wp\/v2\/types\/post"}],"author":[{"embeddable":true,"href":"https:\/\/www.alqueria.es\/blogs\/alqueriarojaverde\/wp-json\/wp\/v2\/users\/19"}],"replies":[{"embeddable":true,"href":"https:\/\/www.alqueria.es\/blogs\/alqueriarojaverde\/wp-json\/wp\/v2\/comments?post=21430"}],"version-history":[{"count":0,"href":"https:\/\/www.alqueria.es\/blogs\/alqueriarojaverde\/wp-json\/wp\/v2\/posts\/21430\/revisions"}],"wp:attachment":[{"href":"https:\/\/www.alqueria.es\/blogs\/alqueriarojaverde\/wp-json\/wp\/v2\/media?parent=21430"}],"wp:term":[{"taxonomy":"category","embeddable":true,"href":"https:\/\/www.alqueria.es\/blogs\/alqueriarojaverde\/wp-json\/wp\/v2\/categories?post=21430"},{"taxonomy":"post_tag","embeddable":true,"href":"https:\/\/www.alqueria.es\/blogs\/alqueriarojaverde\/wp-json\/wp\/v2\/tags?post=21430"}],"curies":[{"name":"wp","href":"https:\/\/api.w.org\/{rel}","templated":true}]}}