{"id":2149,"date":"2013-01-11T10:16:23","date_gmt":"2013-01-11T09:16:23","guid":{"rendered":"http:\/\/alqueriarojaverde.wordpress.com\/?p=2149"},"modified":"2013-01-11T10:16:23","modified_gmt":"2013-01-11T09:16:23","slug":"expertosas-clase-verde-5","status":"publish","type":"post","link":"https:\/\/www.alqueria.es\/blogs\/alqueriarojaverde\/2013\/01\/11\/expertosas-clase-verde-5\/","title":{"rendered":"EXPERTOS\/AS CLASE VERDE"},"content":{"rendered":"<p>NOMBRE: <span style=\"color:#ff0000\">MARTA\u00a0\u00a0\u00a0\u00a0\u00a0\u00a0\u00a0\u00a0\u00a0\u00a0\u00a0\u00a0\u00a0\u00a0\u00a0\u00a0\u00a0\u00a0\u00a0\u00a0\u00a0\u00a0\u00a0\u00a0\u00a0\u00a0\u00a0\u00a0\u00a0\u00a0\u00a0\u00a0\u00a0\u00a0\u00a0\u00a0\u00a0\u00a0\u00a0\u00a0\u00a0\u00a0\u00a0\u00a0\u00a0\u00a0\u00a0\u00a0\u00a0\u00a0\u00a0\u00a0\u00a0\u00a0\u00a0\u00a0\u00a0\u00a0\u00a0\u00a0\u00a0\u00a0\u00a0\u00a0\u00a0\u00a0\u00a0\u00a0\u00a0\u00a0\u00a0\u00a0\u00a0\u00a0\u00a0\u00a0\u00a0\u00a0\u00a0\u00a0\u00a0\u00a0\u00a0\u00a0\u00a0\u00a0\u00a0\u00a0\u00a0\u00a0\u00a0\u00a0\u00a0\u00a0\u00a0\u00a0\u00a0\u00a0\u00a0 <\/span><\/p>\n<p><a href=\"http:\/\/alqueriarojaverde.files.wordpress.com\/2013\/01\/ponis.png\"><img data-recalc-dims=\"1\" decoding=\"async\" class=\"size-thumbnail wp-image-2151 alignright\" alt=\"ponis\" src=\"http:\/\/alqueriarojaverde.files.wordpress.com\/2013\/01\/ponis.png?w=150&#038;resize=160%2C122\" width=\"160\" height=\"122\" \/><\/a>TEMA: <span style=\"color:#ff0000\">LOS PONIS<\/span><\/p>\n<p>FECHA: <span style=\"color:#ff0000\">10-1-13<\/span><\/p>\n<p><span style=\"color:#000000\">Se estrena como la primera experta del 2013.<\/span><\/p>\n<p>Marta muy decidida coge la \u00abvarilla de mando\u00bb una vez colocados sus carteles. Estaba ansiosa por empezar pero a la vez muy tranquila.<\/p>\n<p>Comienza cont\u00e1ndonos y <span style=\"color:#ff0000\">se\u00f1alando las partes del poni:<\/span> sus orejas, patas, hocico y crines. Cuando nos habla sobre su altura la compara con&#8230; \u00abm\u00e1s o menos como charito\u00bb 1\u00b448 cm. (Sin comentarios)<\/p>\n<p>Sobre su <span style=\"color:#ff0000\">alimentaci\u00f3n.<\/span> Su men\u00fa depende de su estado f\u00edsico y de la actividad que va hacer. Comen: avena, remolacha, heno, hierba, galletas concentradas y zanahoria que tienen vitamina A porque acaba con A. Tambi\u00e9n\u00a0 le dan golosinas, pero pocas para que no le sienten mal.<\/p>\n<p><span style=\"color:#ff0000\">Reproduci\u00f3n<\/span>. Nos cuenta que para ser pap\u00e1s y mam\u00e1s tienen que tener 3 o 4 a\u00f1os y suele ser en primavera.<\/p>\n<p>Hay varias <span style=\"color:#ff0000\">razas<\/span>: <span style=\"color:#0000ff\">El ASTURC\u00d3N<\/span> (Asturias) son negros y fuertes. <span style=\"color:#0000ff\">El de GALES<\/span> que es valiente, fuerte y d\u00f3cil. <span style=\"color:#0000ff\">SHETLAND<\/span> es el m\u00e1s peque\u00f1o, peludo y fuerte tambi\u00e9n.<\/p>\n<p><span style=\"color:#ff0000\">Los utilizamos<\/span>\u00a0 para pasear,\u00a0 hacer carreras, llevar un carro y para montarlos en la feria. Comenta que estos \u00faltimos est\u00e1n muy tristes y cansados de dar vueltas y vueltas.<\/p>\n<p>Nos muestra muy orgullosa, una foto de ella con su abuelo subida en un poni.<\/p>\n<p><span style=\"color:#ff0000\">Leemos<\/span> uno de los libros aportados para la ocasi\u00f3n titulado \u00abCaballos y ponis\u00bb<\/p>\n<p><span style=\"text-decoration:underline\">Preguntas de sus compa\u00f1eros.<\/span><\/p>\n<p>Pablo: \u00bfPor qu\u00e9 es el m\u00e1s peque\u00f1o?<\/p>\n<p>Pepe: \u00bfPor qu\u00e9 tiene las patas tan fuertes?<\/p>\n<p>Vega: \u00bfPara qu\u00e9 tienen el hocico y qu\u00e9 comen?<\/p>\n<p>Leo: \u00bfPor qu\u00e9 est\u00e1n en la feria?<\/p>\n<p>Francisco: \u00bfCu\u00e1l es el m\u00e1s grande?<\/p>\n<p>Marina: \u00bfPara qu\u00e9 le sirve la cola?<\/p>\n<p>Pedro: \u00bfPor qu\u00e9 el Asturiano es negro?<\/p>\n<p>Otros\/as les apetece contar sus experiencias:<\/p>\n<p>Esperanaza: Cuando fu\u00e9 mi \u00abcumple\u00bb lo celebr\u00e9 en un sitio que hab\u00eda ponis.<\/p>\n<p>Pedro: Me mont\u00e9 en un poni negro.<\/p>\n<p>Jacobo: Me mont\u00e9 en uno que corr\u00eda un mont\u00f3n.<\/p>\n<p>Francisco: V\u00ed muchos ponis.<\/p>\n<p>Eva (Clase roja): Yo tengo un caballo.<\/p>\n<p>Abril: He visto un poni y me he montado.<\/p>\n<p>Ana nos ha tra\u00eddo dos fotos de ella montando en poni.<\/p>\n<p>Despu\u00e9s de felicitarla calurosamente pasamos a la<span style=\"color:#008000\"> propuesta de juego<\/span>. Nos piden que los maquillemos y pintemos de ponis. Cuando les preguntamos que c\u00f3mo quieren nos contestan que&#8230; negros, marrones, Asturianos, grandes o peque\u00f1os, ponis pap\u00e1s o mam\u00e1s.<\/p>\n<p>Durante el juego cogen las verduras de pl\u00e1stico de la cocinita para alimentarse y utilizan las mesas y sillas para resguardarse.<\/p>\n<p>Pasamos a la <span style=\"color:#ff6600\">expresi\u00f3n gr\u00e1fica<\/span> sobre lo jugado o sobre la exposici\u00f3n de Marta.<\/p>\n<p>Por la tarde realizamos una <span style=\"color:#993366\">actividad creativa<\/span>. Coloreamos fant\u00e1sticos caballos de colorines con la <span style=\"color:#993366\">t\u00e9cnica de la acuarela.<\/span><\/p>\n<p class=\"jetpack-slideshow-noscript robots-nocontent\">El pase de diapositivas requiere JavaScript.<\/p><div id=\"gallery-2149-1-slideshow\" class=\"jetpack-slideshow-window jetpack-slideshow jetpack-slideshow-black\" data-trans=\"fade\" data-autostart=\"1\" data-gallery=\"[{&quot;src&quot;:&quot;https:\\\/\\\/i0.wp.com\\\/www.alqueria.es\\\/blogs\\\/alqueriarojaverde\\\/wp-content\\\/uploads\\\/sites\\\/8\\\/2013\\\/01\\\/dibujos1.jpg?fit=1024%2C768\\u0026ssl=1&quot;,&quot;id&quot;:&quot;2352&quot;,&quot;title&quot;:&quot;dibujos&quot;,&quot;alt&quot;:&quot;&quot;,&quot;caption&quot;:&quot;&quot;,&quot;itemprop&quot;:&quot;image&quot;},{&quot;src&quot;:&quot;https:\\\/\\\/i0.wp.com\\\/www.alqueria.es\\\/blogs\\\/alqueriarojaverde\\\/wp-content\\\/uploads\\\/sites\\\/8\\\/2013\\\/01\\\/experta1.jpg?fit=1024%2C768\\u0026ssl=1&quot;,&quot;id&quot;:&quot;2353&quot;,&quot;title&quot;:&quot;experta&quot;,&quot;alt&quot;:&quot;&quot;,&quot;caption&quot;:&quot;&quot;,&quot;itemprop&quot;:&quot;image&quot;},{&quot;src&quot;:&quot;https:\\\/\\\/i0.wp.com\\\/www.alqueria.es\\\/blogs\\\/alqueriarojaverde\\\/wp-content\\\/uploads\\\/sites\\\/8\\\/2013\\\/01\\\/explicando1.jpg?fit=1024%2C768\\u0026ssl=1&quot;,&quot;id&quot;:&quot;2354&quot;,&quot;title&quot;:&quot;explicando&quot;,&quot;alt&quot;:&quot;&quot;,&quot;caption&quot;:&quot;&quot;,&quot;itemprop&quot;:&quot;image&quot;},{&quot;src&quot;:&quot;https:\\\/\\\/i0.wp.com\\\/www.alqueria.es\\\/blogs\\\/alqueriarojaverde\\\/wp-content\\\/uploads\\\/sites\\\/8\\\/2013\\\/01\\\/exposicion1.jpg?fit=1024%2C768\\u0026ssl=1&quot;,&quot;id&quot;:&quot;2355&quot;,&quot;title&quot;:&quot;exposicion&quot;,&quot;alt&quot;:&quot;&quot;,&quot;caption&quot;:&quot;&quot;,&quot;itemprop&quot;:&quot;image&quot;},{&quot;src&quot;:&quot;https:\\\/\\\/i0.wp.com\\\/www.alqueria.es\\\/blogs\\\/alqueriarojaverde\\\/wp-content\\\/uploads\\\/sites\\\/8\\\/2013\\\/01\\\/juego1.jpg?fit=1024%2C768\\u0026ssl=1&quot;,&quot;id&quot;:&quot;2356&quot;,&quot;title&quot;:&quot;juego&quot;,&quot;alt&quot;:&quot;&quot;,&quot;caption&quot;:&quot;&quot;,&quot;itemprop&quot;:&quot;image&quot;},{&quot;src&quot;:&quot;https:\\\/\\\/i0.wp.com\\\/www.alqueria.es\\\/blogs\\\/alqueriarojaverde\\\/wp-content\\\/uploads\\\/sites\\\/8\\\/2013\\\/01\\\/ponis.jpg?fit=1024%2C768\\u0026ssl=1&quot;,&quot;id&quot;:&quot;2358&quot;,&quot;title&quot;:&quot;ponis&quot;,&quot;alt&quot;:&quot;&quot;,&quot;caption&quot;:&quot;&quot;,&quot;itemprop&quot;:&quot;image&quot;},{&quot;src&quot;:&quot;https:\\\/\\\/i0.wp.com\\\/www.alqueria.es\\\/blogs\\\/alqueriarojaverde\\\/wp-content\\\/uploads\\\/sites\\\/8\\\/2013\\\/01\\\/ponis2.png?fit=530%2C376\\u0026ssl=1&quot;,&quot;id&quot;:&quot;2359&quot;,&quot;title&quot;:&quot;ponis&quot;,&quot;alt&quot;:&quot;&quot;,&quot;caption&quot;:&quot;&quot;,&quot;itemprop&quot;:&quot;image&quot;},{&quot;src&quot;:&quot;https:\\\/\\\/i0.wp.com\\\/www.alqueria.es\\\/blogs\\\/alqueriarojaverde\\\/wp-content\\\/uploads\\\/sites\\\/8\\\/2013\\\/01\\\/retrato1.jpg?fit=1024%2C768\\u0026ssl=1&quot;,&quot;id&quot;:&quot;2360&quot;,&quot;title&quot;:&quot;retrato&quot;,&quot;alt&quot;:&quot;&quot;,&quot;caption&quot;:&quot;&quot;,&quot;itemprop&quot;:&quot;image&quot;}]\" itemscope itemtype=\"https:\/\/schema.org\/ImageGallery\"><\/div>\n<p>&nbsp;<\/p>\n<p>\u00a1 Marta muchas felicidades ! por tu excelente e incre\u00edble exposici\u00f3n que a todos\/as nos ha gustado mucho.<\/p>\n<p>Rosario Garc\u00eda-Valenzuela Morell.<\/p>\n","protected":false},"excerpt":{"rendered":"<p>NOMBRE: MARTA\u00a0\u00a0\u00a0\u00a0\u00a0\u00a0\u00a0\u00a0\u00a0\u00a0\u00a0\u00a0\u00a0\u00a0\u00a0\u00a0\u00a0\u00a0\u00a0\u00a0\u00a0\u00a0\u00a0\u00a0\u00a0\u00a0\u00a0\u00a0\u00a0\u00a0\u00a0\u00a0\u00a0\u00a0\u00a0\u00a0\u00a0\u00a0\u00a0\u00a0\u00a0\u00a0\u00a0\u00a0\u00a0\u00a0\u00a0\u00a0\u00a0\u00a0\u00a0\u00a0\u00a0\u00a0\u00a0\u00a0\u00a0\u00a0\u00a0\u00a0\u00a0\u00a0\u00a0\u00a0\u00a0\u00a0\u00a0\u00a0\u00a0\u00a0\u00a0\u00a0\u00a0\u00a0\u00a0\u00a0\u00a0\u00a0\u00a0\u00a0\u00a0\u00a0\u00a0\u00a0\u00a0\u00a0\u00a0\u00a0\u00a0\u00a0\u00a0\u00a0\u00a0\u00a0\u00a0\u00a0\u00a0\u00a0\u00a0 TEMA: LOS PONIS FECHA: 10-1-13 Se estrena como la primera experta del 2013. Marta muy decidida coge la \u00abvarilla de mando\u00bb una vez colocados sus carteles. Estaba ansiosa por empezar pero a la vez muy tranquila. Comienza cont\u00e1ndonos y se\u00f1alando las partes del poni: sus orejas, patas, hocico y crines. Cuando nos habla &hellip; <a href=\"https:\/\/www.alqueria.es\/blogs\/alqueriarojaverde\/2013\/01\/11\/expertosas-clase-verde-5\/\" class=\"more-link\">Seguir leyendo <span class=\"screen-reader-text\">EXPERTOS\/AS CLASE VERDE<\/span> <span class=\"meta-nav\">&rarr;<\/span><\/a><\/p>\n","protected":false},"author":19,"featured_media":0,"comment_status":"open","ping_status":"open","sticky":false,"template":"","format":"standard","meta":{"jetpack_post_was_ever_published":false,"_jetpack_newsletter_access":"","_jetpack_dont_email_post_to_subs":false,"_jetpack_newsletter_tier_id":0,"_jetpack_memberships_contains_paywalled_content":false,"_jetpack_memberships_contains_paid_content":false,"footnotes":"","jetpack_publicize_message":"","jetpack_publicize_feature_enabled":true,"jetpack_social_post_already_shared":false,"jetpack_social_options":{"image_generator_settings":{"template":"highway","default_image_id":0,"font":"","enabled":false},"version":2}},"categories":[7,11,13,15],"tags":[32],"class_list":["post-2149","post","type-post","status-publish","format-standard","hentry","category-clase-verde-5-6-anos","category-expertosas-clase-verde","category-inicio","category-noticias","tag-10-de-enero-del-2013"],"jetpack_publicize_connections":[],"jetpack_featured_media_url":"","jetpack_sharing_enabled":true,"jetpack_shortlink":"https:\/\/wp.me\/p4lFbP-yF","_links":{"self":[{"href":"https:\/\/www.alqueria.es\/blogs\/alqueriarojaverde\/wp-json\/wp\/v2\/posts\/2149","targetHints":{"allow":["GET"]}}],"collection":[{"href":"https:\/\/www.alqueria.es\/blogs\/alqueriarojaverde\/wp-json\/wp\/v2\/posts"}],"about":[{"href":"https:\/\/www.alqueria.es\/blogs\/alqueriarojaverde\/wp-json\/wp\/v2\/types\/post"}],"author":[{"embeddable":true,"href":"https:\/\/www.alqueria.es\/blogs\/alqueriarojaverde\/wp-json\/wp\/v2\/users\/19"}],"replies":[{"embeddable":true,"href":"https:\/\/www.alqueria.es\/blogs\/alqueriarojaverde\/wp-json\/wp\/v2\/comments?post=2149"}],"version-history":[{"count":0,"href":"https:\/\/www.alqueria.es\/blogs\/alqueriarojaverde\/wp-json\/wp\/v2\/posts\/2149\/revisions"}],"wp:attachment":[{"href":"https:\/\/www.alqueria.es\/blogs\/alqueriarojaverde\/wp-json\/wp\/v2\/media?parent=2149"}],"wp:term":[{"taxonomy":"category","embeddable":true,"href":"https:\/\/www.alqueria.es\/blogs\/alqueriarojaverde\/wp-json\/wp\/v2\/categories?post=2149"},{"taxonomy":"post_tag","embeddable":true,"href":"https:\/\/www.alqueria.es\/blogs\/alqueriarojaverde\/wp-json\/wp\/v2\/tags?post=2149"}],"curies":[{"name":"wp","href":"https:\/\/api.w.org\/{rel}","templated":true}]}}