{"id":21803,"date":"2019-03-18T16:18:03","date_gmt":"2019-03-18T15:18:03","guid":{"rendered":"https:\/\/www.alqueria.es\/blogs\/alqueriarojaverde\/?p=21803"},"modified":"2019-03-18T16:18:03","modified_gmt":"2019-03-18T15:18:03","slug":"visitamos-el-museo-jose-guerrero-vinetas-desbordadas","status":"publish","type":"post","link":"https:\/\/www.alqueria.es\/blogs\/alqueriarojaverde\/2019\/03\/18\/visitamos-el-museo-jose-guerrero-vinetas-desbordadas\/","title":{"rendered":"VISITAMOS EL MUSEO JOS\u00c9 GUERRERO: \u00abVI\u00d1ETAS DESBORDADAS\u00bb"},"content":{"rendered":"<p>El pasado viernes tuvimos oportunidad de llevar a cabo nuestra salida trimestral, en compa\u00f1\u00eda de los otros dos grupos del ciclo. En esta ocasi\u00f3n el lugar escogido fue el <span style=\"color: #0000ff\"><strong>CENTRO JOS\u00c9 GUERRERO,<\/strong> <\/span>que albergaba una exposici\u00f3n itinerante acerca del c\u00f3mic: <em><strong><span style=\"color: #0000ff\">\u00abVI\u00d1ETAS DESBORDADAS\u00bb.<\/span><\/strong><\/em><\/p>\n<p>Durante el trayecto en bus nos acompa\u00f1\u00f3 Charito, que estuvo haciendo las veces de gu\u00eda tur\u00edstico y nos fue relatando los lugares por los que pas\u00e1bamos con el autob\u00fas.<\/p>\n<p><img data-recalc-dims=\"1\" decoding=\"async\" data-attachment-id=\"21804\" data-permalink=\"https:\/\/www.alqueria.es\/blogs\/alqueriarojaverde\/2019\/03\/18\/visitamos-el-museo-jose-guerrero-vinetas-desbordadas\/dsc_1052\/\" data-orig-file=\"https:\/\/i0.wp.com\/cloud.alqueria.es\/wp-content\/uploads\/sites\/8\/2019\/03\/DSC_1052.jpg?fit=574%2C1024&amp;ssl=1\" data-orig-size=\"574,1024\" data-comments-opened=\"1\" data-image-meta=\"{&quot;aperture&quot;:&quot;0&quot;,&quot;credit&quot;:&quot;&quot;,&quot;camera&quot;:&quot;&quot;,&quot;caption&quot;:&quot;&quot;,&quot;created_timestamp&quot;:&quot;0&quot;,&quot;copyright&quot;:&quot;&quot;,&quot;focal_length&quot;:&quot;0&quot;,&quot;iso&quot;:&quot;0&quot;,&quot;shutter_speed&quot;:&quot;0&quot;,&quot;title&quot;:&quot;&quot;,&quot;orientation&quot;:&quot;0&quot;}\" data-image-title=\"DSC_1052\" data-image-description=\"\" data-image-caption=\"\" data-large-file=\"https:\/\/i0.wp.com\/cloud.alqueria.es\/wp-content\/uploads\/sites\/8\/2019\/03\/DSC_1052.jpg?fit=474%2C846&amp;ssl=1\" class=\"aligncenter size-full wp-image-21804\" src=\"https:\/\/i0.wp.com\/cloud.alqueria.es\/wp-content\/uploads\/sites\/8\/2019\/03\/DSC_1052.jpg?resize=474%2C846&#038;ssl=1\" alt=\"\" width=\"474\" height=\"846\" srcset=\"https:\/\/cloud.alqueria.es\/wp-content\/uploads\/sites\/8\/2019\/03\/DSC_1052.jpg 574w, https:\/\/cloud.alqueria.es\/wp-content\/uploads\/sites\/8\/2019\/03\/DSC_1052.jpg 168w\" sizes=\"(max-width: 474px) 100vw, 474px\" \/><\/p>\n<p>Una vez nos dej\u00f3 el autob\u00fas en la parada acordada, pusimos en pr\u00e1ctica las normas de traslado cuando vamos por sitios muy transitados y adem\u00e1s hay tr\u00e1fico. Como observar\u00e9is, el comportamiento durante ambos traslados fue extraordinario, tanto que al llegar les cantamos un \u00ab\u00a1os\u00fa que bien!\u00bb.<\/p>\n<p class=\"jetpack-slideshow-noscript robots-nocontent\">El pase de diapositivas requiere JavaScript.<\/p><div id=\"gallery-21803-1-slideshow\" class=\"jetpack-slideshow-window jetpack-slideshow jetpack-slideshow-black\" data-trans=\"fade\" data-autostart=\"1\" data-gallery=\"[{&quot;src&quot;:&quot;https:\\\/\\\/i0.wp.com\\\/cloud.alqueria.es\\\/wp-content\\\/uploads\\\/sites\\\/8\\\/2019\\\/03\\\/DSC_1053.jpg?fit=1024%2C578\\u0026ssl=1&quot;,&quot;id&quot;:&quot;21805&quot;,&quot;title&quot;:&quot;DSC_1053&quot;,&quot;alt&quot;:&quot;&quot;,&quot;caption&quot;:&quot;Cruzamos el sem\\u00e1foro en parejas&quot;,&quot;itemprop&quot;:&quot;image&quot;},{&quot;src&quot;:&quot;https:\\\/\\\/i0.wp.com\\\/cloud.alqueria.es\\\/wp-content\\\/uploads\\\/sites\\\/8\\\/2019\\\/03\\\/DSC_1054.jpg?fit=574%2C1024\\u0026ssl=1&quot;,&quot;id&quot;:&quot;21806&quot;,&quot;title&quot;:&quot;DSC_1054&quot;,&quot;alt&quot;:&quot;&quot;,&quot;caption&quot;:&quot;Esperamos un poquito a los peques, que andan m\\u00e1s despacito&quot;,&quot;itemprop&quot;:&quot;image&quot;},{&quot;src&quot;:&quot;https:\\\/\\\/i0.wp.com\\\/cloud.alqueria.es\\\/wp-content\\\/uploads\\\/sites\\\/8\\\/2019\\\/03\\\/DSC_1057.jpg?fit=1024%2C578\\u0026ssl=1&quot;,&quot;id&quot;:&quot;21807&quot;,&quot;title&quot;:&quot;DSC_1057&quot;,&quot;alt&quot;:&quot;&quot;,&quot;caption&quot;:&quot;A partir de aqu\\u00ed las calles son peatonales, prueba superada&quot;,&quot;itemprop&quot;:&quot;image&quot;}]\" itemscope itemtype=\"https:\/\/schema.org\/ImageGallery\"><\/div>\n<p>En el Centro, nos esperaban Pablo y Mario, quienes guiar\u00edan nuestra visita por la exposici\u00f3n. Como \u00e9ramos muchos, decidieron agrupar las otras dos clases y nosotros tuvimos unos 30 minutos aproximadamente para pasear por las calles del centro de Granada.<\/p>\n<p>\u00bfQu\u00e9 quer\u00e9is que os diga?, me lo pas\u00e9 en grande observando su curiosidad por cada rinc\u00f3n que pas\u00e1bamos, disfrutando de su responsabilidad y buen comportamiento, y sobre todo viendo sus caras de satisfacci\u00f3n por sentirse mayores al realizar este paseo, ya que no estaba previsto. A nuestro paso descubrimos algunas cosas relacionadas con nuestra propuesta de la Alhambra, cer\u00e1mica, construcciones t\u00edpicas &#8230; y como ya sab\u00e9is nos encontramos con alguna que otra familia.<\/p>\n<p class=\"jetpack-slideshow-noscript robots-nocontent\">El pase de diapositivas requiere JavaScript.<\/p><div id=\"gallery-21803-2-slideshow\" class=\"jetpack-slideshow-window jetpack-slideshow jetpack-slideshow-black\" data-trans=\"fade\" data-autostart=\"1\" data-gallery=\"[{&quot;src&quot;:&quot;https:\\\/\\\/i0.wp.com\\\/cloud.alqueria.es\\\/wp-content\\\/uploads\\\/sites\\\/8\\\/2019\\\/03\\\/DSC_1058.jpg?fit=567%2C1024\\u0026ssl=1&quot;,&quot;id&quot;:&quot;21808&quot;,&quot;title&quot;:&quot;DSC_1058&quot;,&quot;alt&quot;:&quot;&quot;,&quot;caption&quot;:&quot;&quot;,&quot;itemprop&quot;:&quot;image&quot;},{&quot;src&quot;:&quot;https:\\\/\\\/i0.wp.com\\\/cloud.alqueria.es\\\/wp-content\\\/uploads\\\/sites\\\/8\\\/2019\\\/03\\\/DSC_1062.jpg?fit=574%2C1024\\u0026ssl=1&quot;,&quot;id&quot;:&quot;21809&quot;,&quot;title&quot;:&quot;DSC_1062&quot;,&quot;alt&quot;:&quot;&quot;,&quot;caption&quot;:&quot;&quot;,&quot;itemprop&quot;:&quot;image&quot;},{&quot;src&quot;:&quot;https:\\\/\\\/i0.wp.com\\\/cloud.alqueria.es\\\/wp-content\\\/uploads\\\/sites\\\/8\\\/2019\\\/03\\\/DSC_1064.jpg?fit=1024%2C578\\u0026ssl=1&quot;,&quot;id&quot;:&quot;21810&quot;,&quot;title&quot;:&quot;DSC_1064&quot;,&quot;alt&quot;:&quot;&quot;,&quot;caption&quot;:&quot;&quot;,&quot;itemprop&quot;:&quot;image&quot;},{&quot;src&quot;:&quot;https:\\\/\\\/i0.wp.com\\\/cloud.alqueria.es\\\/wp-content\\\/uploads\\\/sites\\\/8\\\/2019\\\/03\\\/DSC_1065.jpg?fit=574%2C1024\\u0026ssl=1&quot;,&quot;id&quot;:&quot;21811&quot;,&quot;title&quot;:&quot;DSC_1065&quot;,&quot;alt&quot;:&quot;&quot;,&quot;caption&quot;:&quot;&quot;,&quot;itemprop&quot;:&quot;image&quot;},{&quot;src&quot;:&quot;https:\\\/\\\/i0.wp.com\\\/cloud.alqueria.es\\\/wp-content\\\/uploads\\\/sites\\\/8\\\/2019\\\/03\\\/DSC_1066.jpg?fit=574%2C1024\\u0026ssl=1&quot;,&quot;id&quot;:&quot;21812&quot;,&quot;title&quot;:&quot;DSC_1066&quot;,&quot;alt&quot;:&quot;&quot;,&quot;caption&quot;:&quot;&quot;,&quot;itemprop&quot;:&quot;image&quot;}]\" itemscope itemtype=\"https:\/\/schema.org\/ImageGallery\"><\/div>\n<p>Al llegar a la plaza de las Pasiegas decidimos hacer un alto en el camino para tomar unas galletas y piquitos de pan, con objeto de reponer fuerzas. Tuvimos la suerte de encontrarnos un espect\u00e1culo callejero, del que disfrutamos con agrado.<\/p>\n<p><img data-recalc-dims=\"1\" decoding=\"async\" data-attachment-id=\"21814\" data-permalink=\"https:\/\/www.alqueria.es\/blogs\/alqueriarojaverde\/2019\/03\/18\/visitamos-el-museo-jose-guerrero-vinetas-desbordadas\/dsc_1068\/\" data-orig-file=\"https:\/\/i0.wp.com\/cloud.alqueria.es\/wp-content\/uploads\/sites\/8\/2019\/03\/DSC_1068.jpg?fit=1024%2C578&amp;ssl=1\" data-orig-size=\"1024,578\" data-comments-opened=\"1\" data-image-meta=\"{&quot;aperture&quot;:&quot;0&quot;,&quot;credit&quot;:&quot;&quot;,&quot;camera&quot;:&quot;&quot;,&quot;caption&quot;:&quot;&quot;,&quot;created_timestamp&quot;:&quot;0&quot;,&quot;copyright&quot;:&quot;&quot;,&quot;focal_length&quot;:&quot;0&quot;,&quot;iso&quot;:&quot;0&quot;,&quot;shutter_speed&quot;:&quot;0&quot;,&quot;title&quot;:&quot;&quot;,&quot;orientation&quot;:&quot;0&quot;}\" data-image-title=\"DSC_1068\" data-image-description=\"\" data-image-caption=\"\" data-large-file=\"https:\/\/i0.wp.com\/cloud.alqueria.es\/wp-content\/uploads\/sites\/8\/2019\/03\/DSC_1068.jpg?fit=474%2C268&amp;ssl=1\" class=\"aligncenter size-full wp-image-21814\" src=\"https:\/\/i0.wp.com\/cloud.alqueria.es\/wp-content\/uploads\/sites\/8\/2019\/03\/DSC_1068.jpg?resize=474%2C268&#038;ssl=1\" alt=\"\" width=\"474\" height=\"268\" srcset=\"https:\/\/cloud.alqueria.es\/wp-content\/uploads\/sites\/8\/2019\/03\/DSC_1068.jpg 1024w, https:\/\/cloud.alqueria.es\/wp-content\/uploads\/sites\/8\/2019\/03\/DSC_1068.jpg 300w, https:\/\/cloud.alqueria.es\/wp-content\/uploads\/sites\/8\/2019\/03\/DSC_1068.jpg 768w, https:\/\/cloud.alqueria.es\/wp-content\/uploads\/sites\/8\/2019\/03\/DSC_1068.jpg 948w\" sizes=\"(max-width: 474px) 100vw, 474px\" \/><\/p>\n<div class=\"tiled-gallery type-circle tiled-gallery-unresized\" data-original-width=\"474\" data-carousel-extra='{&quot;blog_id&quot;:8,&quot;permalink&quot;:&quot;https:\\\/\\\/www.alqueria.es\\\/blogs\\\/alqueriarojaverde\\\/2019\\\/03\\\/18\\\/visitamos-el-museo-jose-guerrero-vinetas-desbordadas\\\/&quot;,&quot;likes_blog_id&quot;:64268569}' itemscope itemtype=\"http:\/\/schema.org\/ImageGallery\" > <div class=\"gallery-row\" style=\"width: 474px; height: 237px;\" data-original-width=\"474\" data-original-height=\"237\" > <div class=\"gallery-group\" style=\"width: 237px; height: 237px;\" data-original-width=\"237\" data-original-height=\"237\" > <div class=\"tiled-gallery-item \" itemprop=\"associatedMedia\" itemscope itemtype=\"http:\/\/schema.org\/ImageObject\"> <a href=\"https:\/\/www.alqueria.es\/blogs\/alqueriarojaverde\/2019\/03\/18\/visitamos-el-museo-jose-guerrero-vinetas-desbordadas\/dsc_1073\/\" border=\"0\" itemprop=\"url\"> <meta itemprop=\"width\" content=\"233\"> <meta itemprop=\"height\" content=\"233\"> <img decoding=\"async\" class=\"\" data-attachment-id=\"21815\" data-orig-file=\"https:\/\/cloud.alqueria.es\/wp-content\/uploads\/sites\/8\/2019\/03\/DSC_1073.jpg\" data-orig-size=\"1024,578\" data-comments-opened=\"1\" data-image-meta=\"{&quot;aperture&quot;:&quot;0&quot;,&quot;credit&quot;:&quot;&quot;,&quot;camera&quot;:&quot;&quot;,&quot;caption&quot;:&quot;&quot;,&quot;created_timestamp&quot;:&quot;0&quot;,&quot;copyright&quot;:&quot;&quot;,&quot;focal_length&quot;:&quot;0&quot;,&quot;iso&quot;:&quot;0&quot;,&quot;shutter_speed&quot;:&quot;0&quot;,&quot;title&quot;:&quot;&quot;,&quot;orientation&quot;:&quot;0&quot;}\" data-image-title=\"DSC_1073\" data-image-description=\"\" data-medium-file=\"https:\/\/i0.wp.com\/cloud.alqueria.es\/wp-content\/uploads\/sites\/8\/2019\/03\/DSC_1073.jpg?fit=300%2C169&#038;ssl=1\" data-large-file=\"https:\/\/i0.wp.com\/cloud.alqueria.es\/wp-content\/uploads\/sites\/8\/2019\/03\/DSC_1073.jpg?fit=474%2C268&#038;ssl=1\" src=\"https:\/\/i0.wp.com\/cloud.alqueria.es\/wp-content\/uploads\/sites\/8\/2019\/03\/DSC_1073.jpg?w=233&#038;h=233&#038;crop=1&#038;ssl=1\" srcset=\"https:\/\/cloud.alqueria.es\/wp-content\/uploads\/sites\/8\/2019\/03\/DSC_1073.jpg 150w, https:\/\/cloud.alqueria.es\/wp-content\/uploads\/sites\/8\/2019\/03\/DSC_1073.jpg 466w, https:\/\/cloud.alqueria.es\/wp-content\/uploads\/sites\/8\/2019\/03\/DSC_1073.jpg 699w\" width=\"233\" height=\"233\" loading=\"lazy\" data-original-width=\"233\" data-original-height=\"233\" itemprop=\"http:\/\/schema.org\/image\" title=\"DSC_1073\" alt=\"DSC_1073\" style=\"width: 233px; height: 233px;\" \/> <\/a> <\/div> <\/div> <div class=\"gallery-group\" style=\"width: 237px; height: 237px;\" data-original-width=\"237\" data-original-height=\"237\" > <div class=\"tiled-gallery-item \" itemprop=\"associatedMedia\" itemscope itemtype=\"http:\/\/schema.org\/ImageObject\"> <a href=\"https:\/\/www.alqueria.es\/blogs\/alqueriarojaverde\/2019\/03\/18\/visitamos-el-museo-jose-guerrero-vinetas-desbordadas\/dsc_1074\/\" border=\"0\" itemprop=\"url\"> <meta itemprop=\"width\" content=\"233\"> <meta itemprop=\"height\" content=\"233\"> <img decoding=\"async\" class=\"\" data-attachment-id=\"21816\" data-orig-file=\"https:\/\/cloud.alqueria.es\/wp-content\/uploads\/sites\/8\/2019\/03\/DSC_1074.jpg\" data-orig-size=\"1024,578\" data-comments-opened=\"1\" data-image-meta=\"{&quot;aperture&quot;:&quot;0&quot;,&quot;credit&quot;:&quot;&quot;,&quot;camera&quot;:&quot;&quot;,&quot;caption&quot;:&quot;&quot;,&quot;created_timestamp&quot;:&quot;0&quot;,&quot;copyright&quot;:&quot;&quot;,&quot;focal_length&quot;:&quot;0&quot;,&quot;iso&quot;:&quot;0&quot;,&quot;shutter_speed&quot;:&quot;0&quot;,&quot;title&quot;:&quot;&quot;,&quot;orientation&quot;:&quot;0&quot;}\" data-image-title=\"DSC_1074\" data-image-description=\"\" data-medium-file=\"https:\/\/i0.wp.com\/cloud.alqueria.es\/wp-content\/uploads\/sites\/8\/2019\/03\/DSC_1074.jpg?fit=300%2C169&#038;ssl=1\" data-large-file=\"https:\/\/i0.wp.com\/cloud.alqueria.es\/wp-content\/uploads\/sites\/8\/2019\/03\/DSC_1074.jpg?fit=474%2C268&#038;ssl=1\" src=\"https:\/\/i0.wp.com\/cloud.alqueria.es\/wp-content\/uploads\/sites\/8\/2019\/03\/DSC_1074.jpg?w=233&#038;h=233&#038;crop=1&#038;ssl=1\" srcset=\"https:\/\/cloud.alqueria.es\/wp-content\/uploads\/sites\/8\/2019\/03\/DSC_1074.jpg 150w, https:\/\/cloud.alqueria.es\/wp-content\/uploads\/sites\/8\/2019\/03\/DSC_1074.jpg 466w, https:\/\/cloud.alqueria.es\/wp-content\/uploads\/sites\/8\/2019\/03\/DSC_1074.jpg 699w\" width=\"233\" height=\"233\" loading=\"lazy\" data-original-width=\"233\" data-original-height=\"233\" itemprop=\"http:\/\/schema.org\/image\" title=\"DSC_1074\" alt=\"DSC_1074\" style=\"width: 233px; height: 233px;\" \/> <\/a> <\/div> <\/div> <\/div> <\/div>\n<p>Se nos hac\u00eda tarde para llegar a la hora acordada y deb\u00edamos darnos prisa, pero justo al llegar a la puerta de entrada de la Capilla Real &#8230; un m\u00fasico nos cautiv\u00f3 con una hermosa melod\u00eda tocada con su viol\u00edn. As\u00ed que decidimos parar unos minutos y disfrutar del buc\u00f3lico momento.<\/p>\n<p><img data-recalc-dims=\"1\" decoding=\"async\" data-attachment-id=\"21818\" data-permalink=\"https:\/\/www.alqueria.es\/blogs\/alqueriarojaverde\/2019\/03\/18\/visitamos-el-museo-jose-guerrero-vinetas-desbordadas\/dsc_1076\/\" data-orig-file=\"https:\/\/i0.wp.com\/cloud.alqueria.es\/wp-content\/uploads\/sites\/8\/2019\/03\/DSC_1076.jpg?fit=1024%2C578&amp;ssl=1\" data-orig-size=\"1024,578\" data-comments-opened=\"1\" data-image-meta=\"{&quot;aperture&quot;:&quot;0&quot;,&quot;credit&quot;:&quot;&quot;,&quot;camera&quot;:&quot;&quot;,&quot;caption&quot;:&quot;&quot;,&quot;created_timestamp&quot;:&quot;0&quot;,&quot;copyright&quot;:&quot;&quot;,&quot;focal_length&quot;:&quot;0&quot;,&quot;iso&quot;:&quot;0&quot;,&quot;shutter_speed&quot;:&quot;0&quot;,&quot;title&quot;:&quot;&quot;,&quot;orientation&quot;:&quot;0&quot;}\" data-image-title=\"DSC_1076\" data-image-description=\"\" data-image-caption=\"\" data-large-file=\"https:\/\/i0.wp.com\/cloud.alqueria.es\/wp-content\/uploads\/sites\/8\/2019\/03\/DSC_1076.jpg?fit=474%2C268&amp;ssl=1\" class=\"aligncenter size-full wp-image-21818\" src=\"https:\/\/i0.wp.com\/cloud.alqueria.es\/wp-content\/uploads\/sites\/8\/2019\/03\/DSC_1076.jpg?resize=474%2C268&#038;ssl=1\" alt=\"\" width=\"474\" height=\"268\" srcset=\"https:\/\/cloud.alqueria.es\/wp-content\/uploads\/sites\/8\/2019\/03\/DSC_1076.jpg 1024w, https:\/\/cloud.alqueria.es\/wp-content\/uploads\/sites\/8\/2019\/03\/DSC_1076.jpg 300w, https:\/\/cloud.alqueria.es\/wp-content\/uploads\/sites\/8\/2019\/03\/DSC_1076.jpg 768w, https:\/\/cloud.alqueria.es\/wp-content\/uploads\/sites\/8\/2019\/03\/DSC_1076.jpg 948w\" sizes=\"(max-width: 474px) 100vw, 474px\" \/><\/p>\n<p><img data-recalc-dims=\"1\" decoding=\"async\" data-attachment-id=\"21819\" data-permalink=\"https:\/\/www.alqueria.es\/blogs\/alqueriarojaverde\/2019\/03\/18\/visitamos-el-museo-jose-guerrero-vinetas-desbordadas\/dsc_1078\/\" data-orig-file=\"https:\/\/i0.wp.com\/cloud.alqueria.es\/wp-content\/uploads\/sites\/8\/2019\/03\/DSC_1078.jpg?fit=574%2C1024&amp;ssl=1\" data-orig-size=\"574,1024\" data-comments-opened=\"1\" data-image-meta=\"{&quot;aperture&quot;:&quot;0&quot;,&quot;credit&quot;:&quot;&quot;,&quot;camera&quot;:&quot;&quot;,&quot;caption&quot;:&quot;&quot;,&quot;created_timestamp&quot;:&quot;0&quot;,&quot;copyright&quot;:&quot;&quot;,&quot;focal_length&quot;:&quot;0&quot;,&quot;iso&quot;:&quot;0&quot;,&quot;shutter_speed&quot;:&quot;0&quot;,&quot;title&quot;:&quot;&quot;,&quot;orientation&quot;:&quot;0&quot;}\" data-image-title=\"DSC_1078\" data-image-description=\"\" data-image-caption=\"\" data-large-file=\"https:\/\/i0.wp.com\/cloud.alqueria.es\/wp-content\/uploads\/sites\/8\/2019\/03\/DSC_1078.jpg?fit=474%2C846&amp;ssl=1\" class=\"aligncenter size-full wp-image-21819\" src=\"https:\/\/i0.wp.com\/cloud.alqueria.es\/wp-content\/uploads\/sites\/8\/2019\/03\/DSC_1078.jpg?resize=474%2C846&#038;ssl=1\" alt=\"\" width=\"474\" height=\"846\" srcset=\"https:\/\/cloud.alqueria.es\/wp-content\/uploads\/sites\/8\/2019\/03\/DSC_1078.jpg 574w, https:\/\/cloud.alqueria.es\/wp-content\/uploads\/sites\/8\/2019\/03\/DSC_1078.jpg 168w\" sizes=\"(max-width: 474px) 100vw, 474px\" \/><\/p>\n<p>Cuando Mario nos recibi\u00f3 nos cont\u00f3 lo que \u00edbamos a ver. En principio comenzar\u00edamos por un c\u00f3mic titulado \u00abLa vida de Ubrut, encargado de mantenimiento\u00bb.<\/p>\n<blockquote><p>\u00abUbrut sale de un libro con el encargo de cuidar la l\u00ednea que atraviesa parte del edificio; camina sobre ella con su rastrillo y su cubo, mientras canturrea. Rellena socavones y se preocupa de solucionar cualquier incidencia para tener la l\u00ednea impecable: su trabajo es tan preciso como las instrucciones que le ha dejado su jefe.\u00bb<\/p><\/blockquote>\n<p>Existe un peque\u00f1o secreto (seg\u00fan nos cuenta Mario) y es que Ubrut debe su nombre a que es muy bruto, por eso en ocasiones realiza acciones que no est\u00e1n del todo bien.<\/p>\n<p>Antes de comenzar la andadura nos lanza algunas cuestiones relativas a las im\u00e1genes que vemos y que nos hizo despertar la curiosidad a\u00fan m\u00e1s. Y luego nos vamos deteniendo en cada una de las im\u00e1genes, leyendo el texto que la acompa\u00f1a e interpretando la intenci\u00f3n del artista (Max).<\/p>\n<p class=\"jetpack-slideshow-noscript robots-nocontent\">El pase de diapositivas requiere JavaScript.<\/p><div id=\"gallery-21803-3-slideshow\" class=\"jetpack-slideshow-window jetpack-slideshow jetpack-slideshow-black\" data-trans=\"fade\" data-autostart=\"1\" data-gallery=\"[{&quot;src&quot;:&quot;https:\\\/\\\/i0.wp.com\\\/cloud.alqueria.es\\\/wp-content\\\/uploads\\\/sites\\\/8\\\/2019\\\/03\\\/DSC_1080.jpg?fit=1024%2C578\\u0026ssl=1&quot;,&quot;id&quot;:&quot;21820&quot;,&quot;title&quot;:&quot;DSC_1080&quot;,&quot;alt&quot;:&quot;&quot;,&quot;caption&quot;:&quot;&quot;,&quot;itemprop&quot;:&quot;image&quot;},{&quot;src&quot;:&quot;https:\\\/\\\/i0.wp.com\\\/cloud.alqueria.es\\\/wp-content\\\/uploads\\\/sites\\\/8\\\/2019\\\/03\\\/DSC_1081.jpg?fit=1024%2C578\\u0026ssl=1&quot;,&quot;id&quot;:&quot;21821&quot;,&quot;title&quot;:&quot;DSC_1081&quot;,&quot;alt&quot;:&quot;&quot;,&quot;caption&quot;:&quot;&quot;,&quot;itemprop&quot;:&quot;image&quot;},{&quot;src&quot;:&quot;https:\\\/\\\/i0.wp.com\\\/cloud.alqueria.es\\\/wp-content\\\/uploads\\\/sites\\\/8\\\/2019\\\/03\\\/DSC_1082.jpg?fit=1024%2C578\\u0026ssl=1&quot;,&quot;id&quot;:&quot;21822&quot;,&quot;title&quot;:&quot;DSC_1082&quot;,&quot;alt&quot;:&quot;&quot;,&quot;caption&quot;:&quot;&quot;,&quot;itemprop&quot;:&quot;image&quot;},{&quot;src&quot;:&quot;https:\\\/\\\/i0.wp.com\\\/cloud.alqueria.es\\\/wp-content\\\/uploads\\\/sites\\\/8\\\/2019\\\/03\\\/DSC_1083.jpg?fit=1024%2C578\\u0026ssl=1&quot;,&quot;id&quot;:&quot;21823&quot;,&quot;title&quot;:&quot;DSC_1083&quot;,&quot;alt&quot;:&quot;&quot;,&quot;caption&quot;:&quot;&quot;,&quot;itemprop&quot;:&quot;image&quot;},{&quot;src&quot;:&quot;https:\\\/\\\/i0.wp.com\\\/cloud.alqueria.es\\\/wp-content\\\/uploads\\\/sites\\\/8\\\/2019\\\/03\\\/DSC_1086.jpg?fit=1024%2C578\\u0026ssl=1&quot;,&quot;id&quot;:&quot;21824&quot;,&quot;title&quot;:&quot;DSC_1086&quot;,&quot;alt&quot;:&quot;&quot;,&quot;caption&quot;:&quot;&quot;,&quot;itemprop&quot;:&quot;image&quot;},{&quot;src&quot;:&quot;https:\\\/\\\/i0.wp.com\\\/cloud.alqueria.es\\\/wp-content\\\/uploads\\\/sites\\\/8\\\/2019\\\/03\\\/DSC_1089.jpg?fit=1024%2C578\\u0026ssl=1&quot;,&quot;id&quot;:&quot;21825&quot;,&quot;title&quot;:&quot;DSC_1089&quot;,&quot;alt&quot;:&quot;&quot;,&quot;caption&quot;:&quot;&quot;,&quot;itemprop&quot;:&quot;image&quot;},{&quot;src&quot;:&quot;https:\\\/\\\/i0.wp.com\\\/cloud.alqueria.es\\\/wp-content\\\/uploads\\\/sites\\\/8\\\/2019\\\/03\\\/DSC_1093.jpg?fit=574%2C1024\\u0026ssl=1&quot;,&quot;id&quot;:&quot;21826&quot;,&quot;title&quot;:&quot;DSC_1093&quot;,&quot;alt&quot;:&quot;&quot;,&quot;caption&quot;:&quot;&quot;,&quot;itemprop&quot;:&quot;image&quot;},{&quot;src&quot;:&quot;https:\\\/\\\/i0.wp.com\\\/cloud.alqueria.es\\\/wp-content\\\/uploads\\\/sites\\\/8\\\/2019\\\/03\\\/DSC_1096.jpg?fit=1024%2C578\\u0026ssl=1&quot;,&quot;id&quot;:&quot;21827&quot;,&quot;title&quot;:&quot;DSC_1096&quot;,&quot;alt&quot;:&quot;&quot;,&quot;caption&quot;:&quot;&quot;,&quot;itemprop&quot;:&quot;image&quot;},{&quot;src&quot;:&quot;https:\\\/\\\/i0.wp.com\\\/cloud.alqueria.es\\\/wp-content\\\/uploads\\\/sites\\\/8\\\/2019\\\/03\\\/DSC_1097.jpg?fit=1024%2C578\\u0026ssl=1&quot;,&quot;id&quot;:&quot;21828&quot;,&quot;title&quot;:&quot;DSC_1097&quot;,&quot;alt&quot;:&quot;&quot;,&quot;caption&quot;:&quot;&quot;,&quot;itemprop&quot;:&quot;image&quot;}]\" itemscope itemtype=\"https:\/\/schema.org\/ImageGallery\"><\/div>\n<p>En el siguiente piso nos aguardaba otra exposici\u00f3n que enlazaba con el c\u00f3mic de Ubrut, en una parada de metro que nos llevaba hasta New York. En ella aparecen seis protagonistas con sus seis historias, que se reparten a lo largo de las doce secciones que abarca la sala. Para interpretarlo nos centramos en los siguientes personajes: un taxista al que le apasiona hacerse selfies; una dibujante de c\u00f3mics a la que no le gusta estar fuera de casa (agorafobia); un m\u00fasico que toca en la calle; una elegante se\u00f1ora que tiene una enfermedad que le hace robar cosas de poco valor (clept\u00f3mana) y un anciano que revisa las fotos de su vida, para que le cuenten lo que olvida.<\/p>\n<p><img data-recalc-dims=\"1\" decoding=\"async\" data-attachment-id=\"21829\" data-permalink=\"https:\/\/www.alqueria.es\/blogs\/alqueriarojaverde\/2019\/03\/18\/visitamos-el-museo-jose-guerrero-vinetas-desbordadas\/dsc_1098\/\" data-orig-file=\"https:\/\/i0.wp.com\/cloud.alqueria.es\/wp-content\/uploads\/sites\/8\/2019\/03\/DSC_1098.jpg?fit=1024%2C578&amp;ssl=1\" data-orig-size=\"1024,578\" data-comments-opened=\"1\" data-image-meta=\"{&quot;aperture&quot;:&quot;0&quot;,&quot;credit&quot;:&quot;&quot;,&quot;camera&quot;:&quot;&quot;,&quot;caption&quot;:&quot;&quot;,&quot;created_timestamp&quot;:&quot;0&quot;,&quot;copyright&quot;:&quot;&quot;,&quot;focal_length&quot;:&quot;0&quot;,&quot;iso&quot;:&quot;0&quot;,&quot;shutter_speed&quot;:&quot;0&quot;,&quot;title&quot;:&quot;&quot;,&quot;orientation&quot;:&quot;0&quot;}\" data-image-title=\"DSC_1098\" data-image-description=\"\" data-image-caption=\"\" data-large-file=\"https:\/\/i0.wp.com\/cloud.alqueria.es\/wp-content\/uploads\/sites\/8\/2019\/03\/DSC_1098.jpg?fit=474%2C268&amp;ssl=1\" class=\"aligncenter size-full wp-image-21829\" src=\"https:\/\/i0.wp.com\/cloud.alqueria.es\/wp-content\/uploads\/sites\/8\/2019\/03\/DSC_1098.jpg?resize=474%2C268&#038;ssl=1\" alt=\"\" width=\"474\" height=\"268\" srcset=\"https:\/\/cloud.alqueria.es\/wp-content\/uploads\/sites\/8\/2019\/03\/DSC_1098.jpg 1024w, https:\/\/cloud.alqueria.es\/wp-content\/uploads\/sites\/8\/2019\/03\/DSC_1098.jpg 300w, https:\/\/cloud.alqueria.es\/wp-content\/uploads\/sites\/8\/2019\/03\/DSC_1098.jpg 768w, https:\/\/cloud.alqueria.es\/wp-content\/uploads\/sites\/8\/2019\/03\/DSC_1098.jpg 948w\" sizes=\"(max-width: 474px) 100vw, 474px\" \/><\/p>\n<p>Disfrutamos de una jornada muy especial, que estoy convencida que no olvidar\u00e1n en mucho tiempo.<\/p>\n<p>Os aconsejo que la visit\u00e9is en familia, para que teng\u00e1is oportunidad de que os cuenten todo lo que percibieron, que estoy segura que con una segunda \u00abvisi\u00f3n\u00bb ganar\u00e1 en profundidad y complejidad. Si no estoy equivocada, finaliza el 24 de marzo.<\/p>\n<p>Hoy, tras nuestra asamblea hemos dibujado lo que m\u00e1s nos gust\u00f3 del c\u00f3mic de Ubrut.<\/p>\n<p><img data-recalc-dims=\"1\" decoding=\"async\" data-attachment-id=\"21832\" data-permalink=\"https:\/\/www.alqueria.es\/blogs\/alqueriarojaverde\/2019\/03\/18\/visitamos-el-museo-jose-guerrero-vinetas-desbordadas\/dsc_1112\/\" data-orig-file=\"https:\/\/i0.wp.com\/cloud.alqueria.es\/wp-content\/uploads\/sites\/8\/2019\/03\/DSC_1112.jpg?fit=1024%2C578&amp;ssl=1\" data-orig-size=\"1024,578\" data-comments-opened=\"1\" data-image-meta=\"{&quot;aperture&quot;:&quot;0&quot;,&quot;credit&quot;:&quot;&quot;,&quot;camera&quot;:&quot;&quot;,&quot;caption&quot;:&quot;&quot;,&quot;created_timestamp&quot;:&quot;0&quot;,&quot;copyright&quot;:&quot;&quot;,&quot;focal_length&quot;:&quot;0&quot;,&quot;iso&quot;:&quot;0&quot;,&quot;shutter_speed&quot;:&quot;0&quot;,&quot;title&quot;:&quot;&quot;,&quot;orientation&quot;:&quot;0&quot;}\" data-image-title=\"DSC_1112\" data-image-description=\"\" data-image-caption=\"\" data-large-file=\"https:\/\/i0.wp.com\/cloud.alqueria.es\/wp-content\/uploads\/sites\/8\/2019\/03\/DSC_1112.jpg?fit=474%2C268&amp;ssl=1\" class=\"aligncenter size-medium wp-image-21832\" src=\"https:\/\/i0.wp.com\/cloud.alqueria.es\/wp-content\/uploads\/sites\/8\/2019\/03\/DSC_1112.jpg?resize=300%2C169&#038;ssl=1\" alt=\"\" width=\"300\" height=\"169\" srcset=\"https:\/\/cloud.alqueria.es\/wp-content\/uploads\/sites\/8\/2019\/03\/DSC_1112.jpg 1024w, https:\/\/cloud.alqueria.es\/wp-content\/uploads\/sites\/8\/2019\/03\/DSC_1112.jpg 300w, https:\/\/cloud.alqueria.es\/wp-content\/uploads\/sites\/8\/2019\/03\/DSC_1112.jpg 768w, https:\/\/cloud.alqueria.es\/wp-content\/uploads\/sites\/8\/2019\/03\/DSC_1112.jpg 948w\" sizes=\"(max-width: 300px) 100vw, 300px\" \/><\/p>\n<p><img data-recalc-dims=\"1\" decoding=\"async\" data-attachment-id=\"21831\" data-permalink=\"https:\/\/www.alqueria.es\/blogs\/alqueriarojaverde\/2019\/03\/18\/visitamos-el-museo-jose-guerrero-vinetas-desbordadas\/dsc_1111\/\" data-orig-file=\"https:\/\/i0.wp.com\/cloud.alqueria.es\/wp-content\/uploads\/sites\/8\/2019\/03\/DSC_1111.jpg?fit=1024%2C578&amp;ssl=1\" data-orig-size=\"1024,578\" data-comments-opened=\"1\" data-image-meta=\"{&quot;aperture&quot;:&quot;0&quot;,&quot;credit&quot;:&quot;&quot;,&quot;camera&quot;:&quot;&quot;,&quot;caption&quot;:&quot;&quot;,&quot;created_timestamp&quot;:&quot;0&quot;,&quot;copyright&quot;:&quot;&quot;,&quot;focal_length&quot;:&quot;0&quot;,&quot;iso&quot;:&quot;0&quot;,&quot;shutter_speed&quot;:&quot;0&quot;,&quot;title&quot;:&quot;&quot;,&quot;orientation&quot;:&quot;0&quot;}\" data-image-title=\"DSC_1111\" data-image-description=\"\" data-image-caption=\"\" data-large-file=\"https:\/\/i0.wp.com\/cloud.alqueria.es\/wp-content\/uploads\/sites\/8\/2019\/03\/DSC_1111.jpg?fit=474%2C268&amp;ssl=1\" class=\"aligncenter size-medium wp-image-21831\" src=\"https:\/\/i0.wp.com\/cloud.alqueria.es\/wp-content\/uploads\/sites\/8\/2019\/03\/DSC_1111.jpg?resize=300%2C169&#038;ssl=1\" alt=\"\" width=\"300\" height=\"169\" srcset=\"https:\/\/cloud.alqueria.es\/wp-content\/uploads\/sites\/8\/2019\/03\/DSC_1111.jpg 1024w, https:\/\/cloud.alqueria.es\/wp-content\/uploads\/sites\/8\/2019\/03\/DSC_1111.jpg 300w, https:\/\/cloud.alqueria.es\/wp-content\/uploads\/sites\/8\/2019\/03\/DSC_1111.jpg 768w, https:\/\/cloud.alqueria.es\/wp-content\/uploads\/sites\/8\/2019\/03\/DSC_1111.jpg 948w\" sizes=\"(max-width: 300px) 100vw, 300px\" \/><\/p>\n<p>Nuestro<em><strong><span style=\"color: #ff6600\"> juego<\/span><\/strong><\/em> ha estado enfocado al acto de <em><strong><span style=\"color: #ff6600\">compra- venta,<\/span><\/strong><\/em> que tenemos el vivero a la vuelta de la esquina. \u00a1Os seguir\u00e9 informando!.<\/p>\n<p>Con respecto a vuestra <em><strong><span style=\"color: #99cc00\">participaci\u00f3n en la Semana de la lectura<\/span> <\/strong><\/em>y salvando la \u00abactuaci\u00f3n estelar de la clausura\u00bb, je, os animo a participar en los cuentos multiling\u00fces del martes por la ma\u00f1ana, en el cuento motor del viernes por la ma\u00f1ana y en las lecturas familiares del jueves por la tarde. Si se os ocurre cualquier otra participaci\u00f3n que os apetezca y pens\u00e9is que pueda tener cabida, hac\u00e9dmelo saber en esta semana, que a\u00fan quedan huecos disponibles y estamos ultimando el programa.<\/p>\n<p><span style=\"color: #0000ff\"><strong>\u00a1Enhorabuena por la educaci\u00f3n que transmit\u00eds a vuestros peques, estuvieron de 10!,<\/strong><\/span><\/p>\n<p>Esther Justicia.<\/p>\n<p>&nbsp;<\/p>\n<p>&nbsp;<\/p>\n","protected":false},"excerpt":{"rendered":"<p>El pasado viernes tuvimos oportunidad de llevar a cabo nuestra salida trimestral, en compa\u00f1\u00eda de los otros dos grupos del ciclo. En esta ocasi\u00f3n el lugar escogido fue el CENTRO JOS\u00c9 GUERRERO, que albergaba una exposici\u00f3n itinerante acerca del c\u00f3mic: \u00abVI\u00d1ETAS DESBORDADAS\u00bb. Durante el trayecto en bus nos acompa\u00f1\u00f3 Charito, que estuvo haciendo las veces &hellip; <a href=\"https:\/\/www.alqueria.es\/blogs\/alqueriarojaverde\/2019\/03\/18\/visitamos-el-museo-jose-guerrero-vinetas-desbordadas\/\" class=\"more-link\">Seguir leyendo <span class=\"screen-reader-text\">VISITAMOS EL MUSEO JOS\u00c9 GUERRERO: \u00abVI\u00d1ETAS DESBORDADAS\u00bb<\/span> <span class=\"meta-nav\">&rarr;<\/span><\/a><\/p>\n","protected":false},"author":19,"featured_media":0,"comment_status":"open","ping_status":"open","sticky":false,"template":"","format":"standard","meta":{"jetpack_post_was_ever_published":false,"_jetpack_newsletter_access":"","_jetpack_dont_email_post_to_subs":false,"_jetpack_newsletter_tier_id":0,"_jetpack_memberships_contains_paywalled_content":false,"_jetpack_memberships_contains_paid_content":false,"footnotes":"","jetpack_publicize_message":"","jetpack_publicize_feature_enabled":true,"jetpack_social_post_already_shared":true,"jetpack_social_options":{"image_generator_settings":{"template":"highway","default_image_id":0,"font":"","enabled":false},"version":2}},"categories":[23,7,13],"tags":[611],"class_list":["post-21803","post","type-post","status-publish","format-standard","hentry","category-actividades-especiales-y-salidas-clase-verde","category-clase-verde-5-6-anos","category-inicio","tag-salida-al-museo-jose-guerrero"],"jetpack_publicize_connections":[],"jetpack_featured_media_url":"","jetpack_sharing_enabled":true,"jetpack_shortlink":"https:\/\/wp.me\/p4lFbP-5FF","_links":{"self":[{"href":"https:\/\/www.alqueria.es\/blogs\/alqueriarojaverde\/wp-json\/wp\/v2\/posts\/21803","targetHints":{"allow":["GET"]}}],"collection":[{"href":"https:\/\/www.alqueria.es\/blogs\/alqueriarojaverde\/wp-json\/wp\/v2\/posts"}],"about":[{"href":"https:\/\/www.alqueria.es\/blogs\/alqueriarojaverde\/wp-json\/wp\/v2\/types\/post"}],"author":[{"embeddable":true,"href":"https:\/\/www.alqueria.es\/blogs\/alqueriarojaverde\/wp-json\/wp\/v2\/users\/19"}],"replies":[{"embeddable":true,"href":"https:\/\/www.alqueria.es\/blogs\/alqueriarojaverde\/wp-json\/wp\/v2\/comments?post=21803"}],"version-history":[{"count":0,"href":"https:\/\/www.alqueria.es\/blogs\/alqueriarojaverde\/wp-json\/wp\/v2\/posts\/21803\/revisions"}],"wp:attachment":[{"href":"https:\/\/www.alqueria.es\/blogs\/alqueriarojaverde\/wp-json\/wp\/v2\/media?parent=21803"}],"wp:term":[{"taxonomy":"category","embeddable":true,"href":"https:\/\/www.alqueria.es\/blogs\/alqueriarojaverde\/wp-json\/wp\/v2\/categories?post=21803"},{"taxonomy":"post_tag","embeddable":true,"href":"https:\/\/www.alqueria.es\/blogs\/alqueriarojaverde\/wp-json\/wp\/v2\/tags?post=21803"}],"curies":[{"name":"wp","href":"https:\/\/api.w.org\/{rel}","templated":true}]}}