{"id":22048,"date":"2019-04-01T21:45:11","date_gmt":"2019-04-01T19:45:11","guid":{"rendered":"https:\/\/www.alqueria.es\/blogs\/alqueriarojaverde\/?p=22048"},"modified":"2019-04-01T21:45:11","modified_gmt":"2019-04-01T19:45:11","slug":"damos-la-bienvenida-a-ines-y-dana","status":"publish","type":"post","link":"https:\/\/www.alqueria.es\/blogs\/alqueriarojaverde\/2019\/04\/01\/damos-la-bienvenida-a-ines-y-dana\/","title":{"rendered":"DAMOS LA BIENVENIDA A  IN\u00c9S Y DANA"},"content":{"rendered":"<p>Hola familias<\/p>\n<p>Comenzamos una nueva semana y un nuevo mes en la clase roja. Como novedad hemos recibido a <strong><span style=\"color: #ff00ff\">dos compa\u00f1eras Dana e In\u00e9s<\/span> <\/strong>que hoy ha sido su primer d\u00eda con nosotros. Han pasado una ma\u00f1ana estupenda observando, explorando y conociendo cada rinc\u00f3n de la clase y se han integrado muy bien en el grupo de las chicas.<\/p>\n<div class=\"tiled-gallery type-square tiled-gallery-unresized\" data-original-width=\"474\" data-carousel-extra='{&quot;blog_id&quot;:8,&quot;permalink&quot;:&quot;https:\\\/\\\/www.alqueria.es\\\/blogs\\\/alqueriarojaverde\\\/2019\\\/04\\\/01\\\/damos-la-bienvenida-a-ines-y-dana\\\/&quot;,&quot;likes_blog_id&quot;:64268569}' itemscope itemtype=\"http:\/\/schema.org\/ImageGallery\" > <div class=\"gallery-row\" style=\"width: 474px; height: 237px;\" data-original-width=\"474\" data-original-height=\"237\" > <div class=\"gallery-group\" style=\"width: 237px; height: 237px;\" data-original-width=\"237\" data-original-height=\"237\" > <div class=\"tiled-gallery-item \" itemprop=\"associatedMedia\" itemscope itemtype=\"http:\/\/schema.org\/ImageObject\"> <a href=\"https:\/\/www.alqueria.es\/blogs\/alqueriarojaverde\/2019\/04\/01\/damos-la-bienvenida-a-ines-y-dana\/img_3243-2\/\" border=\"0\" itemprop=\"url\"> <meta itemprop=\"width\" content=\"233\"> <meta itemprop=\"height\" content=\"233\"> <img decoding=\"async\" class=\"\" data-attachment-id=\"22062\" data-orig-file=\"https:\/\/cloud.alqueria.es\/wp-content\/uploads\/sites\/8\/2019\/04\/IMG_3243.jpg\" data-orig-size=\"640,480\" data-comments-opened=\"1\" data-image-meta=\"{&quot;aperture&quot;:&quot;2.8&quot;,&quot;credit&quot;:&quot;&quot;,&quot;camera&quot;:&quot;Canon DIGITAL IXUS 80 IS&quot;,&quot;caption&quot;:&quot;&quot;,&quot;created_timestamp&quot;:&quot;1554111935&quot;,&quot;copyright&quot;:&quot;&quot;,&quot;focal_length&quot;:&quot;6.2&quot;,&quot;iso&quot;:&quot;400&quot;,&quot;shutter_speed&quot;:&quot;0.003125&quot;,&quot;title&quot;:&quot;&quot;,&quot;orientation&quot;:&quot;1&quot;}\" data-image-title=\"IMG_3243\" data-image-description=\"\" data-medium-file=\"https:\/\/i0.wp.com\/cloud.alqueria.es\/wp-content\/uploads\/sites\/8\/2019\/04\/IMG_3243.jpg?fit=300%2C225&#038;ssl=1\" data-large-file=\"https:\/\/i0.wp.com\/cloud.alqueria.es\/wp-content\/uploads\/sites\/8\/2019\/04\/IMG_3243.jpg?fit=474%2C356&#038;ssl=1\" src=\"https:\/\/i0.wp.com\/cloud.alqueria.es\/wp-content\/uploads\/sites\/8\/2019\/04\/IMG_3243.jpg?w=233&#038;h=233&#038;crop=1&#038;ssl=1\" srcset=\"https:\/\/cloud.alqueria.es\/wp-content\/uploads\/sites\/8\/2019\/04\/IMG_3243.jpg 150w, https:\/\/cloud.alqueria.es\/wp-content\/uploads\/sites\/8\/2019\/04\/IMG_3243.jpg 466w\" width=\"233\" height=\"233\" loading=\"lazy\" data-original-width=\"233\" data-original-height=\"233\" itemprop=\"http:\/\/schema.org\/image\" title=\"IMG_3243\" alt=\"IMG_3243\" style=\"width: 233px; height: 233px;\" \/> <\/a> <\/div> <\/div> <div class=\"gallery-group\" style=\"width: 237px; height: 237px;\" data-original-width=\"237\" data-original-height=\"237\" > <div class=\"tiled-gallery-item \" itemprop=\"associatedMedia\" itemscope itemtype=\"http:\/\/schema.org\/ImageObject\"> <a href=\"https:\/\/www.alqueria.es\/blogs\/alqueriarojaverde\/2019\/04\/01\/damos-la-bienvenida-a-ines-y-dana\/img_3244-2\/\" border=\"0\" itemprop=\"url\"> <meta itemprop=\"width\" content=\"233\"> <meta itemprop=\"height\" content=\"233\"> <img decoding=\"async\" class=\"\" data-attachment-id=\"22063\" data-orig-file=\"https:\/\/cloud.alqueria.es\/wp-content\/uploads\/sites\/8\/2019\/04\/IMG_3244.jpg\" data-orig-size=\"640,480\" data-comments-opened=\"1\" data-image-meta=\"{&quot;aperture&quot;:&quot;2.8&quot;,&quot;credit&quot;:&quot;&quot;,&quot;camera&quot;:&quot;Canon DIGITAL IXUS 80 IS&quot;,&quot;caption&quot;:&quot;&quot;,&quot;created_timestamp&quot;:&quot;1554111997&quot;,&quot;copyright&quot;:&quot;&quot;,&quot;focal_length&quot;:&quot;6.2&quot;,&quot;iso&quot;:&quot;400&quot;,&quot;shutter_speed&quot;:&quot;0.008&quot;,&quot;title&quot;:&quot;&quot;,&quot;orientation&quot;:&quot;1&quot;}\" data-image-title=\"IMG_3244\" data-image-description=\"\" data-medium-file=\"https:\/\/i0.wp.com\/cloud.alqueria.es\/wp-content\/uploads\/sites\/8\/2019\/04\/IMG_3244.jpg?fit=300%2C225&#038;ssl=1\" data-large-file=\"https:\/\/i0.wp.com\/cloud.alqueria.es\/wp-content\/uploads\/sites\/8\/2019\/04\/IMG_3244.jpg?fit=474%2C356&#038;ssl=1\" src=\"https:\/\/i0.wp.com\/cloud.alqueria.es\/wp-content\/uploads\/sites\/8\/2019\/04\/IMG_3244.jpg?w=233&#038;h=233&#038;crop=1&#038;ssl=1\" srcset=\"https:\/\/cloud.alqueria.es\/wp-content\/uploads\/sites\/8\/2019\/04\/IMG_3244.jpg 150w, https:\/\/cloud.alqueria.es\/wp-content\/uploads\/sites\/8\/2019\/04\/IMG_3244.jpg 466w\" width=\"233\" height=\"233\" loading=\"lazy\" data-original-width=\"233\" data-original-height=\"233\" itemprop=\"http:\/\/schema.org\/image\" title=\"IMG_3244\" alt=\"IMG_3244\" style=\"width: 233px; height: 233px;\" \/> <\/a> <\/div> <\/div> <\/div> <div class=\"gallery-row\" style=\"width: 474px; height: 237px;\" data-original-width=\"474\" data-original-height=\"237\" > <div class=\"gallery-group\" style=\"width: 237px; height: 237px;\" data-original-width=\"237\" data-original-height=\"237\" > <div class=\"tiled-gallery-item \" itemprop=\"associatedMedia\" itemscope itemtype=\"http:\/\/schema.org\/ImageObject\"> <a href=\"https:\/\/www.alqueria.es\/blogs\/alqueriarojaverde\/2019\/04\/01\/damos-la-bienvenida-a-ines-y-dana\/img_3245-2\/\" border=\"0\" itemprop=\"url\"> <meta itemprop=\"width\" content=\"233\"> <meta itemprop=\"height\" content=\"233\"> <img decoding=\"async\" class=\"\" data-attachment-id=\"22064\" data-orig-file=\"https:\/\/cloud.alqueria.es\/wp-content\/uploads\/sites\/8\/2019\/04\/IMG_3245.jpg\" data-orig-size=\"640,480\" data-comments-opened=\"1\" data-image-meta=\"{&quot;aperture&quot;:&quot;2.8&quot;,&quot;credit&quot;:&quot;&quot;,&quot;camera&quot;:&quot;Canon DIGITAL IXUS 80 IS&quot;,&quot;caption&quot;:&quot;&quot;,&quot;created_timestamp&quot;:&quot;1554112018&quot;,&quot;copyright&quot;:&quot;&quot;,&quot;focal_length&quot;:&quot;6.2&quot;,&quot;iso&quot;:&quot;400&quot;,&quot;shutter_speed&quot;:&quot;0.01&quot;,&quot;title&quot;:&quot;&quot;,&quot;orientation&quot;:&quot;1&quot;}\" data-image-title=\"IMG_3245\" data-image-description=\"\" data-medium-file=\"https:\/\/i0.wp.com\/cloud.alqueria.es\/wp-content\/uploads\/sites\/8\/2019\/04\/IMG_3245.jpg?fit=300%2C225&#038;ssl=1\" data-large-file=\"https:\/\/i0.wp.com\/cloud.alqueria.es\/wp-content\/uploads\/sites\/8\/2019\/04\/IMG_3245.jpg?fit=474%2C356&#038;ssl=1\" src=\"https:\/\/i0.wp.com\/cloud.alqueria.es\/wp-content\/uploads\/sites\/8\/2019\/04\/IMG_3245.jpg?w=233&#038;h=233&#038;crop=1&#038;ssl=1\" srcset=\"https:\/\/cloud.alqueria.es\/wp-content\/uploads\/sites\/8\/2019\/04\/IMG_3245.jpg 150w, https:\/\/cloud.alqueria.es\/wp-content\/uploads\/sites\/8\/2019\/04\/IMG_3245.jpg 466w\" width=\"233\" height=\"233\" loading=\"lazy\" data-original-width=\"233\" data-original-height=\"233\" itemprop=\"http:\/\/schema.org\/image\" title=\"IMG_3245\" alt=\"IMG_3245\" style=\"width: 233px; height: 233px;\" \/> <\/a> <\/div> <\/div> <div class=\"gallery-group\" style=\"width: 237px; height: 237px;\" data-original-width=\"237\" data-original-height=\"237\" > <div class=\"tiled-gallery-item \" itemprop=\"associatedMedia\" itemscope itemtype=\"http:\/\/schema.org\/ImageObject\"> <a href=\"https:\/\/www.alqueria.es\/blogs\/alqueriarojaverde\/2019\/04\/01\/damos-la-bienvenida-a-ines-y-dana\/img_3246\/\" border=\"0\" itemprop=\"url\"> <meta itemprop=\"width\" content=\"233\"> <meta itemprop=\"height\" content=\"233\"> <img decoding=\"async\" class=\"\" data-attachment-id=\"22065\" data-orig-file=\"https:\/\/cloud.alqueria.es\/wp-content\/uploads\/sites\/8\/2019\/04\/IMG_3246.jpg\" data-orig-size=\"640,480\" data-comments-opened=\"1\" data-image-meta=\"{&quot;aperture&quot;:&quot;2.8&quot;,&quot;credit&quot;:&quot;&quot;,&quot;camera&quot;:&quot;Canon DIGITAL IXUS 80 IS&quot;,&quot;caption&quot;:&quot;&quot;,&quot;created_timestamp&quot;:&quot;1554112054&quot;,&quot;copyright&quot;:&quot;&quot;,&quot;focal_length&quot;:&quot;6.2&quot;,&quot;iso&quot;:&quot;400&quot;,&quot;shutter_speed&quot;:&quot;0.016666666666667&quot;,&quot;title&quot;:&quot;&quot;,&quot;orientation&quot;:&quot;1&quot;}\" data-image-title=\"IMG_3246\" data-image-description=\"\" data-medium-file=\"https:\/\/i0.wp.com\/cloud.alqueria.es\/wp-content\/uploads\/sites\/8\/2019\/04\/IMG_3246.jpg?fit=300%2C225&#038;ssl=1\" data-large-file=\"https:\/\/i0.wp.com\/cloud.alqueria.es\/wp-content\/uploads\/sites\/8\/2019\/04\/IMG_3246.jpg?fit=474%2C356&#038;ssl=1\" src=\"https:\/\/i0.wp.com\/cloud.alqueria.es\/wp-content\/uploads\/sites\/8\/2019\/04\/IMG_3246.jpg?w=233&#038;h=233&#038;crop=1&#038;ssl=1\" srcset=\"https:\/\/cloud.alqueria.es\/wp-content\/uploads\/sites\/8\/2019\/04\/IMG_3246.jpg 150w, https:\/\/cloud.alqueria.es\/wp-content\/uploads\/sites\/8\/2019\/04\/IMG_3246.jpg 466w\" width=\"233\" height=\"233\" loading=\"lazy\" data-original-width=\"233\" data-original-height=\"233\" itemprop=\"http:\/\/schema.org\/image\" title=\"IMG_3246\" alt=\"IMG_3246\" style=\"width: 233px; height: 233px;\" \/> <\/a> <\/div> <\/div> <\/div> <\/div>\n<p>En la Asamblea matinal cada uno se ha presentado diciendo su nombre y s\u00edmbolo, y han tenido la oportunidad de expresar lo que han hecho <strong><span style=\"color: #ff00ff\">el fin de semana<\/span><\/strong>. El s\u00faper ayudante pasa lista, cuenta los\u00a0 compa\u00f1eros que han venido (ya somos 15), repasa el d\u00eda de la semana e inaugura el nuevo calendario de abril. \u00a1\u00a1Qu\u00e9 poco nos queda para terminar el trimestre!!<\/p>\n<p>Fechas importantes en este mes:<\/p>\n<ul>\n<li><strong><span style=\"color: #ff00ff\">Jueves 4 de abril<\/span><\/strong>: Taller de jabones y Salida a la Vega<\/li>\n<li><strong><span style=\"color: #ff00ff\">Viernes 12 de abril<\/span><\/strong>: fin del segundo trimestre (salimos a las tres) y comienzo de vacaciones de Semana Santa.<\/li>\n<li><strong><span style=\"color: #ff00ff\">Semana del 22 al 26 de abril<\/span><\/strong>: Semana de la Lectura. Os recuerdo que en esta semana vuestra participaci\u00f3n es fundamental. Dentro de las actividades programadas necesitamos colaboraci\u00f3n en los cuentos Multiling\u00fces, cuentos Familiares, cuentos interactivos&#8230;.. Quedo a vuestra disposici\u00f3n para que me dig\u00e1is si est\u00e1is interesados.<\/li>\n<\/ul>\n<p><img data-recalc-dims=\"1\" decoding=\"async\" data-attachment-id=\"22066\" data-permalink=\"https:\/\/www.alqueria.es\/blogs\/alqueriarojaverde\/2019\/04\/01\/damos-la-bienvenida-a-ines-y-dana\/animales-y-monstruos-21\/\" data-orig-file=\"https:\/\/i0.wp.com\/cloud.alqueria.es\/wp-content\/uploads\/sites\/8\/2019\/04\/Animales-y-Monstruos-21.jpg?fit=722%2C1024&amp;ssl=1\" data-orig-size=\"722,1024\" data-comments-opened=\"1\" data-image-meta=\"{&quot;aperture&quot;:&quot;0&quot;,&quot;credit&quot;:&quot;&quot;,&quot;camera&quot;:&quot;&quot;,&quot;caption&quot;:&quot;&quot;,&quot;created_timestamp&quot;:&quot;0&quot;,&quot;copyright&quot;:&quot;&quot;,&quot;focal_length&quot;:&quot;0&quot;,&quot;iso&quot;:&quot;0&quot;,&quot;shutter_speed&quot;:&quot;0&quot;,&quot;title&quot;:&quot;&quot;,&quot;orientation&quot;:&quot;0&quot;}\" data-image-title=\"Animales-y-Monstruos-21\" data-image-description=\"\" data-image-caption=\"\" data-large-file=\"https:\/\/i0.wp.com\/cloud.alqueria.es\/wp-content\/uploads\/sites\/8\/2019\/04\/Animales-y-Monstruos-21.jpg?fit=474%2C672&amp;ssl=1\" class=\"alignleft size-medium wp-image-22066\" src=\"https:\/\/i0.wp.com\/cloud.alqueria.es\/wp-content\/uploads\/sites\/8\/2019\/04\/Animales-y-Monstruos-21.jpg?resize=212%2C300&#038;ssl=1\" alt=\"\" width=\"212\" height=\"300\" srcset=\"https:\/\/cloud.alqueria.es\/wp-content\/uploads\/sites\/8\/2019\/04\/Animales-y-Monstruos-21.jpg 722w, https:\/\/cloud.alqueria.es\/wp-content\/uploads\/sites\/8\/2019\/04\/Animales-y-Monstruos-21.jpg 212w\" sizes=\"(max-width: 212px) 100vw, 212px\" \/>Como peque\u00f1o proyecto de trabajo para la Semana de la Lectura y aprovechando nuestra salida al museo Jos\u00e9 Guerrrero, vamos a hacer nuestro propio c\u00f3mic, para ello introducimos el <strong><span style=\"color: #ff00ff\">C\u00d3MIC<\/span><\/strong> en el aula.<\/p>\n<p>Charito y yo les presentamos qu\u00e9 es un c\u00f3mic, qu\u00e9 son las vi\u00f1etas, los bocadillos&#8230;. leemos uno para que vean la diferencia que existe con los cuentos y de manera individual piensan y eligen qu\u00e9 personaje va a ser el protagonista de su c\u00f3mic y el t\u00edtulo. Despu\u00e9s damos paso a hacer un boceto- dibujo del personaje. En las semanas que nos quedan seguiremos con este trabajo que requiere varias sesiones hasta su exposici\u00f3n final.<\/p>\n<p><strong><span style=\"color: #ff00ff\">Nota:<\/span><\/strong> <span style=\"color: #ff00ff\">si en casa ten\u00e9is c\u00f3mics o tebeos pod\u00e9is traerlos a clase.<\/span><\/p>\n<p>Aqu\u00ed os dejo una im\u00e1genes del<strong><span style=\"color: #ff00ff\"> Taller de cocina<\/span> <\/strong>(Galletas de espelta) que hicimos la semana pasada todo el ciclo con la colaboraci\u00f3n de Erika (madre de Vega, clase naranja). \u00a1\u00a1EST\u00c1BAN RIQU\u00cdSIMAS!!<\/p>\n<p>INGREDIENTES:<\/p>\n<ul>\n<li>Harina integral de espelta<\/li>\n<li>Panela (az\u00facar integral)<\/li>\n<li>Aceite de oliva virgen extra<\/li>\n<li>Bicarbonato s\u00f3dico<\/li>\n<li>Sal marina<\/li>\n<li>Zumo de naranja<\/li>\n<li>Huevos<\/li>\n<li>Ralladura de naranja<\/li>\n<\/ul>\n<p class=\"jetpack-slideshow-noscript robots-nocontent\">El pase de diapositivas requiere JavaScript.<\/p><div id=\"gallery-22048-1-slideshow\" class=\"jetpack-slideshow-window jetpack-slideshow jetpack-slideshow-black\" data-trans=\"fade\" data-autostart=\"1\" data-gallery=\"[{&quot;src&quot;:&quot;https:\\\/\\\/i0.wp.com\\\/cloud.alqueria.es\\\/wp-content\\\/uploads\\\/sites\\\/8\\\/2019\\\/04\\\/IMG_3226.jpg?fit=640%2C480\\u0026ssl=1&quot;,&quot;id&quot;:&quot;22049&quot;,&quot;title&quot;:&quot;IMG_3226&quot;,&quot;alt&quot;:&quot;&quot;,&quot;caption&quot;:&quot;Escuchamos con atenci\\u00f3n los ingredientes&quot;,&quot;itemprop&quot;:&quot;image&quot;},{&quot;src&quot;:&quot;https:\\\/\\\/i0.wp.com\\\/cloud.alqueria.es\\\/wp-content\\\/uploads\\\/sites\\\/8\\\/2019\\\/04\\\/IMG_3228.jpg?fit=640%2C480\\u0026ssl=1&quot;,&quot;id&quot;:&quot;22050&quot;,&quot;title&quot;:&quot;IMG_3228&quot;,&quot;alt&quot;:&quot;&quot;,&quot;caption&quot;:&quot;Vamos echando los ingredientes&quot;,&quot;itemprop&quot;:&quot;image&quot;},{&quot;src&quot;:&quot;https:\\\/\\\/i0.wp.com\\\/cloud.alqueria.es\\\/wp-content\\\/uploads\\\/sites\\\/8\\\/2019\\\/04\\\/IMG_3232.jpg?fit=640%2C480\\u0026ssl=1&quot;,&quot;id&quot;:&quot;22051&quot;,&quot;title&quot;:&quot;IMG_3232&quot;,&quot;alt&quot;:&quot;&quot;,&quot;caption&quot;:&quot;Observamos con atenci\\u00f3n&quot;,&quot;itemprop&quot;:&quot;image&quot;},{&quot;src&quot;:&quot;https:\\\/\\\/i0.wp.com\\\/cloud.alqueria.es\\\/wp-content\\\/uploads\\\/sites\\\/8\\\/2019\\\/04\\\/IMG_3233.jpg?fit=640%2C480\\u0026ssl=1&quot;,&quot;id&quot;:&quot;22052&quot;,&quot;title&quot;:&quot;IMG_3233&quot;,&quot;alt&quot;:&quot;&quot;,&quot;caption&quot;:&quot;Mezclamos\\u0026#8230;.&quot;,&quot;itemprop&quot;:&quot;image&quot;},{&quot;src&quot;:&quot;https:\\\/\\\/i0.wp.com\\\/cloud.alqueria.es\\\/wp-content\\\/uploads\\\/sites\\\/8\\\/2019\\\/04\\\/IMG_3234.jpg?fit=640%2C480\\u0026ssl=1&quot;,&quot;id&quot;:&quot;22053&quot;,&quot;title&quot;:&quot;IMG_3234&quot;,&quot;alt&quot;:&quot;&quot;,&quot;caption&quot;:&quot;Y mezclamos\\u0026#8230;.&quot;,&quot;itemprop&quot;:&quot;image&quot;},{&quot;src&quot;:&quot;https:\\\/\\\/i0.wp.com\\\/cloud.alqueria.es\\\/wp-content\\\/uploads\\\/sites\\\/8\\\/2019\\\/04\\\/IMG_3235.jpg?fit=640%2C480\\u0026ssl=1&quot;,&quot;id&quot;:&quot;22054&quot;,&quot;title&quot;:&quot;IMG_3235&quot;,&quot;alt&quot;:&quot;&quot;,&quot;caption&quot;:&quot;&quot;,&quot;itemprop&quot;:&quot;image&quot;},{&quot;src&quot;:&quot;https:\\\/\\\/i0.wp.com\\\/cloud.alqueria.es\\\/wp-content\\\/uploads\\\/sites\\\/8\\\/2019\\\/04\\\/IMG_3236.jpg?fit=640%2C480\\u0026ssl=1&quot;,&quot;id&quot;:&quot;22055&quot;,&quot;title&quot;:&quot;IMG_3236&quot;,&quot;alt&quot;:&quot;&quot;,&quot;caption&quot;:&quot;&quot;,&quot;itemprop&quot;:&quot;image&quot;},{&quot;src&quot;:&quot;https:\\\/\\\/i0.wp.com\\\/cloud.alqueria.es\\\/wp-content\\\/uploads\\\/sites\\\/8\\\/2019\\\/04\\\/IMG_3237.jpg?fit=640%2C480\\u0026ssl=1&quot;,&quot;id&quot;:&quot;22056&quot;,&quot;title&quot;:&quot;IMG_3237&quot;,&quot;alt&quot;:&quot;&quot;,&quot;caption&quot;:&quot;Amasamos y extendemos la masa&quot;,&quot;itemprop&quot;:&quot;image&quot;},{&quot;src&quot;:&quot;https:\\\/\\\/i0.wp.com\\\/cloud.alqueria.es\\\/wp-content\\\/uploads\\\/sites\\\/8\\\/2019\\\/04\\\/IMG_3238.jpg?fit=640%2C480\\u0026ssl=1&quot;,&quot;id&quot;:&quot;22057&quot;,&quot;title&quot;:&quot;IMG_3238&quot;,&quot;alt&quot;:&quot;&quot;,&quot;caption&quot;:&quot;Hacemos las galletas con moldes&quot;,&quot;itemprop&quot;:&quot;image&quot;},{&quot;src&quot;:&quot;https:\\\/\\\/i0.wp.com\\\/cloud.alqueria.es\\\/wp-content\\\/uploads\\\/sites\\\/8\\\/2019\\\/04\\\/IMG_3239.jpg?fit=640%2C480\\u0026ssl=1&quot;,&quot;id&quot;:&quot;22058&quot;,&quot;title&quot;:&quot;IMG_3239&quot;,&quot;alt&quot;:&quot;&quot;,&quot;caption&quot;:&quot;&quot;,&quot;itemprop&quot;:&quot;image&quot;},{&quot;src&quot;:&quot;https:\\\/\\\/i0.wp.com\\\/cloud.alqueria.es\\\/wp-content\\\/uploads\\\/sites\\\/8\\\/2019\\\/04\\\/IMG_3240.jpg?fit=640%2C480\\u0026ssl=1&quot;,&quot;id&quot;:&quot;22059&quot;,&quot;title&quot;:&quot;IMG_3240&quot;,&quot;alt&quot;:&quot;&quot;,&quot;caption&quot;:&quot;&quot;,&quot;itemprop&quot;:&quot;image&quot;},{&quot;src&quot;:&quot;https:\\\/\\\/i0.wp.com\\\/cloud.alqueria.es\\\/wp-content\\\/uploads\\\/sites\\\/8\\\/2019\\\/04\\\/IMG_3241.jpg?fit=640%2C480\\u0026ssl=1&quot;,&quot;id&quot;:&quot;22060&quot;,&quot;title&quot;:&quot;IMG_3241&quot;,&quot;alt&quot;:&quot;&quot;,&quot;caption&quot;:&quot;&quot;,&quot;itemprop&quot;:&quot;image&quot;},{&quot;src&quot;:&quot;https:\\\/\\\/i0.wp.com\\\/cloud.alqueria.es\\\/wp-content\\\/uploads\\\/sites\\\/8\\\/2019\\\/04\\\/IMG_3242.jpg?fit=640%2C480\\u0026ssl=1&quot;,&quot;id&quot;:&quot;22061&quot;,&quot;title&quot;:&quot;IMG_3242&quot;,&quot;alt&quot;:&quot;&quot;,&quot;caption&quot;:&quot;&quot;,&quot;itemprop&quot;:&quot;image&quot;}]\" itemscope itemtype=\"https:\/\/schema.org\/ImageGallery\"><\/div>\n<p>MUCHAS GRACIAS ERIKA POR TU COLABORACI\u00d3N<\/p>\n<p>Carmen<\/p>\n<p>&nbsp;<\/p>\n","protected":false},"excerpt":{"rendered":"<p>Hola familias Comenzamos una nueva semana y un nuevo mes en la clase roja. Como novedad hemos recibido a dos compa\u00f1eras Dana e In\u00e9s que hoy ha sido su primer d\u00eda con nosotros. Han pasado una ma\u00f1ana estupenda observando, explorando y conociendo cada rinc\u00f3n de la clase y se han integrado muy bien en el &hellip; <a href=\"https:\/\/www.alqueria.es\/blogs\/alqueriarojaverde\/2019\/04\/01\/damos-la-bienvenida-a-ines-y-dana\/\" class=\"more-link\">Seguir leyendo <span class=\"screen-reader-text\">DAMOS LA BIENVENIDA A  IN\u00c9S Y DANA<\/span> <span class=\"meta-nav\">&rarr;<\/span><\/a><\/p>\n","protected":false},"author":19,"featured_media":0,"comment_status":"open","ping_status":"open","sticky":false,"template":"","format":"standard","meta":{"jetpack_post_was_ever_published":false,"_jetpack_newsletter_access":"","_jetpack_dont_email_post_to_subs":false,"_jetpack_newsletter_tier_id":0,"_jetpack_memberships_contains_paywalled_content":false,"_jetpack_memberships_contains_paid_content":false,"footnotes":"","jetpack_publicize_message":"","jetpack_publicize_feature_enabled":true,"jetpack_social_post_already_shared":true,"jetpack_social_options":{"image_generator_settings":{"template":"highway","default_image_id":0,"font":"","enabled":false},"version":2}},"categories":[6,17],"tags":[143,85],"class_list":["post-22048","post","type-post","status-publish","format-standard","hentry","category-clase-roja-4-5-anos","category-propuestas-clase-roja","tag-creacion-de-comics","tag-taller-de-cocina"],"jetpack_publicize_connections":[],"jetpack_featured_media_url":"","jetpack_sharing_enabled":true,"jetpack_shortlink":"https:\/\/wp.me\/p4lFbP-5JC","_links":{"self":[{"href":"https:\/\/www.alqueria.es\/blogs\/alqueriarojaverde\/wp-json\/wp\/v2\/posts\/22048","targetHints":{"allow":["GET"]}}],"collection":[{"href":"https:\/\/www.alqueria.es\/blogs\/alqueriarojaverde\/wp-json\/wp\/v2\/posts"}],"about":[{"href":"https:\/\/www.alqueria.es\/blogs\/alqueriarojaverde\/wp-json\/wp\/v2\/types\/post"}],"author":[{"embeddable":true,"href":"https:\/\/www.alqueria.es\/blogs\/alqueriarojaverde\/wp-json\/wp\/v2\/users\/19"}],"replies":[{"embeddable":true,"href":"https:\/\/www.alqueria.es\/blogs\/alqueriarojaverde\/wp-json\/wp\/v2\/comments?post=22048"}],"version-history":[{"count":0,"href":"https:\/\/www.alqueria.es\/blogs\/alqueriarojaverde\/wp-json\/wp\/v2\/posts\/22048\/revisions"}],"wp:attachment":[{"href":"https:\/\/www.alqueria.es\/blogs\/alqueriarojaverde\/wp-json\/wp\/v2\/media?parent=22048"}],"wp:term":[{"taxonomy":"category","embeddable":true,"href":"https:\/\/www.alqueria.es\/blogs\/alqueriarojaverde\/wp-json\/wp\/v2\/categories?post=22048"},{"taxonomy":"post_tag","embeddable":true,"href":"https:\/\/www.alqueria.es\/blogs\/alqueriarojaverde\/wp-json\/wp\/v2\/tags?post=22048"}],"curies":[{"name":"wp","href":"https:\/\/api.w.org\/{rel}","templated":true}]}}