{"id":22147,"date":"2019-04-08T16:00:26","date_gmt":"2019-04-08T14:00:26","guid":{"rendered":"https:\/\/www.alqueria.es\/blogs\/alqueriarojaverde\/?p=22147"},"modified":"2019-04-08T16:00:26","modified_gmt":"2019-04-08T14:00:26","slug":"ultima-semana-del-trimestre-2","status":"publish","type":"post","link":"https:\/\/www.alqueria.es\/blogs\/alqueriarojaverde\/2019\/04\/08\/ultima-semana-del-trimestre-2\/","title":{"rendered":"\u00daLTIMA SEMANA DEL TRIMESTRE"},"content":{"rendered":"<p><img data-recalc-dims=\"1\" decoding=\"async\" data-attachment-id=\"22150\" data-permalink=\"https:\/\/www.alqueria.es\/blogs\/alqueriarojaverde\/2019\/04\/08\/ultima-semana-del-trimestre-2\/figuras_maestra_infantil_5_pagina_31-2\/\" data-orig-file=\"https:\/\/i0.wp.com\/cloud.alqueria.es\/wp-content\/uploads\/sites\/8\/2019\/04\/FIGURAS_MAESTRA_INFANTIL_5_P%C3%A1gina_31.jpg?fit=300%2C198&amp;ssl=1\" data-orig-size=\"300,198\" data-comments-opened=\"1\" data-image-meta=\"{&quot;aperture&quot;:&quot;0&quot;,&quot;credit&quot;:&quot;Picasa 2.7&quot;,&quot;camera&quot;:&quot;&quot;,&quot;caption&quot;:&quot;&quot;,&quot;created_timestamp&quot;:&quot;0&quot;,&quot;copyright&quot;:&quot;&quot;,&quot;focal_length&quot;:&quot;0&quot;,&quot;iso&quot;:&quot;0&quot;,&quot;shutter_speed&quot;:&quot;0&quot;,&quot;title&quot;:&quot;&quot;,&quot;orientation&quot;:&quot;0&quot;}\" data-image-title=\"FIGURAS_MAESTRA_INFANTIL_5_P\u00e1gina_31\" data-image-description=\"\" data-image-caption=\"\" data-large-file=\"https:\/\/i0.wp.com\/cloud.alqueria.es\/wp-content\/uploads\/sites\/8\/2019\/04\/FIGURAS_MAESTRA_INFANTIL_5_P%C3%A1gina_31.jpg?fit=300%2C198&amp;ssl=1\" class=\"alignleft size-full wp-image-22150\" src=\"https:\/\/i0.wp.com\/cloud.alqueria.es\/wp-content\/uploads\/sites\/8\/2019\/04\/FIGURAS_MAESTRA_INFANTIL_5_P%C3%A1gina_31.jpg?resize=300%2C198&#038;ssl=1\" alt=\"\" width=\"300\" height=\"198\" \/><strong>Comenzamos la\u00a0 \u00faltima semana del trimestre. Estamos preparando nuestras carpetas con los trabajos individuales, poniendo algo de orden general en el aula, de cara a la vuelta de las vacaciones, y trabajando concienzudamente en los distintos proyectos que a nivel de aula realizaremos en la \u00abSemana de la lectura\u00bb.<\/strong><\/p>\n<p><span style=\"color: #008000\"><em><strong>Os recuerdo que la celebraci\u00f3n de la Semana de la lectura coincide con el inicio del tercer trimestre, as\u00ed que solicito a las familias que me hab\u00e9is dicho que asistir\u00e9is a la actividad \u00ablecturas familiares\u00bb me hag\u00e1is llegar el nombre de la persona colaboradora y el t\u00edtulo del libro, necesitamos ir ultimando el programa.<\/strong><\/em><\/span><\/p>\n<p>En clase, a excepci\u00f3n de las \u00e1reas de los especialistas, vamos a compaginar nuestras sesiones de juego simb\u00f3lico con la elaboraci\u00f3n de nuestros borradores y textos definitivos (individuales), para el libro de poes\u00edas grupal, los \u00faltimos detalles decorativos de los marca-p\u00e1ginas y el empaquetado de los jabones. As\u00ed que esta es la \u00faltima entrada del blog del trimestre, ya que el resultado de todo ello podr\u00e9is verlo a la vuelta de las vacaciones.<\/p>\n<p>En las asambleas damos lectura a los poemas que hab\u00e9is seleccionado en casa y que est\u00e1n siendo muy motivadores para todos. Les est\u00e1 permitiendo observar m\u00faltiples y variadas tem\u00e1ticas, extensiones distintas, rimas consonantes y asonantes, palabras o vocablos desconocidos y una expresi\u00f3n de emociones que bien puede ser exaltaci\u00f3n, alegr\u00eda, tristeza, melancol\u00eda &#8230;<\/p>\n<p><img data-recalc-dims=\"1\" decoding=\"async\" data-attachment-id=\"22148\" data-permalink=\"https:\/\/www.alqueria.es\/blogs\/alqueriarojaverde\/2019\/04\/08\/ultima-semana-del-trimestre-2\/libro-5\/\" data-orig-file=\"https:\/\/i0.wp.com\/cloud.alqueria.es\/wp-content\/uploads\/sites\/8\/2019\/04\/libro.jpg?fit=600%2C450&amp;ssl=1\" data-orig-size=\"600,450\" data-comments-opened=\"1\" data-image-meta=\"{&quot;aperture&quot;:&quot;0&quot;,&quot;credit&quot;:&quot;&quot;,&quot;camera&quot;:&quot;&quot;,&quot;caption&quot;:&quot;&quot;,&quot;created_timestamp&quot;:&quot;0&quot;,&quot;copyright&quot;:&quot;&quot;,&quot;focal_length&quot;:&quot;0&quot;,&quot;iso&quot;:&quot;0&quot;,&quot;shutter_speed&quot;:&quot;0&quot;,&quot;title&quot;:&quot;&quot;,&quot;orientation&quot;:&quot;0&quot;}\" data-image-title=\"libro\" data-image-description=\"\" data-image-caption=\"\" data-large-file=\"https:\/\/i0.wp.com\/cloud.alqueria.es\/wp-content\/uploads\/sites\/8\/2019\/04\/libro.jpg?fit=474%2C356&amp;ssl=1\" class=\"alignright size-medium wp-image-22148\" src=\"https:\/\/i0.wp.com\/cloud.alqueria.es\/wp-content\/uploads\/sites\/8\/2019\/04\/libro.jpg?resize=300%2C225&#038;ssl=1\" alt=\"\" width=\"300\" height=\"225\" srcset=\"https:\/\/cloud.alqueria.es\/wp-content\/uploads\/sites\/8\/2019\/04\/libro.jpg 600w, https:\/\/cloud.alqueria.es\/wp-content\/uploads\/sites\/8\/2019\/04\/libro.jpg 300w\" sizes=\"(max-width: 300px) 100vw, 300px\" \/><em><strong><span style=\"color: #ff00ff\">A modo de orientaci\u00f3n os expongo los pasos a seguir en nuestros poemas:<\/span><\/strong><\/em><\/p>\n<ol>\n<li><span style=\"color: #0000ff\">Elecci\u00f3n del tema<\/span> sobre el que inventar el poema.<\/li>\n<li><span style=\"color: #0000ff\">Realizaci\u00f3n de un borrador.<\/span> Para ello llevaremos a cabo un trabajo alfab\u00e9tico individual en el que cada uno transcribir\u00e1 su creaci\u00f3n, de forma aut\u00f3noma. Respetando la evoluci\u00f3n particular de cada alumno y alumna, se har\u00e1 una auto-correcci\u00f3n, ofreciendo para ello un patr\u00f3n fonol\u00f3gico claro, por parte del adulto, incluyendo en los casos necesarios la separaci\u00f3n de palabras, la estructuraci\u00f3n de los distintos versos &#8230;<\/li>\n<li><span style=\"color: #0000ff\">Presentaci\u00f3n escrita del poema<\/span>, mediante la utilizaci\u00f3n de una \u00abplantilla\u00bb que nos ofrezca un aspecto algo \u00abmas cuidado\u00bb para una presentaci\u00f3n oficial.<\/li>\n<li><span style=\"color: #0000ff\">Ilustraci\u00f3n de nuestro poema.<\/span><\/li>\n<li><span style=\"color: #0000ff\">Encuadernaci\u00f3n<\/span> de todos los poemas individuales (copia a color) para crear un <strong><span style=\"color: #0000ff\">\u00abLIBRO DE POEMAS\u00bb.<\/span><\/strong><\/li>\n<\/ol>\n<p>Ya veis que el proyecto es algo ambicioso y por otra parte laborioso, as\u00ed que teniendo en cuenta el tiempo con el que contamos, y primando el objetivo del disfrute en la realizaci\u00f3n, no os puedo asegurar que lo tengamos ultimado para la Semana de la lectura. Desde luego, trabajaremos para ello.<\/p>\n<p><strong>P.D:<\/strong> <span style=\"color: #ff6600\">Entre tanto trabajo celebraremos tambi\u00e9n los cumples (con sus correspondientes cuadernos de dibujos) de Luis y Ana.<\/span><\/p>\n<p>Os deseo unas buenas vacaciones, aunque a\u00fan nos quedan algunos d\u00edas para vernos y despedirnos de forma m\u00e1s cercana y afectuosa.<\/p>\n<p><img data-recalc-dims=\"1\" decoding=\"async\" data-attachment-id=\"22149\" data-permalink=\"https:\/\/www.alqueria.es\/blogs\/alqueriarojaverde\/2019\/04\/08\/ultima-semana-del-trimestre-2\/vacaciones-de-semana-santa-2\/\" data-orig-file=\"https:\/\/i0.wp.com\/cloud.alqueria.es\/wp-content\/uploads\/sites\/8\/2019\/04\/vacaciones-de-semana-santa.jpg?fit=240%2C210&amp;ssl=1\" data-orig-size=\"240,210\" data-comments-opened=\"1\" data-image-meta=\"{&quot;aperture&quot;:&quot;0&quot;,&quot;credit&quot;:&quot;&quot;,&quot;camera&quot;:&quot;&quot;,&quot;caption&quot;:&quot;&quot;,&quot;created_timestamp&quot;:&quot;0&quot;,&quot;copyright&quot;:&quot;&quot;,&quot;focal_length&quot;:&quot;0&quot;,&quot;iso&quot;:&quot;0&quot;,&quot;shutter_speed&quot;:&quot;0&quot;,&quot;title&quot;:&quot;&quot;,&quot;orientation&quot;:&quot;0&quot;}\" data-image-title=\"vacaciones-de-semana-santa\" data-image-description=\"\" data-image-caption=\"\" data-large-file=\"https:\/\/i0.wp.com\/cloud.alqueria.es\/wp-content\/uploads\/sites\/8\/2019\/04\/vacaciones-de-semana-santa.jpg?fit=240%2C210&amp;ssl=1\" class=\"aligncenter size-full wp-image-22149\" src=\"https:\/\/i0.wp.com\/cloud.alqueria.es\/wp-content\/uploads\/sites\/8\/2019\/04\/vacaciones-de-semana-santa.jpg?resize=240%2C210&#038;ssl=1\" alt=\"\" width=\"240\" height=\"210\" \/><\/p>\n<p>Esther Justicia.<\/p>\n<p>&nbsp;<\/p>\n","protected":false},"excerpt":{"rendered":"<p>Comenzamos la\u00a0 \u00faltima semana del trimestre. Estamos preparando nuestras carpetas con los trabajos individuales, poniendo algo de orden general en el aula, de cara a la vuelta de las vacaciones, y trabajando concienzudamente en los distintos proyectos que a nivel de aula realizaremos en la \u00abSemana de la lectura\u00bb. Os recuerdo que la celebraci\u00f3n de &hellip; <a href=\"https:\/\/www.alqueria.es\/blogs\/alqueriarojaverde\/2019\/04\/08\/ultima-semana-del-trimestre-2\/\" class=\"more-link\">Seguir leyendo <span class=\"screen-reader-text\">\u00daLTIMA SEMANA DEL TRIMESTRE<\/span> <span class=\"meta-nav\">&rarr;<\/span><\/a><\/p>\n","protected":false},"author":19,"featured_media":0,"comment_status":"open","ping_status":"open","sticky":false,"template":"","format":"standard","meta":{"jetpack_post_was_ever_published":false,"_jetpack_newsletter_access":"","_jetpack_dont_email_post_to_subs":false,"_jetpack_newsletter_tier_id":0,"_jetpack_memberships_contains_paywalled_content":false,"_jetpack_memberships_contains_paid_content":false,"footnotes":"","jetpack_publicize_message":"","jetpack_publicize_feature_enabled":true,"jetpack_social_post_already_shared":true,"jetpack_social_options":{"image_generator_settings":{"template":"highway","default_image_id":0,"font":"","enabled":false},"version":2}},"categories":[7,13],"tags":[625,399,61,626],"class_list":["post-22147","post","type-post","status-publish","format-standard","hentry","category-clase-verde-5-6-anos","category-inicio","tag-literatura-infantil","tag-poesias-infantiles","tag-semana-de-la-lectura","tag-vacaciones-de-semana-santa"],"jetpack_publicize_connections":[],"jetpack_featured_media_url":"","jetpack_sharing_enabled":true,"jetpack_shortlink":"https:\/\/wp.me\/p4lFbP-5Ld","_links":{"self":[{"href":"https:\/\/www.alqueria.es\/blogs\/alqueriarojaverde\/wp-json\/wp\/v2\/posts\/22147","targetHints":{"allow":["GET"]}}],"collection":[{"href":"https:\/\/www.alqueria.es\/blogs\/alqueriarojaverde\/wp-json\/wp\/v2\/posts"}],"about":[{"href":"https:\/\/www.alqueria.es\/blogs\/alqueriarojaverde\/wp-json\/wp\/v2\/types\/post"}],"author":[{"embeddable":true,"href":"https:\/\/www.alqueria.es\/blogs\/alqueriarojaverde\/wp-json\/wp\/v2\/users\/19"}],"replies":[{"embeddable":true,"href":"https:\/\/www.alqueria.es\/blogs\/alqueriarojaverde\/wp-json\/wp\/v2\/comments?post=22147"}],"version-history":[{"count":0,"href":"https:\/\/www.alqueria.es\/blogs\/alqueriarojaverde\/wp-json\/wp\/v2\/posts\/22147\/revisions"}],"wp:attachment":[{"href":"https:\/\/www.alqueria.es\/blogs\/alqueriarojaverde\/wp-json\/wp\/v2\/media?parent=22147"}],"wp:term":[{"taxonomy":"category","embeddable":true,"href":"https:\/\/www.alqueria.es\/blogs\/alqueriarojaverde\/wp-json\/wp\/v2\/categories?post=22147"},{"taxonomy":"post_tag","embeddable":true,"href":"https:\/\/www.alqueria.es\/blogs\/alqueriarojaverde\/wp-json\/wp\/v2\/tags?post=22147"}],"curies":[{"name":"wp","href":"https:\/\/api.w.org\/{rel}","templated":true}]}}