{"id":22194,"date":"2019-04-12T15:23:36","date_gmt":"2019-04-12T13:23:36","guid":{"rendered":"https:\/\/www.alqueria.es\/blogs\/alqueriarojaverde\/?p=22194"},"modified":"2019-04-12T21:30:18","modified_gmt":"2019-04-12T19:30:18","slug":"hasta-la-vuelta","status":"publish","type":"post","link":"https:\/\/www.alqueria.es\/blogs\/alqueriarojaverde\/2019\/04\/12\/hasta-la-vuelta\/","title":{"rendered":"\u00a1HASTA LA VUELTA!"},"content":{"rendered":"<p>Estimadas familias,<\/p>\n<p>Aunque ya me desped\u00ed de vosotros a trav\u00e9s de este medio y de forma personal entre las tardes de ayer y hoy, hay algunas cositas que no quer\u00eda dejar en el tintero para despu\u00e9s de las vacaciones:<\/p>\n<ul>\n<li>Hemos avanzado much\u00edsimo en el <strong><span style=\"color: #00ff00\">proyecto de nuestro libro de poemas.<\/span><\/strong> Ya tenemos todos los borradores alfab\u00e9ticos hechos y tambi\u00e9n los bocetos de las ilustraciones. El trabajo ha sido tan motivador que hasta se han atrevido a realizar ya sus ilustraciones y darles color con acuarela. Dejamos para la Semana de la lectura, la escritura del texto definitivo y tambi\u00e9n el repasar las l\u00edneas de nuestros dibujos con rotulador negro, que parece que \u00abimprime m\u00e1s car\u00e1cter\u00bb.<\/li>\n<li>Hemos dado <strong><span style=\"color: #00ff00\">lectura a todas las poes\u00edas<\/span> <span style=\"color: #00ff00\">llegadas de casa<\/span><\/strong>, que han sido muy numerosas y que les ha encantado compartir con los dem\u00e1s. Nos hemos detenido un poquito en las figuras de Federico Garc\u00eda Lorca y Gloria Fuertes y algunos de sus textos m\u00e1s relevantes. Lleg\u00f3 a nuestras manos, a trav\u00e9s de la tutora de 4\u00ba EPO, un libro de poemas de Garc\u00eda Lorca pero en versi\u00f3n musical (pop) y os tengo que decir que es \u00abuna pasada\u00bb. Realic\u00e9 una grabaci\u00f3n de un concierto de pop improvisado tras una merienda, del poema \u00abEl lagarto y la lagarta\u00bb, pero he ca\u00eddo en la cuenta que no est\u00e1bamos todos as\u00ed que&#8230; lo intentaremos a la vuelta, aunque la espontaneidad no ser\u00e1 la mima. Por otro lado tambi\u00e9n nos han facilitado el libro \u00abGloria Fuertes, para ni\u00f1as y ni\u00f1os\u00bb (Maria, tita de Marcelo y mam\u00e1 de Manuel 1\u00b0EPO) con el que hemos podido conocer mejor a esta poetisa. Preguntad a vuestros peques, porque hemos aprendido muchas curiosidades.<\/li>\n<\/ul>\n<div class=\"tiled-gallery type-circle tiled-gallery-unresized\" data-original-width=\"474\" data-carousel-extra='{&quot;blog_id&quot;:8,&quot;permalink&quot;:&quot;https:\\\/\\\/www.alqueria.es\\\/blogs\\\/alqueriarojaverde\\\/2019\\\/04\\\/12\\\/hasta-la-vuelta\\\/&quot;,&quot;likes_blog_id&quot;:64268569}' itemscope itemtype=\"http:\/\/schema.org\/ImageGallery\" > <div class=\"gallery-row\" style=\"width: 474px; height: 237px;\" data-original-width=\"474\" data-original-height=\"237\" > <div class=\"gallery-group\" style=\"width: 237px; height: 237px;\" data-original-width=\"237\" data-original-height=\"237\" > <div class=\"tiled-gallery-item \" itemprop=\"associatedMedia\" itemscope itemtype=\"http:\/\/schema.org\/ImageObject\"> <a href=\"https:\/\/www.alqueria.es\/blogs\/alqueriarojaverde\/2019\/04\/12\/hasta-la-vuelta\/lorca\/\" border=\"0\" itemprop=\"url\"> <meta itemprop=\"width\" content=\"233\"> <meta itemprop=\"height\" content=\"233\"> <img decoding=\"async\" class=\"\" data-attachment-id=\"22196\" data-orig-file=\"https:\/\/cloud.alqueria.es\/wp-content\/uploads\/sites\/8\/2019\/04\/LORCA.jpg\" data-orig-size=\"1024,1024\" data-comments-opened=\"1\" data-image-meta=\"{&quot;aperture&quot;:&quot;0&quot;,&quot;credit&quot;:&quot;&quot;,&quot;camera&quot;:&quot;&quot;,&quot;caption&quot;:&quot;&quot;,&quot;created_timestamp&quot;:&quot;0&quot;,&quot;copyright&quot;:&quot;&quot;,&quot;focal_length&quot;:&quot;0&quot;,&quot;iso&quot;:&quot;0&quot;,&quot;shutter_speed&quot;:&quot;0&quot;,&quot;title&quot;:&quot;&quot;,&quot;orientation&quot;:&quot;0&quot;}\" data-image-title=\"LORCA\" data-image-description=\"\" data-medium-file=\"https:\/\/i0.wp.com\/cloud.alqueria.es\/wp-content\/uploads\/sites\/8\/2019\/04\/LORCA.jpg?fit=300%2C300&#038;ssl=1\" data-large-file=\"https:\/\/i0.wp.com\/cloud.alqueria.es\/wp-content\/uploads\/sites\/8\/2019\/04\/LORCA.jpg?fit=474%2C474&#038;ssl=1\" src=\"https:\/\/i0.wp.com\/cloud.alqueria.es\/wp-content\/uploads\/sites\/8\/2019\/04\/LORCA.jpg?w=233&#038;h=233&#038;crop=1&#038;ssl=1\" srcset=\"https:\/\/cloud.alqueria.es\/wp-content\/uploads\/sites\/8\/2019\/04\/LORCA.jpg 1024w, https:\/\/cloud.alqueria.es\/wp-content\/uploads\/sites\/8\/2019\/04\/LORCA.jpg 150w, https:\/\/cloud.alqueria.es\/wp-content\/uploads\/sites\/8\/2019\/04\/LORCA.jpg 300w, https:\/\/cloud.alqueria.es\/wp-content\/uploads\/sites\/8\/2019\/04\/LORCA.jpg 768w, https:\/\/cloud.alqueria.es\/wp-content\/uploads\/sites\/8\/2019\/04\/LORCA.jpg 948w\" width=\"233\" height=\"233\" loading=\"lazy\" data-original-width=\"233\" data-original-height=\"233\" itemprop=\"http:\/\/schema.org\/image\" title=\"LORCA\" alt=\"LORCA\" style=\"width: 233px; height: 233px;\" \/> <\/a> <\/div> <\/div> <div class=\"gallery-group\" style=\"width: 237px; height: 237px;\" data-original-width=\"237\" data-original-height=\"237\" > <div class=\"tiled-gallery-item \" itemprop=\"associatedMedia\" itemscope itemtype=\"http:\/\/schema.org\/ImageObject\"> <a href=\"https:\/\/www.alqueria.es\/blogs\/alqueriarojaverde\/2019\/04\/12\/hasta-la-vuelta\/61devshnurl-_sx343_bo1204203200_\/\" border=\"0\" itemprop=\"url\"> <meta itemprop=\"width\" content=\"233\"> <meta itemprop=\"height\" content=\"233\"> <img decoding=\"async\" class=\"\" data-attachment-id=\"22195\" data-orig-file=\"https:\/\/cloud.alqueria.es\/wp-content\/uploads\/sites\/8\/2019\/04\/61DEvSHNurL._SX343_BO1204203200_.jpg\" data-orig-size=\"345,499\" data-comments-opened=\"1\" data-image-meta=\"{&quot;aperture&quot;:&quot;0&quot;,&quot;credit&quot;:&quot;&quot;,&quot;camera&quot;:&quot;&quot;,&quot;caption&quot;:&quot;&quot;,&quot;created_timestamp&quot;:&quot;0&quot;,&quot;copyright&quot;:&quot;&quot;,&quot;focal_length&quot;:&quot;0&quot;,&quot;iso&quot;:&quot;0&quot;,&quot;shutter_speed&quot;:&quot;0&quot;,&quot;title&quot;:&quot;&quot;,&quot;orientation&quot;:&quot;0&quot;}\" data-image-title=\"61DEvSHNurL._SX343_BO1204203200_\" data-image-description=\"\" data-medium-file=\"https:\/\/i0.wp.com\/cloud.alqueria.es\/wp-content\/uploads\/sites\/8\/2019\/04\/61DEvSHNurL._SX343_BO1204203200_.jpg?fit=207%2C300&#038;ssl=1\" data-large-file=\"https:\/\/i0.wp.com\/cloud.alqueria.es\/wp-content\/uploads\/sites\/8\/2019\/04\/61DEvSHNurL._SX343_BO1204203200_.jpg?fit=345%2C499&#038;ssl=1\" src=\"https:\/\/i0.wp.com\/cloud.alqueria.es\/wp-content\/uploads\/sites\/8\/2019\/04\/61DEvSHNurL._SX343_BO1204203200_.jpg?w=233&#038;h=233&#038;crop=1&#038;ssl=1\" width=\"233\" height=\"233\" loading=\"lazy\" data-original-width=\"233\" data-original-height=\"233\" itemprop=\"http:\/\/schema.org\/image\" title=\"61DEvSHNurL._SX343_BO1204203200_\" alt=\"61DEvSHNurL._SX343_BO1204203200_\" style=\"width: 233px; height: 233px;\" \/> <\/a> <\/div> <\/div> <\/div> <\/div>\n<ul>\n<li><img data-recalc-dims=\"1\" decoding=\"async\" data-attachment-id=\"22197\" data-permalink=\"https:\/\/www.alqueria.es\/blogs\/alqueriarojaverde\/2019\/04\/12\/hasta-la-vuelta\/images-37\/\" data-orig-file=\"https:\/\/i0.wp.com\/cloud.alqueria.es\/wp-content\/uploads\/sites\/8\/2019\/04\/images-e1555075792998.jpg?fit=263%2C192&amp;ssl=1\" data-orig-size=\"263,192\" data-comments-opened=\"1\" data-image-meta=\"{&quot;aperture&quot;:&quot;0&quot;,&quot;credit&quot;:&quot;&quot;,&quot;camera&quot;:&quot;&quot;,&quot;caption&quot;:&quot;&quot;,&quot;created_timestamp&quot;:&quot;0&quot;,&quot;copyright&quot;:&quot;&quot;,&quot;focal_length&quot;:&quot;0&quot;,&quot;iso&quot;:&quot;0&quot;,&quot;shutter_speed&quot;:&quot;0&quot;,&quot;title&quot;:&quot;&quot;,&quot;orientation&quot;:&quot;0&quot;}\" data-image-title=\"images\" data-image-description=\"\" data-image-caption=\"\" data-large-file=\"https:\/\/i0.wp.com\/cloud.alqueria.es\/wp-content\/uploads\/sites\/8\/2019\/04\/images-e1555075792998.jpg?fit=263%2C192&amp;ssl=1\" class=\"alignright size-full wp-image-22197\" src=\"https:\/\/i0.wp.com\/www.alqueria.es\/blogs\/alqueriarojaverde\/wp-content\/uploads\/sites\/8\/2019\/04\/images.jpg?resize=263%2C192&#038;ssl=1\" alt=\"\" width=\"263\" height=\"192\" \/>El jueves llevamos a cabo una <span style=\"color: #00ff00\">actividad de auto-evaluaci\u00f3n, <\/span>en torno al proyecto del vivero. La realizamos en gran grupo y est\u00e1 incluida en las carpetas de los trabajos trimestrales. Aunque la nomenclatura de las preguntas os parezca algo compleja, est\u00e1 referida a las competencias marcadas para Educaci\u00f3n Infantil (cinco de las siete que hay) y para que ellos las entendiesen yo las fui leyendo y explicando en qu\u00e9 circunstancia incluir uno u otro color. No dej\u00e9is de preguntarles, fue toda una experiencia.<\/li>\n<\/ul>\n<p style=\"text-align: center\">AHORA S\u00cd ME \u00a0DESPIDO Y OS DESEO UNOS D\u00cdAS DE DESCANSO EN FAMILIA. \u00a1UN BESO!<\/p>\n<p>Esther Justicia.<\/p>\n","protected":false},"excerpt":{"rendered":"<p>Estimadas familias, Aunque ya me desped\u00ed de vosotros a trav\u00e9s de este medio y de forma personal entre las tardes de ayer y hoy, hay algunas cositas que no quer\u00eda dejar en el tintero para despu\u00e9s de las vacaciones: Hemos avanzado much\u00edsimo en el proyecto de nuestro libro de poemas. Ya tenemos todos los borradores &hellip; <a href=\"https:\/\/www.alqueria.es\/blogs\/alqueriarojaverde\/2019\/04\/12\/hasta-la-vuelta\/\" class=\"more-link\">Seguir leyendo <span class=\"screen-reader-text\">\u00a1HASTA LA VUELTA!<\/span> <span class=\"meta-nav\">&rarr;<\/span><\/a><\/p>\n","protected":false},"author":19,"featured_media":0,"comment_status":"open","ping_status":"open","sticky":false,"template":"","format":"standard","meta":{"jetpack_post_was_ever_published":false,"_jetpack_newsletter_access":"","_jetpack_dont_email_post_to_subs":false,"_jetpack_newsletter_tier_id":0,"_jetpack_memberships_contains_paywalled_content":false,"_jetpack_memberships_contains_paid_content":false,"footnotes":"","jetpack_publicize_message":"","jetpack_publicize_feature_enabled":true,"jetpack_social_post_already_shared":true,"jetpack_social_options":{"image_generator_settings":{"template":"highway","default_image_id":0,"font":"","enabled":false},"version":2}},"categories":[7,13,1],"tags":[],"class_list":["post-22194","post","type-post","status-publish","format-standard","hentry","category-clase-verde-5-6-anos","category-inicio","category-sin-categoria"],"jetpack_publicize_connections":[],"jetpack_featured_media_url":"","jetpack_sharing_enabled":true,"jetpack_shortlink":"https:\/\/wp.me\/p4lFbP-5LY","_links":{"self":[{"href":"https:\/\/www.alqueria.es\/blogs\/alqueriarojaverde\/wp-json\/wp\/v2\/posts\/22194","targetHints":{"allow":["GET"]}}],"collection":[{"href":"https:\/\/www.alqueria.es\/blogs\/alqueriarojaverde\/wp-json\/wp\/v2\/posts"}],"about":[{"href":"https:\/\/www.alqueria.es\/blogs\/alqueriarojaverde\/wp-json\/wp\/v2\/types\/post"}],"author":[{"embeddable":true,"href":"https:\/\/www.alqueria.es\/blogs\/alqueriarojaverde\/wp-json\/wp\/v2\/users\/19"}],"replies":[{"embeddable":true,"href":"https:\/\/www.alqueria.es\/blogs\/alqueriarojaverde\/wp-json\/wp\/v2\/comments?post=22194"}],"version-history":[{"count":0,"href":"https:\/\/www.alqueria.es\/blogs\/alqueriarojaverde\/wp-json\/wp\/v2\/posts\/22194\/revisions"}],"wp:attachment":[{"href":"https:\/\/www.alqueria.es\/blogs\/alqueriarojaverde\/wp-json\/wp\/v2\/media?parent=22194"}],"wp:term":[{"taxonomy":"category","embeddable":true,"href":"https:\/\/www.alqueria.es\/blogs\/alqueriarojaverde\/wp-json\/wp\/v2\/categories?post=22194"},{"taxonomy":"post_tag","embeddable":true,"href":"https:\/\/www.alqueria.es\/blogs\/alqueriarojaverde\/wp-json\/wp\/v2\/tags?post=22194"}],"curies":[{"name":"wp","href":"https:\/\/api.w.org\/{rel}","templated":true}]}}