{"id":22252,"date":"2019-04-24T20:42:53","date_gmt":"2019-04-24T18:42:53","guid":{"rendered":"https:\/\/www.alqueria.es\/blogs\/alqueriarojaverde\/?p=22252"},"modified":"2019-04-24T20:42:53","modified_gmt":"2019-04-24T18:42:53","slug":"tercera-jornada-semana-de-la-lectura-2019","status":"publish","type":"post","link":"https:\/\/www.alqueria.es\/blogs\/alqueriarojaverde\/2019\/04\/24\/tercera-jornada-semana-de-la-lectura-2019\/","title":{"rendered":"TERCERA JORNADA. SEMANA DE LA LECTURA 2019"},"content":{"rendered":"<p><img data-recalc-dims=\"1\" decoding=\"async\" data-attachment-id=\"22254\" data-permalink=\"https:\/\/www.alqueria.es\/blogs\/alqueriarojaverde\/2019\/04\/24\/tercera-jornada-semana-de-la-lectura-2019\/portada-elprincipito-kwpb-620x349abc\/\" data-orig-file=\"https:\/\/i0.wp.com\/cloud.alqueria.es\/wp-content\/uploads\/sites\/8\/2019\/04\/PORTADA-ELPRINCIPITO-kwpB-620x349%40abc.jpg?fit=618%2C349&amp;ssl=1\" data-orig-size=\"618,349\" data-comments-opened=\"1\" data-image-meta=\"{&quot;aperture&quot;:&quot;0&quot;,&quot;credit&quot;:&quot;&quot;,&quot;camera&quot;:&quot;&quot;,&quot;caption&quot;:&quot;&quot;,&quot;created_timestamp&quot;:&quot;0&quot;,&quot;copyright&quot;:&quot;&quot;,&quot;focal_length&quot;:&quot;0&quot;,&quot;iso&quot;:&quot;0&quot;,&quot;shutter_speed&quot;:&quot;0&quot;,&quot;title&quot;:&quot;&quot;,&quot;orientation&quot;:&quot;0&quot;}\" data-image-title=\"PORTADA-ELPRINCIPITO-kwpB-620&amp;#215;349@abc\" data-image-description=\"\" data-image-caption=\"\" data-large-file=\"https:\/\/i0.wp.com\/cloud.alqueria.es\/wp-content\/uploads\/sites\/8\/2019\/04\/PORTADA-ELPRINCIPITO-kwpB-620x349%40abc.jpg?fit=474%2C268&amp;ssl=1\" class=\"alignleft size-medium wp-image-22254\" src=\"https:\/\/i0.wp.com\/cloud.alqueria.es\/wp-content\/uploads\/sites\/8\/2019\/04\/PORTADA-ELPRINCIPITO-kwpB-620x349%40abc.jpg?resize=300%2C169&#038;ssl=1\" alt=\"\" width=\"300\" height=\"169\" srcset=\"https:\/\/cloud.alqueria.es\/wp-content\/uploads\/sites\/8\/2019\/04\/PORTADA-ELPRINCIPITO-kwpB-620x349%40abc.jpg 618w, https:\/\/cloud.alqueria.es\/wp-content\/uploads\/sites\/8\/2019\/04\/PORTADA-ELPRINCIPITO-kwpB-620x349%40abc.jpg 300w\" sizes=\"(max-width: 300px) 100vw, 300px\" \/><em><strong>Tercer d\u00eda ya de esta apasionante semana y seguimos disfrutando del placer de escuchar, ver y sentir, narraciones con mucho trasfondo.\u00a0<\/strong><\/em><\/p>\n<p>Esta ma\u00f1ana ha sido <em><strong><span style=\"color: #0000ff\">Arturo (pap\u00e1 de Arturo y Elena, clases roja y azul)<\/span> <\/strong><\/em>el encargado de transportarnos a trav\u00e9s de la imaginaci\u00f3n, hasta un \u00abmundo diferente\u00bb. Nos ha le\u00eddo una adaptaci\u00f3n del <em><strong>cl\u00e1sico de Antoine de Saint-Exup\u00e9ry,<\/strong> <\/em><strong><span style=\"color: #ff00ff\">\u00abEL PRINCIPITO\u00bb<\/span><\/strong>. Para ello se ha ayudado de unos imanes que reflejaban cada una de las im\u00e1genes o paisajes que se iban sucediendo y finalmente ha completado la exposici\u00f3n con una proyecci\u00f3n audio-visual, que os enlazamos m\u00e1s abajo.<\/p>\n<p class=\"jetpack-slideshow-noscript robots-nocontent\">El pase de diapositivas requiere JavaScript.<\/p><div id=\"gallery-22252-1-slideshow\" class=\"jetpack-slideshow-window jetpack-slideshow jetpack-slideshow-black\" data-trans=\"fade\" data-autostart=\"1\" data-gallery=\"[{&quot;src&quot;:&quot;https:\\\/\\\/i0.wp.com\\\/cloud.alqueria.es\\\/wp-content\\\/uploads\\\/sites\\\/8\\\/2019\\\/04\\\/20190424_094009.jpg?fit=531%2C311\\u0026ssl=1&quot;,&quot;id&quot;:&quot;22277&quot;,&quot;title&quot;:&quot;20190424_094009&quot;,&quot;alt&quot;:&quot;&quot;,&quot;caption&quot;:&quot;Narraci\\u00f3n adaptada&quot;,&quot;itemprop&quot;:&quot;image&quot;},{&quot;src&quot;:&quot;https:\\\/\\\/i0.wp.com\\\/cloud.alqueria.es\\\/wp-content\\\/uploads\\\/sites\\\/8\\\/2019\\\/04\\\/20190424_093805.jpg?fit=640%2C311\\u0026ssl=1&quot;,&quot;id&quot;:&quot;22276&quot;,&quot;title&quot;:&quot;20190424_093805&quot;,&quot;alt&quot;:&quot;&quot;,&quot;caption&quot;:&quot;Clases naranja y roja&quot;,&quot;itemprop&quot;:&quot;image&quot;},{&quot;src&quot;:&quot;https:\\\/\\\/i0.wp.com\\\/cloud.alqueria.es\\\/wp-content\\\/uploads\\\/sites\\\/8\\\/2019\\\/04\\\/IMG-20190424-WA0001.jpg?fit=1024%2C577\\u0026ssl=1&quot;,&quot;id&quot;:&quot;22279&quot;,&quot;title&quot;:&quot;IMG-20190424-WA0001&quot;,&quot;alt&quot;:&quot;&quot;,&quot;caption&quot;:&quot;Clase verde&quot;,&quot;itemprop&quot;:&quot;image&quot;},{&quot;src&quot;:&quot;https:\\\/\\\/i0.wp.com\\\/cloud.alqueria.es\\\/wp-content\\\/uploads\\\/sites\\\/8\\\/2019\\\/04\\\/20190424_094541.jpg?fit=640%2C361\\u0026ssl=1&quot;,&quot;id&quot;:&quot;22278&quot;,&quot;title&quot;:&quot;20190424_094541&quot;,&quot;alt&quot;:&quot;&quot;,&quot;caption&quot;:&quot;Rojos viendo proyecci\\u00f3n&quot;,&quot;itemprop&quot;:&quot;image&quot;},{&quot;src&quot;:&quot;https:\\\/\\\/i0.wp.com\\\/cloud.alqueria.es\\\/wp-content\\\/uploads\\\/sites\\\/8\\\/2019\\\/04\\\/IMG-20190424-WA0003.jpg?fit=640%2C361\\u0026ssl=1&quot;,&quot;id&quot;:&quot;22280&quot;,&quot;title&quot;:&quot;IMG-20190424-WA0003&quot;,&quot;alt&quot;:&quot;&quot;,&quot;caption&quot;:&quot;Proyecci\\u00f3n audio-visual para los verdes&quot;,&quot;itemprop&quot;:&quot;image&quot;}]\" itemscope itemtype=\"https:\/\/schema.org\/ImageGallery\"><\/div>\n<p>Esta historia plantea una realidad bastante compleja, profunda, po\u00e9tica e incluso metaf\u00f3rica, a la que por supuesto en estas edades es dif\u00edcil llegar. Sin embargo s\u00ed que han experimentado m\u00faltiples sensaciones y emociones tras la lectura, que hemos tenido oportunidad tambi\u00e9n de compartir en grupo. Es una historia bastante apropiada para la transmisi\u00f3n de ciertos valores, muy importantes a la hora de alcanzar una vida positiva.<\/p>\n<p><span class=\"embed-youtube\" style=\"text-align:center; display: block;\"><div class=\"a25-CTUOC-hidding-box\" data-original-content=\"&lt;iframe loading=&quot;lazy&quot; class=&quot;youtube-player&quot; width=&quot;474&quot; height=&quot;267&quot; src=&quot;https:\/\/www.youtube.com\/embed\/xMdrJknUCQA?version=3&amp;#038;rel=1&amp;#038;showsearch=0&amp;#038;showinfo=1&amp;#038;iv_load_policy=1&amp;#038;fs=1&amp;#038;hl=es-ES&amp;#038;autohide=2&amp;#038;wmode=transparent&quot; allowfullscreen=&quot;true&quot; style=&quot;border:0;&quot; sandbox=&quot;allow-scripts allow-same-origin allow-popups allow-presentation allow-popups-to-escape-sandbox&quot;&gt;&lt;\/iframe&gt;\">Esta p\u00e1gina incluye contenido multimedia que requiere aceptar todas las cookies. Pulse aqu\u00ed para abrir la configuraci\u00f3n de cookies.<\/div><\/span><\/p>\n<p>Durante el resto de la ma\u00f1ana disfrutan de juego libre, realizan el dibujo de la historia y asisten junto a Alberto y Elena a Educaci\u00f3n F\u00edsica y M\u00fasica (Rojos y Verdes, respectivamente).<\/p>\n<p><em><strong>Por la tarde, dedicamos un ratito a seguir avanzando en los proyectos de aula : <span style=\"color: #ff0000\">libro de c\u00f3mics<\/span> y <span style=\"color: #99cc00\">libro de poemas.<\/span><\/strong><\/em><\/p>\n<p><strong>Nos reunimos unos minutos con todo el ciclo, para decorar<span style=\"color: #ff00ff\"> \u00abel \u00e1rbol de las letras\u00bb. <span style=\"color: #333333\">U<\/span><\/span>na instalaci\u00f3n que hemos ubicado en el pasillo central para recordar a todo el colegio la semana tan especial que estamos viviendo y que ha encantado a todos. Eso de tener un \u00e1rbol que de como fruto letras&#8230; y cuando tenemos la barriga llena de ellas&#8230; \u00a1a inventar historias!.<\/strong><\/p>\n<div class=\"tiled-gallery type-circle tiled-gallery-unresized\" data-original-width=\"474\" data-carousel-extra='{&quot;blog_id&quot;:8,&quot;permalink&quot;:&quot;https:\\\/\\\/www.alqueria.es\\\/blogs\\\/alqueriarojaverde\\\/2019\\\/04\\\/24\\\/tercera-jornada-semana-de-la-lectura-2019\\\/&quot;,&quot;likes_blog_id&quot;:64268569}' itemscope itemtype=\"http:\/\/schema.org\/ImageGallery\" > <div class=\"gallery-row\" style=\"width: 474px; height: 237px;\" data-original-width=\"474\" data-original-height=\"237\" > <div class=\"gallery-group\" style=\"width: 237px; height: 237px;\" data-original-width=\"237\" data-original-height=\"237\" > <div class=\"tiled-gallery-item \" itemprop=\"associatedMedia\" itemscope itemtype=\"http:\/\/schema.org\/ImageObject\"> <a href=\"https:\/\/www.alqueria.es\/blogs\/alqueriarojaverde\/2019\/04\/24\/tercera-jornada-semana-de-la-lectura-2019\/img-20190424-wa0047\/\" border=\"0\" itemprop=\"url\"> <meta itemprop=\"width\" content=\"233\"> <meta itemprop=\"height\" content=\"233\"> <img decoding=\"async\" class=\"\" data-attachment-id=\"22291\" data-orig-file=\"https:\/\/cloud.alqueria.es\/wp-content\/uploads\/sites\/8\/2019\/04\/IMG-20190424-WA0047.jpg\" data-orig-size=\"497,1024\" data-comments-opened=\"1\" data-image-meta=\"{&quot;aperture&quot;:&quot;0&quot;,&quot;credit&quot;:&quot;&quot;,&quot;camera&quot;:&quot;&quot;,&quot;caption&quot;:&quot;&quot;,&quot;created_timestamp&quot;:&quot;0&quot;,&quot;copyright&quot;:&quot;&quot;,&quot;focal_length&quot;:&quot;0&quot;,&quot;iso&quot;:&quot;0&quot;,&quot;shutter_speed&quot;:&quot;0&quot;,&quot;title&quot;:&quot;&quot;,&quot;orientation&quot;:&quot;0&quot;}\" data-image-title=\"IMG-20190424-WA0047\" data-image-description=\"\" data-medium-file=\"https:\/\/i0.wp.com\/cloud.alqueria.es\/wp-content\/uploads\/sites\/8\/2019\/04\/IMG-20190424-WA0047.jpg?fit=146%2C300&#038;ssl=1\" data-large-file=\"https:\/\/i0.wp.com\/cloud.alqueria.es\/wp-content\/uploads\/sites\/8\/2019\/04\/IMG-20190424-WA0047.jpg?fit=474%2C977&#038;ssl=1\" src=\"https:\/\/i0.wp.com\/cloud.alqueria.es\/wp-content\/uploads\/sites\/8\/2019\/04\/IMG-20190424-WA0047.jpg?w=233&#038;h=233&#038;crop=1&#038;ssl=1\" srcset=\"https:\/\/cloud.alqueria.es\/wp-content\/uploads\/sites\/8\/2019\/04\/IMG-20190424-WA0047.jpg 150w, https:\/\/cloud.alqueria.es\/wp-content\/uploads\/sites\/8\/2019\/04\/IMG-20190424-WA0047.jpg 466w\" width=\"233\" height=\"233\" loading=\"lazy\" data-original-width=\"233\" data-original-height=\"233\" itemprop=\"http:\/\/schema.org\/image\" title=\"IMG-20190424-WA0047\" alt=\"IMG-20190424-WA0047\" style=\"width: 233px; height: 233px;\" \/> <\/a> <\/div> <\/div> <div class=\"gallery-group\" style=\"width: 237px; height: 237px;\" data-original-width=\"237\" data-original-height=\"237\" > <div class=\"tiled-gallery-item \" itemprop=\"associatedMedia\" itemscope itemtype=\"http:\/\/schema.org\/ImageObject\"> <a href=\"https:\/\/www.alqueria.es\/blogs\/alqueriarojaverde\/2019\/04\/24\/tercera-jornada-semana-de-la-lectura-2019\/img-20190424-wa0027\/\" border=\"0\" itemprop=\"url\"> <meta itemprop=\"width\" content=\"233\"> <meta itemprop=\"height\" content=\"233\"> <img decoding=\"async\" class=\"\" data-attachment-id=\"22283\" data-orig-file=\"https:\/\/cloud.alqueria.es\/wp-content\/uploads\/sites\/8\/2019\/04\/IMG-20190424-WA0027.jpg\" data-orig-size=\"497,1024\" data-comments-opened=\"1\" data-image-meta=\"{&quot;aperture&quot;:&quot;0&quot;,&quot;credit&quot;:&quot;&quot;,&quot;camera&quot;:&quot;&quot;,&quot;caption&quot;:&quot;&quot;,&quot;created_timestamp&quot;:&quot;0&quot;,&quot;copyright&quot;:&quot;&quot;,&quot;focal_length&quot;:&quot;0&quot;,&quot;iso&quot;:&quot;0&quot;,&quot;shutter_speed&quot;:&quot;0&quot;,&quot;title&quot;:&quot;&quot;,&quot;orientation&quot;:&quot;0&quot;}\" data-image-title=\"IMG-20190424-WA0027\" data-image-description=\"\" data-medium-file=\"https:\/\/i0.wp.com\/cloud.alqueria.es\/wp-content\/uploads\/sites\/8\/2019\/04\/IMG-20190424-WA0027.jpg?fit=146%2C300&#038;ssl=1\" data-large-file=\"https:\/\/i0.wp.com\/cloud.alqueria.es\/wp-content\/uploads\/sites\/8\/2019\/04\/IMG-20190424-WA0027.jpg?fit=474%2C977&#038;ssl=1\" src=\"https:\/\/i0.wp.com\/cloud.alqueria.es\/wp-content\/uploads\/sites\/8\/2019\/04\/IMG-20190424-WA0027.jpg?w=233&#038;h=233&#038;crop=1&#038;ssl=1\" srcset=\"https:\/\/cloud.alqueria.es\/wp-content\/uploads\/sites\/8\/2019\/04\/IMG-20190424-WA0027.jpg 150w, https:\/\/cloud.alqueria.es\/wp-content\/uploads\/sites\/8\/2019\/04\/IMG-20190424-WA0027.jpg 466w\" width=\"233\" height=\"233\" loading=\"lazy\" data-original-width=\"233\" data-original-height=\"233\" itemprop=\"http:\/\/schema.org\/image\" title=\"IMG-20190424-WA0027\" alt=\"IMG-20190424-WA0027\" style=\"width: 233px; height: 233px;\" \/> <\/a> <\/div> <\/div> <\/div> <\/div>\n<p>Para finalizar la jornada asistimos a una <em><strong><span style=\"color: #0000ff\">representaci\u00f3n teatral<\/span><\/strong><\/em>, a cargo de las\u00a0<em><strong><span style=\"color: #ff00ff\">familias del grupo de 1\u00baEPO,<\/span><\/strong><\/em> titulada <strong><span style=\"color: #0000ff\">\u00abNERO\u00bb.\u00a0<\/span><\/strong><span style=\"color: #0000ff\"><span style=\"color: #333333\">Una bonita historia de invenci\u00f3n propia que ha tocado el tema del cuidado medioambiental y la contaminaci\u00f3n de una forma muy divertida y cercana. Personajes de todo tipo, relacionados con el mundo de la fantas\u00eda, han ido saliendo a escena con un precioso escenario de fondo, y hasta efectos especiales han utilizado. Para finalizar regalan a cada uno de los asistentes un recuerdo (una peque\u00f1a bola \u00abnero\u00bb con un bonito mensaje en su interior).\u00a0<\/span><\/span><\/p>\n<p class=\"jetpack-slideshow-noscript robots-nocontent\">El pase de diapositivas requiere JavaScript.<\/p><div id=\"gallery-22252-2-slideshow\" class=\"jetpack-slideshow-window jetpack-slideshow jetpack-slideshow-black\" data-trans=\"fade\" data-autostart=\"1\" data-gallery=\"[{&quot;src&quot;:&quot;https:\\\/\\\/i0.wp.com\\\/cloud.alqueria.es\\\/wp-content\\\/uploads\\\/sites\\\/8\\\/2019\\\/04\\\/IMG-20190424-WA0046.jpg?fit=1024%2C497\\u0026ssl=1&quot;,&quot;id&quot;:&quot;22290&quot;,&quot;title&quot;:&quot;IMG-20190424-WA0046&quot;,&quot;alt&quot;:&quot;&quot;,&quot;caption&quot;:&quot;&quot;,&quot;itemprop&quot;:&quot;image&quot;},{&quot;src&quot;:&quot;https:\\\/\\\/i0.wp.com\\\/cloud.alqueria.es\\\/wp-content\\\/uploads\\\/sites\\\/8\\\/2019\\\/04\\\/IMG-20190424-WA0042.jpg?fit=1024%2C497\\u0026ssl=1&quot;,&quot;id&quot;:&quot;22289&quot;,&quot;title&quot;:&quot;IMG-20190424-WA0042&quot;,&quot;alt&quot;:&quot;&quot;,&quot;caption&quot;:&quot;&quot;,&quot;itemprop&quot;:&quot;image&quot;},{&quot;src&quot;:&quot;https:\\\/\\\/i0.wp.com\\\/cloud.alqueria.es\\\/wp-content\\\/uploads\\\/sites\\\/8\\\/2019\\\/04\\\/IMG-20190424-WA0039.jpg?fit=1024%2C497\\u0026ssl=1&quot;,&quot;id&quot;:&quot;22288&quot;,&quot;title&quot;:&quot;IMG-20190424-WA0039&quot;,&quot;alt&quot;:&quot;&quot;,&quot;caption&quot;:&quot;&quot;,&quot;itemprop&quot;:&quot;image&quot;},{&quot;src&quot;:&quot;https:\\\/\\\/i0.wp.com\\\/cloud.alqueria.es\\\/wp-content\\\/uploads\\\/sites\\\/8\\\/2019\\\/04\\\/IMG-20190424-WA0037.jpg?fit=1024%2C497\\u0026ssl=1&quot;,&quot;id&quot;:&quot;22287&quot;,&quot;title&quot;:&quot;IMG-20190424-WA0037&quot;,&quot;alt&quot;:&quot;&quot;,&quot;caption&quot;:&quot;&quot;,&quot;itemprop&quot;:&quot;image&quot;},{&quot;src&quot;:&quot;https:\\\/\\\/i0.wp.com\\\/cloud.alqueria.es\\\/wp-content\\\/uploads\\\/sites\\\/8\\\/2019\\\/04\\\/IMG-20190424-WA0033.jpg?fit=1024%2C497\\u0026ssl=1&quot;,&quot;id&quot;:&quot;22286&quot;,&quot;title&quot;:&quot;IMG-20190424-WA0033&quot;,&quot;alt&quot;:&quot;&quot;,&quot;caption&quot;:&quot;&quot;,&quot;itemprop&quot;:&quot;image&quot;},{&quot;src&quot;:&quot;https:\\\/\\\/i0.wp.com\\\/cloud.alqueria.es\\\/wp-content\\\/uploads\\\/sites\\\/8\\\/2019\\\/04\\\/IMG-20190424-WA0031.jpg?fit=1024%2C497\\u0026ssl=1&quot;,&quot;id&quot;:&quot;22285&quot;,&quot;title&quot;:&quot;IMG-20190424-WA0031&quot;,&quot;alt&quot;:&quot;&quot;,&quot;caption&quot;:&quot;&quot;,&quot;itemprop&quot;:&quot;image&quot;},{&quot;src&quot;:&quot;https:\\\/\\\/i0.wp.com\\\/cloud.alqueria.es\\\/wp-content\\\/uploads\\\/sites\\\/8\\\/2019\\\/04\\\/IMG-20190424-WA0030.jpg?fit=1024%2C497\\u0026ssl=1&quot;,&quot;id&quot;:&quot;22284&quot;,&quot;title&quot;:&quot;IMG-20190424-WA0030&quot;,&quot;alt&quot;:&quot;&quot;,&quot;caption&quot;:&quot;&quot;,&quot;itemprop&quot;:&quot;image&quot;}]\" itemscope itemtype=\"https:\/\/schema.org\/ImageGallery\"><\/div>\n<p style=\"text-align: center\"><span style=\"color: #ff6600\"><strong>\u00a1Nos vemos ma\u00f1ana, con m\u00e1s historias que contar!,<\/strong><\/span><\/p>\n<p>Carmen y Esther.<\/p>\n<p>&nbsp;<\/p>\n<p>&nbsp;<\/p>\n<p>&nbsp;<\/p>\n","protected":false},"excerpt":{"rendered":"<p>Tercer d\u00eda ya de esta apasionante semana y seguimos disfrutando del placer de escuchar, ver y sentir, narraciones con mucho trasfondo.\u00a0 Esta ma\u00f1ana ha sido Arturo (pap\u00e1 de Arturo y Elena, clases roja y azul) el encargado de transportarnos a trav\u00e9s de la imaginaci\u00f3n, hasta un \u00abmundo diferente\u00bb. Nos ha le\u00eddo una adaptaci\u00f3n del cl\u00e1sico &hellip; <a href=\"https:\/\/www.alqueria.es\/blogs\/alqueriarojaverde\/2019\/04\/24\/tercera-jornada-semana-de-la-lectura-2019\/\" class=\"more-link\">Seguir leyendo <span class=\"screen-reader-text\">TERCERA JORNADA. SEMANA DE LA LECTURA 2019<\/span> <span class=\"meta-nav\">&rarr;<\/span><\/a><\/p>\n","protected":false},"author":19,"featured_media":0,"comment_status":"open","ping_status":"open","sticky":false,"template":"","format":"standard","meta":{"jetpack_post_was_ever_published":false,"_jetpack_newsletter_access":"","_jetpack_dont_email_post_to_subs":false,"_jetpack_newsletter_tier_id":0,"_jetpack_memberships_contains_paywalled_content":false,"_jetpack_memberships_contains_paid_content":false,"footnotes":"","jetpack_publicize_message":"","jetpack_publicize_feature_enabled":true,"jetpack_social_post_already_shared":true,"jetpack_social_options":{"image_generator_settings":{"template":"highway","default_image_id":0,"font":"","enabled":false},"version":2}},"categories":[6,7,13],"tags":[630],"class_list":["post-22252","post","type-post","status-publish","format-standard","hentry","category-clase-roja-4-5-anos","category-clase-verde-5-6-anos","category-inicio","tag-semana-lectura-infantil-2019"],"jetpack_publicize_connections":[],"jetpack_featured_media_url":"","jetpack_sharing_enabled":true,"jetpack_shortlink":"https:\/\/wp.me\/p4lFbP-5MU","_links":{"self":[{"href":"https:\/\/www.alqueria.es\/blogs\/alqueriarojaverde\/wp-json\/wp\/v2\/posts\/22252","targetHints":{"allow":["GET"]}}],"collection":[{"href":"https:\/\/www.alqueria.es\/blogs\/alqueriarojaverde\/wp-json\/wp\/v2\/posts"}],"about":[{"href":"https:\/\/www.alqueria.es\/blogs\/alqueriarojaverde\/wp-json\/wp\/v2\/types\/post"}],"author":[{"embeddable":true,"href":"https:\/\/www.alqueria.es\/blogs\/alqueriarojaverde\/wp-json\/wp\/v2\/users\/19"}],"replies":[{"embeddable":true,"href":"https:\/\/www.alqueria.es\/blogs\/alqueriarojaverde\/wp-json\/wp\/v2\/comments?post=22252"}],"version-history":[{"count":0,"href":"https:\/\/www.alqueria.es\/blogs\/alqueriarojaverde\/wp-json\/wp\/v2\/posts\/22252\/revisions"}],"wp:attachment":[{"href":"https:\/\/www.alqueria.es\/blogs\/alqueriarojaverde\/wp-json\/wp\/v2\/media?parent=22252"}],"wp:term":[{"taxonomy":"category","embeddable":true,"href":"https:\/\/www.alqueria.es\/blogs\/alqueriarojaverde\/wp-json\/wp\/v2\/categories?post=22252"},{"taxonomy":"post_tag","embeddable":true,"href":"https:\/\/www.alqueria.es\/blogs\/alqueriarojaverde\/wp-json\/wp\/v2\/tags?post=22252"}],"curies":[{"name":"wp","href":"https:\/\/api.w.org\/{rel}","templated":true}]}}