{"id":22273,"date":"2019-04-26T18:16:26","date_gmt":"2019-04-26T16:16:26","guid":{"rendered":"https:\/\/www.alqueria.es\/blogs\/alqueriarojaverde\/?p=22273"},"modified":"2019-04-27T00:20:48","modified_gmt":"2019-04-26T22:20:48","slug":"clausura-semana-de-la-lectura-2019","status":"publish","type":"post","link":"https:\/\/www.alqueria.es\/blogs\/alqueriarojaverde\/2019\/04\/26\/clausura-semana-de-la-lectura-2019\/","title":{"rendered":"CLAUSURA SEMANA DE LA LECTURA 2019"},"content":{"rendered":"<p><em><strong><span style=\"color: #0000ff\"><img data-recalc-dims=\"1\" decoding=\"async\" data-attachment-id=\"22348\" data-permalink=\"https:\/\/www.alqueria.es\/blogs\/alqueriarojaverde\/2019\/04\/26\/clausura-semana-de-la-lectura-2019\/maxresdefault-4\/\" data-orig-file=\"https:\/\/i0.wp.com\/cloud.alqueria.es\/wp-content\/uploads\/sites\/8\/2019\/04\/maxresdefault.jpg?fit=1024%2C576&amp;ssl=1\" data-orig-size=\"1024,576\" data-comments-opened=\"1\" data-image-meta=\"{&quot;aperture&quot;:&quot;0&quot;,&quot;credit&quot;:&quot;&quot;,&quot;camera&quot;:&quot;&quot;,&quot;caption&quot;:&quot;&quot;,&quot;created_timestamp&quot;:&quot;0&quot;,&quot;copyright&quot;:&quot;&quot;,&quot;focal_length&quot;:&quot;0&quot;,&quot;iso&quot;:&quot;0&quot;,&quot;shutter_speed&quot;:&quot;0&quot;,&quot;title&quot;:&quot;&quot;,&quot;orientation&quot;:&quot;0&quot;}\" data-image-title=\"maxresdefault\" data-image-description=\"\" data-image-caption=\"\" data-large-file=\"https:\/\/i0.wp.com\/cloud.alqueria.es\/wp-content\/uploads\/sites\/8\/2019\/04\/maxresdefault.jpg?fit=474%2C267&amp;ssl=1\" class=\"alignleft size-medium wp-image-22348\" src=\"https:\/\/i0.wp.com\/cloud.alqueria.es\/wp-content\/uploads\/sites\/8\/2019\/04\/maxresdefault.jpg?resize=300%2C169&#038;ssl=1\" alt=\"\" width=\"300\" height=\"169\" srcset=\"https:\/\/cloud.alqueria.es\/wp-content\/uploads\/sites\/8\/2019\/04\/maxresdefault.jpg 1024w, https:\/\/cloud.alqueria.es\/wp-content\/uploads\/sites\/8\/2019\/04\/maxresdefault.jpg 300w, https:\/\/cloud.alqueria.es\/wp-content\/uploads\/sites\/8\/2019\/04\/maxresdefault.jpg 768w, https:\/\/cloud.alqueria.es\/wp-content\/uploads\/sites\/8\/2019\/04\/maxresdefault.jpg 948w\" sizes=\"(max-width: 300px) 100vw, 300px\" \/>Empezamos el \u00faltimo d\u00eda de esta semana con un original y divertido cuento motor, a cargo de varias familias de los grupos naranja y rojo<\/span> <\/strong>(Aurora y Antonio, padres de M\u00e1ximo y Antonio; M\u00aaJose, madre de Hern\u00e1n; M\u00aaJes\u00fas, madre de Mateo A.; Sebas, padre de Elena y Sof\u00eda y Erika, madre de Vega).<\/em><\/p>\n<p>La historia era un viaje alrededor de los seis continentes, realizando en cada uno de ellos alguna actividad motriz relacionada con su propia idiosincrasia. Tambi\u00e9n nos han ido relatando algunas caracter\u00edsticas particulares de cada uno.<\/p>\n<p><div class=\"a25-CTUOC-hidding-box\" data-original-content=\"&lt;iframe loading=&quot;lazy&quot; title=&quot;SEMANA LECTURA 2019&quot; src=&quot;https:\/\/player.vimeo.com\/video\/332698239?dnt=1&amp;amp;app_id=122963&quot; width=&quot;474&quot; height=&quot;356&quot; frameborder=&quot;0&quot; allow=&quot;autoplay; fullscreen; picture-in-picture; clipboard-write&quot;&gt;&lt;\/iframe&gt;\">Esta p\u00e1gina incluye contenido multimedia que requiere aceptar todas las cookies. Pulse aqu\u00ed para abrir la configuraci\u00f3n de cookies.<\/div><\/p>\n<p><img data-recalc-dims=\"1\" decoding=\"async\" data-attachment-id=\"22274\" data-permalink=\"https:\/\/www.alqueria.es\/blogs\/alqueriarojaverde\/2019\/04\/26\/clausura-semana-de-la-lectura-2019\/foto-de-apoyo-edicion-no-78\/\" data-orig-file=\"https:\/\/i0.wp.com\/cloud.alqueria.es\/wp-content\/uploads\/sites\/8\/2019\/04\/foto-de-apoyo-edicion-no-78.jpg?fit=1024%2C481&amp;ssl=1\" data-orig-size=\"1024,481\" data-comments-opened=\"1\" data-image-meta=\"{&quot;aperture&quot;:&quot;0&quot;,&quot;credit&quot;:&quot;&quot;,&quot;camera&quot;:&quot;&quot;,&quot;caption&quot;:&quot;&quot;,&quot;created_timestamp&quot;:&quot;0&quot;,&quot;copyright&quot;:&quot;&quot;,&quot;focal_length&quot;:&quot;0&quot;,&quot;iso&quot;:&quot;0&quot;,&quot;shutter_speed&quot;:&quot;0&quot;,&quot;title&quot;:&quot;&quot;,&quot;orientation&quot;:&quot;0&quot;}\" data-image-title=\"foto-de-apoyo-edicion-no-78\" data-image-description=\"\" data-image-caption=\"\" data-large-file=\"https:\/\/i0.wp.com\/cloud.alqueria.es\/wp-content\/uploads\/sites\/8\/2019\/04\/foto-de-apoyo-edicion-no-78.jpg?fit=474%2C223&amp;ssl=1\" class=\"alignright size-medium wp-image-22274\" src=\"https:\/\/i0.wp.com\/cloud.alqueria.es\/wp-content\/uploads\/sites\/8\/2019\/04\/foto-de-apoyo-edicion-no-78.jpg?resize=300%2C141&#038;ssl=1\" alt=\"\" width=\"300\" height=\"141\" srcset=\"https:\/\/cloud.alqueria.es\/wp-content\/uploads\/sites\/8\/2019\/04\/foto-de-apoyo-edicion-no-78.jpg 1024w, https:\/\/cloud.alqueria.es\/wp-content\/uploads\/sites\/8\/2019\/04\/foto-de-apoyo-edicion-no-78.jpg 300w, https:\/\/cloud.alqueria.es\/wp-content\/uploads\/sites\/8\/2019\/04\/foto-de-apoyo-edicion-no-78.jpg 768w, https:\/\/cloud.alqueria.es\/wp-content\/uploads\/sites\/8\/2019\/04\/foto-de-apoyo-edicion-no-78.jpg 948w\" sizes=\"(max-width: 300px) 100vw, 300px\" \/><em><span style=\"color: #ff00ff\"><strong>Clausuramos <\/strong><\/span><strong>esta singular y significativa semana con un <span style=\"color: #00ff00\">teatro musical<\/span> a cargo de las <span style=\"color: #00ff00\">familias del grupo verde<\/span>, basado en la historia del <\/strong><\/em><strong><span style=\"color: #ff00ff\">\u00ab<\/span><span style=\"color: #ff00ff\">FLAUTISTA DE HAMEL\u00cdN\u00bb.<\/span><\/strong><\/p>\n<p>Una representaci\u00f3n muy entra\u00f1able, no solo por el contenido de la misma, que han adaptado para incluir algunas escenas que no aparecen en el cuento original,\u00a0 sino porque \u00ablos peques de los artistas\u00bb no sab\u00edan nada de nada y les ha sorprendido un mont\u00f3n.<\/p>\n<p style=\"text-align: center\"><em><strong>\u00a1Un bonito regalo de fin de etapa, que han querido hacerles sus familias!<\/strong><\/em><\/p>\n<p class=\"jetpack-slideshow-noscript robots-nocontent\">El pase de diapositivas requiere JavaScript.<\/p><div id=\"gallery-22273-1-slideshow\" class=\"jetpack-slideshow-window jetpack-slideshow jetpack-slideshow-black\" data-trans=\"fade\" data-autostart=\"1\" data-gallery=\"[{&quot;src&quot;:&quot;https:\\\/\\\/i0.wp.com\\\/cloud.alqueria.es\\\/wp-content\\\/uploads\\\/sites\\\/8\\\/2019\\\/04\\\/IMG-20190426-WA0082.jpg?fit=1024%2C577\\u0026ssl=1&quot;,&quot;id&quot;:&quot;22331&quot;,&quot;title&quot;:&quot;IMG-20190426-WA0082&quot;,&quot;alt&quot;:&quot;&quot;,&quot;caption&quot;:&quot;&quot;,&quot;itemprop&quot;:&quot;image&quot;},{&quot;src&quot;:&quot;https:\\\/\\\/i0.wp.com\\\/cloud.alqueria.es\\\/wp-content\\\/uploads\\\/sites\\\/8\\\/2019\\\/04\\\/IMG-20190426-WA0081.jpg?fit=1024%2C577\\u0026ssl=1&quot;,&quot;id&quot;:&quot;22332&quot;,&quot;title&quot;:&quot;IMG-20190426-WA0081&quot;,&quot;alt&quot;:&quot;&quot;,&quot;caption&quot;:&quot;&quot;,&quot;itemprop&quot;:&quot;image&quot;},{&quot;src&quot;:&quot;https:\\\/\\\/i0.wp.com\\\/cloud.alqueria.es\\\/wp-content\\\/uploads\\\/sites\\\/8\\\/2019\\\/04\\\/IMG-20190426-WA0071.jpg?fit=1024%2C577\\u0026ssl=1&quot;,&quot;id&quot;:&quot;22333&quot;,&quot;title&quot;:&quot;IMG-20190426-WA0071&quot;,&quot;alt&quot;:&quot;&quot;,&quot;caption&quot;:&quot;&quot;,&quot;itemprop&quot;:&quot;image&quot;},{&quot;src&quot;:&quot;https:\\\/\\\/i0.wp.com\\\/cloud.alqueria.es\\\/wp-content\\\/uploads\\\/sites\\\/8\\\/2019\\\/04\\\/IMG-20190426-WA0072.jpg?fit=1024%2C577\\u0026ssl=1&quot;,&quot;id&quot;:&quot;22334&quot;,&quot;title&quot;:&quot;IMG-20190426-WA0072&quot;,&quot;alt&quot;:&quot;&quot;,&quot;caption&quot;:&quot;&quot;,&quot;itemprop&quot;:&quot;image&quot;},{&quot;src&quot;:&quot;https:\\\/\\\/i0.wp.com\\\/cloud.alqueria.es\\\/wp-content\\\/uploads\\\/sites\\\/8\\\/2019\\\/04\\\/IMG-20190426-WA0070.jpg?fit=1024%2C577\\u0026ssl=1&quot;,&quot;id&quot;:&quot;22335&quot;,&quot;title&quot;:&quot;IMG-20190426-WA0070&quot;,&quot;alt&quot;:&quot;&quot;,&quot;caption&quot;:&quot;&quot;,&quot;itemprop&quot;:&quot;image&quot;},{&quot;src&quot;:&quot;https:\\\/\\\/i0.wp.com\\\/cloud.alqueria.es\\\/wp-content\\\/uploads\\\/sites\\\/8\\\/2019\\\/04\\\/DSC_2049.jpg?fit=1024%2C578\\u0026ssl=1&quot;,&quot;id&quot;:&quot;22330&quot;,&quot;title&quot;:&quot;DSC_2049&quot;,&quot;alt&quot;:&quot;&quot;,&quot;caption&quot;:&quot;&quot;,&quot;itemprop&quot;:&quot;image&quot;},{&quot;src&quot;:&quot;https:\\\/\\\/i0.wp.com\\\/cloud.alqueria.es\\\/wp-content\\\/uploads\\\/sites\\\/8\\\/2019\\\/04\\\/IMG-20190426-WA0080.jpg?fit=577%2C1024\\u0026ssl=1&quot;,&quot;id&quot;:&quot;22341&quot;,&quot;title&quot;:&quot;IMG-20190426-WA0080&quot;,&quot;alt&quot;:&quot;&quot;,&quot;caption&quot;:&quot;&quot;,&quot;itemprop&quot;:&quot;image&quot;},{&quot;src&quot;:&quot;https:\\\/\\\/i0.wp.com\\\/cloud.alqueria.es\\\/wp-content\\\/uploads\\\/sites\\\/8\\\/2019\\\/04\\\/IMG-20190426-WA00791.jpg?fit=1024%2C577\\u0026ssl=1&quot;,&quot;id&quot;:&quot;22340&quot;,&quot;title&quot;:&quot;IMG-20190426-WA00791&quot;,&quot;alt&quot;:&quot;&quot;,&quot;caption&quot;:&quot;&quot;,&quot;itemprop&quot;:&quot;image&quot;},{&quot;src&quot;:&quot;https:\\\/\\\/i0.wp.com\\\/cloud.alqueria.es\\\/wp-content\\\/uploads\\\/sites\\\/8\\\/2019\\\/04\\\/IMG-20190426-WA0078.jpg?fit=1024%2C577\\u0026ssl=1&quot;,&quot;id&quot;:&quot;22337&quot;,&quot;title&quot;:&quot;IMG-20190426-WA0078&quot;,&quot;alt&quot;:&quot;&quot;,&quot;caption&quot;:&quot;&quot;,&quot;itemprop&quot;:&quot;image&quot;},{&quot;src&quot;:&quot;https:\\\/\\\/i0.wp.com\\\/cloud.alqueria.es\\\/wp-content\\\/uploads\\\/sites\\\/8\\\/2019\\\/04\\\/IMG-20190426-WA0077.jpg?fit=1024%2C577\\u0026ssl=1&quot;,&quot;id&quot;:&quot;22336&quot;,&quot;title&quot;:&quot;IMG-20190426-WA0077&quot;,&quot;alt&quot;:&quot;&quot;,&quot;caption&quot;:&quot;&quot;,&quot;itemprop&quot;:&quot;image&quot;},{&quot;src&quot;:&quot;https:\\\/\\\/i0.wp.com\\\/cloud.alqueria.es\\\/wp-content\\\/uploads\\\/sites\\\/8\\\/2019\\\/04\\\/IMG-20190426-WA0075.jpg?fit=1024%2C577\\u0026ssl=1&quot;,&quot;id&quot;:&quot;22344&quot;,&quot;title&quot;:&quot;IMG-20190426-WA0075&quot;,&quot;alt&quot;:&quot;&quot;,&quot;caption&quot;:&quot;&quot;,&quot;itemprop&quot;:&quot;image&quot;},{&quot;src&quot;:&quot;https:\\\/\\\/i0.wp.com\\\/cloud.alqueria.es\\\/wp-content\\\/uploads\\\/sites\\\/8\\\/2019\\\/04\\\/IMG-20190426-WA0076.jpg?fit=1024%2C577\\u0026ssl=1&quot;,&quot;id&quot;:&quot;22345&quot;,&quot;title&quot;:&quot;IMG-20190426-WA0076&quot;,&quot;alt&quot;:&quot;&quot;,&quot;caption&quot;:&quot;&quot;,&quot;itemprop&quot;:&quot;image&quot;},{&quot;src&quot;:&quot;https:\\\/\\\/i0.wp.com\\\/cloud.alqueria.es\\\/wp-content\\\/uploads\\\/sites\\\/8\\\/2019\\\/04\\\/IMG-20190426-WA0073.jpg?fit=1024%2C577\\u0026ssl=1&quot;,&quot;id&quot;:&quot;22342&quot;,&quot;title&quot;:&quot;IMG-20190426-WA0073&quot;,&quot;alt&quot;:&quot;&quot;,&quot;caption&quot;:&quot;&quot;,&quot;itemprop&quot;:&quot;image&quot;},{&quot;src&quot;:&quot;https:\\\/\\\/i0.wp.com\\\/cloud.alqueria.es\\\/wp-content\\\/uploads\\\/sites\\\/8\\\/2019\\\/04\\\/IMG-20190426-WA0074.jpg?fit=1024%2C577\\u0026ssl=1&quot;,&quot;id&quot;:&quot;22343&quot;,&quot;title&quot;:&quot;IMG-20190426-WA0074&quot;,&quot;alt&quot;:&quot;&quot;,&quot;caption&quot;:&quot;&quot;,&quot;itemprop&quot;:&quot;image&quot;}]\" itemscope itemtype=\"https:\/\/schema.org\/ImageGallery\"><\/div>\n<p><img data-recalc-dims=\"1\" decoding=\"async\" data-attachment-id=\"22339\" data-permalink=\"https:\/\/www.alqueria.es\/blogs\/alqueriarojaverde\/2019\/04\/26\/clausura-semana-de-la-lectura-2019\/dsc_1116-2\/\" data-orig-file=\"https:\/\/i0.wp.com\/cloud.alqueria.es\/wp-content\/uploads\/sites\/8\/2019\/04\/DSC_1116.jpg?fit=1024%2C578&amp;ssl=1\" data-orig-size=\"1024,578\" data-comments-opened=\"1\" data-image-meta=\"{&quot;aperture&quot;:&quot;0&quot;,&quot;credit&quot;:&quot;&quot;,&quot;camera&quot;:&quot;&quot;,&quot;caption&quot;:&quot;&quot;,&quot;created_timestamp&quot;:&quot;0&quot;,&quot;copyright&quot;:&quot;&quot;,&quot;focal_length&quot;:&quot;0&quot;,&quot;iso&quot;:&quot;0&quot;,&quot;shutter_speed&quot;:&quot;0&quot;,&quot;title&quot;:&quot;&quot;,&quot;orientation&quot;:&quot;0&quot;}\" data-image-title=\"DSC_1116\" data-image-description=\"\" data-image-caption=\"\" data-large-file=\"https:\/\/i0.wp.com\/cloud.alqueria.es\/wp-content\/uploads\/sites\/8\/2019\/04\/DSC_1116.jpg?fit=474%2C268&amp;ssl=1\" class=\"aligncenter size-full wp-image-22339\" src=\"https:\/\/i0.wp.com\/cloud.alqueria.es\/wp-content\/uploads\/sites\/8\/2019\/04\/DSC_1116.jpg?resize=474%2C268&#038;ssl=1\" alt=\"\" width=\"474\" height=\"268\" srcset=\"https:\/\/cloud.alqueria.es\/wp-content\/uploads\/sites\/8\/2019\/04\/DSC_1116.jpg 1024w, https:\/\/cloud.alqueria.es\/wp-content\/uploads\/sites\/8\/2019\/04\/DSC_1116.jpg 300w, https:\/\/cloud.alqueria.es\/wp-content\/uploads\/sites\/8\/2019\/04\/DSC_1116.jpg 768w, https:\/\/cloud.alqueria.es\/wp-content\/uploads\/sites\/8\/2019\/04\/DSC_1116.jpg 948w\" sizes=\"(max-width: 474px) 100vw, 474px\" \/><\/p>\n<p>Esperamos que las distintas entradas, que os hemos ido enlazando diariamente, os hayan acercado un poquito a todo lo que hemos vivido esta semana.\u00a0 Culminamos esta aventura en relaci\u00f3n a la lectura con gran satisfacci\u00f3n por su desarrollo y esperamos haber contribuido al fomento de la lectura en familia.<\/p>\n<p style=\"text-align: center\"><span style=\"color: #ff00ff\">\u00a1GRACIAS A TODAS LAS FAMILIAS QUE HAN COLABORADO!<\/span><\/p>\n<p style=\"text-align: left\">Nos vemos a la vuelta del fin de semana, con m\u00e1s cosas que compartir.<\/p>\n<p>Carmen y Esther.<\/p>\n<p>&nbsp;<\/p>\n<p>&nbsp;<\/p>\n","protected":false},"excerpt":{"rendered":"<p>Empezamos el \u00faltimo d\u00eda de esta semana con un original y divertido cuento motor, a cargo de varias familias de los grupos naranja y rojo (Aurora y Antonio, padres de M\u00e1ximo y Antonio; M\u00aaJose, madre de Hern\u00e1n; M\u00aaJes\u00fas, madre de Mateo A.; Sebas, padre de Elena y Sof\u00eda y Erika, madre de Vega). La historia &hellip; <a href=\"https:\/\/www.alqueria.es\/blogs\/alqueriarojaverde\/2019\/04\/26\/clausura-semana-de-la-lectura-2019\/\" class=\"more-link\">Seguir leyendo <span class=\"screen-reader-text\">CLAUSURA SEMANA DE LA LECTURA 2019<\/span> <span class=\"meta-nav\">&rarr;<\/span><\/a><\/p>\n","protected":false},"author":19,"featured_media":0,"comment_status":"open","ping_status":"open","sticky":false,"template":"","format":"standard","meta":{"jetpack_post_was_ever_published":false,"_jetpack_newsletter_access":"","_jetpack_dont_email_post_to_subs":false,"_jetpack_newsletter_tier_id":0,"_jetpack_memberships_contains_paywalled_content":false,"_jetpack_memberships_contains_paid_content":false,"footnotes":"","jetpack_publicize_message":"","jetpack_publicize_feature_enabled":true,"jetpack_social_post_already_shared":true,"jetpack_social_options":{"image_generator_settings":{"template":"highway","default_image_id":0,"font":"","enabled":false},"version":2}},"categories":[6,7,13],"tags":[630],"class_list":["post-22273","post","type-post","status-publish","format-standard","hentry","category-clase-roja-4-5-anos","category-clase-verde-5-6-anos","category-inicio","tag-semana-lectura-infantil-2019"],"jetpack_publicize_connections":[],"jetpack_featured_media_url":"","jetpack_sharing_enabled":true,"jetpack_shortlink":"https:\/\/wp.me\/p4lFbP-5Nf","_links":{"self":[{"href":"https:\/\/www.alqueria.es\/blogs\/alqueriarojaverde\/wp-json\/wp\/v2\/posts\/22273","targetHints":{"allow":["GET"]}}],"collection":[{"href":"https:\/\/www.alqueria.es\/blogs\/alqueriarojaverde\/wp-json\/wp\/v2\/posts"}],"about":[{"href":"https:\/\/www.alqueria.es\/blogs\/alqueriarojaverde\/wp-json\/wp\/v2\/types\/post"}],"author":[{"embeddable":true,"href":"https:\/\/www.alqueria.es\/blogs\/alqueriarojaverde\/wp-json\/wp\/v2\/users\/19"}],"replies":[{"embeddable":true,"href":"https:\/\/www.alqueria.es\/blogs\/alqueriarojaverde\/wp-json\/wp\/v2\/comments?post=22273"}],"version-history":[{"count":0,"href":"https:\/\/www.alqueria.es\/blogs\/alqueriarojaverde\/wp-json\/wp\/v2\/posts\/22273\/revisions"}],"wp:attachment":[{"href":"https:\/\/www.alqueria.es\/blogs\/alqueriarojaverde\/wp-json\/wp\/v2\/media?parent=22273"}],"wp:term":[{"taxonomy":"category","embeddable":true,"href":"https:\/\/www.alqueria.es\/blogs\/alqueriarojaverde\/wp-json\/wp\/v2\/categories?post=22273"},{"taxonomy":"post_tag","embeddable":true,"href":"https:\/\/www.alqueria.es\/blogs\/alqueriarojaverde\/wp-json\/wp\/v2\/tags?post=22273"}],"curies":[{"name":"wp","href":"https:\/\/api.w.org\/{rel}","templated":true}]}}