{"id":22631,"date":"2019-05-17T10:36:21","date_gmt":"2019-05-17T08:36:21","guid":{"rendered":"https:\/\/www.alqueria.es\/blogs\/alqueriarojaverde\/?p=22631"},"modified":"2019-05-17T10:36:21","modified_gmt":"2019-05-17T08:36:21","slug":"granja-escuela-huerto-alegre","status":"publish","type":"post","link":"https:\/\/www.alqueria.es\/blogs\/alqueriarojaverde\/2019\/05\/17\/granja-escuela-huerto-alegre\/","title":{"rendered":"GRANJA ESCUELA HUERTO ALEGRE"},"content":{"rendered":"<p><em>Los grupos <strong><span style=\"color: #ff6600\">naranja<\/span><\/strong> (3-4 a\u00f1os) y <strong><span style=\"color: #ff0000\">rojo<\/span><\/strong> (4-5 a\u00f1os), comparten esta \u00faltima salida del curso en la <strong><span style=\"color: #003300\">Granja Escuela Huerto Alegre<\/span><\/strong>, con el objetivo principal de pasar un d\u00eda en convivencia fuera del entorno cotidiano, globalizando los contenidos adquiridos sobre el medio ambiente (animales de granja y\u00a0 el huerto) y desarrollando un buen nivel de autonom\u00eda en un espacio diferente al familiar o escolar.<\/em><\/p>\n<p><span style=\"color: #003300\"><em>La jornada en la granja fue muy especial y significativa para ellos. Desde un primer momento la atenci\u00f3n recibida por parte de los\/as monitores fue\u00a0 incre\u00edble y los ni\u00f1os\u00a0 disfrutaron de manera muy significativa de cada espacio que\u00a0 recorrieron por toda la granja,\u00a0 desde el huerto, el invernadero, la granja, la pradera, el comedor&#8230;.<\/em><\/span><\/p>\n<p><span style=\"color: #003300\"><em>Nuestro ni\u00f1os y ni\u00f1as se portaron fenomenal, compartiendo\u00a0 con los monitores sus conocimientos sobre los animales y disfrutando con las distintas tareas propias de la granja.\u00a0<\/em><\/span><\/p>\n<p><span style=\"color: #003300\"><em>Y qu\u00e9\u00a0mejor que unas im\u00e1genes para comprobar que lo que digo e<\/em>s totalmente cierto.<\/span><\/p>\n<p><div class=\"a25-CTUOC-hidding-box\" data-original-content=\"&lt;iframe loading=&quot;lazy&quot; title=&quot;Granja escolar Huerto Alegre&quot; src=&quot;https:\/\/player.vimeo.com\/video\/336678579?dnt=1&amp;amp;app_id=122963&quot; width=&quot;474&quot; height=&quot;474&quot; frameborder=&quot;0&quot; allow=&quot;autoplay; fullscreen; picture-in-picture; clipboard-write&quot;&gt;&lt;\/iframe&gt;\">Esta p\u00e1gina incluye contenido multimedia que requiere aceptar todas las cookies. Pulse aqu\u00ed para abrir la configuraci\u00f3n de cookies.<\/div><\/p>\n<p><span style=\"color: #003300\">Ha sido una experiencia muy enriquecedora para todos.<\/span><\/p>\n<p><span style=\"color: #003300\">Que pas\u00e9is un buen fin de semana<\/span><\/p>\n<p><span style=\"color: #003300\">Carmen<\/span><\/p>\n<p>&nbsp;<\/p>\n","protected":false},"excerpt":{"rendered":"<p>Los grupos naranja (3-4 a\u00f1os) y rojo (4-5 a\u00f1os), comparten esta \u00faltima salida del curso en la Granja Escuela Huerto Alegre, con el objetivo principal de pasar un d\u00eda en convivencia fuera del entorno cotidiano, globalizando los contenidos adquiridos sobre el medio ambiente (animales de granja y\u00a0 el huerto) y desarrollando un buen nivel de &hellip; <a href=\"https:\/\/www.alqueria.es\/blogs\/alqueriarojaverde\/2019\/05\/17\/granja-escuela-huerto-alegre\/\" class=\"more-link\">Seguir leyendo <span class=\"screen-reader-text\">GRANJA ESCUELA HUERTO ALEGRE<\/span> <span class=\"meta-nav\">&rarr;<\/span><\/a><\/p>\n","protected":false},"author":19,"featured_media":0,"comment_status":"open","ping_status":"open","sticky":false,"template":"","format":"standard","meta":{"jetpack_post_was_ever_published":false,"_jetpack_newsletter_access":"","_jetpack_dont_email_post_to_subs":false,"_jetpack_newsletter_tier_id":0,"_jetpack_memberships_contains_paywalled_content":false,"_jetpack_memberships_contains_paid_content":false,"footnotes":"","jetpack_publicize_message":"","jetpack_publicize_feature_enabled":true,"jetpack_social_post_already_shared":true,"jetpack_social_options":{"image_generator_settings":{"template":"highway","default_image_id":0,"font":"","enabled":false},"version":2}},"categories":[22,6],"tags":[570,610,157,437],"class_list":["post-22631","post","type-post","status-publish","format-standard","hentry","category-actividades-especiales-y-salidas-clase-roja","category-clase-roja-4-5-anos","tag-actividades-ambientales","tag-actividades-interciclo","tag-huerto-alegre","tag-salida-a-la-granja-escuela"],"jetpack_publicize_connections":[],"jetpack_featured_media_url":"","jetpack_sharing_enabled":true,"jetpack_shortlink":"https:\/\/wp.me\/p4lFbP-5T1","_links":{"self":[{"href":"https:\/\/www.alqueria.es\/blogs\/alqueriarojaverde\/wp-json\/wp\/v2\/posts\/22631","targetHints":{"allow":["GET"]}}],"collection":[{"href":"https:\/\/www.alqueria.es\/blogs\/alqueriarojaverde\/wp-json\/wp\/v2\/posts"}],"about":[{"href":"https:\/\/www.alqueria.es\/blogs\/alqueriarojaverde\/wp-json\/wp\/v2\/types\/post"}],"author":[{"embeddable":true,"href":"https:\/\/www.alqueria.es\/blogs\/alqueriarojaverde\/wp-json\/wp\/v2\/users\/19"}],"replies":[{"embeddable":true,"href":"https:\/\/www.alqueria.es\/blogs\/alqueriarojaverde\/wp-json\/wp\/v2\/comments?post=22631"}],"version-history":[{"count":0,"href":"https:\/\/www.alqueria.es\/blogs\/alqueriarojaverde\/wp-json\/wp\/v2\/posts\/22631\/revisions"}],"wp:attachment":[{"href":"https:\/\/www.alqueria.es\/blogs\/alqueriarojaverde\/wp-json\/wp\/v2\/media?parent=22631"}],"wp:term":[{"taxonomy":"category","embeddable":true,"href":"https:\/\/www.alqueria.es\/blogs\/alqueriarojaverde\/wp-json\/wp\/v2\/categories?post=22631"},{"taxonomy":"post_tag","embeddable":true,"href":"https:\/\/www.alqueria.es\/blogs\/alqueriarojaverde\/wp-json\/wp\/v2\/tags?post=22631"}],"curies":[{"name":"wp","href":"https:\/\/api.w.org\/{rel}","templated":true}]}}