{"id":22663,"date":"2019-05-20T17:48:07","date_gmt":"2019-05-20T15:48:07","guid":{"rendered":"https:\/\/www.alqueria.es\/blogs\/alqueriarojaverde\/?p=22663"},"modified":"2019-05-20T17:48:07","modified_gmt":"2019-05-20T15:48:07","slug":"empieza-la-cuenta-atras-nos-vamos-a-parapanda","status":"publish","type":"post","link":"https:\/\/www.alqueria.es\/blogs\/alqueriarojaverde\/2019\/05\/20\/empieza-la-cuenta-atras-nos-vamos-a-parapanda\/","title":{"rendered":"EMPIEZA LA CUENTA ATR\u00c1S  \u00a1NOS VAMOS A PARAPANDA!"},"content":{"rendered":"<p><img data-recalc-dims=\"1\" decoding=\"async\" data-attachment-id=\"22664\" data-permalink=\"https:\/\/www.alqueria.es\/blogs\/alqueriarojaverde\/2019\/05\/20\/empieza-la-cuenta-atras-nos-vamos-a-parapanda\/0-granja\/\" data-orig-file=\"https:\/\/i0.wp.com\/cloud.alqueria.es\/wp-content\/uploads\/sites\/8\/2019\/05\/0-Granja.jpg?fit=320%2C235&amp;ssl=1\" data-orig-size=\"320,235\" data-comments-opened=\"1\" data-image-meta=\"{&quot;aperture&quot;:&quot;0&quot;,&quot;credit&quot;:&quot;&quot;,&quot;camera&quot;:&quot;&quot;,&quot;caption&quot;:&quot;&quot;,&quot;created_timestamp&quot;:&quot;0&quot;,&quot;copyright&quot;:&quot;&quot;,&quot;focal_length&quot;:&quot;0&quot;,&quot;iso&quot;:&quot;0&quot;,&quot;shutter_speed&quot;:&quot;0&quot;,&quot;title&quot;:&quot;&quot;,&quot;orientation&quot;:&quot;0&quot;}\" data-image-title=\"0-Granja\" data-image-description=\"\" data-image-caption=\"\" data-large-file=\"https:\/\/i0.wp.com\/cloud.alqueria.es\/wp-content\/uploads\/sites\/8\/2019\/05\/0-Granja.jpg?fit=320%2C235&amp;ssl=1\" class=\"alignleft size-medium wp-image-22664\" src=\"https:\/\/i0.wp.com\/cloud.alqueria.es\/wp-content\/uploads\/sites\/8\/2019\/05\/0-Granja.jpg?resize=300%2C220&#038;ssl=1\" alt=\"\" width=\"300\" height=\"220\" srcset=\"https:\/\/cloud.alqueria.es\/wp-content\/uploads\/sites\/8\/2019\/05\/0-Granja.jpg 320w, https:\/\/cloud.alqueria.es\/wp-content\/uploads\/sites\/8\/2019\/05\/0-Granja.jpg 300w\" sizes=\"(max-width: 300px) 100vw, 300px\" \/>Estimadas familias,\u00a0 tan s\u00f3lo<em><strong><span style=\"color: #0000ff\"> nos quedan tres d\u00edas para nuestro viaje fin de curso<\/span><\/strong><\/em> y tengo que deciros que vuestros peques est\u00e1n muy ilusionados, a la par que algo \u00abnerviosillos\u00bb ante la incertidumbre de todo lo que nos espera y sobre todo de dormir fuera de casa sin vosotros.<\/p>\n<p>A continuaci\u00f3n os voy a contar algunos aspectos relevantes, tratados y trabajados con ellos<img data-recalc-dims=\"1\" decoding=\"async\" data-attachment-id=\"22665\" data-permalink=\"https:\/\/www.alqueria.es\/blogs\/alqueriarojaverde\/2019\/05\/20\/empieza-la-cuenta-atras-nos-vamos-a-parapanda\/02941a9eb7dc6b9b00f124a678c8dc3d\/\" data-orig-file=\"https:\/\/i0.wp.com\/cloud.alqueria.es\/wp-content\/uploads\/sites\/8\/2019\/05\/02941a9eb7dc6b9b00f124a678c8dc3d.jpg?fit=338%2C338&amp;ssl=1\" data-orig-size=\"338,338\" data-comments-opened=\"1\" data-image-meta=\"{&quot;aperture&quot;:&quot;0&quot;,&quot;credit&quot;:&quot;&quot;,&quot;camera&quot;:&quot;&quot;,&quot;caption&quot;:&quot;&quot;,&quot;created_timestamp&quot;:&quot;0&quot;,&quot;copyright&quot;:&quot;&quot;,&quot;focal_length&quot;:&quot;0&quot;,&quot;iso&quot;:&quot;0&quot;,&quot;shutter_speed&quot;:&quot;0&quot;,&quot;title&quot;:&quot;&quot;,&quot;orientation&quot;:&quot;0&quot;}\" data-image-title=\"02941a9eb7dc6b9b00f124a678c8dc3d\" data-image-description=\"\" data-image-caption=\"\" data-large-file=\"https:\/\/i0.wp.com\/cloud.alqueria.es\/wp-content\/uploads\/sites\/8\/2019\/05\/02941a9eb7dc6b9b00f124a678c8dc3d.jpg?fit=338%2C338&amp;ssl=1\" class=\"alignright wp-image-22665 size-medium\" src=\"https:\/\/i0.wp.com\/cloud.alqueria.es\/wp-content\/uploads\/sites\/8\/2019\/05\/02941a9eb7dc6b9b00f124a678c8dc3d.jpg?resize=300%2C300&#038;ssl=1\" alt=\"\" width=\"300\" height=\"300\" srcset=\"https:\/\/cloud.alqueria.es\/wp-content\/uploads\/sites\/8\/2019\/05\/02941a9eb7dc6b9b00f124a678c8dc3d.jpg 338w, https:\/\/cloud.alqueria.es\/wp-content\/uploads\/sites\/8\/2019\/05\/02941a9eb7dc6b9b00f124a678c8dc3d.jpg 150w, https:\/\/cloud.alqueria.es\/wp-content\/uploads\/sites\/8\/2019\/05\/02941a9eb7dc6b9b00f124a678c8dc3d.jpg 300w\" sizes=\"(max-width: 300px) 100vw, 300px\" \/> para conferirles una mayor seguridad y confianza:<\/p>\n<ol>\n<li style=\"list-style-type: none\">\n<ol>\n<li><em><strong><span style=\"color: #ff6600\">EQUIPAJE.<\/span><\/strong><\/em> Hoy hemos llevado a cabo un <span style=\"color: #ff9900\">taller alfab\u00e9tico<\/span> en el que hemos escrito todo lo necesario para llevar como equipaje. De esta forma se les hace m\u00e1s significativo lo que contiene su mochila o peque\u00f1a maleta y ser\u00e1n capaces de mostrar una mayor autonom\u00eda. Como consejo os digo que es conveniente que la prepar\u00e9is con ellos, as\u00ed saben lo que llevan. Tambi\u00e9n que intent\u00e9is respetar las prendas que hemos escrito, si ech\u00e1is m\u00e1s mudas no sabr\u00e1n qu\u00e9 ponerse. Si ten\u00e9is alguna duda, pod\u00e9is consultarme cuanto necesit\u00e9is.<\/li>\n<li><em><strong><span style=\"color: #800080\"><img data-recalc-dims=\"1\" decoding=\"async\" data-attachment-id=\"22666\" data-permalink=\"https:\/\/www.alqueria.es\/blogs\/alqueriarojaverde\/2019\/05\/20\/empieza-la-cuenta-atras-nos-vamos-a-parapanda\/66770003-el-pequeno-nino-de-beber-la-medicina-jarabe-liquido-madre-mano-feed-cute-nino-coma-vector-de-la-historieta-de-d\/\" data-orig-file=\"https:\/\/i0.wp.com\/cloud.alqueria.es\/wp-content\/uploads\/sites\/8\/2019\/05\/66770003-el-peque%C3%B1o-ni%C3%B1o-de-beber-la-medicina-jarabe-l%C3%ADquido-madre-mano-feed-cute-ni%C3%B1o-coma-vector-de-la-historieta-de-d.jpg?fit=450%2C450&amp;ssl=1\" data-orig-size=\"450,450\" data-comments-opened=\"1\" data-image-meta=\"{&quot;aperture&quot;:&quot;0&quot;,&quot;credit&quot;:&quot;&quot;,&quot;camera&quot;:&quot;&quot;,&quot;caption&quot;:&quot;&quot;,&quot;created_timestamp&quot;:&quot;0&quot;,&quot;copyright&quot;:&quot;&quot;,&quot;focal_length&quot;:&quot;0&quot;,&quot;iso&quot;:&quot;0&quot;,&quot;shutter_speed&quot;:&quot;0&quot;,&quot;title&quot;:&quot;&quot;,&quot;orientation&quot;:&quot;0&quot;}\" data-image-title=\"66770003-el-peque\u00f1o-ni\u00f1o-de-beber-la-medicina-jarabe-l\u00edquido-madre-mano-feed-cute-ni\u00f1o-coma-vector-de-la-historieta-de-d\" data-image-description=\"\" data-image-caption=\"\" data-large-file=\"https:\/\/i0.wp.com\/cloud.alqueria.es\/wp-content\/uploads\/sites\/8\/2019\/05\/66770003-el-peque%C3%B1o-ni%C3%B1o-de-beber-la-medicina-jarabe-l%C3%ADquido-madre-mano-feed-cute-ni%C3%B1o-coma-vector-de-la-historieta-de-d.jpg?fit=450%2C450&amp;ssl=1\" class=\"alignright size-medium wp-image-22666\" src=\"https:\/\/i0.wp.com\/cloud.alqueria.es\/wp-content\/uploads\/sites\/8\/2019\/05\/66770003-el-peque%C3%B1o-ni%C3%B1o-de-beber-la-medicina-jarabe-l%C3%ADquido-madre-mano-feed-cute-ni%C3%B1o-coma-vector-de-la-historieta-de-d.jpg?resize=300%2C300&#038;ssl=1\" alt=\"\" width=\"300\" height=\"300\" srcset=\"https:\/\/cloud.alqueria.es\/wp-content\/uploads\/sites\/8\/2019\/05\/66770003-el-peque%C3%B1o-ni%C3%B1o-de-beber-la-medicina-jarabe-l%C3%ADquido-madre-mano-feed-cute-ni%C3%B1o-coma-vector-de-la-historieta-de-d.jpg 450w, https:\/\/cloud.alqueria.es\/wp-content\/uploads\/sites\/8\/2019\/05\/66770003-el-peque%C3%B1o-ni%C3%B1o-de-beber-la-medicina-jarabe-l%C3%ADquido-madre-mano-feed-cute-ni%C3%B1o-coma-vector-de-la-historieta-de-d.jpg 150w, https:\/\/cloud.alqueria.es\/wp-content\/uploads\/sites\/8\/2019\/05\/66770003-el-peque%C3%B1o-ni%C3%B1o-de-beber-la-medicina-jarabe-l%C3%ADquido-madre-mano-feed-cute-ni%C3%B1o-coma-vector-de-la-historieta-de-d.jpg 300w\" sizes=\"(max-width: 300px) 100vw, 300px\" \/>TARJETAS SANITARIAS y MEDICAMENTOS.<\/span><\/strong><\/em> A\u00fan faltan algunas por entregar, os ruego lo hag\u00e1is a la mayor brevedad posible para que pueda ir ultimando todo lo que debo llevarme. El alumnado que necesite tomar medicaci\u00f3n debe entregarme en mano tanto la autorizaci\u00f3n debidamente cumplimentada como los medicamentos correctamente marcados. Yo ser\u00e9 la encargada de administrarlos.<\/li>\n<li><span style=\"color: #008000\"><em><strong>PERSONAL ADULTO QUE ACOMPA\u00d1A.<\/strong><\/em><\/span> Tal y como se os explic\u00f3 en la carta informativa, el lugar que visitamos pone a nuestra disposici\u00f3n personal suficiente para hacerse cargo del grupo (dividido en varios subgrupos) a la hora de realizar los diferentes talleres y faenas de granja. A\u00fan as\u00ed desde el centro ir\u00e1n acompa\u00f1ados por Encarna y por m\u00ed, que por supuesto asistiremos de igual forma a todas las actividades a llevar a cabo.<\/li>\n<li><em><strong><span style=\"color: #ff0000\"><img data-recalc-dims=\"1\" decoding=\"async\" data-attachment-id=\"22667\" data-permalink=\"https:\/\/www.alqueria.es\/blogs\/alqueriarojaverde\/2019\/05\/20\/empieza-la-cuenta-atras-nos-vamos-a-parapanda\/90296873-ninos-de-dibujos-animados-plano-de-vector-en-el-concepto-de-campamento-de-verano-nino-nina-y-nino-descansar-desc\/\" data-orig-file=\"https:\/\/i0.wp.com\/cloud.alqueria.es\/wp-content\/uploads\/sites\/8\/2019\/05\/90296873-ni%C3%B1os-de-dibujos-animados-plano-de-vector-en-el-concepto-de-campamento-de-verano-ni%C3%B1o-ni%C3%B1a-y-ni%C3%B1o-descansar-desc.jpg?fit=1024%2C1024&amp;ssl=1\" data-orig-size=\"1024,1024\" data-comments-opened=\"1\" data-image-meta=\"{&quot;aperture&quot;:&quot;0&quot;,&quot;credit&quot;:&quot;&quot;,&quot;camera&quot;:&quot;&quot;,&quot;caption&quot;:&quot;&quot;,&quot;created_timestamp&quot;:&quot;0&quot;,&quot;copyright&quot;:&quot;&quot;,&quot;focal_length&quot;:&quot;0&quot;,&quot;iso&quot;:&quot;0&quot;,&quot;shutter_speed&quot;:&quot;0&quot;,&quot;title&quot;:&quot;&quot;,&quot;orientation&quot;:&quot;0&quot;}\" data-image-title=\"90296873-ni\u00f1os-de-dibujos-animados-plano-de-vector-en-el-concepto-de-campamento-de-verano-ni\u00f1o-ni\u00f1a-y-ni\u00f1o-descansar-desc\" data-image-description=\"\" data-image-caption=\"\" data-large-file=\"https:\/\/i0.wp.com\/cloud.alqueria.es\/wp-content\/uploads\/sites\/8\/2019\/05\/90296873-ni%C3%B1os-de-dibujos-animados-plano-de-vector-en-el-concepto-de-campamento-de-verano-ni%C3%B1o-ni%C3%B1a-y-ni%C3%B1o-descansar-desc.jpg?fit=474%2C474&amp;ssl=1\" class=\"alignright size-medium wp-image-22667\" src=\"https:\/\/i0.wp.com\/cloud.alqueria.es\/wp-content\/uploads\/sites\/8\/2019\/05\/90296873-ni%C3%B1os-de-dibujos-animados-plano-de-vector-en-el-concepto-de-campamento-de-verano-ni%C3%B1o-ni%C3%B1a-y-ni%C3%B1o-descansar-desc.jpg?resize=300%2C300&#038;ssl=1\" alt=\"\" width=\"300\" height=\"300\" srcset=\"https:\/\/cloud.alqueria.es\/wp-content\/uploads\/sites\/8\/2019\/05\/90296873-ni%C3%B1os-de-dibujos-animados-plano-de-vector-en-el-concepto-de-campamento-de-verano-ni%C3%B1o-ni%C3%B1a-y-ni%C3%B1o-descansar-desc.jpg 1024w, https:\/\/cloud.alqueria.es\/wp-content\/uploads\/sites\/8\/2019\/05\/90296873-ni%C3%B1os-de-dibujos-animados-plano-de-vector-en-el-concepto-de-campamento-de-verano-ni%C3%B1o-ni%C3%B1a-y-ni%C3%B1o-descansar-desc.jpg 150w, https:\/\/cloud.alqueria.es\/wp-content\/uploads\/sites\/8\/2019\/05\/90296873-ni%C3%B1os-de-dibujos-animados-plano-de-vector-en-el-concepto-de-campamento-de-verano-ni%C3%B1o-ni%C3%B1a-y-ni%C3%B1o-descansar-desc.jpg 300w, https:\/\/cloud.alqueria.es\/wp-content\/uploads\/sites\/8\/2019\/05\/90296873-ni%C3%B1os-de-dibujos-animados-plano-de-vector-en-el-concepto-de-campamento-de-verano-ni%C3%B1o-ni%C3%B1a-y-ni%C3%B1o-descansar-desc.jpg 768w, https:\/\/cloud.alqueria.es\/wp-content\/uploads\/sites\/8\/2019\/05\/90296873-ni%C3%B1os-de-dibujos-animados-plano-de-vector-en-el-concepto-de-campamento-de-verano-ni%C3%B1o-ni%C3%B1a-y-ni%C3%B1o-descansar-desc.jpg 948w\" sizes=\"(max-width: 300px) 100vw, 300px\" \/>REPARTO DE HABITACIONES.<\/span> <\/strong><\/em>Ma\u00f1ana llevaremos a cabo el reparto de habitaciones y realizaremos un taller creativo para escoger un dibujo que represente a ambos grupos. Como ya habr\u00e9is imaginado, un grupo dormir\u00e1 con Encarna y otro conmigo. Estando ambas habitaciones una enfrente de otra y con el ba\u00f1o contiguo.<\/li>\n<\/ol>\n<\/li>\n<\/ol>\n<p>Tan s\u00f3lo nos quedar\u00eda terminar nuestra maqueta, para la cual ya tenemos preparados un mont\u00f3n de \u00abaccesorios\u00bb.<\/p>\n<p>La pr\u00f3xima entrada ya ser\u00e1 nuestra experiencia en Parapanda y a la vuelta&#8230; a preparar el tema de la fiesta fin de curso (General: Las civilizaciones cl\u00e1sicas Ciclo 3-6: El Imperio Romano).<\/p>\n<p>Un abrazo,<\/p>\n<p>Esther Justicia.<\/p>\n","protected":false},"excerpt":{"rendered":"<p>Estimadas familias,\u00a0 tan s\u00f3lo nos quedan tres d\u00edas para nuestro viaje fin de curso y tengo que deciros que vuestros peques est\u00e1n muy ilusionados, a la par que algo \u00abnerviosillos\u00bb ante la incertidumbre de todo lo que nos espera y sobre todo de dormir fuera de casa sin vosotros. A continuaci\u00f3n os voy a contar &hellip; <a href=\"https:\/\/www.alqueria.es\/blogs\/alqueriarojaverde\/2019\/05\/20\/empieza-la-cuenta-atras-nos-vamos-a-parapanda\/\" class=\"more-link\">Seguir leyendo <span class=\"screen-reader-text\">EMPIEZA LA CUENTA ATR\u00c1S  \u00a1NOS VAMOS A PARAPANDA!<\/span> <span class=\"meta-nav\">&rarr;<\/span><\/a><\/p>\n","protected":false},"author":19,"featured_media":0,"comment_status":"open","ping_status":"open","sticky":false,"template":"","format":"standard","meta":{"jetpack_post_was_ever_published":false,"_jetpack_newsletter_access":"","_jetpack_dont_email_post_to_subs":false,"_jetpack_newsletter_tier_id":0,"_jetpack_memberships_contains_paywalled_content":false,"_jetpack_memberships_contains_paid_content":false,"footnotes":"","jetpack_publicize_message":"","jetpack_publicize_feature_enabled":true,"jetpack_social_post_already_shared":true,"jetpack_social_options":{"image_generator_settings":{"template":"highway","default_image_id":0,"font":"","enabled":false},"version":2}},"categories":[7,13],"tags":[179],"class_list":["post-22663","post","type-post","status-publish","format-standard","hentry","category-clase-verde-5-6-anos","category-inicio","tag-granja-escuela-parapanda"],"jetpack_publicize_connections":[],"jetpack_featured_media_url":"","jetpack_sharing_enabled":true,"jetpack_shortlink":"https:\/\/wp.me\/p4lFbP-5Tx","_links":{"self":[{"href":"https:\/\/www.alqueria.es\/blogs\/alqueriarojaverde\/wp-json\/wp\/v2\/posts\/22663","targetHints":{"allow":["GET"]}}],"collection":[{"href":"https:\/\/www.alqueria.es\/blogs\/alqueriarojaverde\/wp-json\/wp\/v2\/posts"}],"about":[{"href":"https:\/\/www.alqueria.es\/blogs\/alqueriarojaverde\/wp-json\/wp\/v2\/types\/post"}],"author":[{"embeddable":true,"href":"https:\/\/www.alqueria.es\/blogs\/alqueriarojaverde\/wp-json\/wp\/v2\/users\/19"}],"replies":[{"embeddable":true,"href":"https:\/\/www.alqueria.es\/blogs\/alqueriarojaverde\/wp-json\/wp\/v2\/comments?post=22663"}],"version-history":[{"count":0,"href":"https:\/\/www.alqueria.es\/blogs\/alqueriarojaverde\/wp-json\/wp\/v2\/posts\/22663\/revisions"}],"wp:attachment":[{"href":"https:\/\/www.alqueria.es\/blogs\/alqueriarojaverde\/wp-json\/wp\/v2\/media?parent=22663"}],"wp:term":[{"taxonomy":"category","embeddable":true,"href":"https:\/\/www.alqueria.es\/blogs\/alqueriarojaverde\/wp-json\/wp\/v2\/categories?post=22663"},{"taxonomy":"post_tag","embeddable":true,"href":"https:\/\/www.alqueria.es\/blogs\/alqueriarojaverde\/wp-json\/wp\/v2\/tags?post=22663"}],"curies":[{"name":"wp","href":"https:\/\/api.w.org\/{rel}","templated":true}]}}