{"id":22939,"date":"2019-09-13T10:14:01","date_gmt":"2019-09-13T08:14:01","guid":{"rendered":"http:\/\/www.alqueria.es\/blogs\/alqueriarojaverde\/?p=22939"},"modified":"2019-09-13T10:14:01","modified_gmt":"2019-09-13T08:14:01","slug":"os-damos-la-bienvenida-al-nuevo-curso","status":"publish","type":"post","link":"https:\/\/www.alqueria.es\/blogs\/alqueriarojaverde\/2019\/09\/13\/os-damos-la-bienvenida-al-nuevo-curso\/","title":{"rendered":"\u00a1OS DAMOS LA BIENVENIDA AL NUEVO CURSO!"},"content":{"rendered":"<p><img data-recalc-dims=\"1\" decoding=\"async\" data-attachment-id=\"22941\" data-permalink=\"https:\/\/www.alqueria.es\/blogs\/alqueriarojaverde\/2019\/09\/13\/os-damos-la-bienvenida-al-nuevo-curso\/mail-primavera2018\/\" data-orig-file=\"https:\/\/i0.wp.com\/cloud.alqueria.es\/wp-content\/uploads\/sites\/8\/2019\/09\/mail-primavera2018.jpg?fit=900%2C600&amp;ssl=1\" data-orig-size=\"900,600\" data-comments-opened=\"1\" data-image-meta=\"{&quot;aperture&quot;:&quot;0&quot;,&quot;credit&quot;:&quot;&quot;,&quot;camera&quot;:&quot;&quot;,&quot;caption&quot;:&quot;&quot;,&quot;created_timestamp&quot;:&quot;0&quot;,&quot;copyright&quot;:&quot;&quot;,&quot;focal_length&quot;:&quot;0&quot;,&quot;iso&quot;:&quot;0&quot;,&quot;shutter_speed&quot;:&quot;0&quot;,&quot;title&quot;:&quot;&quot;,&quot;orientation&quot;:&quot;1&quot;}\" data-image-title=\"mail-primavera2018\" data-image-description=\"\" data-image-caption=\"\" data-large-file=\"https:\/\/i0.wp.com\/cloud.alqueria.es\/wp-content\/uploads\/sites\/8\/2019\/09\/mail-primavera2018.jpg?fit=474%2C316&amp;ssl=1\" class=\"size-medium wp-image-22941 alignleft\" src=\"https:\/\/i0.wp.com\/cloud.alqueria.es\/wp-content\/uploads\/sites\/8\/2019\/09\/mail-primavera2018.jpg?resize=300%2C200&#038;ssl=1\" alt=\"\" width=\"300\" height=\"200\" srcset=\"https:\/\/cloud.alqueria.es\/wp-content\/uploads\/sites\/8\/2019\/09\/mail-primavera2018.jpg 900w, https:\/\/cloud.alqueria.es\/wp-content\/uploads\/sites\/8\/2019\/09\/mail-primavera2018.jpg 300w, https:\/\/cloud.alqueria.es\/wp-content\/uploads\/sites\/8\/2019\/09\/mail-primavera2018.jpg 768w\" sizes=\"(max-width: 300px) 100vw, 300px\" \/>Estimadas familias, me gustar\u00eda daros la <strong><span style=\"color: #ff00ff\">bienvenida oficial<\/span> <\/strong>al nuevo curso que comienza. Resaltando la inclusi\u00f3n en nuestro proyecto de las familias de <strong>Claudio, Estella y Eden<\/strong>, que estoy segura acoger\u00e9is con todo el cari\u00f1o que ven\u00eds demostrando hasta ahora.<\/p>\n<p>La adaptaci\u00f3n se ha llevado a cabo con mucha tranquilidad y espontaneidad, tanto en lo referente a las nuevas rutinas como a la nueva persona de referencia.<\/p>\n<p>En estos d\u00edas hemos llevado a cabo algunas actividades enfocadas al reconocimiento de espacios, utilizaci\u00f3n de materiales nuevos, familiarizaci\u00f3n con los distintos talleres y recordatorio de normas de convivencia escolar.<\/p>\n<p>Este curso viene cargado de experiencias nuevas, ilusiones renovadas y un sinf\u00edn de aprendizajes a los que accederemos a trav\u00e9s del juego.<\/p>\n<p>El pr\u00f3ximo <strong><span style=\"color: #ff00ff\">lunes 16<\/span><\/strong> tendr\u00e1 lugar nuestra <span style=\"color: #ff00ff\">reuni\u00f3n para la presentaci\u00f3n de la propuesta pedag\u00f3gica del curso<\/span>. En ella os contar\u00e9 a rasgos generales la programaci\u00f3n prevista como cierre de etapa. Recordad que el horario es de <strong><span style=\"color: #ff00ff\">16.00 a 17.30<\/span><\/strong> y que vuestros peques estar\u00e1n bajo la custodia de mis compa\u00f1eras de ciclo.<\/p>\n<p>Las distintas entradas del blog van a ser una v\u00eda de comunicaci\u00f3n muy importante entre el colegio y las familias, de modo que os recomiendo la suscripci\u00f3n al mismo para que os lleguen los avisos de las nuevas publicaciones. Estar\u00e9 encantada de leer vuestros comentarios, que como sab\u00e9is son de gran valor para las familias que a\u00fan no nos conocen, y que a m\u00ed personalmente me aportan un excelente feedback.<\/p>\n<p>Os deseo un feliz fin de semana.<\/p>\n<p style=\"text-align: right\">Esther Justicia.<\/p>\n<p><strong>P.D. Esperamos la pronta incorporaci\u00f3n de nuestro compa\u00f1ero <span style=\"color: #ff00ff\">Mart\u00edn,<\/span> en cuanto est\u00e9 algo m\u00e1s recuperado. \u00a1Lo echamos de menos!<\/strong><\/p>\n<p>&nbsp;<\/p>\n","protected":false},"excerpt":{"rendered":"<p>Estimadas familias, me gustar\u00eda daros la bienvenida oficial al nuevo curso que comienza. Resaltando la inclusi\u00f3n en nuestro proyecto de las familias de Claudio, Estella y Eden, que estoy segura acoger\u00e9is con todo el cari\u00f1o que ven\u00eds demostrando hasta ahora. La adaptaci\u00f3n se ha llevado a cabo con mucha tranquilidad y espontaneidad, tanto en lo &hellip; <a href=\"https:\/\/www.alqueria.es\/blogs\/alqueriarojaverde\/2019\/09\/13\/os-damos-la-bienvenida-al-nuevo-curso\/\" class=\"more-link\">Seguir leyendo <span class=\"screen-reader-text\">\u00a1OS DAMOS LA BIENVENIDA AL NUEVO CURSO!<\/span> <span class=\"meta-nav\">&rarr;<\/span><\/a><\/p>\n","protected":false},"author":19,"featured_media":0,"comment_status":"open","ping_status":"open","sticky":false,"template":"","format":"standard","meta":{"jetpack_post_was_ever_published":false,"_jetpack_newsletter_access":"","_jetpack_dont_email_post_to_subs":false,"_jetpack_newsletter_tier_id":0,"_jetpack_memberships_contains_paywalled_content":false,"_jetpack_memberships_contains_paid_content":false,"footnotes":"","jetpack_publicize_message":"","jetpack_publicize_feature_enabled":true,"jetpack_social_post_already_shared":true,"jetpack_social_options":{"image_generator_settings":{"template":"highway","default_image_id":0,"font":"","enabled":false},"version":2}},"categories":[7,13],"tags":[],"class_list":["post-22939","post","type-post","status-publish","format-standard","hentry","category-clase-verde-5-6-anos","category-inicio"],"jetpack_publicize_connections":[],"jetpack_featured_media_url":"","jetpack_sharing_enabled":true,"jetpack_shortlink":"https:\/\/wp.me\/p4lFbP-5XZ","_links":{"self":[{"href":"https:\/\/www.alqueria.es\/blogs\/alqueriarojaverde\/wp-json\/wp\/v2\/posts\/22939","targetHints":{"allow":["GET"]}}],"collection":[{"href":"https:\/\/www.alqueria.es\/blogs\/alqueriarojaverde\/wp-json\/wp\/v2\/posts"}],"about":[{"href":"https:\/\/www.alqueria.es\/blogs\/alqueriarojaverde\/wp-json\/wp\/v2\/types\/post"}],"author":[{"embeddable":true,"href":"https:\/\/www.alqueria.es\/blogs\/alqueriarojaverde\/wp-json\/wp\/v2\/users\/19"}],"replies":[{"embeddable":true,"href":"https:\/\/www.alqueria.es\/blogs\/alqueriarojaverde\/wp-json\/wp\/v2\/comments?post=22939"}],"version-history":[{"count":0,"href":"https:\/\/www.alqueria.es\/blogs\/alqueriarojaverde\/wp-json\/wp\/v2\/posts\/22939\/revisions"}],"wp:attachment":[{"href":"https:\/\/www.alqueria.es\/blogs\/alqueriarojaverde\/wp-json\/wp\/v2\/media?parent=22939"}],"wp:term":[{"taxonomy":"category","embeddable":true,"href":"https:\/\/www.alqueria.es\/blogs\/alqueriarojaverde\/wp-json\/wp\/v2\/categories?post=22939"},{"taxonomy":"post_tag","embeddable":true,"href":"https:\/\/www.alqueria.es\/blogs\/alqueriarojaverde\/wp-json\/wp\/v2\/tags?post=22939"}],"curies":[{"name":"wp","href":"https:\/\/api.w.org\/{rel}","templated":true}]}}