{"id":23055,"date":"2019-09-27T18:01:41","date_gmt":"2019-09-27T16:01:41","guid":{"rendered":"http:\/\/www.alqueria.es\/blogs\/alqueriarojaverde\/?p=23055"},"modified":"2019-09-27T18:01:41","modified_gmt":"2019-09-27T16:01:41","slug":"la-caja-de-los-tratos-2","status":"publish","type":"post","link":"https:\/\/www.alqueria.es\/blogs\/alqueriarojaverde\/2019\/09\/27\/la-caja-de-los-tratos-2\/","title":{"rendered":"\u00abLA CAJA DE LOS TRATOS\u00bb"},"content":{"rendered":"<p><img data-recalc-dims=\"1\" decoding=\"async\" data-attachment-id=\"23057\" data-permalink=\"https:\/\/www.alqueria.es\/blogs\/alqueriarojaverde\/2019\/09\/27\/la-caja-de-los-tratos-2\/asamblea-7\/\" data-orig-file=\"https:\/\/i0.wp.com\/cloud.alqueria.es\/wp-content\/uploads\/sites\/8\/2019\/09\/ASAMBLEA.jpg?fit=1024%2C744&amp;ssl=1\" data-orig-size=\"1024,744\" data-comments-opened=\"1\" data-image-meta=\"{&quot;aperture&quot;:&quot;0&quot;,&quot;credit&quot;:&quot;&quot;,&quot;camera&quot;:&quot;&quot;,&quot;caption&quot;:&quot;&quot;,&quot;created_timestamp&quot;:&quot;0&quot;,&quot;copyright&quot;:&quot;&quot;,&quot;focal_length&quot;:&quot;0&quot;,&quot;iso&quot;:&quot;0&quot;,&quot;shutter_speed&quot;:&quot;0&quot;,&quot;title&quot;:&quot;&quot;,&quot;orientation&quot;:&quot;0&quot;}\" data-image-title=\"ASAMBLEA\" data-image-description=\"\" data-image-caption=\"\" data-large-file=\"https:\/\/i0.wp.com\/cloud.alqueria.es\/wp-content\/uploads\/sites\/8\/2019\/09\/ASAMBLEA.jpg?fit=474%2C344&amp;ssl=1\" class=\"alignleft size-medium wp-image-23057\" src=\"https:\/\/i0.wp.com\/cloud.alqueria.es\/wp-content\/uploads\/sites\/8\/2019\/09\/ASAMBLEA.jpg?resize=300%2C218&#038;ssl=1\" alt=\"\" width=\"300\" height=\"218\" srcset=\"https:\/\/cloud.alqueria.es\/wp-content\/uploads\/sites\/8\/2019\/09\/ASAMBLEA.jpg 1024w, https:\/\/cloud.alqueria.es\/wp-content\/uploads\/sites\/8\/2019\/09\/ASAMBLEA.jpg 300w, https:\/\/cloud.alqueria.es\/wp-content\/uploads\/sites\/8\/2019\/09\/ASAMBLEA.jpg 768w, https:\/\/cloud.alqueria.es\/wp-content\/uploads\/sites\/8\/2019\/09\/ASAMBLEA.jpg 948w\" sizes=\"(max-width: 300px) 100vw, 300px\" \/>En la asamblea del martes surgi\u00f3 un <em><strong><span style=\"color: #008000\">\u00abpeque\u00f1o conflicto emocional\u00bb<\/span><\/strong><\/em>, relacionado con el atuendo identificado como de chicos o de chicas.<\/p>\n<p>Un compa\u00f1ero se sinti\u00f3 algo mal tras escuchar: <span style=\"color: #008000\">\u00ablas zapatillas que llevas son de chica\u00bb<\/span>.<\/p>\n<p>Este acontecimiento nos brind\u00f3 una excelente oportunidad para trabajar la igualdad de g\u00e9nero y la educaci\u00f3n emocional (empat\u00eda, resiliencia y autodeterminaci\u00f3n), desde una vivencia significativa. Atendiendo a las orientaciones que os traslad\u00e9 en la reuni\u00f3n de grupo, que distan enormemente de la instrumentalizaci\u00f3n de las emociones.<\/p>\n<p>En las distintas verbalizaciones que realizaron, surgieron muchos aspectos que reflexionaron a trav\u00e9s de interrogantes del tipo <em>\u00bfqu\u00e9 pasar\u00eda si a ti&#8230;?, \u00bfentonces cu\u00e1l es el color de chico?, \u00bfel naranja ser\u00eda de chico o de chica?, \u00bfesa norma d\u00f3nde est\u00e1 reflejada, en qu\u00e9 libro lo pone?, etc.<\/em><\/p>\n<p style=\"text-align: center\"><em><strong><span style=\"color: #ff6600\">Es muy importante tener presente que nuestro acompa\u00f1amiento como adultos est\u00e9 enfocado a ense\u00f1arles a pensar no a qu\u00e9 pensar.<\/span><\/strong><\/em><\/p>\n<p>Tambi\u00e9n en la asamblea hablamos acerca de lo que significa <span style=\"color: #008000\">compromiso o responsabilidad<\/span>, relacionando estos conceptos en ese momento a la votaci\u00f3n de las propuesta del d\u00eda anterior, que no hab\u00edan sido respetadas. Acordamos llevar a cabo el juego en torno a veterinarios y zool\u00f3gico, sin realizar votaci\u00f3n de nuevo. Como muestran las im\u00e1genes, las relaciones que establecieron se vieron ampliadas, as\u00ed como la creaci\u00f3n de espacios y la b\u00fasqueda de material.<\/p>\n<p class=\"jetpack-slideshow-noscript robots-nocontent\">El pase de diapositivas requiere JavaScript.<\/p><div id=\"gallery-23055-1-slideshow\" class=\"jetpack-slideshow-window jetpack-slideshow jetpack-slideshow-black\" data-trans=\"fade\" data-autostart=\"1\" data-gallery=\"[{&quot;src&quot;:&quot;https:\\\/\\\/i0.wp.com\\\/cloud.alqueria.es\\\/wp-content\\\/uploads\\\/sites\\\/8\\\/2019\\\/09\\\/DSC_1759.jpg?fit=1024%2C578\\u0026ssl=1&quot;,&quot;id&quot;:&quot;23074&quot;,&quot;title&quot;:&quot;DSC_1759&quot;,&quot;alt&quot;:&quot;&quot;,&quot;caption&quot;:&quot;&quot;,&quot;itemprop&quot;:&quot;image&quot;},{&quot;src&quot;:&quot;https:\\\/\\\/i0.wp.com\\\/cloud.alqueria.es\\\/wp-content\\\/uploads\\\/sites\\\/8\\\/2019\\\/09\\\/DSC_17551.jpg?fit=1024%2C578\\u0026ssl=1&quot;,&quot;id&quot;:&quot;23070&quot;,&quot;title&quot;:&quot;DSC_1755&quot;,&quot;alt&quot;:&quot;&quot;,&quot;caption&quot;:&quot;&quot;,&quot;itemprop&quot;:&quot;image&quot;},{&quot;src&quot;:&quot;https:\\\/\\\/i0.wp.com\\\/cloud.alqueria.es\\\/wp-content\\\/uploads\\\/sites\\\/8\\\/2019\\\/09\\\/DSC_17561.jpg?fit=1024%2C578\\u0026ssl=1&quot;,&quot;id&quot;:&quot;23071&quot;,&quot;title&quot;:&quot;DSC_1756&quot;,&quot;alt&quot;:&quot;&quot;,&quot;caption&quot;:&quot;&quot;,&quot;itemprop&quot;:&quot;image&quot;},{&quot;src&quot;:&quot;https:\\\/\\\/i0.wp.com\\\/cloud.alqueria.es\\\/wp-content\\\/uploads\\\/sites\\\/8\\\/2019\\\/09\\\/DSC_17511.jpg?fit=1024%2C578\\u0026ssl=1&quot;,&quot;id&quot;:&quot;23066&quot;,&quot;title&quot;:&quot;DSC_1751&quot;,&quot;alt&quot;:&quot;&quot;,&quot;caption&quot;:&quot;&quot;,&quot;itemprop&quot;:&quot;image&quot;},{&quot;src&quot;:&quot;https:\\\/\\\/i0.wp.com\\\/cloud.alqueria.es\\\/wp-content\\\/uploads\\\/sites\\\/8\\\/2019\\\/09\\\/DSC_1758.jpg?fit=1024%2C578\\u0026ssl=1&quot;,&quot;id&quot;:&quot;23073&quot;,&quot;title&quot;:&quot;DSC_1758&quot;,&quot;alt&quot;:&quot;&quot;,&quot;caption&quot;:&quot;&quot;,&quot;itemprop&quot;:&quot;image&quot;},{&quot;src&quot;:&quot;https:\\\/\\\/i0.wp.com\\\/cloud.alqueria.es\\\/wp-content\\\/uploads\\\/sites\\\/8\\\/2019\\\/09\\\/DSC_17501.jpg?fit=1024%2C578\\u0026ssl=1&quot;,&quot;id&quot;:&quot;23065&quot;,&quot;title&quot;:&quot;DSC_1750&quot;,&quot;alt&quot;:&quot;&quot;,&quot;caption&quot;:&quot;&quot;,&quot;itemprop&quot;:&quot;image&quot;},{&quot;src&quot;:&quot;https:\\\/\\\/i0.wp.com\\\/cloud.alqueria.es\\\/wp-content\\\/uploads\\\/sites\\\/8\\\/2019\\\/09\\\/DSC_1757.jpg?fit=1024%2C578\\u0026ssl=1&quot;,&quot;id&quot;:&quot;23072&quot;,&quot;title&quot;:&quot;DSC_1757&quot;,&quot;alt&quot;:&quot;&quot;,&quot;caption&quot;:&quot;&quot;,&quot;itemprop&quot;:&quot;image&quot;},{&quot;src&quot;:&quot;https:\\\/\\\/i0.wp.com\\\/cloud.alqueria.es\\\/wp-content\\\/uploads\\\/sites\\\/8\\\/2019\\\/09\\\/DSC_17521.jpg?fit=1024%2C578\\u0026ssl=1&quot;,&quot;id&quot;:&quot;23067&quot;,&quot;title&quot;:&quot;DSC_1752&quot;,&quot;alt&quot;:&quot;&quot;,&quot;caption&quot;:&quot;&quot;,&quot;itemprop&quot;:&quot;image&quot;},{&quot;src&quot;:&quot;https:\\\/\\\/i0.wp.com\\\/cloud.alqueria.es\\\/wp-content\\\/uploads\\\/sites\\\/8\\\/2019\\\/09\\\/DSC_17531.jpg?fit=574%2C1024\\u0026ssl=1&quot;,&quot;id&quot;:&quot;23068&quot;,&quot;title&quot;:&quot;DSC_1753&quot;,&quot;alt&quot;:&quot;&quot;,&quot;caption&quot;:&quot;&quot;,&quot;itemprop&quot;:&quot;image&quot;},{&quot;src&quot;:&quot;https:\\\/\\\/i0.wp.com\\\/cloud.alqueria.es\\\/wp-content\\\/uploads\\\/sites\\\/8\\\/2019\\\/09\\\/DSC_17541.jpg?fit=574%2C1024\\u0026ssl=1&quot;,&quot;id&quot;:&quot;23069&quot;,&quot;title&quot;:&quot;DSC_1754&quot;,&quot;alt&quot;:&quot;&quot;,&quot;caption&quot;:&quot;&quot;,&quot;itemprop&quot;:&quot;image&quot;}]\" itemscope itemtype=\"https:\/\/schema.org\/ImageGallery\"><\/div>\n<p><img data-recalc-dims=\"1\" decoding=\"async\" data-attachment-id=\"23060\" data-permalink=\"https:\/\/www.alqueria.es\/blogs\/alqueriarojaverde\/2019\/09\/27\/la-caja-de-los-tratos-2\/abc-2\/\" data-orig-file=\"https:\/\/i0.wp.com\/cloud.alqueria.es\/wp-content\/uploads\/sites\/8\/2019\/09\/abc.jpg?fit=259%2C194&amp;ssl=1\" data-orig-size=\"259,194\" data-comments-opened=\"1\" data-image-meta=\"{&quot;aperture&quot;:&quot;0&quot;,&quot;credit&quot;:&quot;&quot;,&quot;camera&quot;:&quot;&quot;,&quot;caption&quot;:&quot;&quot;,&quot;created_timestamp&quot;:&quot;0&quot;,&quot;copyright&quot;:&quot;&quot;,&quot;focal_length&quot;:&quot;0&quot;,&quot;iso&quot;:&quot;0&quot;,&quot;shutter_speed&quot;:&quot;0&quot;,&quot;title&quot;:&quot;&quot;,&quot;orientation&quot;:&quot;0&quot;}\" data-image-title=\"abc\" data-image-description=\"\" data-image-caption=\"\" data-large-file=\"https:\/\/i0.wp.com\/cloud.alqueria.es\/wp-content\/uploads\/sites\/8\/2019\/09\/abc.jpg?fit=259%2C194&amp;ssl=1\" class=\"alignright size-full wp-image-23060\" src=\"https:\/\/i0.wp.com\/cloud.alqueria.es\/wp-content\/uploads\/sites\/8\/2019\/09\/abc.jpg?resize=259%2C194&#038;ssl=1\" alt=\"\" width=\"259\" height=\"194\" \/>En el <em><strong><span style=\"color: #0000ff\">taller de biblioteca<\/span><\/strong><\/em>\u00a0 presentamos la <span style=\"color: #0000ff\">\u00abCAJA DE LOS TRATOS\u00bb<span style=\"color: #333333\">. U<\/span><\/span>n precioso trabajo de auto-conocimiento y percepci\u00f3n de la imagen que cada uno tiene de s\u00ed mismo, que permite establecer un compromiso para mejorar alg\u00fan aspecto de nuestro comportamiento.\u00a0 En general surgieron cosas muy realistas (preguntad a vuestros peques), s\u00f3lo algunas fueron necesarias ser matizadas por Charito y por m\u00ed, ya que las consideramos de una exigencia no ajustada. Mediante la escritura aut\u00f3noma (sin copia y cada uno a su manera) incluyeron su compromiso en un papel. En el aula tenemos una cajita que los guarda todos (incluidos el de Charito y el m\u00edo) y que en un tiempo revisaremos para ver el grado de cumplimiento.<\/p>\n<p>Los ejemplares que hemos le\u00eddo esta semana han sido:<\/p>\n<div class=\"tiled-gallery type-square tiled-gallery-unresized\" data-original-width=\"474\" data-carousel-extra='{&quot;blog_id&quot;:8,&quot;permalink&quot;:&quot;https:\\\/\\\/www.alqueria.es\\\/blogs\\\/alqueriarojaverde\\\/2019\\\/09\\\/27\\\/la-caja-de-los-tratos-2\\\/&quot;,&quot;likes_blog_id&quot;:64268569}' itemscope itemtype=\"http:\/\/schema.org\/ImageGallery\" > <div class=\"gallery-row\" style=\"width: 474px; height: 158px;\" data-original-width=\"474\" data-original-height=\"158\" > <div class=\"gallery-group\" style=\"width: 158px; height: 158px;\" data-original-width=\"158\" data-original-height=\"158\" > <div class=\"tiled-gallery-item \" itemprop=\"associatedMedia\" itemscope itemtype=\"http:\/\/schema.org\/ImageObject\"> <a href=\"https:\/\/www.alqueria.es\/blogs\/alqueriarojaverde\/2019\/09\/27\/la-caja-de-los-tratos-2\/91lusrphynl\/\" border=\"0\" itemprop=\"url\"> <meta itemprop=\"width\" content=\"154\"> <meta itemprop=\"height\" content=\"154\"> <img decoding=\"async\" class=\"\" data-attachment-id=\"23061\" data-orig-file=\"https:\/\/cloud.alqueria.es\/wp-content\/uploads\/sites\/8\/2019\/09\/91LUSrpHynL.jpg\" data-orig-size=\"1024,999\" data-comments-opened=\"1\" data-image-meta=\"{&quot;aperture&quot;:&quot;0&quot;,&quot;credit&quot;:&quot;&quot;,&quot;camera&quot;:&quot;&quot;,&quot;caption&quot;:&quot;&quot;,&quot;created_timestamp&quot;:&quot;0&quot;,&quot;copyright&quot;:&quot;&quot;,&quot;focal_length&quot;:&quot;0&quot;,&quot;iso&quot;:&quot;0&quot;,&quot;shutter_speed&quot;:&quot;0&quot;,&quot;title&quot;:&quot;&quot;,&quot;orientation&quot;:&quot;0&quot;}\" data-image-title=\"91LUSrpHynL\" data-image-description=\"\" data-medium-file=\"https:\/\/i0.wp.com\/cloud.alqueria.es\/wp-content\/uploads\/sites\/8\/2019\/09\/91LUSrpHynL.jpg?fit=300%2C293&#038;ssl=1\" data-large-file=\"https:\/\/i0.wp.com\/cloud.alqueria.es\/wp-content\/uploads\/sites\/8\/2019\/09\/91LUSrpHynL.jpg?fit=474%2C462&#038;ssl=1\" src=\"https:\/\/i0.wp.com\/cloud.alqueria.es\/wp-content\/uploads\/sites\/8\/2019\/09\/91LUSrpHynL.jpg?w=154&#038;h=154&#038;crop=1&#038;ssl=1\" srcset=\"https:\/\/cloud.alqueria.es\/wp-content\/uploads\/sites\/8\/2019\/09\/91LUSrpHynL.jpg 150w, https:\/\/cloud.alqueria.es\/wp-content\/uploads\/sites\/8\/2019\/09\/91LUSrpHynL.jpg 308w, https:\/\/cloud.alqueria.es\/wp-content\/uploads\/sites\/8\/2019\/09\/91LUSrpHynL.jpg 462w\" width=\"154\" height=\"154\" loading=\"lazy\" data-original-width=\"154\" data-original-height=\"154\" itemprop=\"http:\/\/schema.org\/image\" title=\"91LUSrpHynL\" alt=\"91LUSrpHynL\" style=\"width: 154px; height: 154px;\" \/> <\/a> <\/div> <\/div> <div class=\"gallery-group\" style=\"width: 158px; height: 158px;\" data-original-width=\"158\" data-original-height=\"158\" > <div class=\"tiled-gallery-item \" itemprop=\"associatedMedia\" itemscope itemtype=\"http:\/\/schema.org\/ImageObject\"> <a href=\"https:\/\/www.alqueria.es\/blogs\/alqueriarojaverde\/2019\/09\/27\/la-caja-de-los-tratos-2\/514fg-qxhbl\/\" border=\"0\" itemprop=\"url\"> <meta itemprop=\"width\" content=\"154\"> <meta itemprop=\"height\" content=\"154\"> <img decoding=\"async\" class=\"\" data-attachment-id=\"23062\" data-orig-file=\"https:\/\/cloud.alqueria.es\/wp-content\/uploads\/sites\/8\/2019\/09\/514Fg-QXHbL.jpg\" data-orig-size=\"500,422\" data-comments-opened=\"1\" data-image-meta=\"{&quot;aperture&quot;:&quot;0&quot;,&quot;credit&quot;:&quot;&quot;,&quot;camera&quot;:&quot;&quot;,&quot;caption&quot;:&quot;&quot;,&quot;created_timestamp&quot;:&quot;0&quot;,&quot;copyright&quot;:&quot;&quot;,&quot;focal_length&quot;:&quot;0&quot;,&quot;iso&quot;:&quot;0&quot;,&quot;shutter_speed&quot;:&quot;0&quot;,&quot;title&quot;:&quot;&quot;,&quot;orientation&quot;:&quot;0&quot;}\" data-image-title=\"514Fg-QXHbL\" data-image-description=\"\" data-medium-file=\"https:\/\/i0.wp.com\/cloud.alqueria.es\/wp-content\/uploads\/sites\/8\/2019\/09\/514Fg-QXHbL.jpg?fit=300%2C253&#038;ssl=1\" data-large-file=\"https:\/\/i0.wp.com\/cloud.alqueria.es\/wp-content\/uploads\/sites\/8\/2019\/09\/514Fg-QXHbL.jpg?fit=474%2C400&#038;ssl=1\" src=\"https:\/\/i0.wp.com\/cloud.alqueria.es\/wp-content\/uploads\/sites\/8\/2019\/09\/514Fg-QXHbL.jpg?w=154&#038;h=154&#038;crop=1&#038;ssl=1\" srcset=\"https:\/\/cloud.alqueria.es\/wp-content\/uploads\/sites\/8\/2019\/09\/514Fg-QXHbL.jpg 150w, https:\/\/cloud.alqueria.es\/wp-content\/uploads\/sites\/8\/2019\/09\/514Fg-QXHbL.jpg 308w, https:\/\/cloud.alqueria.es\/wp-content\/uploads\/sites\/8\/2019\/09\/514Fg-QXHbL.jpg 462w\" width=\"154\" height=\"154\" loading=\"lazy\" data-original-width=\"154\" data-original-height=\"154\" itemprop=\"http:\/\/schema.org\/image\" title=\"514Fg-QXHbL\" alt=\"514Fg-QXHbL\" style=\"width: 154px; height: 154px;\" \/> <\/a> <\/div> <\/div> <div class=\"gallery-group\" style=\"width: 158px; height: 158px;\" data-original-width=\"158\" data-original-height=\"158\" > <div class=\"tiled-gallery-item \" itemprop=\"associatedMedia\" itemscope itemtype=\"http:\/\/schema.org\/ImageObject\"> <a href=\"https:\/\/www.alqueria.es\/blogs\/alqueriarojaverde\/2019\/09\/27\/la-caja-de-los-tratos-2\/detail_un_libro_web\/\" border=\"0\" itemprop=\"url\"> <meta itemprop=\"width\" content=\"154\"> <meta itemprop=\"height\" content=\"154\"> <img decoding=\"async\" class=\"\" data-attachment-id=\"23063\" data-orig-file=\"https:\/\/cloud.alqueria.es\/wp-content\/uploads\/sites\/8\/2019\/09\/detail_un_libro_web.jpg\" data-orig-size=\"900,900\" data-comments-opened=\"1\" data-image-meta=\"{&quot;aperture&quot;:&quot;0&quot;,&quot;credit&quot;:&quot;&quot;,&quot;camera&quot;:&quot;&quot;,&quot;caption&quot;:&quot;&quot;,&quot;created_timestamp&quot;:&quot;0&quot;,&quot;copyright&quot;:&quot;&quot;,&quot;focal_length&quot;:&quot;0&quot;,&quot;iso&quot;:&quot;0&quot;,&quot;shutter_speed&quot;:&quot;0&quot;,&quot;title&quot;:&quot;&quot;,&quot;orientation&quot;:&quot;0&quot;}\" data-image-title=\"detail_un_libro_web\" data-image-description=\"\" data-medium-file=\"https:\/\/i0.wp.com\/cloud.alqueria.es\/wp-content\/uploads\/sites\/8\/2019\/09\/detail_un_libro_web.jpg?fit=300%2C300&#038;ssl=1\" data-large-file=\"https:\/\/i0.wp.com\/cloud.alqueria.es\/wp-content\/uploads\/sites\/8\/2019\/09\/detail_un_libro_web.jpg?fit=474%2C474&#038;ssl=1\" src=\"https:\/\/i0.wp.com\/cloud.alqueria.es\/wp-content\/uploads\/sites\/8\/2019\/09\/detail_un_libro_web.jpg?w=154&#038;h=154&#038;crop=1&#038;ssl=1\" srcset=\"https:\/\/cloud.alqueria.es\/wp-content\/uploads\/sites\/8\/2019\/09\/detail_un_libro_web.jpg 900w, https:\/\/cloud.alqueria.es\/wp-content\/uploads\/sites\/8\/2019\/09\/detail_un_libro_web.jpg 150w, https:\/\/cloud.alqueria.es\/wp-content\/uploads\/sites\/8\/2019\/09\/detail_un_libro_web.jpg 300w, https:\/\/cloud.alqueria.es\/wp-content\/uploads\/sites\/8\/2019\/09\/detail_un_libro_web.jpg 768w\" width=\"154\" height=\"154\" loading=\"lazy\" data-original-width=\"154\" data-original-height=\"154\" itemprop=\"http:\/\/schema.org\/image\" title=\"detail_un_libro_web\" alt=\"detail_un_libro_web\" style=\"width: 154px; height: 154px;\" \/> <\/a> <\/div> <\/div> <\/div> <\/div>\n<p>El placer de escuchar narraciones es una motivaci\u00f3n incre\u00edble, os dejo algunos tips, por si os son de ayuda.<\/p>\n<p><img data-recalc-dims=\"1\" decoding=\"async\" data-attachment-id=\"23059\" data-permalink=\"https:\/\/www.alqueria.es\/blogs\/alqueriarojaverde\/2019\/09\/27\/la-caja-de-los-tratos-2\/leer-co-ntus-hijos-2\/\" data-orig-file=\"https:\/\/i0.wp.com\/cloud.alqueria.es\/wp-content\/uploads\/sites\/8\/2019\/09\/leer-co-ntus-hijos.jpg?fit=444%2C533&amp;ssl=1\" data-orig-size=\"444,533\" data-comments-opened=\"1\" data-image-meta=\"{&quot;aperture&quot;:&quot;0&quot;,&quot;credit&quot;:&quot;&quot;,&quot;camera&quot;:&quot;&quot;,&quot;caption&quot;:&quot;&quot;,&quot;created_timestamp&quot;:&quot;1358965138&quot;,&quot;copyright&quot;:&quot;&quot;,&quot;focal_length&quot;:&quot;0&quot;,&quot;iso&quot;:&quot;0&quot;,&quot;shutter_speed&quot;:&quot;0&quot;,&quot;title&quot;:&quot;&quot;,&quot;orientation&quot;:&quot;0&quot;}\" data-image-title=\"leer-co-ntus-hijos\" data-image-description=\"\" data-image-caption=\"\" data-large-file=\"https:\/\/i0.wp.com\/cloud.alqueria.es\/wp-content\/uploads\/sites\/8\/2019\/09\/leer-co-ntus-hijos.jpg?fit=444%2C533&amp;ssl=1\" class=\"aligncenter size-full wp-image-23059\" src=\"https:\/\/i0.wp.com\/cloud.alqueria.es\/wp-content\/uploads\/sites\/8\/2019\/09\/leer-co-ntus-hijos.jpg?resize=444%2C533&#038;ssl=1\" alt=\"\" width=\"444\" height=\"533\" srcset=\"https:\/\/cloud.alqueria.es\/wp-content\/uploads\/sites\/8\/2019\/09\/leer-co-ntus-hijos.jpg 444w, https:\/\/cloud.alqueria.es\/wp-content\/uploads\/sites\/8\/2019\/09\/leer-co-ntus-hijos.jpg 250w\" sizes=\"(max-width: 444px) 100vw, 444px\" \/><\/p>\n<p><img data-recalc-dims=\"1\" decoding=\"async\" data-attachment-id=\"23056\" data-permalink=\"https:\/\/www.alqueria.es\/blogs\/alqueriarojaverde\/2019\/09\/27\/la-caja-de-los-tratos-2\/87768774-2\/\" data-orig-file=\"https:\/\/i0.wp.com\/cloud.alqueria.es\/wp-content\/uploads\/sites\/8\/2019\/09\/87768774.jpg?fit=877%2C500&amp;ssl=1\" data-orig-size=\"877,500\" data-comments-opened=\"1\" data-image-meta=\"{&quot;aperture&quot;:&quot;0&quot;,&quot;credit&quot;:&quot;&quot;,&quot;camera&quot;:&quot;&quot;,&quot;caption&quot;:&quot;&quot;,&quot;created_timestamp&quot;:&quot;0&quot;,&quot;copyright&quot;:&quot;&quot;,&quot;focal_length&quot;:&quot;0&quot;,&quot;iso&quot;:&quot;0&quot;,&quot;shutter_speed&quot;:&quot;0&quot;,&quot;title&quot;:&quot;&quot;,&quot;orientation&quot;:&quot;0&quot;}\" data-image-title=\"87768774\" data-image-description=\"\" data-image-caption=\"\" data-large-file=\"https:\/\/i0.wp.com\/cloud.alqueria.es\/wp-content\/uploads\/sites\/8\/2019\/09\/87768774.jpg?fit=474%2C270&amp;ssl=1\" class=\"alignleft wp-image-23056 size-medium\" src=\"https:\/\/i0.wp.com\/cloud.alqueria.es\/wp-content\/uploads\/sites\/8\/2019\/09\/87768774.jpg?resize=300%2C171&#038;ssl=1\" alt=\"\" width=\"300\" height=\"171\" srcset=\"https:\/\/cloud.alqueria.es\/wp-content\/uploads\/sites\/8\/2019\/09\/87768774.jpg 877w, https:\/\/cloud.alqueria.es\/wp-content\/uploads\/sites\/8\/2019\/09\/87768774.jpg 300w, https:\/\/cloud.alqueria.es\/wp-content\/uploads\/sites\/8\/2019\/09\/87768774.jpg 768w\" sizes=\"(max-width: 300px) 100vw, 300px\" \/>En el <em><strong><span style=\"color: #800080\">taller creativo<\/span><\/strong><\/em> comenzamos a representar nuestro <span style=\"color: #800080\">AUTORRETRATO.<\/span> Ser\u00e1n varias las sesiones que nos llevar\u00e1 su realizaci\u00f3n, ya que son m\u00faltiples las t\u00e9cnicas que emplearemos y el objetivo es el disfrute de cada uno de los pasos a dar:<\/p>\n<ul>\n<li>Realizaci\u00f3n de un boceto con l\u00e1piz de grafito.<\/li>\n<li>Traslado del boceto a un soporte de cartulina, incluyendo aquellas modificaciones que\u00a0 consideran oportunas.<\/li>\n<li>Coloreado del autorretrato con acuarelas. Aprendemos a utilizar la cantidad precisa de agua, c\u00f3mo se cambia de color para que el pincel no deje rastros del anterior, para qu\u00e9 sirve el papel secante que les ofrecemos y exploramos las mezclas de varios colores.<\/li>\n<li>Inclusi\u00f3n de un fondo con t\u00e9mperas.<\/li>\n<li>Remarcado de las l\u00edneas con rotulador negro, para realzar la representaci\u00f3n.<\/li>\n<\/ul>\n<p class=\"jetpack-slideshow-noscript robots-nocontent\">El pase de diapositivas requiere JavaScript.<\/p><div id=\"gallery-23055-2-slideshow\" class=\"jetpack-slideshow-window jetpack-slideshow jetpack-slideshow-black\" data-trans=\"fade\" data-autostart=\"1\" data-gallery=\"[{&quot;src&quot;:&quot;https:\\\/\\\/i0.wp.com\\\/cloud.alqueria.es\\\/wp-content\\\/uploads\\\/sites\\\/8\\\/2019\\\/09\\\/DSC_17611.jpg?fit=1024%2C578\\u0026ssl=1&quot;,&quot;id&quot;:&quot;23076&quot;,&quot;title&quot;:&quot;DSC_1761&quot;,&quot;alt&quot;:&quot;&quot;,&quot;caption&quot;:&quot;&quot;,&quot;itemprop&quot;:&quot;image&quot;},{&quot;src&quot;:&quot;https:\\\/\\\/i0.wp.com\\\/cloud.alqueria.es\\\/wp-content\\\/uploads\\\/sites\\\/8\\\/2019\\\/09\\\/DSC_17621.jpg?fit=1024%2C578\\u0026ssl=1&quot;,&quot;id&quot;:&quot;23077&quot;,&quot;title&quot;:&quot;DSC_1762&quot;,&quot;alt&quot;:&quot;&quot;,&quot;caption&quot;:&quot;&quot;,&quot;itemprop&quot;:&quot;image&quot;},{&quot;src&quot;:&quot;https:\\\/\\\/i0.wp.com\\\/cloud.alqueria.es\\\/wp-content\\\/uploads\\\/sites\\\/8\\\/2019\\\/09\\\/DSC_17631.jpg?fit=1024%2C578\\u0026ssl=1&quot;,&quot;id&quot;:&quot;23078&quot;,&quot;title&quot;:&quot;DSC_1763&quot;,&quot;alt&quot;:&quot;&quot;,&quot;caption&quot;:&quot;&quot;,&quot;itemprop&quot;:&quot;image&quot;},{&quot;src&quot;:&quot;https:\\\/\\\/i0.wp.com\\\/cloud.alqueria.es\\\/wp-content\\\/uploads\\\/sites\\\/8\\\/2019\\\/09\\\/DSC_1760.jpg?fit=1024%2C578\\u0026ssl=1&quot;,&quot;id&quot;:&quot;23075&quot;,&quot;title&quot;:&quot;DSC_1760&quot;,&quot;alt&quot;:&quot;&quot;,&quot;caption&quot;:&quot;&quot;,&quot;itemprop&quot;:&quot;image&quot;}]\" itemscope itemtype=\"https:\/\/schema.org\/ImageGallery\"><\/div>\n<p><img data-recalc-dims=\"1\" decoding=\"async\" data-attachment-id=\"23088\" data-permalink=\"https:\/\/www.alqueria.es\/blogs\/alqueriarojaverde\/2019\/09\/27\/la-caja-de-los-tratos-2\/dsc_1771-2\/\" data-orig-file=\"https:\/\/i0.wp.com\/cloud.alqueria.es\/wp-content\/uploads\/sites\/8\/2019\/09\/DSC_17711.jpg?fit=1024%2C578&amp;ssl=1\" data-orig-size=\"1024,578\" data-comments-opened=\"1\" data-image-meta=\"{&quot;aperture&quot;:&quot;0&quot;,&quot;credit&quot;:&quot;&quot;,&quot;camera&quot;:&quot;&quot;,&quot;caption&quot;:&quot;&quot;,&quot;created_timestamp&quot;:&quot;0&quot;,&quot;copyright&quot;:&quot;&quot;,&quot;focal_length&quot;:&quot;0&quot;,&quot;iso&quot;:&quot;0&quot;,&quot;shutter_speed&quot;:&quot;0&quot;,&quot;title&quot;:&quot;&quot;,&quot;orientation&quot;:&quot;0&quot;}\" data-image-title=\"DSC_1771\" data-image-description=\"\" data-image-caption=\"\" data-large-file=\"https:\/\/i0.wp.com\/cloud.alqueria.es\/wp-content\/uploads\/sites\/8\/2019\/09\/DSC_17711.jpg?fit=474%2C268&amp;ssl=1\" class=\"aligncenter size-full wp-image-23088\" src=\"https:\/\/i0.wp.com\/cloud.alqueria.es\/wp-content\/uploads\/sites\/8\/2019\/09\/DSC_17711.jpg?resize=474%2C268&#038;ssl=1\" alt=\"\" width=\"474\" height=\"268\" srcset=\"https:\/\/cloud.alqueria.es\/wp-content\/uploads\/sites\/8\/2019\/09\/DSC_17711.jpg 1024w, https:\/\/cloud.alqueria.es\/wp-content\/uploads\/sites\/8\/2019\/09\/DSC_17711.jpg 300w, https:\/\/cloud.alqueria.es\/wp-content\/uploads\/sites\/8\/2019\/09\/DSC_17711.jpg 768w, https:\/\/cloud.alqueria.es\/wp-content\/uploads\/sites\/8\/2019\/09\/DSC_17711.jpg 948w\" sizes=\"(max-width: 474px) 100vw, 474px\" \/><\/p>\n<p>El tema de las verduras gratinadas del men\u00fa es algo recurrente cada vez que toca, as\u00ed que se me ocurri\u00f3 que participasen de forma activa en una<em><strong><span style=\"color: #ff0000\"> receta de cocina<\/span><\/strong><\/em> cuyos \u00fanicos ingredientes son calabac\u00edn, zanahoria y queso.<\/p>\n<p>Participaron en el pelado, rallado y mezclado de los ingredientes y pudimos ver el proceso de horneado ya que incluimos en el aula un mini-horno.<strong> \u00a1Si los hubieseis visto comer verduras&#8230;.!!!!!!<\/strong><\/p>\n<p class=\"jetpack-slideshow-noscript robots-nocontent\">El pase de diapositivas requiere JavaScript.<\/p><div id=\"gallery-23055-3-slideshow\" class=\"jetpack-slideshow-window jetpack-slideshow jetpack-slideshow-black\" data-trans=\"fade\" data-autostart=\"1\" data-gallery=\"[{&quot;src&quot;:&quot;https:\\\/\\\/i0.wp.com\\\/cloud.alqueria.es\\\/wp-content\\\/uploads\\\/sites\\\/8\\\/2019\\\/09\\\/DSC_1768.jpg?fit=1024%2C578\\u0026ssl=1&quot;,&quot;id&quot;:&quot;23090&quot;,&quot;title&quot;:&quot;DSC_1768&quot;,&quot;alt&quot;:&quot;&quot;,&quot;caption&quot;:&quot;&quot;,&quot;itemprop&quot;:&quot;image&quot;},{&quot;src&quot;:&quot;https:\\\/\\\/i0.wp.com\\\/cloud.alqueria.es\\\/wp-content\\\/uploads\\\/sites\\\/8\\\/2019\\\/09\\\/DSC_1769.jpg?fit=1024%2C578\\u0026ssl=1&quot;,&quot;id&quot;:&quot;23091&quot;,&quot;title&quot;:&quot;DSC_1769&quot;,&quot;alt&quot;:&quot;&quot;,&quot;caption&quot;:&quot;&quot;,&quot;itemprop&quot;:&quot;image&quot;},{&quot;src&quot;:&quot;https:\\\/\\\/i0.wp.com\\\/cloud.alqueria.es\\\/wp-content\\\/uploads\\\/sites\\\/8\\\/2019\\\/09\\\/DSC_17701.jpg?fit=1024%2C578\\u0026ssl=1&quot;,&quot;id&quot;:&quot;23093&quot;,&quot;title&quot;:&quot;DSC_1770&quot;,&quot;alt&quot;:&quot;&quot;,&quot;caption&quot;:&quot;&quot;,&quot;itemprop&quot;:&quot;image&quot;},{&quot;src&quot;:&quot;https:\\\/\\\/i0.wp.com\\\/cloud.alqueria.es\\\/wp-content\\\/uploads\\\/sites\\\/8\\\/2019\\\/09\\\/DSC_17712.jpg?fit=1024%2C578\\u0026ssl=1&quot;,&quot;id&quot;:&quot;23094&quot;,&quot;title&quot;:&quot;DSC_1771&quot;,&quot;alt&quot;:&quot;&quot;,&quot;caption&quot;:&quot;&quot;,&quot;itemprop&quot;:&quot;image&quot;},{&quot;src&quot;:&quot;https:\\\/\\\/i0.wp.com\\\/cloud.alqueria.es\\\/wp-content\\\/uploads\\\/sites\\\/8\\\/2019\\\/09\\\/DSC_17721.jpg?fit=574%2C1024\\u0026ssl=1&quot;,&quot;id&quot;:&quot;23096&quot;,&quot;title&quot;:&quot;DSC_1772&quot;,&quot;alt&quot;:&quot;&quot;,&quot;caption&quot;:&quot;&quot;,&quot;itemprop&quot;:&quot;image&quot;},{&quot;src&quot;:&quot;https:\\\/\\\/i0.wp.com\\\/cloud.alqueria.es\\\/wp-content\\\/uploads\\\/sites\\\/8\\\/2019\\\/09\\\/DSC_17731.jpg?fit=1024%2C578\\u0026ssl=1&quot;,&quot;id&quot;:&quot;23097&quot;,&quot;title&quot;:&quot;DSC_1773&quot;,&quot;alt&quot;:&quot;&quot;,&quot;caption&quot;:&quot;&quot;,&quot;itemprop&quot;:&quot;image&quot;},{&quot;src&quot;:&quot;https:\\\/\\\/i0.wp.com\\\/cloud.alqueria.es\\\/wp-content\\\/uploads\\\/sites\\\/8\\\/2019\\\/09\\\/DSC_17741.jpg?fit=574%2C1024\\u0026ssl=1&quot;,&quot;id&quot;:&quot;23098&quot;,&quot;title&quot;:&quot;DSC_1774&quot;,&quot;alt&quot;:&quot;&quot;,&quot;caption&quot;:&quot;&quot;,&quot;itemprop&quot;:&quot;image&quot;},{&quot;src&quot;:&quot;https:\\\/\\\/i0.wp.com\\\/cloud.alqueria.es\\\/wp-content\\\/uploads\\\/sites\\\/8\\\/2019\\\/09\\\/DSC_17751.jpg?fit=574%2C1024\\u0026ssl=1&quot;,&quot;id&quot;:&quot;23099&quot;,&quot;title&quot;:&quot;DSC_1775&quot;,&quot;alt&quot;:&quot;&quot;,&quot;caption&quot;:&quot;&quot;,&quot;itemprop&quot;:&quot;image&quot;},{&quot;src&quot;:&quot;https:\\\/\\\/i0.wp.com\\\/cloud.alqueria.es\\\/wp-content\\\/uploads\\\/sites\\\/8\\\/2019\\\/09\\\/DSC_1770-2.jpg?fit=1024%2C578\\u0026ssl=1&quot;,&quot;id&quot;:&quot;23092&quot;,&quot;title&quot;:&quot;DSC_1770 (2)&quot;,&quot;alt&quot;:&quot;&quot;,&quot;caption&quot;:&quot;&quot;,&quot;itemprop&quot;:&quot;image&quot;},{&quot;src&quot;:&quot;https:\\\/\\\/i0.wp.com\\\/cloud.alqueria.es\\\/wp-content\\\/uploads\\\/sites\\\/8\\\/2019\\\/09\\\/DSC_17781.jpg?fit=1024%2C578\\u0026ssl=1&quot;,&quot;id&quot;:&quot;23101&quot;,&quot;title&quot;:&quot;DSC_1778&quot;,&quot;alt&quot;:&quot;&quot;,&quot;caption&quot;:&quot;&quot;,&quot;itemprop&quot;:&quot;image&quot;},{&quot;src&quot;:&quot;https:\\\/\\\/i0.wp.com\\\/cloud.alqueria.es\\\/wp-content\\\/uploads\\\/sites\\\/8\\\/2019\\\/09\\\/DSC_17791.jpg?fit=1024%2C578\\u0026ssl=1&quot;,&quot;id&quot;:&quot;23102&quot;,&quot;title&quot;:&quot;DSC_1779&quot;,&quot;alt&quot;:&quot;&quot;,&quot;caption&quot;:&quot;&quot;,&quot;itemprop&quot;:&quot;image&quot;},{&quot;src&quot;:&quot;https:\\\/\\\/i0.wp.com\\\/cloud.alqueria.es\\\/wp-content\\\/uploads\\\/sites\\\/8\\\/2019\\\/09\\\/DSC_1776.jpg?fit=574%2C1024\\u0026ssl=1&quot;,&quot;id&quot;:&quot;23100&quot;,&quot;title&quot;:&quot;DSC_1776&quot;,&quot;alt&quot;:&quot;&quot;,&quot;caption&quot;:&quot;&quot;,&quot;itemprop&quot;:&quot;image&quot;},{&quot;src&quot;:&quot;https:\\\/\\\/i0.wp.com\\\/cloud.alqueria.es\\\/wp-content\\\/uploads\\\/sites\\\/8\\\/2019\\\/09\\\/DSC_1768-2.jpg?fit=1024%2C578\\u0026ssl=1&quot;,&quot;id&quot;:&quot;23089&quot;,&quot;title&quot;:&quot;DSC_1768 (2)&quot;,&quot;alt&quot;:&quot;&quot;,&quot;caption&quot;:&quot;&quot;,&quot;itemprop&quot;:&quot;image&quot;},{&quot;src&quot;:&quot;https:\\\/\\\/i0.wp.com\\\/cloud.alqueria.es\\\/wp-content\\\/uploads\\\/sites\\\/8\\\/2019\\\/09\\\/DSC_1772-2.jpg?fit=1024%2C578\\u0026ssl=1&quot;,&quot;id&quot;:&quot;23095&quot;,&quot;title&quot;:&quot;DSC_1772 (2)&quot;,&quot;alt&quot;:&quot;&quot;,&quot;caption&quot;:&quot;&quot;,&quot;itemprop&quot;:&quot;image&quot;}]\" itemscope itemtype=\"https:\/\/schema.org\/ImageGallery\"><\/div>\n<p style=\"text-align: center\"><strong>\u00a1Os animo a hacerla en casa, es facil\u00edsima y una buena forma de introducir m\u00e1s verduras en su dieta!<\/strong><\/p>\n<p>Seguimos esperando que nuestro<em><strong><span style=\"color: #800080\"> \u00abexperimento\u00bb<\/span> <\/strong><\/em>de el resultado previsto. Mientras tanto, Eva nos ha tra\u00eddo el que hizo en casa y lo hemos comparado con otros minerales y tambi\u00e9n con una geoda aportada por Hern\u00e1n.<\/p>\n<p><img data-recalc-dims=\"1\" decoding=\"async\" data-attachment-id=\"23087\" data-permalink=\"https:\/\/www.alqueria.es\/blogs\/alqueriarojaverde\/2019\/09\/27\/la-caja-de-los-tratos-2\/dsc_1770\/\" data-orig-file=\"https:\/\/i0.wp.com\/cloud.alqueria.es\/wp-content\/uploads\/sites\/8\/2019\/09\/DSC_1770.jpg?fit=1024%2C576&amp;ssl=1\" data-orig-size=\"1024,576\" data-comments-opened=\"1\" data-image-meta=\"{&quot;aperture&quot;:&quot;0&quot;,&quot;credit&quot;:&quot;&quot;,&quot;camera&quot;:&quot;&quot;,&quot;caption&quot;:&quot;&quot;,&quot;created_timestamp&quot;:&quot;0&quot;,&quot;copyright&quot;:&quot;&quot;,&quot;focal_length&quot;:&quot;0&quot;,&quot;iso&quot;:&quot;0&quot;,&quot;shutter_speed&quot;:&quot;0&quot;,&quot;title&quot;:&quot;&quot;,&quot;orientation&quot;:&quot;0&quot;}\" data-image-title=\"DSC_1770\" data-image-description=\"\" data-image-caption=\"\" data-large-file=\"https:\/\/i0.wp.com\/cloud.alqueria.es\/wp-content\/uploads\/sites\/8\/2019\/09\/DSC_1770.jpg?fit=474%2C267&amp;ssl=1\" class=\"aligncenter size-large wp-image-23087\" src=\"https:\/\/i0.wp.com\/cloud.alqueria.es\/wp-content\/uploads\/sites\/8\/2019\/09\/DSC_1770.jpg?resize=474%2C267&#038;ssl=1\" alt=\"\" width=\"474\" height=\"267\" srcset=\"https:\/\/cloud.alqueria.es\/wp-content\/uploads\/sites\/8\/2019\/09\/DSC_1770.jpg 1024w, https:\/\/cloud.alqueria.es\/wp-content\/uploads\/sites\/8\/2019\/09\/DSC_1770.jpg 300w, https:\/\/cloud.alqueria.es\/wp-content\/uploads\/sites\/8\/2019\/09\/DSC_1770.jpg 768w, https:\/\/cloud.alqueria.es\/wp-content\/uploads\/sites\/8\/2019\/09\/DSC_1770.jpg 948w\" sizes=\"(max-width: 474px) 100vw, 474px\" \/><\/p>\n<p>\u00a1A ver qu\u00e9 pasa con el nuestro!. Hemos incluido agua destilada y m\u00e1s vinagre por recomendaci\u00f3n de la mam\u00e1 de Eva y &#8230; \u00a1a esperar!.<\/p>\n<p>El viernes cerramos semana con nuestras clases de Educaci\u00f3n F\u00edsica e Ingl\u00e9s y disfrutamos de la pista deportiva en el tiempo de recreo antes del almuerzo.<\/p>\n<p><strong>\u00a1Os deseo un buen fin de semana!.<\/strong><\/p>\n<p>P.D: Os recomiendo la visita a <em><strong><span style=\"color: #800000\">la noche de los investigadores<\/span><\/strong><\/em>, una experiencia muy divertida e interesante. Se celebra el 27-28 de septiembre en el paseo del Sal\u00f3n.<\/p>\n<p style=\"text-align: right\">Esther Justicia.<\/p>\n<p>&nbsp;<\/p>\n<p>&nbsp;<\/p>\n","protected":false},"excerpt":{"rendered":"<p>En la asamblea del martes surgi\u00f3 un \u00abpeque\u00f1o conflicto emocional\u00bb, relacionado con el atuendo identificado como de chicos o de chicas. Un compa\u00f1ero se sinti\u00f3 algo mal tras escuchar: \u00ablas zapatillas que llevas son de chica\u00bb. Este acontecimiento nos brind\u00f3 una excelente oportunidad para trabajar la igualdad de g\u00e9nero y la educaci\u00f3n emocional (empat\u00eda, resiliencia &hellip; <a href=\"https:\/\/www.alqueria.es\/blogs\/alqueriarojaverde\/2019\/09\/27\/la-caja-de-los-tratos-2\/\" class=\"more-link\">Seguir leyendo <span class=\"screen-reader-text\">\u00abLA CAJA DE LOS TRATOS\u00bb<\/span> <span class=\"meta-nav\">&rarr;<\/span><\/a><\/p>\n","protected":false},"author":19,"featured_media":0,"comment_status":"open","ping_status":"open","sticky":false,"template":"","format":"standard","meta":{"jetpack_post_was_ever_published":false,"_jetpack_newsletter_access":"","_jetpack_dont_email_post_to_subs":false,"_jetpack_newsletter_tier_id":0,"_jetpack_memberships_contains_paywalled_content":false,"_jetpack_memberships_contains_paid_content":false,"footnotes":"","jetpack_publicize_message":"","jetpack_publicize_feature_enabled":true,"jetpack_social_post_already_shared":true,"jetpack_social_options":{"image_generator_settings":{"template":"highway","default_image_id":0,"font":"","enabled":false},"version":2}},"categories":[7,13],"tags":[],"class_list":["post-23055","post","type-post","status-publish","format-standard","hentry","category-clase-verde-5-6-anos","category-inicio"],"jetpack_publicize_connections":[],"jetpack_featured_media_url":"","jetpack_sharing_enabled":true,"jetpack_shortlink":"https:\/\/wp.me\/p4lFbP-5ZR","_links":{"self":[{"href":"https:\/\/www.alqueria.es\/blogs\/alqueriarojaverde\/wp-json\/wp\/v2\/posts\/23055","targetHints":{"allow":["GET"]}}],"collection":[{"href":"https:\/\/www.alqueria.es\/blogs\/alqueriarojaverde\/wp-json\/wp\/v2\/posts"}],"about":[{"href":"https:\/\/www.alqueria.es\/blogs\/alqueriarojaverde\/wp-json\/wp\/v2\/types\/post"}],"author":[{"embeddable":true,"href":"https:\/\/www.alqueria.es\/blogs\/alqueriarojaverde\/wp-json\/wp\/v2\/users\/19"}],"replies":[{"embeddable":true,"href":"https:\/\/www.alqueria.es\/blogs\/alqueriarojaverde\/wp-json\/wp\/v2\/comments?post=23055"}],"version-history":[{"count":0,"href":"https:\/\/www.alqueria.es\/blogs\/alqueriarojaverde\/wp-json\/wp\/v2\/posts\/23055\/revisions"}],"wp:attachment":[{"href":"https:\/\/www.alqueria.es\/blogs\/alqueriarojaverde\/wp-json\/wp\/v2\/media?parent=23055"}],"wp:term":[{"taxonomy":"category","embeddable":true,"href":"https:\/\/www.alqueria.es\/blogs\/alqueriarojaverde\/wp-json\/wp\/v2\/categories?post=23055"},{"taxonomy":"post_tag","embeddable":true,"href":"https:\/\/www.alqueria.es\/blogs\/alqueriarojaverde\/wp-json\/wp\/v2\/tags?post=23055"}],"curies":[{"name":"wp","href":"https:\/\/api.w.org\/{rel}","templated":true}]}}