{"id":23138,"date":"2019-09-30T17:00:40","date_gmt":"2019-09-30T15:00:40","guid":{"rendered":"http:\/\/www.alqueria.es\/blogs\/alqueriarojaverde\/?p=23138"},"modified":"2019-09-30T16:24:10","modified_gmt":"2019-09-30T14:24:10","slug":"hipo-comienza-su-aventura","status":"publish","type":"post","link":"https:\/\/www.alqueria.es\/blogs\/alqueriarojaverde\/2019\/09\/30\/hipo-comienza-su-aventura\/","title":{"rendered":"HIPO COMIENZA SU AVENTURA"},"content":{"rendered":"<p>Buenas tardes familias,<\/p>\n<p>Comenzamos una nueva semana con una <span style=\"color: #ff0000\">Asamblea de bienvenida<\/span> en la que tienen la oportunidad de contar lo que han vivenciado en el fin de semana adem\u00e1s de otras cuestiones que se les plantean en esas \u00abcabecitas pensantes\u00bb y tan creativas.<\/p>\n<p>Tratamos el tema de <span style=\"color: #ff0000\">el respeto al otro<span style=\"color: #333333\"> tras una situaci\u00f3n vivida en clase entre dos compa\u00f1eros. Es muy importante inculcar desde peque\u00f1os a nuestros ni\u00f1os y ni\u00f1as este valor para que lo puedan aplicar en su vida diaria y poder llegar a una buena convivencia tanto dentro como fuera del aula. Hablamos que cuando un compa\u00f1ero o compa\u00f1era no quiere jugar con nosotros, tenemos que respetar su decisi\u00f3n y no enfadarnos y si\u00a0 no quiere compartir algo, no se le quita a la fuerza sino que se habla con \u00e9l.\u00a0 Para que nos respeten, nosotros tenemos que hablar bien a los dem\u00e1s, ser amables y tratarlos bien.<\/span><\/span><\/p>\n<p><img data-recalc-dims=\"1\" decoding=\"async\" data-attachment-id=\"23140\" data-permalink=\"https:\/\/www.alqueria.es\/blogs\/alqueriarojaverde\/2019\/09\/30\/hipo-comienza-su-aventura\/descarga-1-14\/\" data-orig-file=\"https:\/\/i0.wp.com\/cloud.alqueria.es\/wp-content\/uploads\/sites\/8\/2019\/09\/descarga-1.jpg?fit=225%2C225&amp;ssl=1\" data-orig-size=\"225,225\" data-comments-opened=\"1\" data-image-meta=\"{&quot;aperture&quot;:&quot;0&quot;,&quot;credit&quot;:&quot;&quot;,&quot;camera&quot;:&quot;&quot;,&quot;caption&quot;:&quot;&quot;,&quot;created_timestamp&quot;:&quot;0&quot;,&quot;copyright&quot;:&quot;&quot;,&quot;focal_length&quot;:&quot;0&quot;,&quot;iso&quot;:&quot;0&quot;,&quot;shutter_speed&quot;:&quot;0&quot;,&quot;title&quot;:&quot;&quot;,&quot;orientation&quot;:&quot;0&quot;}\" data-image-title=\"descarga (1)\" data-image-description=\"\" data-image-caption=\"\" data-large-file=\"https:\/\/i0.wp.com\/cloud.alqueria.es\/wp-content\/uploads\/sites\/8\/2019\/09\/descarga-1.jpg?fit=225%2C225&amp;ssl=1\" class=\"alignleft size-thumbnail wp-image-23140\" src=\"https:\/\/i0.wp.com\/cloud.alqueria.es\/wp-content\/uploads\/sites\/8\/2019\/09\/descarga-1.jpg?resize=150%2C150&#038;ssl=1\" alt=\"\" width=\"150\" height=\"150\" srcset=\"https:\/\/cloud.alqueria.es\/wp-content\/uploads\/sites\/8\/2019\/09\/descarga-1.jpg 225w, https:\/\/cloud.alqueria.es\/wp-content\/uploads\/sites\/8\/2019\/09\/descarga-1.jpg 150w\" sizes=\"(max-width: 150px) 100vw, 150px\" \/>Leemos m\u00e1s cosas sobre el <span style=\"color: #ff0000\">cuerpo humano<\/span> a trav\u00e9s de un libro muy ilustrativo aportado por Mateo de la Torre, descubrimos algunos \u00f3rganos, m\u00fasculos, huesos y hablamos de los sentidos. Seguiremos vi\u00e9ndolo a lo largo de la semana.<\/p>\n<p>P.D: Si en casa ten\u00e9is radiograf\u00edas para aportarlas ser\u00eda un buen material para ellos.<\/p>\n<p>Las <span style=\"color: #ff0000\">propuesta de juego<\/span>: beb\u00e9s- m\u00e9dicos y construcciones.<\/p>\n<p>Hoy<span style=\"color: #ff0000\"> Hipo<\/span> comienza su aventura fuera del cole y en este caso le ha <img data-recalc-dims=\"1\" decoding=\"async\" data-attachment-id=\"23139\" data-permalink=\"https:\/\/www.alqueria.es\/blogs\/alqueriarojaverde\/2019\/09\/30\/hipo-comienza-su-aventura\/20190912_094612\/\" data-orig-file=\"https:\/\/i0.wp.com\/cloud.alqueria.es\/wp-content\/uploads\/sites\/8\/2019\/09\/20190912_094612.jpg?fit=1024%2C729&amp;ssl=1\" data-orig-size=\"1024,729\" data-comments-opened=\"1\" data-image-meta=\"{&quot;aperture&quot;:&quot;0&quot;,&quot;credit&quot;:&quot;&quot;,&quot;camera&quot;:&quot;&quot;,&quot;caption&quot;:&quot;&quot;,&quot;created_timestamp&quot;:&quot;0&quot;,&quot;copyright&quot;:&quot;&quot;,&quot;focal_length&quot;:&quot;0&quot;,&quot;iso&quot;:&quot;0&quot;,&quot;shutter_speed&quot;:&quot;0&quot;,&quot;title&quot;:&quot;&quot;,&quot;orientation&quot;:&quot;0&quot;}\" data-image-title=\"20190912_094612\" data-image-description=\"\" data-image-caption=\"\" data-large-file=\"https:\/\/i0.wp.com\/cloud.alqueria.es\/wp-content\/uploads\/sites\/8\/2019\/09\/20190912_094612.jpg?fit=474%2C337&amp;ssl=1\" class=\"alignright size-medium wp-image-23139\" src=\"https:\/\/i0.wp.com\/cloud.alqueria.es\/wp-content\/uploads\/sites\/8\/2019\/09\/20190912_094612.jpg?resize=300%2C214&#038;ssl=1\" alt=\"\" width=\"300\" height=\"214\" srcset=\"https:\/\/cloud.alqueria.es\/wp-content\/uploads\/sites\/8\/2019\/09\/20190912_094612.jpg 1024w, https:\/\/cloud.alqueria.es\/wp-content\/uploads\/sites\/8\/2019\/09\/20190912_094612.jpg 300w, https:\/\/cloud.alqueria.es\/wp-content\/uploads\/sites\/8\/2019\/09\/20190912_094612.jpg 768w, https:\/\/cloud.alqueria.es\/wp-content\/uploads\/sites\/8\/2019\/09\/20190912_094612.jpg 948w\" sizes=\"(max-width: 300px) 100vw, 300px\" \/>tocado a M\u00e1ximo llev\u00e1rselo a casa durante una semana. El pr\u00f3ximo lunes podr\u00e1 compartir con todos nosotros los momentos que ha experimentado con hipo \u00a1\u00a1Buen viaje!!<\/p>\n<p>&nbsp;<\/p>\n<p><img data-recalc-dims=\"1\" decoding=\"async\" data-attachment-id=\"23144\" data-permalink=\"https:\/\/www.alqueria.es\/blogs\/alqueriarojaverde\/2019\/09\/30\/hipo-comienza-su-aventura\/img_3365\/\" data-orig-file=\"https:\/\/i0.wp.com\/cloud.alqueria.es\/wp-content\/uploads\/sites\/8\/2019\/09\/IMG_3365.jpg?fit=640%2C480&amp;ssl=1\" data-orig-size=\"640,480\" data-comments-opened=\"1\" data-image-meta=\"{&quot;aperture&quot;:&quot;2.8&quot;,&quot;credit&quot;:&quot;&quot;,&quot;camera&quot;:&quot;Canon DIGITAL IXUS 80 IS&quot;,&quot;caption&quot;:&quot;&quot;,&quot;created_timestamp&quot;:&quot;1569855690&quot;,&quot;copyright&quot;:&quot;&quot;,&quot;focal_length&quot;:&quot;6.2&quot;,&quot;iso&quot;:&quot;250&quot;,&quot;shutter_speed&quot;:&quot;0.016666666666667&quot;,&quot;title&quot;:&quot;&quot;,&quot;orientation&quot;:&quot;1&quot;}\" data-image-title=\"IMG_3365\" data-image-description=\"\" data-image-caption=\"\" data-large-file=\"https:\/\/i0.wp.com\/cloud.alqueria.es\/wp-content\/uploads\/sites\/8\/2019\/09\/IMG_3365.jpg?fit=474%2C356&amp;ssl=1\" class=\"alignleft size-medium wp-image-23144\" src=\"https:\/\/i0.wp.com\/cloud.alqueria.es\/wp-content\/uploads\/sites\/8\/2019\/09\/IMG_3365.jpg?resize=300%2C225&#038;ssl=1\" alt=\"\" width=\"300\" height=\"225\" srcset=\"https:\/\/cloud.alqueria.es\/wp-content\/uploads\/sites\/8\/2019\/09\/IMG_3365.jpg 640w, https:\/\/cloud.alqueria.es\/wp-content\/uploads\/sites\/8\/2019\/09\/IMG_3365.jpg 300w\" sizes=\"(max-width: 300px) 100vw, 300px\" \/>Por la tarde, en la <span style=\"color: #ff0000\">BIBLIOTECA<\/span> con Charito, realizamos la devoluci\u00f3n de cuentos para poder llevarnos otros y escuchamos la lectura de \u00abUn le\u00f3n dentro\u00bb y \u00abCuando Soy Amable\u00bb&#8230;.<\/p>\n<p>Aqu\u00ed os enlazo un art\u00edculo muy interesante sobre <a href=\"https:\/\/www.elespanol.com\/sociedad\/educacion\/20190925\/hijo-no-sabe-escribir-nueva-pedagogia-escuela\/431707472_0.html\">lectoescritura<\/a> coincidiendo con nuestra base pedag\u00f3gica.<\/p>\n<p>Que pas\u00e9is buena tarde<\/p>\n<p>Carmen<\/p>\n<p>&nbsp;<\/p>\n","protected":false},"excerpt":{"rendered":"<p>Buenas tardes familias, Comenzamos una nueva semana con una Asamblea de bienvenida en la que tienen la oportunidad de contar lo que han vivenciado en el fin de semana adem\u00e1s de otras cuestiones que se les plantean en esas \u00abcabecitas pensantes\u00bb y tan creativas. Tratamos el tema de el respeto al otro tras una situaci\u00f3n &hellip; <a href=\"https:\/\/www.alqueria.es\/blogs\/alqueriarojaverde\/2019\/09\/30\/hipo-comienza-su-aventura\/\" class=\"more-link\">Seguir leyendo <span class=\"screen-reader-text\">HIPO COMIENZA SU AVENTURA<\/span> <span class=\"meta-nav\">&rarr;<\/span><\/a><\/p>\n","protected":false},"author":19,"featured_media":0,"comment_status":"open","ping_status":"open","sticky":false,"template":"","format":"standard","meta":{"jetpack_post_was_ever_published":false,"_jetpack_newsletter_access":"","_jetpack_dont_email_post_to_subs":false,"_jetpack_newsletter_tier_id":0,"_jetpack_memberships_contains_paywalled_content":false,"_jetpack_memberships_contains_paid_content":false,"footnotes":"","jetpack_publicize_message":"","jetpack_publicize_feature_enabled":true,"jetpack_social_post_already_shared":true,"jetpack_social_options":{"image_generator_settings":{"template":"highway","default_image_id":0,"font":"","enabled":false},"version":2}},"categories":[6,17],"tags":[130,654,655],"class_list":["post-23138","post","type-post","status-publish","format-standard","hentry","category-clase-roja-4-5-anos","category-propuestas-clase-roja","tag-alfabetizacion","tag-lectoescritura","tag-valores"],"jetpack_publicize_connections":[],"jetpack_featured_media_url":"","jetpack_sharing_enabled":true,"jetpack_shortlink":"https:\/\/wp.me\/p4lFbP-61c","_links":{"self":[{"href":"https:\/\/www.alqueria.es\/blogs\/alqueriarojaverde\/wp-json\/wp\/v2\/posts\/23138","targetHints":{"allow":["GET"]}}],"collection":[{"href":"https:\/\/www.alqueria.es\/blogs\/alqueriarojaverde\/wp-json\/wp\/v2\/posts"}],"about":[{"href":"https:\/\/www.alqueria.es\/blogs\/alqueriarojaverde\/wp-json\/wp\/v2\/types\/post"}],"author":[{"embeddable":true,"href":"https:\/\/www.alqueria.es\/blogs\/alqueriarojaverde\/wp-json\/wp\/v2\/users\/19"}],"replies":[{"embeddable":true,"href":"https:\/\/www.alqueria.es\/blogs\/alqueriarojaverde\/wp-json\/wp\/v2\/comments?post=23138"}],"version-history":[{"count":0,"href":"https:\/\/www.alqueria.es\/blogs\/alqueriarojaverde\/wp-json\/wp\/v2\/posts\/23138\/revisions"}],"wp:attachment":[{"href":"https:\/\/www.alqueria.es\/blogs\/alqueriarojaverde\/wp-json\/wp\/v2\/media?parent=23138"}],"wp:term":[{"taxonomy":"category","embeddable":true,"href":"https:\/\/www.alqueria.es\/blogs\/alqueriarojaverde\/wp-json\/wp\/v2\/categories?post=23138"},{"taxonomy":"post_tag","embeddable":true,"href":"https:\/\/www.alqueria.es\/blogs\/alqueriarojaverde\/wp-json\/wp\/v2\/tags?post=23138"}],"curies":[{"name":"wp","href":"https:\/\/api.w.org\/{rel}","templated":true}]}}