{"id":23286,"date":"2019-10-12T10:22:23","date_gmt":"2019-10-12T08:22:23","guid":{"rendered":"http:\/\/www.alqueria.es\/blogs\/alqueriarojaverde\/?p=23286"},"modified":"2019-10-12T10:34:27","modified_gmt":"2019-10-12T08:34:27","slug":"23286","status":"publish","type":"post","link":"https:\/\/www.alqueria.es\/blogs\/alqueriarojaverde\/2019\/10\/12\/23286\/","title":{"rendered":"\u00a1VAMOS A HACER UN TEATRO! Y &#8230; MUCHAS COSAS M\u00c1S."},"content":{"rendered":"<p><img data-recalc-dims=\"1\" decoding=\"async\" data-attachment-id=\"23312\" data-permalink=\"https:\/\/www.alqueria.es\/blogs\/alqueriarojaverde\/2019\/10\/12\/23286\/maxresdefault-6\/\" data-orig-file=\"https:\/\/i0.wp.com\/cloud.alqueria.es\/wp-content\/uploads\/sites\/8\/2019\/10\/maxresdefault.jpg?fit=1024%2C576&amp;ssl=1\" data-orig-size=\"1024,576\" data-comments-opened=\"1\" data-image-meta=\"{&quot;aperture&quot;:&quot;0&quot;,&quot;credit&quot;:&quot;&quot;,&quot;camera&quot;:&quot;&quot;,&quot;caption&quot;:&quot;&quot;,&quot;created_timestamp&quot;:&quot;0&quot;,&quot;copyright&quot;:&quot;&quot;,&quot;focal_length&quot;:&quot;0&quot;,&quot;iso&quot;:&quot;0&quot;,&quot;shutter_speed&quot;:&quot;0&quot;,&quot;title&quot;:&quot;&quot;,&quot;orientation&quot;:&quot;0&quot;}\" data-image-title=\"maxresdefault\" data-image-description=\"\" data-image-caption=\"\" data-large-file=\"https:\/\/i0.wp.com\/cloud.alqueria.es\/wp-content\/uploads\/sites\/8\/2019\/10\/maxresdefault.jpg?fit=474%2C267&amp;ssl=1\" class=\"alignright wp-image-23312\" src=\"https:\/\/i0.wp.com\/cloud.alqueria.es\/wp-content\/uploads\/sites\/8\/2019\/10\/maxresdefault.jpg?resize=257%2C145&#038;ssl=1\" alt=\"\" width=\"257\" height=\"145\" srcset=\"https:\/\/cloud.alqueria.es\/wp-content\/uploads\/sites\/8\/2019\/10\/maxresdefault.jpg 1024w, https:\/\/cloud.alqueria.es\/wp-content\/uploads\/sites\/8\/2019\/10\/maxresdefault.jpg 300w, https:\/\/cloud.alqueria.es\/wp-content\/uploads\/sites\/8\/2019\/10\/maxresdefault.jpg 768w, https:\/\/cloud.alqueria.es\/wp-content\/uploads\/sites\/8\/2019\/10\/maxresdefault.jpg 948w\" sizes=\"(max-width: 257px) 100vw, 257px\" \/>A lo largo de esta semana hemos seguido introduciendo elementos novedosos en la <em><strong><span style=\"color: #800080\">propuesta de juego-trabajo de los m\u00e9dicos<\/span><\/strong><\/em>. La puesta en escena de una ambulancia que trasladaba enfermos al hospital, un paritorio donde vimos dar a luz a un beb\u00e9 o juegos de mesa como el de operaci\u00f3n (aportado por Mateo), han sido claves para mantenerse en ella.<\/p>\n<p>El mi\u00e9rcoles no hubo clase de ingl\u00e9s y Charito se qued\u00f3 con ellos en ese ratito, que aprovecharon para realizar juego simb\u00f3lico. Estaban entusiasmados por ense\u00f1arle lo bien que jugaban y se organizaban \u00absin que Esther les ayudara mucho\u00bb, parece que ya se les va viendo carita de \u00abverdes\u00bb.<\/p>\n<p class=\"jetpack-slideshow-noscript robots-nocontent\">El pase de diapositivas requiere JavaScript.<\/p><div id=\"gallery-23286-1-slideshow\" class=\"jetpack-slideshow-window jetpack-slideshow jetpack-slideshow-black\" data-trans=\"fade\" data-autostart=\"1\" data-gallery=\"[{&quot;src&quot;:&quot;https:\\\/\\\/i0.wp.com\\\/cloud.alqueria.es\\\/wp-content\\\/uploads\\\/sites\\\/8\\\/2019\\\/10\\\/IMG-20191009-WA0000.jpg?fit=1024%2C576\\u0026ssl=1&quot;,&quot;id&quot;:&quot;23320&quot;,&quot;title&quot;:&quot;IMG-20191009-WA0000&quot;,&quot;alt&quot;:&quot;&quot;,&quot;caption&quot;:&quot;&quot;,&quot;itemprop&quot;:&quot;image&quot;},{&quot;src&quot;:&quot;https:\\\/\\\/i0.wp.com\\\/cloud.alqueria.es\\\/wp-content\\\/uploads\\\/sites\\\/8\\\/2019\\\/10\\\/IMG-20191009-WA0004.jpg?fit=1024%2C576\\u0026ssl=1&quot;,&quot;id&quot;:&quot;23321&quot;,&quot;title&quot;:&quot;IMG-20191009-WA0004&quot;,&quot;alt&quot;:&quot;&quot;,&quot;caption&quot;:&quot;&quot;,&quot;itemprop&quot;:&quot;image&quot;},{&quot;src&quot;:&quot;https:\\\/\\\/i0.wp.com\\\/cloud.alqueria.es\\\/wp-content\\\/uploads\\\/sites\\\/8\\\/2019\\\/10\\\/IMG-20191009-WA0005.jpg?fit=1024%2C576\\u0026ssl=1&quot;,&quot;id&quot;:&quot;23322&quot;,&quot;title&quot;:&quot;IMG-20191009-WA0005&quot;,&quot;alt&quot;:&quot;&quot;,&quot;caption&quot;:&quot;&quot;,&quot;itemprop&quot;:&quot;image&quot;},{&quot;src&quot;:&quot;https:\\\/\\\/i0.wp.com\\\/cloud.alqueria.es\\\/wp-content\\\/uploads\\\/sites\\\/8\\\/2019\\\/10\\\/IMG-20191009-WA0007.jpg?fit=1024%2C576\\u0026ssl=1&quot;,&quot;id&quot;:&quot;23323&quot;,&quot;title&quot;:&quot;IMG-20191009-WA0007&quot;,&quot;alt&quot;:&quot;&quot;,&quot;caption&quot;:&quot;&quot;,&quot;itemprop&quot;:&quot;image&quot;},{&quot;src&quot;:&quot;https:\\\/\\\/i0.wp.com\\\/cloud.alqueria.es\\\/wp-content\\\/uploads\\\/sites\\\/8\\\/2019\\\/10\\\/IMG-20191009-WA0008.jpg?fit=1024%2C576\\u0026ssl=1&quot;,&quot;id&quot;:&quot;23324&quot;,&quot;title&quot;:&quot;IMG-20191009-WA0008&quot;,&quot;alt&quot;:&quot;&quot;,&quot;caption&quot;:&quot;&quot;,&quot;itemprop&quot;:&quot;image&quot;},{&quot;src&quot;:&quot;https:\\\/\\\/i0.wp.com\\\/cloud.alqueria.es\\\/wp-content\\\/uploads\\\/sites\\\/8\\\/2019\\\/10\\\/IMG-20191009-WA0009.jpg?fit=576%2C1024\\u0026ssl=1&quot;,&quot;id&quot;:&quot;23325&quot;,&quot;title&quot;:&quot;IMG-20191009-WA0009&quot;,&quot;alt&quot;:&quot;&quot;,&quot;caption&quot;:&quot;&quot;,&quot;itemprop&quot;:&quot;image&quot;}]\" itemscope itemtype=\"https:\/\/schema.org\/ImageGallery\"><\/div>\n<p>Como cierre de la propuesta, conocemos este <span style=\"color: #800080\">recurso digital, <\/span>que combina el desarrollo del \u00e1rea alfab\u00e9tica con el reconocimiento de vocablos relacionados con la misma.\u00a0<a href=\"http:\/\/www3.gobiernodecanarias.org\/medusa\/contenidosdigitales\/programasflash\/Medusa\/JugandoPalabras\/cuerpo\/jugandoconpalabras.html\"><img data-recalc-dims=\"1\" decoding=\"async\" data-attachment-id=\"9914\" data-permalink=\"https:\/\/www.alqueria.es\/blogs\/alqueriarojaverde\/2016\/03\/02\/el-cuerpo-humano\/el-cuerpo-humano-blog\/\" data-orig-file=\"https:\/\/i0.wp.com\/www.alqueria.es\/blogs\/alqueriarojaverde\/wp-content\/uploads\/sites\/8\/2016\/03\/el-cuerpo-humano-blog.png?fit=272%2C185&amp;ssl=1\" data-orig-size=\"272,185\" data-comments-opened=\"1\" data-image-meta=\"{&quot;aperture&quot;:&quot;0&quot;,&quot;credit&quot;:&quot;&quot;,&quot;camera&quot;:&quot;&quot;,&quot;caption&quot;:&quot;&quot;,&quot;created_timestamp&quot;:&quot;0&quot;,&quot;copyright&quot;:&quot;&quot;,&quot;focal_length&quot;:&quot;0&quot;,&quot;iso&quot;:&quot;0&quot;,&quot;shutter_speed&quot;:&quot;0&quot;,&quot;title&quot;:&quot;&quot;,&quot;orientation&quot;:&quot;0&quot;}\" data-image-title=\"el cuerpo humano blog\" data-image-description=\"\" data-image-caption=\"\" data-large-file=\"https:\/\/i0.wp.com\/www.alqueria.es\/blogs\/alqueriarojaverde\/wp-content\/uploads\/sites\/8\/2016\/03\/el-cuerpo-humano-blog.png?fit=272%2C185&amp;ssl=1\" class=\"aligncenter size-full wp-image-9914\" src=\"https:\/\/i0.wp.com\/cloud.alqueria.es\/wp-content\/uploads\/sites\/8\/2016\/03\/el-cuerpo-humano-blog.png?resize=272%2C185&#038;ssl=1\" alt=\"el cuerpo humano blog\" width=\"272\" height=\"185\" \/><\/a><\/p>\n<p>Presenta dos niveles de dificultad y la posibilidad de que el texto aparezca en letra may\u00fascula (acorde con nuestra metodolog\u00eda alfabetizadora). Es necesario vuestro acompa\u00f1amiento para ponerlo en pr\u00e1ctica, ya \u00a0que el objetivo no es que \u00abaprendan a leer\u00bb, tema del que hablamos largo y tendido en la reuni\u00f3n de familias, sino proporcionarles escenarios de aprendizaje a trav\u00e9s de los cuales puedan acceder al conocimiento, en funci\u00f3n de su nivel evolutivo, capacidades, etc. \u00a0No os olvid\u00e9is concederles un tiempo de respuesta suficiente como para que elaboren sus propias hip\u00f3tesis y guiarles a trav\u00e9s del tratamiento fonol\u00f3gico, no deletreando cada uno de los grafemas (como aprendimos la inmensa mayor\u00eda de nosotros).<\/p>\n<p>Algunos de los apartados no pertenecen al nivel en el que nos encontramos, as\u00ed que no es necesario ponerlos en pr\u00e1ctica.<\/p>\n<p style=\"text-align: center\"><strong>\u00a1ESPERO QUE OS GUSTE TANTO COMO A ELLOS!<\/strong><\/p>\n<p><img data-recalc-dims=\"1\" decoding=\"async\" data-attachment-id=\"23288\" data-permalink=\"https:\/\/www.alqueria.es\/blogs\/alqueriarojaverde\/2019\/10\/12\/23286\/images-40\/\" data-orig-file=\"https:\/\/i0.wp.com\/cloud.alqueria.es\/wp-content\/uploads\/sites\/8\/2019\/10\/images.jpg?fit=265%2C190&amp;ssl=1\" data-orig-size=\"265,190\" data-comments-opened=\"1\" data-image-meta=\"{&quot;aperture&quot;:&quot;0&quot;,&quot;credit&quot;:&quot;&quot;,&quot;camera&quot;:&quot;&quot;,&quot;caption&quot;:&quot;&quot;,&quot;created_timestamp&quot;:&quot;0&quot;,&quot;copyright&quot;:&quot;&quot;,&quot;focal_length&quot;:&quot;0&quot;,&quot;iso&quot;:&quot;0&quot;,&quot;shutter_speed&quot;:&quot;0&quot;,&quot;title&quot;:&quot;&quot;,&quot;orientation&quot;:&quot;0&quot;}\" data-image-title=\"images\" data-image-description=\"\" data-image-caption=\"\" data-large-file=\"https:\/\/i0.wp.com\/cloud.alqueria.es\/wp-content\/uploads\/sites\/8\/2019\/10\/images.jpg?fit=265%2C190&amp;ssl=1\" class=\"alignleft size-full wp-image-23288\" src=\"https:\/\/i0.wp.com\/cloud.alqueria.es\/wp-content\/uploads\/sites\/8\/2019\/10\/images.jpg?resize=265%2C190&#038;ssl=1\" alt=\"\" width=\"265\" height=\"190\" \/>Aunque la climatolog\u00eda no nos da muestras evidentes de encontrarnos en la estaci\u00f3n del Oto\u00f1o, la verdad es que nos queda un mes escaso para la celebraci\u00f3n de nuestra fiesta. Como se viene haciendo desde hace ya algunos cursos, el grupo verde ofrecer\u00e1 a la etapa una <em><strong><span style=\"color: #008000\">representaci\u00f3n teatral<\/span> <\/strong><\/em>que prepararemos en nuestros talleres de biblioteca y creativos, m\u00e1s los ratitos que vayamos sacando de la jornada. La obra elegida para este a\u00f1o es una adaptaci\u00f3n basada en la f\u00e1bula de Esopo: <em><strong><span style=\"color: #008000\">\u00abEl labrador y el \u00e1rbol\u00bb.<\/span><\/strong><\/em><\/p>\n<p><img data-recalc-dims=\"1\" decoding=\"async\" data-attachment-id=\"23287\" data-permalink=\"https:\/\/www.alqueria.es\/blogs\/alqueriarojaverde\/2019\/10\/12\/23286\/gato_boceto_001\/\" data-orig-file=\"https:\/\/i0.wp.com\/cloud.alqueria.es\/wp-content\/uploads\/sites\/8\/2019\/10\/Gato_boceto_001.jpg?fit=573%2C768&amp;ssl=1\" data-orig-size=\"573,768\" data-comments-opened=\"1\" data-image-meta=\"{&quot;aperture&quot;:&quot;0&quot;,&quot;credit&quot;:&quot;&quot;,&quot;camera&quot;:&quot;&quot;,&quot;caption&quot;:&quot;&quot;,&quot;created_timestamp&quot;:&quot;0&quot;,&quot;copyright&quot;:&quot;&quot;,&quot;focal_length&quot;:&quot;0&quot;,&quot;iso&quot;:&quot;0&quot;,&quot;shutter_speed&quot;:&quot;0&quot;,&quot;title&quot;:&quot;&quot;,&quot;orientation&quot;:&quot;0&quot;}\" data-image-title=\"Gato_boceto_001\" data-image-description=\"\" data-image-caption=\"\" data-large-file=\"https:\/\/i0.wp.com\/cloud.alqueria.es\/wp-content\/uploads\/sites\/8\/2019\/10\/Gato_boceto_001.jpg?fit=474%2C635&amp;ssl=1\" class=\"alignright size-thumbnail wp-image-23287\" src=\"https:\/\/i0.wp.com\/cloud.alqueria.es\/wp-content\/uploads\/sites\/8\/2019\/10\/Gato_boceto_001.jpg?resize=150%2C150&#038;ssl=1\" alt=\"\" width=\"150\" height=\"150\" srcset=\"https:\/\/cloud.alqueria.es\/wp-content\/uploads\/sites\/8\/2019\/10\/Gato_boceto_001.jpg 150w, https:\/\/cloud.alqueria.es\/wp-content\/uploads\/sites\/8\/2019\/10\/Gato_boceto_001.jpg 573w, https:\/\/cloud.alqueria.es\/wp-content\/uploads\/sites\/8\/2019\/10\/Gato_boceto_001.jpg 300w, https:\/\/cloud.alqueria.es\/wp-content\/uploads\/sites\/8\/2019\/10\/Gato_boceto_001.jpg 450w\" sizes=\"(max-width: 150px) 100vw, 150px\" \/>Ya hemos llevado a cabo su presentaci\u00f3n oficial al grupo, hemos dado lectura al gui\u00f3n, realizado el casting para elecci\u00f3n de los distintos personajes y hasta nos hemos atrevido con un primer ensayo. Estamos en fase de creaci\u00f3n de nuestro personaje, realizando hasta ahora tan s\u00f3lo un boceto y su nomenclatura. La semana pr\u00f3xima seguiremos trabajando en ello y nos pondremos mano a la obra con el tema del vestuario, y en funci\u00f3n del tiempo realizaremos el decorado o solamente lo compondremos.<\/p>\n<p><img data-recalc-dims=\"1\" decoding=\"async\" data-attachment-id=\"23328\" data-permalink=\"https:\/\/www.alqueria.es\/blogs\/alqueriarojaverde\/2019\/10\/12\/23286\/dsc_1753-4\/\" data-orig-file=\"https:\/\/i0.wp.com\/cloud.alqueria.es\/wp-content\/uploads\/sites\/8\/2019\/10\/DSC_17531.jpg?fit=1024%2C577&amp;ssl=1\" data-orig-size=\"1024,577\" data-comments-opened=\"1\" data-image-meta=\"{&quot;aperture&quot;:&quot;2&quot;,&quot;credit&quot;:&quot;&quot;,&quot;camera&quot;:&quot;G3121&quot;,&quot;caption&quot;:&quot;&quot;,&quot;created_timestamp&quot;:&quot;1570550149&quot;,&quot;copyright&quot;:&quot;&quot;,&quot;focal_length&quot;:&quot;4.22&quot;,&quot;iso&quot;:&quot;400&quot;,&quot;shutter_speed&quot;:&quot;0.03000600120024&quot;,&quot;title&quot;:&quot;&quot;,&quot;orientation&quot;:&quot;1&quot;}\" data-image-title=\"DSC_1753\" data-image-description=\"\" data-image-caption=\"\" data-large-file=\"https:\/\/i0.wp.com\/cloud.alqueria.es\/wp-content\/uploads\/sites\/8\/2019\/10\/DSC_17531.jpg?fit=474%2C267&amp;ssl=1\" class=\"aligncenter size-large wp-image-23328\" src=\"https:\/\/i0.wp.com\/cloud.alqueria.es\/wp-content\/uploads\/sites\/8\/2019\/10\/DSC_17531.jpg?resize=474%2C267&#038;ssl=1\" alt=\"\" width=\"474\" height=\"267\" srcset=\"https:\/\/cloud.alqueria.es\/wp-content\/uploads\/sites\/8\/2019\/10\/DSC_17531.jpg 1024w, https:\/\/cloud.alqueria.es\/wp-content\/uploads\/sites\/8\/2019\/10\/DSC_17531.jpg 300w, https:\/\/cloud.alqueria.es\/wp-content\/uploads\/sites\/8\/2019\/10\/DSC_17531.jpg 768w, https:\/\/cloud.alqueria.es\/wp-content\/uploads\/sites\/8\/2019\/10\/DSC_17531.jpg 948w\" sizes=\"(max-width: 474px) 100vw, 474px\" \/><\/p>\n<p>Iniciamos nuestra actividad de ciclo: <em><strong><span style=\"color: #ff6600\">\u00abPase\u00edllos por la vega\u00bb.<\/span><\/strong><\/em>\u00a0 Se realiza con car\u00e1cter mensual, los jueves, en compa\u00f1\u00eda de todo el ciclo. Como novedad este curso, para nuestro grupo, est\u00e1 el que ellos van a la cabeza del tren ya que son los m\u00e1s mayores y deben ir atentos a posibles peligros o circunstancias adversas para dar el aviso al resto de grupos.<\/p>\n<p><img data-recalc-dims=\"1\" decoding=\"async\" data-attachment-id=\"23333\" data-permalink=\"https:\/\/www.alqueria.es\/blogs\/alqueriarojaverde\/2019\/10\/12\/23286\/dsc_1759-3\/\" data-orig-file=\"https:\/\/i0.wp.com\/cloud.alqueria.es\/wp-content\/uploads\/sites\/8\/2019\/10\/DSC_17591.jpg?fit=1024%2C577&amp;ssl=1\" data-orig-size=\"1024,577\" data-comments-opened=\"1\" data-image-meta=\"{&quot;aperture&quot;:&quot;2&quot;,&quot;credit&quot;:&quot;&quot;,&quot;camera&quot;:&quot;G3121&quot;,&quot;caption&quot;:&quot;&quot;,&quot;created_timestamp&quot;:&quot;1570705828&quot;,&quot;copyright&quot;:&quot;&quot;,&quot;focal_length&quot;:&quot;4.22&quot;,&quot;iso&quot;:&quot;50&quot;,&quot;shutter_speed&quot;:&quot;0.0018039999480863&quot;,&quot;title&quot;:&quot;&quot;,&quot;orientation&quot;:&quot;1&quot;}\" data-image-title=\"DSC_1759\" data-image-description=\"\" data-image-caption=\"\" data-large-file=\"https:\/\/i0.wp.com\/cloud.alqueria.es\/wp-content\/uploads\/sites\/8\/2019\/10\/DSC_17591.jpg?fit=474%2C267&amp;ssl=1\" class=\"aligncenter size-full wp-image-23333\" src=\"https:\/\/i0.wp.com\/cloud.alqueria.es\/wp-content\/uploads\/sites\/8\/2019\/10\/DSC_17591.jpg?resize=474%2C267&#038;ssl=1\" alt=\"\" width=\"474\" height=\"267\" srcset=\"https:\/\/cloud.alqueria.es\/wp-content\/uploads\/sites\/8\/2019\/10\/DSC_17591.jpg 1024w, https:\/\/cloud.alqueria.es\/wp-content\/uploads\/sites\/8\/2019\/10\/DSC_17591.jpg 300w, https:\/\/cloud.alqueria.es\/wp-content\/uploads\/sites\/8\/2019\/10\/DSC_17591.jpg 768w, https:\/\/cloud.alqueria.es\/wp-content\/uploads\/sites\/8\/2019\/10\/DSC_17591.jpg 948w\" sizes=\"(max-width: 474px) 100vw, 474px\" \/><\/p>\n<p>Esta salida ha sido algo cortita ya que el calor a\u00fan aprieta y adem\u00e1s el grupo naranjita establec\u00eda su primer contacto, encontr\u00e1ndose todav\u00eda en plena adaptaci\u00f3n. Pero lo pasamos muy bien, observamos los elementos naturales que conforman este espacio, pudimos comprobar como es el sistema de regad\u00edo de las acequias (nos encontramos una compuerta abierta que regaba un campo) y tomamos concienciaci\u00f3n medioambiental de la contaminaci\u00f3n que genera el arrojar basuras en un entorno natural.<\/p>\n<p class=\"jetpack-slideshow-noscript robots-nocontent\">El pase de diapositivas requiere JavaScript.<\/p><div id=\"gallery-23286-2-slideshow\" class=\"jetpack-slideshow-window jetpack-slideshow jetpack-slideshow-black\" data-trans=\"fade\" data-autostart=\"1\" data-gallery=\"[{&quot;src&quot;:&quot;https:\\\/\\\/i0.wp.com\\\/cloud.alqueria.es\\\/wp-content\\\/uploads\\\/sites\\\/8\\\/2019\\\/10\\\/DSC_17601.jpg?fit=1024%2C577\\u0026ssl=1&quot;,&quot;id&quot;:&quot;23334&quot;,&quot;title&quot;:&quot;DSC_1760&quot;,&quot;alt&quot;:&quot;&quot;,&quot;caption&quot;:&quot;&quot;,&quot;itemprop&quot;:&quot;image&quot;},{&quot;src&quot;:&quot;https:\\\/\\\/i0.wp.com\\\/cloud.alqueria.es\\\/wp-content\\\/uploads\\\/sites\\\/8\\\/2019\\\/10\\\/IMG_3440.jpg?fit=640%2C480\\u0026ssl=1&quot;,&quot;id&quot;:&quot;23301&quot;,&quot;title&quot;:&quot;IMG_3440&quot;,&quot;alt&quot;:&quot;&quot;,&quot;caption&quot;:&quot;&quot;,&quot;itemprop&quot;:&quot;image&quot;},{&quot;src&quot;:&quot;https:\\\/\\\/i0.wp.com\\\/cloud.alqueria.es\\\/wp-content\\\/uploads\\\/sites\\\/8\\\/2019\\\/10\\\/IMG_3437-e1570808110645.jpg?fit=640%2C480\\u0026ssl=1&quot;,&quot;id&quot;:&quot;23298&quot;,&quot;title&quot;:&quot;IMG_3437&quot;,&quot;alt&quot;:&quot;&quot;,&quot;caption&quot;:&quot;&quot;,&quot;itemprop&quot;:&quot;image&quot;},{&quot;src&quot;:&quot;https:\\\/\\\/i0.wp.com\\\/cloud.alqueria.es\\\/wp-content\\\/uploads\\\/sites\\\/8\\\/2019\\\/10\\\/DSC_17611.jpg?fit=1024%2C577\\u0026ssl=1&quot;,&quot;id&quot;:&quot;23335&quot;,&quot;title&quot;:&quot;DSC_1761&quot;,&quot;alt&quot;:&quot;&quot;,&quot;caption&quot;:&quot;&quot;,&quot;itemprop&quot;:&quot;image&quot;}]\" itemscope itemtype=\"https:\/\/schema.org\/ImageGallery\"><\/div>\n<p><img data-recalc-dims=\"1\" decoding=\"async\" data-attachment-id=\"23341\" data-permalink=\"https:\/\/www.alqueria.es\/blogs\/alqueriarojaverde\/2019\/10\/12\/23286\/numeros-cartel-imagen_1639-6453\/\" data-orig-file=\"https:\/\/i0.wp.com\/cloud.alqueria.es\/wp-content\/uploads\/sites\/8\/2019\/10\/numeros-cartel-imagen_1639-6453.jpg?fit=626%2C465&amp;ssl=1\" data-orig-size=\"626,465\" data-comments-opened=\"1\" data-image-meta=\"{&quot;aperture&quot;:&quot;0&quot;,&quot;credit&quot;:&quot;&quot;,&quot;camera&quot;:&quot;&quot;,&quot;caption&quot;:&quot;&quot;,&quot;created_timestamp&quot;:&quot;0&quot;,&quot;copyright&quot;:&quot;&quot;,&quot;focal_length&quot;:&quot;0&quot;,&quot;iso&quot;:&quot;0&quot;,&quot;shutter_speed&quot;:&quot;0&quot;,&quot;title&quot;:&quot;&quot;,&quot;orientation&quot;:&quot;0&quot;}\" data-image-title=\"numeros-cartel-imagen_1639-6453\" data-image-description=\"\" data-image-caption=\"\" data-large-file=\"https:\/\/i0.wp.com\/cloud.alqueria.es\/wp-content\/uploads\/sites\/8\/2019\/10\/numeros-cartel-imagen_1639-6453.jpg?fit=474%2C352&amp;ssl=1\" class=\"alignleft size-medium wp-image-23341\" src=\"https:\/\/i0.wp.com\/cloud.alqueria.es\/wp-content\/uploads\/sites\/8\/2019\/10\/numeros-cartel-imagen_1639-6453.jpg?resize=300%2C223&#038;ssl=1\" alt=\"\" width=\"300\" height=\"223\" srcset=\"https:\/\/cloud.alqueria.es\/wp-content\/uploads\/sites\/8\/2019\/10\/numeros-cartel-imagen_1639-6453.jpg 626w, https:\/\/cloud.alqueria.es\/wp-content\/uploads\/sites\/8\/2019\/10\/numeros-cartel-imagen_1639-6453.jpg 300w\" sizes=\"(max-width: 300px) 100vw, 300px\" \/>Adem\u00e1s del trabajo matem\u00e1tico que desarrollamos de forma globalizada a trav\u00e9s de nuestras rutinas diarias, esta semana hemos puesto en pr\u00e1ctica el <span style=\"color: #ff6600\">c\u00e1lculo mental<\/span> en varias de nuestras asambleas y tambi\u00e9n hemos llevado a cabo una <strong><span style=\"color: #ff6600\">sesi\u00f3n espec\u00edfica de l\u00f3gica-matem\u00e1tica<\/span><\/strong>. En ella hablamos un poquito acerca de qu\u00e9 son para nosotros las matem\u00e1ticas, para qu\u00e9 nos sirven y terminamos centr\u00e1ndonos en esta ocasi\u00f3n en la aritm\u00e9tica.<\/p>\n<p>A trav\u00e9s de distintos juegos, que ofrecen la posibilidad de asociaci\u00f3n de n\u00famero-cantidad, entrenamos las operaciones de adici\u00f3n y sustracci\u00f3n (mental o manipulativamente). El material permite una profundizaci\u00f3n flexible a cada uno de los estados evolutivos que presentan a nivel individual.<\/p>\n<p class=\"jetpack-slideshow-noscript robots-nocontent\">El pase de diapositivas requiere JavaScript.<\/p><div id=\"gallery-23286-3-slideshow\" class=\"jetpack-slideshow-window jetpack-slideshow jetpack-slideshow-black\" data-trans=\"fade\" data-autostart=\"1\" data-gallery=\"[{&quot;src&quot;:&quot;https:\\\/\\\/i0.wp.com\\\/cloud.alqueria.es\\\/wp-content\\\/uploads\\\/sites\\\/8\\\/2019\\\/10\\\/DSC_17562.jpg?fit=1024%2C577\\u0026ssl=1&quot;,&quot;id&quot;:&quot;23331&quot;,&quot;title&quot;:&quot;DSC_1756&quot;,&quot;alt&quot;:&quot;&quot;,&quot;caption&quot;:&quot;Conocemos las decenas, a trav\\u00e9s de las serpientes de tapones.&quot;,&quot;itemprop&quot;:&quot;image&quot;},{&quot;src&quot;:&quot;https:\\\/\\\/i0.wp.com\\\/cloud.alqueria.es\\\/wp-content\\\/uploads\\\/sites\\\/8\\\/2019\\\/10\\\/DSC_17581.jpg?fit=1024%2C577\\u0026ssl=1&quot;,&quot;id&quot;:&quot;23332&quot;,&quot;title&quot;:&quot;DSC_1758&quot;,&quot;alt&quot;:&quot;&quot;,&quot;caption&quot;:&quot;Sumamos cantidades con los dados.&quot;,&quot;itemprop&quot;:&quot;image&quot;},{&quot;src&quot;:&quot;https:\\\/\\\/i0.wp.com\\\/cloud.alqueria.es\\\/wp-content\\\/uploads\\\/sites\\\/8\\\/2019\\\/10\\\/DSC_17552.jpg?fit=1024%2C577\\u0026ssl=1&quot;,&quot;id&quot;:&quot;23330&quot;,&quot;title&quot;:&quot;DSC_1755&quot;,&quot;alt&quot;:&quot;&quot;,&quot;caption&quot;:&quot;Asociamos n\\u00famero y cantidad. Ordenamos la serie num\\u00e9rica.&quot;,&quot;itemprop&quot;:&quot;image&quot;},{&quot;src&quot;:&quot;https:\\\/\\\/i0.wp.com\\\/cloud.alqueria.es\\\/wp-content\\\/uploads\\\/sites\\\/8\\\/2019\\\/10\\\/DSC_17542.jpg?fit=1024%2C577\\u0026ssl=1&quot;,&quot;id&quot;:&quot;23329&quot;,&quot;title&quot;:&quot;DSC_1754&quot;,&quot;alt&quot;:&quot;&quot;,&quot;caption&quot;:&quot;Practicamos sumas y restas.&quot;,&quot;itemprop&quot;:&quot;image&quot;}]\" itemscope itemtype=\"https:\/\/schema.org\/ImageGallery\"><\/div>\n<p>Para cerrar semana, y aprovechando que Alberto no pod\u00eda darnos la clase de Educaci\u00f3n F\u00edsica, nos trasladamos hasta el aula de usos m\u00faltiples para realizar una <em><strong><span style=\"color: #0000ff\">sesi\u00f3n de yoga<\/span><\/strong><\/em> dirigida por m\u00ed.<\/p>\n<p><img data-recalc-dims=\"1\" decoding=\"async\" data-attachment-id=\"23340\" data-permalink=\"https:\/\/www.alqueria.es\/blogs\/alqueriarojaverde\/2019\/10\/12\/23286\/2189a560a35f18e9966ecbbd66e6ecdb\/\" data-orig-file=\"https:\/\/i0.wp.com\/cloud.alqueria.es\/wp-content\/uploads\/sites\/8\/2019\/10\/2189a560a35f18e9966ecbbd66e6ecdb.jpg?fit=290%2C125&amp;ssl=1\" data-orig-size=\"290,125\" data-comments-opened=\"1\" data-image-meta=\"{&quot;aperture&quot;:&quot;0&quot;,&quot;credit&quot;:&quot;&quot;,&quot;camera&quot;:&quot;&quot;,&quot;caption&quot;:&quot;&quot;,&quot;created_timestamp&quot;:&quot;0&quot;,&quot;copyright&quot;:&quot;&quot;,&quot;focal_length&quot;:&quot;0&quot;,&quot;iso&quot;:&quot;0&quot;,&quot;shutter_speed&quot;:&quot;0&quot;,&quot;title&quot;:&quot;&quot;,&quot;orientation&quot;:&quot;0&quot;}\" data-image-title=\"2189a560a35f18e9966ecbbd66e6ecdb\" data-image-description=\"\" data-image-caption=\"\" data-large-file=\"https:\/\/i0.wp.com\/cloud.alqueria.es\/wp-content\/uploads\/sites\/8\/2019\/10\/2189a560a35f18e9966ecbbd66e6ecdb.jpg?fit=290%2C125&amp;ssl=1\" class=\"alignleft size-full wp-image-23340\" src=\"https:\/\/i0.wp.com\/cloud.alqueria.es\/wp-content\/uploads\/sites\/8\/2019\/10\/2189a560a35f18e9966ecbbd66e6ecdb.jpg?resize=290%2C125&#038;ssl=1\" alt=\"\" width=\"290\" height=\"125\" \/>Comenzamos con algunos ejercicios din\u00e1micos que nos ayudan a calentar nuestra musculatura y tomar conciencia de nuestro cuerpo. Tambi\u00e9n hacemos algunos estiramientos, incidiendo en la importancia de no forzar demasiado. El objetivo no es llegar al l\u00edmite y provocarnos lesiones, sino intentar mantener la postura mientras realizamos ejercicios de respiraci\u00f3n consciente.<\/p>\n<p>Las distintas posturas o asanas (la monta\u00f1a, el \u00e1rbol, la tortuga, la serpiente, el perro, el gato&#8230;) nos permiten conectar cuerpo y mente, a la vez que ponemos un especial \u00e9nfasis en nuestra respiraci\u00f3n (pranayama). El mantenimiento de cada una de esas posturas mientras escuchan la verbalizaci\u00f3n de en qu\u00e9 parte del cuerpo sentimos determinadas sensaciones psico-fisiol\u00f3gicas, \u00a0nos ayuda a conformar una mejor conciencia corporal y a focalizar nuestra atenci\u00f3n.<\/p>\n<p style=\"text-align: center\"><strong>La vivenciaci\u00f3n de la experiencia super\u00f3 con creces mi objetivo y por supuesto mis expectativas, \u00a1son magn\u00edficos!.<\/strong><\/p>\n<p>Cerramos la sesi\u00f3n con una peque\u00f1a relajaci\u00f3n acompa\u00f1ada de m\u00fasica instrumental, que como pod\u00e9is observar llevaron de forma tan consciente que me permiti\u00f3 ausentarme un momentito para la foto (je, vaya tarea).<\/p>\n<p><img data-recalc-dims=\"1\" decoding=\"async\" data-attachment-id=\"23336\" data-permalink=\"https:\/\/www.alqueria.es\/blogs\/alqueriarojaverde\/2019\/10\/12\/23286\/dsc_1763-4\/\" data-orig-file=\"https:\/\/i0.wp.com\/cloud.alqueria.es\/wp-content\/uploads\/sites\/8\/2019\/10\/DSC_17631.jpg?fit=1024%2C577&amp;ssl=1\" data-orig-size=\"1024,577\" data-comments-opened=\"1\" data-image-meta=\"{&quot;aperture&quot;:&quot;2&quot;,&quot;credit&quot;:&quot;&quot;,&quot;camera&quot;:&quot;G3121&quot;,&quot;caption&quot;:&quot;&quot;,&quot;created_timestamp&quot;:&quot;1570789560&quot;,&quot;copyright&quot;:&quot;&quot;,&quot;focal_length&quot;:&quot;4.22&quot;,&quot;iso&quot;:&quot;100&quot;,&quot;shutter_speed&quot;:&quot;0.03000600120024&quot;,&quot;title&quot;:&quot;&quot;,&quot;orientation&quot;:&quot;1&quot;}\" data-image-title=\"DSC_1763\" data-image-description=\"\" data-image-caption=\"\" data-large-file=\"https:\/\/i0.wp.com\/cloud.alqueria.es\/wp-content\/uploads\/sites\/8\/2019\/10\/DSC_17631.jpg?fit=474%2C267&amp;ssl=1\" class=\"aligncenter size-full wp-image-23336\" src=\"https:\/\/i0.wp.com\/cloud.alqueria.es\/wp-content\/uploads\/sites\/8\/2019\/10\/DSC_17631.jpg?resize=474%2C267&#038;ssl=1\" alt=\"\" width=\"474\" height=\"267\" srcset=\"https:\/\/cloud.alqueria.es\/wp-content\/uploads\/sites\/8\/2019\/10\/DSC_17631.jpg 1024w, https:\/\/cloud.alqueria.es\/wp-content\/uploads\/sites\/8\/2019\/10\/DSC_17631.jpg 300w, https:\/\/cloud.alqueria.es\/wp-content\/uploads\/sites\/8\/2019\/10\/DSC_17631.jpg 768w, https:\/\/cloud.alqueria.es\/wp-content\/uploads\/sites\/8\/2019\/10\/DSC_17631.jpg 948w\" sizes=\"(max-width: 474px) 100vw, 474px\" \/><\/p>\n<p>Como cada viernes disfrutamos de la pista deportiva en compa\u00f1\u00eda del ciclo, con el que adem\u00e1s estamos interaccionando mucho en los juegos de patio.<\/p>\n<p class=\"jetpack-slideshow-noscript robots-nocontent\">El pase de diapositivas requiere JavaScript.<\/p><div id=\"gallery-23286-4-slideshow\" class=\"jetpack-slideshow-window jetpack-slideshow jetpack-slideshow-black\" data-trans=\"fade\" data-autostart=\"1\" data-gallery=\"[{&quot;src&quot;:&quot;https:\\\/\\\/i0.wp.com\\\/cloud.alqueria.es\\\/wp-content\\\/uploads\\\/sites\\\/8\\\/2019\\\/10\\\/DSC_17651.jpg?fit=474%2C840\\u0026ssl=1&quot;,&quot;id&quot;:&quot;23338&quot;,&quot;title&quot;:&quot;DSC_1765&quot;,&quot;alt&quot;:&quot;&quot;,&quot;caption&quot;:&quot;&quot;,&quot;itemprop&quot;:&quot;image&quot;},{&quot;src&quot;:&quot;https:\\\/\\\/i0.wp.com\\\/cloud.alqueria.es\\\/wp-content\\\/uploads\\\/sites\\\/8\\\/2019\\\/10\\\/DSC_1766.jpg?fit=474%2C267\\u0026ssl=1&quot;,&quot;id&quot;:&quot;23339&quot;,&quot;title&quot;:&quot;DSC_1766&quot;,&quot;alt&quot;:&quot;&quot;,&quot;caption&quot;:&quot;&quot;,&quot;itemprop&quot;:&quot;image&quot;},{&quot;src&quot;:&quot;https:\\\/\\\/i0.wp.com\\\/cloud.alqueria.es\\\/wp-content\\\/uploads\\\/sites\\\/8\\\/2019\\\/10\\\/DSC_1764.jpg?fit=474%2C267\\u0026ssl=1&quot;,&quot;id&quot;:&quot;23337&quot;,&quot;title&quot;:&quot;DSC_1764&quot;,&quot;alt&quot;:&quot;&quot;,&quot;caption&quot;:&quot;&quot;,&quot;itemprop&quot;:&quot;image&quot;}]\" itemscope itemtype=\"https:\/\/schema.org\/ImageGallery\"><\/div>\n<p>Por la tarde disfrutamos de nuestra <strong><span style=\"color: #ff00ff\">tarde cooperativa en el jard\u00edn<\/span><\/strong> y compartimos bizcochos y yogur, ambos caseros.<\/p>\n<p style=\"text-align: center\"><strong>\u00a1Qu\u00e9 suerte tenemos con nuestras cocineras, que cada d\u00eda nos preparan men\u00fas nutritivos y saludables!.<\/strong><\/p>\n<p>Os deseo un buen fin de semana,<\/p>\n<p>Esther Justicia.<\/p>\n<p>&nbsp;<\/p>\n<p>&nbsp;<\/p>\n","protected":false},"excerpt":{"rendered":"<p>A lo largo de esta semana hemos seguido introduciendo elementos novedosos en la propuesta de juego-trabajo de los m\u00e9dicos. La puesta en escena de una ambulancia que trasladaba enfermos al hospital, un paritorio donde vimos dar a luz a un beb\u00e9 o juegos de mesa como el de operaci\u00f3n (aportado por Mateo), han sido claves &hellip; <a href=\"https:\/\/www.alqueria.es\/blogs\/alqueriarojaverde\/2019\/10\/12\/23286\/\" class=\"more-link\">Seguir leyendo <span class=\"screen-reader-text\">\u00a1VAMOS A HACER UN TEATRO! Y &#8230; MUCHAS COSAS M\u00c1S.<\/span> <span class=\"meta-nav\">&rarr;<\/span><\/a><\/p>\n","protected":false},"author":19,"featured_media":0,"comment_status":"open","ping_status":"open","sticky":false,"template":"","format":"standard","meta":{"jetpack_post_was_ever_published":false,"_jetpack_newsletter_access":"","_jetpack_dont_email_post_to_subs":false,"_jetpack_newsletter_tier_id":0,"_jetpack_memberships_contains_paywalled_content":false,"_jetpack_memberships_contains_paid_content":false,"footnotes":"","jetpack_publicize_message":"","jetpack_publicize_feature_enabled":true,"jetpack_social_post_already_shared":true,"jetpack_social_options":{"image_generator_settings":{"template":"highway","default_image_id":0,"font":"","enabled":false},"version":2}},"categories":[7,13],"tags":[666,665,664,506,246],"class_list":["post-23286","post","type-post","status-publish","format-standard","hentry","category-clase-verde-5-6-anos","category-inicio","tag-aritmetica-en-educacion-infantil","tag-excursiones-a-la-vega-granadina","tag-jugando-a-los-medicos","tag-teatro-para-infantil","tag-yoga-para-ninos"],"jetpack_publicize_connections":[],"jetpack_featured_media_url":"","jetpack_sharing_enabled":true,"jetpack_shortlink":"https:\/\/wp.me\/s4lFbP-23286","_links":{"self":[{"href":"https:\/\/www.alqueria.es\/blogs\/alqueriarojaverde\/wp-json\/wp\/v2\/posts\/23286","targetHints":{"allow":["GET"]}}],"collection":[{"href":"https:\/\/www.alqueria.es\/blogs\/alqueriarojaverde\/wp-json\/wp\/v2\/posts"}],"about":[{"href":"https:\/\/www.alqueria.es\/blogs\/alqueriarojaverde\/wp-json\/wp\/v2\/types\/post"}],"author":[{"embeddable":true,"href":"https:\/\/www.alqueria.es\/blogs\/alqueriarojaverde\/wp-json\/wp\/v2\/users\/19"}],"replies":[{"embeddable":true,"href":"https:\/\/www.alqueria.es\/blogs\/alqueriarojaverde\/wp-json\/wp\/v2\/comments?post=23286"}],"version-history":[{"count":8,"href":"https:\/\/www.alqueria.es\/blogs\/alqueriarojaverde\/wp-json\/wp\/v2\/posts\/23286\/revisions"}],"predecessor-version":[{"id":23345,"href":"https:\/\/www.alqueria.es\/blogs\/alqueriarojaverde\/wp-json\/wp\/v2\/posts\/23286\/revisions\/23345"}],"wp:attachment":[{"href":"https:\/\/www.alqueria.es\/blogs\/alqueriarojaverde\/wp-json\/wp\/v2\/media?parent=23286"}],"wp:term":[{"taxonomy":"category","embeddable":true,"href":"https:\/\/www.alqueria.es\/blogs\/alqueriarojaverde\/wp-json\/wp\/v2\/categories?post=23286"},{"taxonomy":"post_tag","embeddable":true,"href":"https:\/\/www.alqueria.es\/blogs\/alqueriarojaverde\/wp-json\/wp\/v2\/tags?post=23286"}],"curies":[{"name":"wp","href":"https:\/\/api.w.org\/{rel}","templated":true}]}}