{"id":23358,"date":"2019-10-15T16:30:06","date_gmt":"2019-10-15T14:30:06","guid":{"rendered":"http:\/\/www.alqueria.es\/blogs\/alqueriarojaverde\/?p=23358"},"modified":"2019-10-15T16:17:35","modified_gmt":"2019-10-15T14:17:35","slug":"no-solo-el-aula-es-un-espacio-educativo","status":"publish","type":"post","link":"https:\/\/www.alqueria.es\/blogs\/alqueriarojaverde\/2019\/10\/15\/no-solo-el-aula-es-un-espacio-educativo\/","title":{"rendered":"NO SOLO EL AULA ES UN ESPACIO EDUCATIVO"},"content":{"rendered":"<p>Buenas tardes,<\/p>\n<p>Comenzamos una nueva semana en la Clase roja y retomamos nuestras rutinas diarias. El lunes aprovechamos la <span style=\"color: #ff00ff\">A<\/span><span style=\"color: #ff00ff\">samblea matinal<\/span> para contar lo que para ellos ha sido m\u00e1s significativo del fin de semana y siempre se suelen acordar m\u00e1s de lo que han hecho el domingo, por lo que he podido comprobar al hablar con vosotros. Nuestro amigo Hipo vuelve de su viaje con Claudia que con la ayuda de las fotos y lo escrito en el cuaderno, nos cuenta las aventuras vividas junto a este especial hipop\u00f3tamo. Esta semana le toca convivir con Ismael y su familia.<\/p>\n<p><span style=\"color: #ff00ff\">Las propuestas de juego<\/span> (construcciones y beb\u00e9s) no han unificado el inter\u00e9s de todos por lo que se organizan en peque\u00f1os grupos para llevar a cabo el momento de juego. Mateo Alcalde nos trae un libro de tractores porque su padre tiene dos en su trabajo y\u00a0 les propongo traer de casa juguetes o materiales que tengan relaci\u00f3n con estos veh\u00edculos o con otros que puedan captar la atenci\u00f3n de la gran mayor\u00eda.<\/p>\n<p><img data-recalc-dims=\"1\" decoding=\"async\" data-attachment-id=\"23366\" data-permalink=\"https:\/\/www.alqueria.es\/blogs\/alqueriarojaverde\/2019\/10\/15\/no-solo-el-aula-es-un-espacio-educativo\/img_3461\/\" data-orig-file=\"https:\/\/i0.wp.com\/cloud.alqueria.es\/wp-content\/uploads\/sites\/8\/2019\/10\/IMG_3461.jpg?fit=640%2C480&amp;ssl=1\" data-orig-size=\"640,480\" data-comments-opened=\"1\" data-image-meta=\"{&quot;aperture&quot;:&quot;2.8&quot;,&quot;credit&quot;:&quot;&quot;,&quot;camera&quot;:&quot;Canon DIGITAL IXUS 80 IS&quot;,&quot;caption&quot;:&quot;&quot;,&quot;created_timestamp&quot;:&quot;1571054221&quot;,&quot;copyright&quot;:&quot;&quot;,&quot;focal_length&quot;:&quot;6.2&quot;,&quot;iso&quot;:&quot;800&quot;,&quot;shutter_speed&quot;:&quot;0.016666666666667&quot;,&quot;title&quot;:&quot;&quot;,&quot;orientation&quot;:&quot;1&quot;}\" data-image-title=\"IMG_3461\" data-image-description=\"\" data-image-caption=\"\" data-large-file=\"https:\/\/i0.wp.com\/cloud.alqueria.es\/wp-content\/uploads\/sites\/8\/2019\/10\/IMG_3461.jpg?fit=474%2C356&amp;ssl=1\" class=\"alignleft size-medium wp-image-23366\" src=\"https:\/\/i0.wp.com\/cloud.alqueria.es\/wp-content\/uploads\/sites\/8\/2019\/10\/IMG_3461.jpg?resize=300%2C225&#038;ssl=1\" alt=\"\" width=\"300\" height=\"225\" srcset=\"https:\/\/cloud.alqueria.es\/wp-content\/uploads\/sites\/8\/2019\/10\/IMG_3461.jpg 640w, https:\/\/cloud.alqueria.es\/wp-content\/uploads\/sites\/8\/2019\/10\/IMG_3461.jpg 300w\" sizes=\"(max-width: 300px) 100vw, 300px\" \/>Le damos mucha importancia al momento del <span style=\"color: #ff00ff\">comedor<\/span>, como un espacio educativo m\u00e1s dentro de la escuela. A trav\u00e9s del aprendizaje de ciertas normas de comportamiento y\u00a0 protocolo para pedir las cosas con cortes\u00eda, intentamos que sean capaces de tener una buena actitud hacia la comida y un buen uso de los cubiertos. Trabajamos diariamente para que sea un momento agradable donde se les anima a probar todos los alimentos y para ir educando su paladar. Los tiempos de espera son muy importantes y poco a poco lo iremos consiguiendo.<\/p>\n<p><img data-recalc-dims=\"1\" decoding=\"async\" data-attachment-id=\"23367\" data-permalink=\"https:\/\/www.alqueria.es\/blogs\/alqueriarojaverde\/2019\/10\/15\/no-solo-el-aula-es-un-espacio-educativo\/img_3463\/\" data-orig-file=\"https:\/\/i0.wp.com\/cloud.alqueria.es\/wp-content\/uploads\/sites\/8\/2019\/10\/IMG_3463.jpg?fit=640%2C480&amp;ssl=1\" data-orig-size=\"640,480\" data-comments-opened=\"1\" data-image-meta=\"{&quot;aperture&quot;:&quot;2.8&quot;,&quot;credit&quot;:&quot;&quot;,&quot;camera&quot;:&quot;Canon DIGITAL IXUS 80 IS&quot;,&quot;caption&quot;:&quot;&quot;,&quot;created_timestamp&quot;:&quot;1571054241&quot;,&quot;copyright&quot;:&quot;&quot;,&quot;focal_length&quot;:&quot;6.2&quot;,&quot;iso&quot;:&quot;400&quot;,&quot;shutter_speed&quot;:&quot;0.0125&quot;,&quot;title&quot;:&quot;&quot;,&quot;orientation&quot;:&quot;1&quot;}\" data-image-title=\"IMG_3463\" data-image-description=\"\" data-image-caption=\"\" data-large-file=\"https:\/\/i0.wp.com\/cloud.alqueria.es\/wp-content\/uploads\/sites\/8\/2019\/10\/IMG_3463.jpg?fit=474%2C356&amp;ssl=1\" class=\"aligncenter size-medium wp-image-23367\" src=\"https:\/\/i0.wp.com\/cloud.alqueria.es\/wp-content\/uploads\/sites\/8\/2019\/10\/IMG_3463.jpg?resize=300%2C225&#038;ssl=1\" alt=\"\" width=\"300\" height=\"225\" srcset=\"https:\/\/cloud.alqueria.es\/wp-content\/uploads\/sites\/8\/2019\/10\/IMG_3463.jpg 640w, https:\/\/cloud.alqueria.es\/wp-content\/uploads\/sites\/8\/2019\/10\/IMG_3463.jpg 300w\" sizes=\"(max-width: 300px) 100vw, 300px\" \/><\/p>\n<p>En el tiempo de <span style=\"color: #ff00ff\">biblioteca<\/span>, adem\u00e1s de hacer el cambio de los diferentes cuentos que se llevan a casa, Charito y yo les proponemos una nueva actividad en la que ellos son los protagonistas a la hora de inventar una historia o leer a trav\u00e9s de unas im\u00e1genes que les presentamos. Favorecemos la expresi\u00f3n oral y la creatividad. A esta actividad le dar\u00e9 una menci\u00f3n especial en el blog de<span style=\"color: #ff00ff\"> \u00abEscritura creativa\u00bb<\/span>(en estos d\u00edas) al que pod\u00e9is acceder a trav\u00e9s de esta entrada pinchando en dicho apartado en el margen izquierdo.<\/p>\n<div class=\"tiled-gallery type-rectangular tiled-gallery-unresized\" data-original-width=\"474\" data-carousel-extra='{&quot;blog_id&quot;:8,&quot;permalink&quot;:&quot;https:\\\/\\\/www.alqueria.es\\\/blogs\\\/alqueriarojaverde\\\/2019\\\/10\\\/15\\\/no-solo-el-aula-es-un-espacio-educativo\\\/&quot;,&quot;likes_blog_id&quot;:64268569}' itemscope itemtype=\"http:\/\/schema.org\/ImageGallery\" > <div class=\"gallery-row\" style=\"width: 474px; height: 120px;\" data-original-width=\"474\" data-original-height=\"120\" > <div class=\"gallery-group images-2\" style=\"width: 52px; height: 120px;\" data-original-width=\"52\" data-original-height=\"120\" > <div class=\"tiled-gallery-item tiled-gallery-item-small\" itemprop=\"associatedMedia\" itemscope itemtype=\"http:\/\/schema.org\/ImageObject\"> <a href=\"https:\/\/www.alqueria.es\/blogs\/alqueriarojaverde\/2019\/10\/15\/no-solo-el-aula-es-un-espacio-educativo\/img-20191014-wa0008\/\" border=\"0\" itemprop=\"url\"> <meta itemprop=\"width\" content=\"48\"> <meta itemprop=\"height\" content=\"27\"> <img decoding=\"async\" class=\"\" data-attachment-id=\"23362\" data-orig-file=\"https:\/\/cloud.alqueria.es\/wp-content\/uploads\/sites\/8\/2019\/10\/IMG-20191014-WA0008.jpg\" data-orig-size=\"1024,576\" data-comments-opened=\"1\" data-image-meta=\"{&quot;aperture&quot;:&quot;0&quot;,&quot;credit&quot;:&quot;&quot;,&quot;camera&quot;:&quot;&quot;,&quot;caption&quot;:&quot;&quot;,&quot;created_timestamp&quot;:&quot;0&quot;,&quot;copyright&quot;:&quot;&quot;,&quot;focal_length&quot;:&quot;0&quot;,&quot;iso&quot;:&quot;0&quot;,&quot;shutter_speed&quot;:&quot;0&quot;,&quot;title&quot;:&quot;&quot;,&quot;orientation&quot;:&quot;0&quot;}\" data-image-title=\"IMG-20191014-WA0008\" data-image-description=\"\" data-medium-file=\"https:\/\/i0.wp.com\/cloud.alqueria.es\/wp-content\/uploads\/sites\/8\/2019\/10\/IMG-20191014-WA0008.jpg?fit=300%2C169&#038;ssl=1\" data-large-file=\"https:\/\/i0.wp.com\/cloud.alqueria.es\/wp-content\/uploads\/sites\/8\/2019\/10\/IMG-20191014-WA0008.jpg?fit=474%2C267&#038;ssl=1\" src=\"https:\/\/i0.wp.com\/cloud.alqueria.es\/wp-content\/uploads\/sites\/8\/2019\/10\/IMG-20191014-WA0008.jpg?w=48&#038;h=27&#038;ssl=1\" srcset=\"https:\/\/cloud.alqueria.es\/wp-content\/uploads\/sites\/8\/2019\/10\/IMG-20191014-WA0008.jpg 1024w, https:\/\/cloud.alqueria.es\/wp-content\/uploads\/sites\/8\/2019\/10\/IMG-20191014-WA0008.jpg 300w, https:\/\/cloud.alqueria.es\/wp-content\/uploads\/sites\/8\/2019\/10\/IMG-20191014-WA0008.jpg 768w, https:\/\/cloud.alqueria.es\/wp-content\/uploads\/sites\/8\/2019\/10\/IMG-20191014-WA0008.jpg 672w, https:\/\/cloud.alqueria.es\/wp-content\/uploads\/sites\/8\/2019\/10\/IMG-20191014-WA0008.jpg 948w\" width=\"48\" height=\"27\" loading=\"lazy\" data-original-width=\"48\" data-original-height=\"27\" itemprop=\"http:\/\/schema.org\/image\" title=\"IMG-20191014-WA0008\" alt=\"IMG-20191014-WA0008\" style=\"width: 48px; height: 27px;\" \/> <\/a> <\/div> <div class=\"tiled-gallery-item tiled-gallery-item-small\" itemprop=\"associatedMedia\" itemscope itemtype=\"http:\/\/schema.org\/ImageObject\"> <a href=\"https:\/\/www.alqueria.es\/blogs\/alqueriarojaverde\/2019\/10\/15\/no-solo-el-aula-es-un-espacio-educativo\/img-20191014-wa0009\/\" border=\"0\" itemprop=\"url\"> <meta itemprop=\"width\" content=\"48\"> <meta itemprop=\"height\" content=\"85\"> <img decoding=\"async\" class=\"\" data-attachment-id=\"23361\" data-orig-file=\"https:\/\/cloud.alqueria.es\/wp-content\/uploads\/sites\/8\/2019\/10\/IMG-20191014-WA0009.jpg\" data-orig-size=\"576,1024\" data-comments-opened=\"1\" data-image-meta=\"{&quot;aperture&quot;:&quot;0&quot;,&quot;credit&quot;:&quot;&quot;,&quot;camera&quot;:&quot;&quot;,&quot;caption&quot;:&quot;&quot;,&quot;created_timestamp&quot;:&quot;0&quot;,&quot;copyright&quot;:&quot;&quot;,&quot;focal_length&quot;:&quot;0&quot;,&quot;iso&quot;:&quot;0&quot;,&quot;shutter_speed&quot;:&quot;0&quot;,&quot;title&quot;:&quot;&quot;,&quot;orientation&quot;:&quot;0&quot;}\" data-image-title=\"IMG-20191014-WA0009\" data-image-description=\"\" data-medium-file=\"https:\/\/i0.wp.com\/cloud.alqueria.es\/wp-content\/uploads\/sites\/8\/2019\/10\/IMG-20191014-WA0009.jpg?fit=169%2C300&#038;ssl=1\" data-large-file=\"https:\/\/i0.wp.com\/cloud.alqueria.es\/wp-content\/uploads\/sites\/8\/2019\/10\/IMG-20191014-WA0009.jpg?fit=474%2C843&#038;ssl=1\" src=\"https:\/\/i0.wp.com\/cloud.alqueria.es\/wp-content\/uploads\/sites\/8\/2019\/10\/IMG-20191014-WA0009.jpg?w=48&#038;h=85&#038;ssl=1\" srcset=\"https:\/\/cloud.alqueria.es\/wp-content\/uploads\/sites\/8\/2019\/10\/IMG-20191014-WA0009.jpg 576w, https:\/\/cloud.alqueria.es\/wp-content\/uploads\/sites\/8\/2019\/10\/IMG-20191014-WA0009.jpg 169w\" width=\"48\" height=\"85\" loading=\"lazy\" data-original-width=\"48\" data-original-height=\"85\" itemprop=\"http:\/\/schema.org\/image\" title=\"IMG-20191014-WA0009\" alt=\"IMG-20191014-WA0009\" style=\"width: 48px; height: 85px;\" \/> <\/a> <\/div> <\/div> <!-- close group --> <div class=\"gallery-group images-1\" style=\"width: 211px; height: 120px;\" data-original-width=\"211\" data-original-height=\"120\" > <div class=\"tiled-gallery-item tiled-gallery-item-small\" itemprop=\"associatedMedia\" itemscope itemtype=\"http:\/\/schema.org\/ImageObject\"> <a href=\"https:\/\/www.alqueria.es\/blogs\/alqueriarojaverde\/2019\/10\/15\/no-solo-el-aula-es-un-espacio-educativo\/img-20191014-wa0006\/\" border=\"0\" itemprop=\"url\"> <meta itemprop=\"width\" content=\"207\"> <meta itemprop=\"height\" content=\"116\"> <img decoding=\"async\" class=\"\" data-attachment-id=\"23360\" data-orig-file=\"https:\/\/cloud.alqueria.es\/wp-content\/uploads\/sites\/8\/2019\/10\/IMG-20191014-WA0006.jpg\" data-orig-size=\"1024,576\" data-comments-opened=\"1\" data-image-meta=\"{&quot;aperture&quot;:&quot;0&quot;,&quot;credit&quot;:&quot;&quot;,&quot;camera&quot;:&quot;&quot;,&quot;caption&quot;:&quot;&quot;,&quot;created_timestamp&quot;:&quot;0&quot;,&quot;copyright&quot;:&quot;&quot;,&quot;focal_length&quot;:&quot;0&quot;,&quot;iso&quot;:&quot;0&quot;,&quot;shutter_speed&quot;:&quot;0&quot;,&quot;title&quot;:&quot;&quot;,&quot;orientation&quot;:&quot;0&quot;}\" data-image-title=\"IMG-20191014-WA0006\" data-image-description=\"\" data-medium-file=\"https:\/\/i0.wp.com\/cloud.alqueria.es\/wp-content\/uploads\/sites\/8\/2019\/10\/IMG-20191014-WA0006.jpg?fit=300%2C169&#038;ssl=1\" data-large-file=\"https:\/\/i0.wp.com\/cloud.alqueria.es\/wp-content\/uploads\/sites\/8\/2019\/10\/IMG-20191014-WA0006.jpg?fit=474%2C267&#038;ssl=1\" src=\"https:\/\/i0.wp.com\/cloud.alqueria.es\/wp-content\/uploads\/sites\/8\/2019\/10\/IMG-20191014-WA0006.jpg?w=207&#038;h=116&#038;ssl=1\" srcset=\"https:\/\/cloud.alqueria.es\/wp-content\/uploads\/sites\/8\/2019\/10\/IMG-20191014-WA0006.jpg 1024w, https:\/\/cloud.alqueria.es\/wp-content\/uploads\/sites\/8\/2019\/10\/IMG-20191014-WA0006.jpg 300w, https:\/\/cloud.alqueria.es\/wp-content\/uploads\/sites\/8\/2019\/10\/IMG-20191014-WA0006.jpg 768w, https:\/\/cloud.alqueria.es\/wp-content\/uploads\/sites\/8\/2019\/10\/IMG-20191014-WA0006.jpg 672w, https:\/\/cloud.alqueria.es\/wp-content\/uploads\/sites\/8\/2019\/10\/IMG-20191014-WA0006.jpg 948w\" width=\"207\" height=\"116\" loading=\"lazy\" data-original-width=\"207\" data-original-height=\"116\" itemprop=\"http:\/\/schema.org\/image\" title=\"IMG-20191014-WA0006\" alt=\"IMG-20191014-WA0006\" style=\"width: 207px; height: 116px;\" \/> <\/a> <\/div> <\/div> <!-- close group --> <div class=\"gallery-group images-1\" style=\"width: 211px; height: 120px;\" data-original-width=\"211\" data-original-height=\"120\" > <div class=\"tiled-gallery-item tiled-gallery-item-small\" itemprop=\"associatedMedia\" itemscope itemtype=\"http:\/\/schema.org\/ImageObject\"> <a href=\"https:\/\/www.alqueria.es\/blogs\/alqueriarojaverde\/2019\/10\/15\/no-solo-el-aula-es-un-espacio-educativo\/img-20191014-wa0007\/\" border=\"0\" itemprop=\"url\"> <meta itemprop=\"width\" content=\"207\"> <meta itemprop=\"height\" content=\"116\"> <img decoding=\"async\" class=\"\" data-attachment-id=\"23359\" data-orig-file=\"https:\/\/cloud.alqueria.es\/wp-content\/uploads\/sites\/8\/2019\/10\/IMG-20191014-WA0007.jpg\" data-orig-size=\"1024,576\" data-comments-opened=\"1\" data-image-meta=\"{&quot;aperture&quot;:&quot;0&quot;,&quot;credit&quot;:&quot;&quot;,&quot;camera&quot;:&quot;&quot;,&quot;caption&quot;:&quot;&quot;,&quot;created_timestamp&quot;:&quot;0&quot;,&quot;copyright&quot;:&quot;&quot;,&quot;focal_length&quot;:&quot;0&quot;,&quot;iso&quot;:&quot;0&quot;,&quot;shutter_speed&quot;:&quot;0&quot;,&quot;title&quot;:&quot;&quot;,&quot;orientation&quot;:&quot;0&quot;}\" data-image-title=\"IMG-20191014-WA0007\" data-image-description=\"\" data-medium-file=\"https:\/\/i0.wp.com\/cloud.alqueria.es\/wp-content\/uploads\/sites\/8\/2019\/10\/IMG-20191014-WA0007.jpg?fit=300%2C169&#038;ssl=1\" data-large-file=\"https:\/\/i0.wp.com\/cloud.alqueria.es\/wp-content\/uploads\/sites\/8\/2019\/10\/IMG-20191014-WA0007.jpg?fit=474%2C267&#038;ssl=1\" src=\"https:\/\/i0.wp.com\/cloud.alqueria.es\/wp-content\/uploads\/sites\/8\/2019\/10\/IMG-20191014-WA0007.jpg?w=207&#038;h=116&#038;ssl=1\" srcset=\"https:\/\/cloud.alqueria.es\/wp-content\/uploads\/sites\/8\/2019\/10\/IMG-20191014-WA0007.jpg 1024w, https:\/\/cloud.alqueria.es\/wp-content\/uploads\/sites\/8\/2019\/10\/IMG-20191014-WA0007.jpg 300w, https:\/\/cloud.alqueria.es\/wp-content\/uploads\/sites\/8\/2019\/10\/IMG-20191014-WA0007.jpg 768w, https:\/\/cloud.alqueria.es\/wp-content\/uploads\/sites\/8\/2019\/10\/IMG-20191014-WA0007.jpg 672w, https:\/\/cloud.alqueria.es\/wp-content\/uploads\/sites\/8\/2019\/10\/IMG-20191014-WA0007.jpg 948w\" width=\"207\" height=\"116\" loading=\"lazy\" data-original-width=\"207\" data-original-height=\"116\" itemprop=\"http:\/\/schema.org\/image\" title=\"IMG-20191014-WA0007\" alt=\"IMG-20191014-WA0007\" style=\"width: 207px; height: 116px;\" \/> <\/a> <\/div> <\/div> <!-- close group --> <\/div> <!-- close row --> <\/div>\n<p>Hoy asistimos a la Clase verde al primer <span style=\"color: #ff00ff\">Experto<\/span> realizado por Mateo Romero sobre los MURCI\u00c9LAGOS. Mateo nos ha invitado y toda la clase disfrutamos de esta experiencia tan enriquecedora donde aprendemos muchas cosas sobre estos mam\u00edferos. EL MEJOR APRENDIZAJE ES EL QUE SE REALIZA ENTRE IGUALES.<\/p>\n<div class=\"tiled-gallery type-circle tiled-gallery-unresized\" data-original-width=\"474\" data-carousel-extra='{&quot;blog_id&quot;:8,&quot;permalink&quot;:&quot;https:\\\/\\\/www.alqueria.es\\\/blogs\\\/alqueriarojaverde\\\/2019\\\/10\\\/15\\\/no-solo-el-aula-es-un-espacio-educativo\\\/&quot;,&quot;likes_blog_id&quot;:64268569}' itemscope itemtype=\"http:\/\/schema.org\/ImageGallery\" > <div class=\"gallery-row\" style=\"width: 474px; height: 158px;\" data-original-width=\"474\" data-original-height=\"158\" > <div class=\"gallery-group\" style=\"width: 158px; height: 158px;\" data-original-width=\"158\" data-original-height=\"158\" > <div class=\"tiled-gallery-item \" itemprop=\"associatedMedia\" itemscope itemtype=\"http:\/\/schema.org\/ImageObject\"> <a href=\"https:\/\/www.alqueria.es\/blogs\/alqueriarojaverde\/2019\/10\/15\/no-solo-el-aula-es-un-espacio-educativo\/img_3465\/\" border=\"0\" itemprop=\"url\"> <meta itemprop=\"width\" content=\"154\"> <meta itemprop=\"height\" content=\"154\"> <img decoding=\"async\" class=\"\" data-attachment-id=\"23368\" data-orig-file=\"https:\/\/cloud.alqueria.es\/wp-content\/uploads\/sites\/8\/2019\/10\/IMG_3465.jpg\" data-orig-size=\"640,480\" data-comments-opened=\"1\" data-image-meta=\"{&quot;aperture&quot;:&quot;2.8&quot;,&quot;credit&quot;:&quot;&quot;,&quot;camera&quot;:&quot;Canon DIGITAL IXUS 80 IS&quot;,&quot;caption&quot;:&quot;&quot;,&quot;created_timestamp&quot;:&quot;1571128622&quot;,&quot;copyright&quot;:&quot;&quot;,&quot;focal_length&quot;:&quot;6.2&quot;,&quot;iso&quot;:&quot;320&quot;,&quot;shutter_speed&quot;:&quot;0.016666666666667&quot;,&quot;title&quot;:&quot;&quot;,&quot;orientation&quot;:&quot;1&quot;}\" data-image-title=\"IMG_3465\" data-image-description=\"\" data-medium-file=\"https:\/\/i0.wp.com\/cloud.alqueria.es\/wp-content\/uploads\/sites\/8\/2019\/10\/IMG_3465.jpg?fit=300%2C225&#038;ssl=1\" data-large-file=\"https:\/\/i0.wp.com\/cloud.alqueria.es\/wp-content\/uploads\/sites\/8\/2019\/10\/IMG_3465.jpg?fit=474%2C356&#038;ssl=1\" src=\"https:\/\/i0.wp.com\/cloud.alqueria.es\/wp-content\/uploads\/sites\/8\/2019\/10\/IMG_3465.jpg?w=154&#038;h=154&#038;crop=1&#038;ssl=1\" srcset=\"https:\/\/cloud.alqueria.es\/wp-content\/uploads\/sites\/8\/2019\/10\/IMG_3465.jpg 150w, https:\/\/cloud.alqueria.es\/wp-content\/uploads\/sites\/8\/2019\/10\/IMG_3465.jpg 308w, https:\/\/cloud.alqueria.es\/wp-content\/uploads\/sites\/8\/2019\/10\/IMG_3465.jpg 462w\" width=\"154\" height=\"154\" loading=\"lazy\" data-original-width=\"154\" data-original-height=\"154\" itemprop=\"http:\/\/schema.org\/image\" title=\"IMG_3465\" alt=\"IMG_3465\" style=\"width: 154px; height: 154px;\" \/> <\/a> <\/div> <\/div> <div class=\"gallery-group\" style=\"width: 158px; height: 158px;\" data-original-width=\"158\" data-original-height=\"158\" > <div class=\"tiled-gallery-item \" itemprop=\"associatedMedia\" itemscope itemtype=\"http:\/\/schema.org\/ImageObject\"> <a href=\"https:\/\/www.alqueria.es\/blogs\/alqueriarojaverde\/2019\/10\/15\/no-solo-el-aula-es-un-espacio-educativo\/img_3466-2\/\" border=\"0\" itemprop=\"url\"> <meta itemprop=\"width\" content=\"154\"> <meta itemprop=\"height\" content=\"154\"> <img decoding=\"async\" class=\"\" data-attachment-id=\"23369\" data-orig-file=\"https:\/\/cloud.alqueria.es\/wp-content\/uploads\/sites\/8\/2019\/10\/IMG_3466.jpg\" data-orig-size=\"640,416\" data-comments-opened=\"1\" data-image-meta=\"{&quot;aperture&quot;:&quot;2.8&quot;,&quot;credit&quot;:&quot;&quot;,&quot;camera&quot;:&quot;Canon DIGITAL IXUS 80 IS&quot;,&quot;caption&quot;:&quot;&quot;,&quot;created_timestamp&quot;:&quot;1571128642&quot;,&quot;copyright&quot;:&quot;&quot;,&quot;focal_length&quot;:&quot;6.2&quot;,&quot;iso&quot;:&quot;400&quot;,&quot;shutter_speed&quot;:&quot;0.008&quot;,&quot;title&quot;:&quot;&quot;,&quot;orientation&quot;:&quot;1&quot;}\" data-image-title=\"IMG_3466\" data-image-description=\"\" data-medium-file=\"https:\/\/i0.wp.com\/cloud.alqueria.es\/wp-content\/uploads\/sites\/8\/2019\/10\/IMG_3466.jpg?fit=300%2C195&#038;ssl=1\" data-large-file=\"https:\/\/i0.wp.com\/cloud.alqueria.es\/wp-content\/uploads\/sites\/8\/2019\/10\/IMG_3466.jpg?fit=474%2C308&#038;ssl=1\" src=\"https:\/\/i0.wp.com\/cloud.alqueria.es\/wp-content\/uploads\/sites\/8\/2019\/10\/IMG_3466.jpg?w=154&#038;h=154&#038;crop=1&#038;ssl=1\" srcset=\"https:\/\/cloud.alqueria.es\/wp-content\/uploads\/sites\/8\/2019\/10\/IMG_3466.jpg 150w, https:\/\/cloud.alqueria.es\/wp-content\/uploads\/sites\/8\/2019\/10\/IMG_3466.jpg 308w, https:\/\/cloud.alqueria.es\/wp-content\/uploads\/sites\/8\/2019\/10\/IMG_3466.jpg 462w\" width=\"154\" height=\"154\" loading=\"lazy\" data-original-width=\"154\" data-original-height=\"154\" itemprop=\"http:\/\/schema.org\/image\" title=\"IMG_3466\" alt=\"IMG_3466\" style=\"width: 154px; height: 154px;\" \/> <\/a> <\/div> <\/div> <div class=\"gallery-group\" style=\"width: 158px; height: 158px;\" data-original-width=\"158\" data-original-height=\"158\" > <div class=\"tiled-gallery-item \" itemprop=\"associatedMedia\" itemscope itemtype=\"http:\/\/schema.org\/ImageObject\"> <a href=\"https:\/\/www.alqueria.es\/blogs\/alqueriarojaverde\/2019\/10\/15\/no-solo-el-aula-es-un-espacio-educativo\/img_3467-2\/\" border=\"0\" itemprop=\"url\"> <meta itemprop=\"width\" content=\"154\"> <meta itemprop=\"height\" content=\"154\"> <img decoding=\"async\" class=\"\" data-attachment-id=\"23370\" data-orig-file=\"https:\/\/cloud.alqueria.es\/wp-content\/uploads\/sites\/8\/2019\/10\/IMG_3467.jpg\" data-orig-size=\"509,390\" data-comments-opened=\"1\" data-image-meta=\"{&quot;aperture&quot;:&quot;2.8&quot;,&quot;credit&quot;:&quot;&quot;,&quot;camera&quot;:&quot;Canon DIGITAL IXUS 80 IS&quot;,&quot;caption&quot;:&quot;&quot;,&quot;created_timestamp&quot;:&quot;1571129055&quot;,&quot;copyright&quot;:&quot;&quot;,&quot;focal_length&quot;:&quot;6.2&quot;,&quot;iso&quot;:&quot;400&quot;,&quot;shutter_speed&quot;:&quot;0.00625&quot;,&quot;title&quot;:&quot;&quot;,&quot;orientation&quot;:&quot;1&quot;}\" data-image-title=\"IMG_3467\" data-image-description=\"\" data-medium-file=\"https:\/\/i0.wp.com\/cloud.alqueria.es\/wp-content\/uploads\/sites\/8\/2019\/10\/IMG_3467.jpg?fit=300%2C230&#038;ssl=1\" data-large-file=\"https:\/\/i0.wp.com\/cloud.alqueria.es\/wp-content\/uploads\/sites\/8\/2019\/10\/IMG_3467.jpg?fit=474%2C363&#038;ssl=1\" src=\"https:\/\/i0.wp.com\/cloud.alqueria.es\/wp-content\/uploads\/sites\/8\/2019\/10\/IMG_3467.jpg?w=154&#038;h=154&#038;crop=1&#038;ssl=1\" srcset=\"https:\/\/cloud.alqueria.es\/wp-content\/uploads\/sites\/8\/2019\/10\/IMG_3467.jpg 150w, https:\/\/cloud.alqueria.es\/wp-content\/uploads\/sites\/8\/2019\/10\/IMG_3467.jpg 308w, https:\/\/cloud.alqueria.es\/wp-content\/uploads\/sites\/8\/2019\/10\/IMG_3467.jpg 462w\" width=\"154\" height=\"154\" loading=\"lazy\" data-original-width=\"154\" data-original-height=\"154\" itemprop=\"http:\/\/schema.org\/image\" title=\"IMG_3467\" alt=\"IMG_3467\" style=\"width: 154px; height: 154px;\" \/> <\/a> <\/div> <\/div> <\/div> <\/div>\n<p>Que pas\u00e9is buena tarde<\/p>\n<p>Carmen<\/p>\n<p>&nbsp;<\/p>\n","protected":false},"excerpt":{"rendered":"<p>Buenas tardes, Comenzamos una nueva semana en la Clase roja y retomamos nuestras rutinas diarias. El lunes aprovechamos la Asamblea matinal para contar lo que para ellos ha sido m\u00e1s significativo del fin de semana y siempre se suelen acordar m\u00e1s de lo que han hecho el domingo, por lo que he podido comprobar al &hellip; <a href=\"https:\/\/www.alqueria.es\/blogs\/alqueriarojaverde\/2019\/10\/15\/no-solo-el-aula-es-un-espacio-educativo\/\" class=\"more-link\">Seguir leyendo <span class=\"screen-reader-text\">NO SOLO EL AULA ES UN ESPACIO EDUCATIVO<\/span> <span class=\"meta-nav\">&rarr;<\/span><\/a><\/p>\n","protected":false},"author":19,"featured_media":0,"comment_status":"open","ping_status":"open","sticky":false,"template":"","format":"standard","meta":{"jetpack_post_was_ever_published":false,"_jetpack_newsletter_access":"","_jetpack_dont_email_post_to_subs":false,"_jetpack_newsletter_tier_id":0,"_jetpack_memberships_contains_paywalled_content":false,"_jetpack_memberships_contains_paid_content":false,"footnotes":"","jetpack_publicize_message":"","jetpack_publicize_feature_enabled":true,"jetpack_social_post_already_shared":true,"jetpack_social_options":{"image_generator_settings":{"template":"highway","default_image_id":0,"font":"","enabled":false},"version":2}},"categories":[24,6,17],"tags":[560,395,256],"class_list":["post-23358","post","type-post","status-publish","format-standard","hentry","category-alfabetizacion-clase-roja","category-clase-roja-4-5-anos","category-propuestas-clase-roja","tag-actividades-de-expresion-oral-en-infantil","tag-alfabetizacion-en-infantil","tag-conferencias-de-expertos"],"jetpack_publicize_connections":[],"jetpack_featured_media_url":"","jetpack_sharing_enabled":true,"jetpack_shortlink":"https:\/\/wp.me\/p4lFbP-64K","_links":{"self":[{"href":"https:\/\/www.alqueria.es\/blogs\/alqueriarojaverde\/wp-json\/wp\/v2\/posts\/23358","targetHints":{"allow":["GET"]}}],"collection":[{"href":"https:\/\/www.alqueria.es\/blogs\/alqueriarojaverde\/wp-json\/wp\/v2\/posts"}],"about":[{"href":"https:\/\/www.alqueria.es\/blogs\/alqueriarojaverde\/wp-json\/wp\/v2\/types\/post"}],"author":[{"embeddable":true,"href":"https:\/\/www.alqueria.es\/blogs\/alqueriarojaverde\/wp-json\/wp\/v2\/users\/19"}],"replies":[{"embeddable":true,"href":"https:\/\/www.alqueria.es\/blogs\/alqueriarojaverde\/wp-json\/wp\/v2\/comments?post=23358"}],"version-history":[{"count":6,"href":"https:\/\/www.alqueria.es\/blogs\/alqueriarojaverde\/wp-json\/wp\/v2\/posts\/23358\/revisions"}],"predecessor-version":[{"id":23379,"href":"https:\/\/www.alqueria.es\/blogs\/alqueriarojaverde\/wp-json\/wp\/v2\/posts\/23358\/revisions\/23379"}],"wp:attachment":[{"href":"https:\/\/www.alqueria.es\/blogs\/alqueriarojaverde\/wp-json\/wp\/v2\/media?parent=23358"}],"wp:term":[{"taxonomy":"category","embeddable":true,"href":"https:\/\/www.alqueria.es\/blogs\/alqueriarojaverde\/wp-json\/wp\/v2\/categories?post=23358"},{"taxonomy":"post_tag","embeddable":true,"href":"https:\/\/www.alqueria.es\/blogs\/alqueriarojaverde\/wp-json\/wp\/v2\/tags?post=23358"}],"curies":[{"name":"wp","href":"https:\/\/api.w.org\/{rel}","templated":true}]}}