{"id":23381,"date":"2019-10-18T07:46:06","date_gmt":"2019-10-18T05:46:06","guid":{"rendered":"http:\/\/www.alqueria.es\/blogs\/alqueriarojaverde\/?p=23381"},"modified":"2019-10-18T07:46:06","modified_gmt":"2019-10-18T05:46:06","slug":"mateo-experto-en-murcielagos-inauguramos-actividad","status":"publish","type":"post","link":"https:\/\/www.alqueria.es\/blogs\/alqueriarojaverde\/2019\/10\/18\/mateo-experto-en-murcielagos-inauguramos-actividad\/","title":{"rendered":"MATEO, EXPERTO EN MURCI\u00c9LAGOS. \u00a1INAUGURAMOS ACTIVIDAD!"},"content":{"rendered":"<p><img data-recalc-dims=\"1\" decoding=\"async\" data-attachment-id=\"23382\" data-permalink=\"https:\/\/www.alqueria.es\/blogs\/alqueriarojaverde\/2019\/10\/18\/mateo-experto-en-murcielagos-inauguramos-actividad\/murcielago-volando-de-noche\/\" data-orig-file=\"https:\/\/i0.wp.com\/cloud.alqueria.es\/wp-content\/uploads\/sites\/8\/2019\/10\/murcielago-volando-de-noche.jpg?fit=800%2C450&amp;ssl=1\" data-orig-size=\"800,450\" data-comments-opened=\"1\" data-image-meta=\"{&quot;aperture&quot;:&quot;0&quot;,&quot;credit&quot;:&quot;&quot;,&quot;camera&quot;:&quot;&quot;,&quot;caption&quot;:&quot;&quot;,&quot;created_timestamp&quot;:&quot;0&quot;,&quot;copyright&quot;:&quot;&quot;,&quot;focal_length&quot;:&quot;0&quot;,&quot;iso&quot;:&quot;0&quot;,&quot;shutter_speed&quot;:&quot;0&quot;,&quot;title&quot;:&quot;&quot;,&quot;orientation&quot;:&quot;0&quot;}\" data-image-title=\"murcielago-volando-de-noche\" data-image-description=\"\" data-image-caption=\"\" data-large-file=\"https:\/\/i0.wp.com\/cloud.alqueria.es\/wp-content\/uploads\/sites\/8\/2019\/10\/murcielago-volando-de-noche.jpg?fit=474%2C267&amp;ssl=1\" class=\"alignleft size-medium wp-image-23382\" src=\"https:\/\/i0.wp.com\/cloud.alqueria.es\/wp-content\/uploads\/sites\/8\/2019\/10\/murcielago-volando-de-noche.jpg?resize=300%2C169&#038;ssl=1\" alt=\"\" width=\"300\" height=\"169\" srcset=\"https:\/\/cloud.alqueria.es\/wp-content\/uploads\/sites\/8\/2019\/10\/murcielago-volando-de-noche.jpg 800w, https:\/\/cloud.alqueria.es\/wp-content\/uploads\/sites\/8\/2019\/10\/murcielago-volando-de-noche.jpg 300w, https:\/\/cloud.alqueria.es\/wp-content\/uploads\/sites\/8\/2019\/10\/murcielago-volando-de-noche.jpg 768w\" sizes=\"(max-width: 300px) 100vw, 300px\" \/><em><strong><span style=\"color: #008000\">Mateo<\/span><\/strong><\/em> ha sido el encargado, este pasado martes, de inaugurar la \u00abactividad estrella\u00bb del grupo verde, <strong>LAS CONFERENCIAS-EXPERTO<\/strong>.\u00a0El tema elegido para su investigaci\u00f3n y consiguiente exposici\u00f3n ha sido,\u00a0<em><strong><span style=\"color: #008000\">\u00abLOS MURCI\u00c9LAGOS\u00bb. <\/span><\/strong><\/em><\/p>\n<p>Tema sobre el que durante algunas semanas se ha estado documentando, a trav\u00e9s de libros (de la biblioteca del colegio y alguna m\u00e1s), v\u00eddeos y series (el zoo del Bronx).<\/p>\n<p>Tal y como \u00e9l nos relat\u00f3, el montaje de las cartulinas en cuanto a recortado y pegado de im\u00e1genes, as\u00ed como la inclusi\u00f3n de los distintos vocablos presentes, corrieron a su cargo. La ayuda de la familia para orientar el gui\u00f3n a seguir y acompa\u00f1ar en el proceso es fundamental. No olvidemos que el desarrollo de sus funciones ejecutivas es a\u00fan muy incipiente y que el objetivo fundamental de esta actividad est\u00e1 enfocado al fomento de la expresi\u00f3n verbal en p\u00fablico y todos los aspectos que a trav\u00e9s de la oratoria se ponen en pr\u00e1ctica (cohesi\u00f3n del texto a exponer, actitud ante sus compa\u00f1eros, gesticulaci\u00f3n corporal-facial, entonaci\u00f3n, duraci\u00f3n, situaci\u00f3n en el espacio, contacto visual, etc.).<\/p>\n<p>Mateo comenz\u00f3 su exposici\u00f3n present\u00e1ndose ante sus compa\u00f1eros y compa\u00f1eras (tambi\u00e9n asisti\u00f3 el grupo rojo)\u00a0<em><strong>\u00abHola, buenos d\u00edas, soy Mateo Romero y voy a ser experto en murci\u00e9lagos\u00bb.<\/strong><\/em><\/p>\n<p>Dividi\u00f3 su exposici\u00f3n en tres partes bien diferenciadas: definici\u00f3n y caracter\u00edsticas generales de los murci\u00e9lagos, alimentaci\u00f3n y algunas curiosidades o datos de inter\u00e9s.<\/p>\n<p><img data-recalc-dims=\"1\" decoding=\"async\" data-attachment-id=\"23392\" data-permalink=\"https:\/\/www.alqueria.es\/blogs\/alqueriarojaverde\/2019\/10\/18\/mateo-experto-en-murcielagos-inauguramos-actividad\/dsc_1769-2\/\" data-orig-file=\"https:\/\/i0.wp.com\/cloud.alqueria.es\/wp-content\/uploads\/sites\/8\/2019\/10\/DSC_1769.jpg?fit=1024%2C771&amp;ssl=1\" data-orig-size=\"1024,771\" data-comments-opened=\"1\" data-image-meta=\"{&quot;aperture&quot;:&quot;2&quot;,&quot;credit&quot;:&quot;&quot;,&quot;camera&quot;:&quot;G3121&quot;,&quot;caption&quot;:&quot;&quot;,&quot;created_timestamp&quot;:&quot;1571133074&quot;,&quot;copyright&quot;:&quot;&quot;,&quot;focal_length&quot;:&quot;4.22&quot;,&quot;iso&quot;:&quot;50&quot;,&quot;shutter_speed&quot;:&quot;0.020005001250313&quot;,&quot;title&quot;:&quot;&quot;,&quot;orientation&quot;:&quot;1&quot;}\" data-image-title=\"DSC_1769\" data-image-description=\"\" data-image-caption=\"\" data-large-file=\"https:\/\/i0.wp.com\/cloud.alqueria.es\/wp-content\/uploads\/sites\/8\/2019\/10\/DSC_1769.jpg?fit=474%2C357&amp;ssl=1\" class=\"alignleft wp-image-23392 size-medium\" src=\"https:\/\/i0.wp.com\/cloud.alqueria.es\/wp-content\/uploads\/sites\/8\/2019\/10\/DSC_1769.jpg?resize=300%2C226&#038;ssl=1\" alt=\"\" width=\"300\" height=\"226\" srcset=\"https:\/\/cloud.alqueria.es\/wp-content\/uploads\/sites\/8\/2019\/10\/DSC_1769.jpg 1024w, https:\/\/cloud.alqueria.es\/wp-content\/uploads\/sites\/8\/2019\/10\/DSC_1769.jpg 300w, https:\/\/cloud.alqueria.es\/wp-content\/uploads\/sites\/8\/2019\/10\/DSC_1769.jpg 768w, https:\/\/cloud.alqueria.es\/wp-content\/uploads\/sites\/8\/2019\/10\/DSC_1769.jpg 948w\" sizes=\"(max-width: 300px) 100vw, 300px\" \/><\/p>\n<p>En primer lugar nos dijo que los murci\u00e9lagos son los \u00fanicos mam\u00edferos voladores, explic\u00e1ndonos que mam\u00edferos quiere decir que \u00ab<em><strong>maman la leche de la teta de su mam\u00e1\u00bb<\/strong><\/em>.<\/p>\n<p>Su cuerpo est\u00e1 cubierto de pelo y son vertebrados (en su espalda tienen una fila de huesos que se llama columna vertebral). Tienen dos alas, con cuatro dedos y un pulgar como el de los humanos. Ese dedo es para poder volar y sujetar a sus presas.\u00a0En las patas de atr\u00e1s tienen dos garras, para colgarse boca abajo.<\/p>\n<p>Cazan de noche y duermen de d\u00eda. Como son casi ciegos, hacen un sonido que se llama ultrasonido que rebota en su presa y as\u00ed saben d\u00f3nde est\u00e1.<\/p>\n<p>Las cr\u00edas de los murci\u00e9lagos nacen en primavera. Como sus alas todav\u00eda no son fuertes, se quedan enganchados a la barriga de su madre para comer y dormir, hasta que se les ponen fuertes.<\/p>\n<p><img data-recalc-dims=\"1\" decoding=\"async\" data-attachment-id=\"23393\" data-permalink=\"https:\/\/www.alqueria.es\/blogs\/alqueriarojaverde\/2019\/10\/18\/mateo-experto-en-murcielagos-inauguramos-actividad\/dsc_1770-5\/\" data-orig-file=\"https:\/\/i0.wp.com\/cloud.alqueria.es\/wp-content\/uploads\/sites\/8\/2019\/10\/DSC_17701.jpg?fit=1024%2C774&amp;ssl=1\" data-orig-size=\"1024,774\" data-comments-opened=\"1\" data-image-meta=\"{&quot;aperture&quot;:&quot;2&quot;,&quot;credit&quot;:&quot;&quot;,&quot;camera&quot;:&quot;G3121&quot;,&quot;caption&quot;:&quot;&quot;,&quot;created_timestamp&quot;:&quot;1571133082&quot;,&quot;copyright&quot;:&quot;&quot;,&quot;focal_length&quot;:&quot;4.22&quot;,&quot;iso&quot;:&quot;50&quot;,&quot;shutter_speed&quot;:&quot;0.020005001250313&quot;,&quot;title&quot;:&quot;&quot;,&quot;orientation&quot;:&quot;1&quot;}\" data-image-title=\"DSC_1770\" data-image-description=\"\" data-image-caption=\"\" data-large-file=\"https:\/\/i0.wp.com\/cloud.alqueria.es\/wp-content\/uploads\/sites\/8\/2019\/10\/DSC_17701.jpg?fit=474%2C358&amp;ssl=1\" class=\"alignright size-medium wp-image-23393\" src=\"https:\/\/i0.wp.com\/cloud.alqueria.es\/wp-content\/uploads\/sites\/8\/2019\/10\/DSC_17701.jpg?resize=300%2C227&#038;ssl=1\" alt=\"\" width=\"300\" height=\"227\" srcset=\"https:\/\/cloud.alqueria.es\/wp-content\/uploads\/sites\/8\/2019\/10\/DSC_17701.jpg 1024w, https:\/\/cloud.alqueria.es\/wp-content\/uploads\/sites\/8\/2019\/10\/DSC_17701.jpg 300w, https:\/\/cloud.alqueria.es\/wp-content\/uploads\/sites\/8\/2019\/10\/DSC_17701.jpg 768w, https:\/\/cloud.alqueria.es\/wp-content\/uploads\/sites\/8\/2019\/10\/DSC_17701.jpg 948w\" sizes=\"(max-width: 300px) 100vw, 300px\" \/>La alimentaci\u00f3n:<\/p>\n<ul>\n<li>Los murci\u00e9lagos se alimentan de fruta, polen de las flores, peque\u00f1os insectos y tambi\u00e9n de sangre.<em><strong> \u00abLos que se alimentan de sangre son los murci\u00e9lagos vampiros, pero no os preocup\u00e9is porque s\u00f3lo les chupan la sangre a animales como burros o vacas\u00bb.<\/strong><\/em><\/li>\n<li>Los murci\u00e9lagos son de muchos tama\u00f1os, el m\u00e1s peque\u00f1os en como un dedo y el m\u00e1s grande es el \u00abzorro rojo volador\u00bb.<\/li>\n<\/ul>\n<p><img data-recalc-dims=\"1\" decoding=\"async\" data-attachment-id=\"23394\" data-permalink=\"https:\/\/www.alqueria.es\/blogs\/alqueriarojaverde\/2019\/10\/18\/mateo-experto-en-murcielagos-inauguramos-actividad\/dsc_1771-4\/\" data-orig-file=\"https:\/\/i0.wp.com\/cloud.alqueria.es\/wp-content\/uploads\/sites\/8\/2019\/10\/DSC_1771.jpg?fit=1024%2C771&amp;ssl=1\" data-orig-size=\"1024,771\" data-comments-opened=\"1\" data-image-meta=\"{&quot;aperture&quot;:&quot;2&quot;,&quot;credit&quot;:&quot;&quot;,&quot;camera&quot;:&quot;G3121&quot;,&quot;caption&quot;:&quot;&quot;,&quot;created_timestamp&quot;:&quot;1571133090&quot;,&quot;copyright&quot;:&quot;&quot;,&quot;focal_length&quot;:&quot;4.22&quot;,&quot;iso&quot;:&quot;50&quot;,&quot;shutter_speed&quot;:&quot;0.020005001250313&quot;,&quot;title&quot;:&quot;&quot;,&quot;orientation&quot;:&quot;1&quot;}\" data-image-title=\"DSC_1771\" data-image-description=\"\" data-image-caption=\"\" data-large-file=\"https:\/\/i0.wp.com\/cloud.alqueria.es\/wp-content\/uploads\/sites\/8\/2019\/10\/DSC_1771.jpg?fit=474%2C357&amp;ssl=1\" class=\"alignleft size-medium wp-image-23394\" src=\"https:\/\/i0.wp.com\/cloud.alqueria.es\/wp-content\/uploads\/sites\/8\/2019\/10\/DSC_1771.jpg?resize=300%2C226&#038;ssl=1\" alt=\"\" width=\"300\" height=\"226\" srcset=\"https:\/\/cloud.alqueria.es\/wp-content\/uploads\/sites\/8\/2019\/10\/DSC_1771.jpg 1024w, https:\/\/cloud.alqueria.es\/wp-content\/uploads\/sites\/8\/2019\/10\/DSC_1771.jpg 300w, https:\/\/cloud.alqueria.es\/wp-content\/uploads\/sites\/8\/2019\/10\/DSC_1771.jpg 768w, https:\/\/cloud.alqueria.es\/wp-content\/uploads\/sites\/8\/2019\/10\/DSC_1771.jpg 948w\" sizes=\"(max-width: 300px) 100vw, 300px\" \/>Otros datos de inter\u00e9s:<\/p>\n<ul>\n<li><em><strong>\u00abLos murci\u00e9lagos son muy importantes en la Naturaleza porque se comen a las plagas de los mosquitos que nos pican y tambi\u00e9n porque cuando se comen una fruta las semillas las expulsan con su caca y se quedan plantadas en otro lugar, y as\u00ed nacen m\u00e1s plantas\u00bb.<\/strong><\/em><\/li>\n<li>Los murci\u00e9lagos hibernan, se tapan con sus alas cuando hace mucho fr\u00edo y no comen ni beben ni vuelan durante muchos d\u00edas.<\/li>\n<li>Siempre van en grupo y viven en cuevas, troncos de los \u00e1rboles y hojas.<\/li>\n<li>Los murci\u00e9lagos famosos son el conde Dr\u00e1cula, <em><strong>que era un vampiro que chupaba sangre y Batman, porque bat quiere decir vampiro en ingl\u00e9s y man hombre&#8230;<\/strong><\/em><\/li>\n<\/ul>\n<p>Como cierre de su exposici\u00f3n y con una amplia sonrisa que refleja la satisfacci\u00f3n que sent\u00eda por su esfuerzo y trabajo bien hecho, nos record\u00f3 de d\u00f3nde hab\u00eda sacado la informaci\u00f3n necesaria para hacer el experto.<\/p>\n<p><img data-recalc-dims=\"1\" decoding=\"async\" data-attachment-id=\"23395\" data-permalink=\"https:\/\/www.alqueria.es\/blogs\/alqueriarojaverde\/2019\/10\/18\/mateo-experto-en-murcielagos-inauguramos-actividad\/dsc_1772-5\/\" data-orig-file=\"https:\/\/i0.wp.com\/cloud.alqueria.es\/wp-content\/uploads\/sites\/8\/2019\/10\/DSC_17721.jpg?fit=1024%2C577&amp;ssl=1\" data-orig-size=\"1024,577\" data-comments-opened=\"1\" data-image-meta=\"{&quot;aperture&quot;:&quot;2&quot;,&quot;credit&quot;:&quot;&quot;,&quot;camera&quot;:&quot;G3121&quot;,&quot;caption&quot;:&quot;&quot;,&quot;created_timestamp&quot;:&quot;1571133124&quot;,&quot;copyright&quot;:&quot;&quot;,&quot;focal_length&quot;:&quot;4.22&quot;,&quot;iso&quot;:&quot;50&quot;,&quot;shutter_speed&quot;:&quot;0.03000600120024&quot;,&quot;title&quot;:&quot;&quot;,&quot;orientation&quot;:&quot;1&quot;}\" data-image-title=\"DSC_1772\" data-image-description=\"\" data-image-caption=\"\" data-large-file=\"https:\/\/i0.wp.com\/cloud.alqueria.es\/wp-content\/uploads\/sites\/8\/2019\/10\/DSC_17721.jpg?fit=474%2C267&amp;ssl=1\" class=\"aligncenter size-full wp-image-23395\" src=\"https:\/\/i0.wp.com\/cloud.alqueria.es\/wp-content\/uploads\/sites\/8\/2019\/10\/DSC_17721.jpg?resize=474%2C267&#038;ssl=1\" alt=\"\" width=\"474\" height=\"267\" srcset=\"https:\/\/cloud.alqueria.es\/wp-content\/uploads\/sites\/8\/2019\/10\/DSC_17721.jpg 1024w, https:\/\/cloud.alqueria.es\/wp-content\/uploads\/sites\/8\/2019\/10\/DSC_17721.jpg 300w, https:\/\/cloud.alqueria.es\/wp-content\/uploads\/sites\/8\/2019\/10\/DSC_17721.jpg 768w, https:\/\/cloud.alqueria.es\/wp-content\/uploads\/sites\/8\/2019\/10\/DSC_17721.jpg 948w\" sizes=\"(max-width: 474px) 100vw, 474px\" \/><\/p>\n<p><span style=\"color: #008000\"><strong>\u00a1FELICIDADES MATEO, UNA GRAN INAUGURACI\u00d3N!<\/strong><\/span><\/p>\n<p>En el turno de preguntas surgieron cuestiones en relaci\u00f3n a datos que hab\u00edan sido expuestos, pero que dada la cantidad de informaci\u00f3n ofrecida, no recordaban exactamente.<\/p>\n<p class=\"jetpack-slideshow-noscript robots-nocontent\">El pase de diapositivas requiere JavaScript.<\/p><div id=\"gallery-23381-1-slideshow\" class=\"jetpack-slideshow-window jetpack-slideshow jetpack-slideshow-black\" data-trans=\"fade\" data-autostart=\"1\" data-gallery=\"[{&quot;src&quot;:&quot;https:\\\/\\\/i0.wp.com\\\/cloud.alqueria.es\\\/wp-content\\\/uploads\\\/sites\\\/8\\\/2019\\\/10\\\/DSC_17592.jpg?fit=1024%2C577\\u0026ssl=1&quot;,&quot;id&quot;:&quot;23383&quot;,&quot;title&quot;:&quot;DSC_1759&quot;,&quot;alt&quot;:&quot;&quot;,&quot;caption&quot;:&quot;&quot;,&quot;itemprop&quot;:&quot;image&quot;},{&quot;src&quot;:&quot;https:\\\/\\\/i0.wp.com\\\/cloud.alqueria.es\\\/wp-content\\\/uploads\\\/sites\\\/8\\\/2019\\\/10\\\/DSC_17612.jpg?fit=1024%2C577\\u0026ssl=1&quot;,&quot;id&quot;:&quot;23384&quot;,&quot;title&quot;:&quot;DSC_1761&quot;,&quot;alt&quot;:&quot;&quot;,&quot;caption&quot;:&quot;&quot;,&quot;itemprop&quot;:&quot;image&quot;},{&quot;src&quot;:&quot;https:\\\/\\\/i0.wp.com\\\/cloud.alqueria.es\\\/wp-content\\\/uploads\\\/sites\\\/8\\\/2019\\\/10\\\/DSC_17652.jpg?fit=1024%2C577\\u0026ssl=1&quot;,&quot;id&quot;:&quot;23388&quot;,&quot;title&quot;:&quot;DSC_1765&quot;,&quot;alt&quot;:&quot;&quot;,&quot;caption&quot;:&quot;&quot;,&quot;itemprop&quot;:&quot;image&quot;},{&quot;src&quot;:&quot;https:\\\/\\\/i0.wp.com\\\/cloud.alqueria.es\\\/wp-content\\\/uploads\\\/sites\\\/8\\\/2019\\\/10\\\/DSC_17641.jpg?fit=1024%2C577\\u0026ssl=1&quot;,&quot;id&quot;:&quot;23387&quot;,&quot;title&quot;:&quot;DSC_1764&quot;,&quot;alt&quot;:&quot;&quot;,&quot;caption&quot;:&quot;&quot;,&quot;itemprop&quot;:&quot;image&quot;},{&quot;src&quot;:&quot;https:\\\/\\\/i0.wp.com\\\/cloud.alqueria.es\\\/wp-content\\\/uploads\\\/sites\\\/8\\\/2019\\\/10\\\/DSC_17621.jpg?fit=1024%2C577\\u0026ssl=1&quot;,&quot;id&quot;:&quot;23385&quot;,&quot;title&quot;:&quot;DSC_1762&quot;,&quot;alt&quot;:&quot;&quot;,&quot;caption&quot;:&quot;&quot;,&quot;itemprop&quot;:&quot;image&quot;},{&quot;src&quot;:&quot;https:\\\/\\\/i0.wp.com\\\/cloud.alqueria.es\\\/wp-content\\\/uploads\\\/sites\\\/8\\\/2019\\\/10\\\/DSC_17661.jpg?fit=1024%2C577\\u0026ssl=1&quot;,&quot;id&quot;:&quot;23389&quot;,&quot;title&quot;:&quot;DSC_1766&quot;,&quot;alt&quot;:&quot;&quot;,&quot;caption&quot;:&quot;&quot;,&quot;itemprop&quot;:&quot;image&quot;},{&quot;src&quot;:&quot;https:\\\/\\\/i0.wp.com\\\/cloud.alqueria.es\\\/wp-content\\\/uploads\\\/sites\\\/8\\\/2019\\\/10\\\/DSC_1767.jpg?fit=1024%2C577\\u0026ssl=1&quot;,&quot;id&quot;:&quot;23390&quot;,&quot;title&quot;:&quot;DSC_1767&quot;,&quot;alt&quot;:&quot;&quot;,&quot;caption&quot;:&quot;&quot;,&quot;itemprop&quot;:&quot;image&quot;},{&quot;src&quot;:&quot;https:\\\/\\\/i0.wp.com\\\/cloud.alqueria.es\\\/wp-content\\\/uploads\\\/sites\\\/8\\\/2019\\\/10\\\/DSC_17681.jpg?fit=1024%2C577\\u0026ssl=1&quot;,&quot;id&quot;:&quot;23391&quot;,&quot;title&quot;:&quot;DSC_1768&quot;,&quot;alt&quot;:&quot;&quot;,&quot;caption&quot;:&quot;&quot;,&quot;itemprop&quot;:&quot;image&quot;}]\" itemscope itemtype=\"https:\/\/schema.org\/ImageGallery\"><\/div>\n<p>Para el juego, nos convertimos en murci\u00e9lagos y el conde Dr\u00e1cula, mediante las pinturas de cara y como pod\u00e9is ver, lo de dormir boca abajo es lo que m\u00e1s les gust\u00f3.<\/p>\n<p><img data-recalc-dims=\"1\" decoding=\"async\" data-attachment-id=\"23396\" data-permalink=\"https:\/\/www.alqueria.es\/blogs\/alqueriarojaverde\/2019\/10\/18\/mateo-experto-en-murcielagos-inauguramos-actividad\/dsc_1774-4\/\" data-orig-file=\"https:\/\/i0.wp.com\/cloud.alqueria.es\/wp-content\/uploads\/sites\/8\/2019\/10\/DSC_17741.jpg?fit=1024%2C577&amp;ssl=1\" data-orig-size=\"1024,577\" data-comments-opened=\"1\" data-image-meta=\"{&quot;aperture&quot;:&quot;2&quot;,&quot;credit&quot;:&quot;&quot;,&quot;camera&quot;:&quot;G3121&quot;,&quot;caption&quot;:&quot;&quot;,&quot;created_timestamp&quot;:&quot;1571134535&quot;,&quot;copyright&quot;:&quot;&quot;,&quot;focal_length&quot;:&quot;4.22&quot;,&quot;iso&quot;:&quot;100&quot;,&quot;shutter_speed&quot;:&quot;0.01000300090027&quot;,&quot;title&quot;:&quot;&quot;,&quot;orientation&quot;:&quot;1&quot;}\" data-image-title=\"DSC_1774\" data-image-description=\"\" data-image-caption=\"\" data-large-file=\"https:\/\/i0.wp.com\/cloud.alqueria.es\/wp-content\/uploads\/sites\/8\/2019\/10\/DSC_17741.jpg?fit=474%2C267&amp;ssl=1\" class=\"aligncenter size-large wp-image-23396\" src=\"https:\/\/i0.wp.com\/cloud.alqueria.es\/wp-content\/uploads\/sites\/8\/2019\/10\/DSC_17741.jpg?resize=474%2C267&#038;ssl=1\" alt=\"\" width=\"474\" height=\"267\" srcset=\"https:\/\/cloud.alqueria.es\/wp-content\/uploads\/sites\/8\/2019\/10\/DSC_17741.jpg 1024w, https:\/\/cloud.alqueria.es\/wp-content\/uploads\/sites\/8\/2019\/10\/DSC_17741.jpg 300w, https:\/\/cloud.alqueria.es\/wp-content\/uploads\/sites\/8\/2019\/10\/DSC_17741.jpg 768w, https:\/\/cloud.alqueria.es\/wp-content\/uploads\/sites\/8\/2019\/10\/DSC_17741.jpg 948w\" sizes=\"(max-width: 474px) 100vw, 474px\" \/><\/p>\n<p>Esther Justicia.<\/p>\n<p>&nbsp;<\/p>\n","protected":false},"excerpt":{"rendered":"<p>Mateo ha sido el encargado, este pasado martes, de inaugurar la \u00abactividad estrella\u00bb del grupo verde, LAS CONFERENCIAS-EXPERTO.\u00a0El tema elegido para su investigaci\u00f3n y consiguiente exposici\u00f3n ha sido,\u00a0\u00abLOS MURCI\u00c9LAGOS\u00bb. Tema sobre el que durante algunas semanas se ha estado documentando, a trav\u00e9s de libros (de la biblioteca del colegio y alguna m\u00e1s), v\u00eddeos y series &hellip; <a href=\"https:\/\/www.alqueria.es\/blogs\/alqueriarojaverde\/2019\/10\/18\/mateo-experto-en-murcielagos-inauguramos-actividad\/\" class=\"more-link\">Seguir leyendo <span class=\"screen-reader-text\">MATEO, EXPERTO EN MURCI\u00c9LAGOS. \u00a1INAUGURAMOS ACTIVIDAD!<\/span> <span class=\"meta-nav\">&rarr;<\/span><\/a><\/p>\n","protected":false},"author":19,"featured_media":0,"comment_status":"open","ping_status":"open","sticky":false,"template":"","format":"standard","meta":{"jetpack_post_was_ever_published":false,"_jetpack_newsletter_access":"","_jetpack_dont_email_post_to_subs":false,"_jetpack_newsletter_tier_id":0,"_jetpack_memberships_contains_paywalled_content":false,"_jetpack_memberships_contains_paid_content":false,"footnotes":"","jetpack_publicize_message":"","jetpack_publicize_feature_enabled":true,"jetpack_social_post_already_shared":true,"jetpack_social_options":{"image_generator_settings":{"template":"highway","default_image_id":0,"font":"","enabled":false},"version":2}},"categories":[7,11],"tags":[669],"class_list":["post-23381","post","type-post","status-publish","format-standard","hentry","category-clase-verde-5-6-anos","category-expertosas-clase-verde","tag-conferencia-experto-en-murcielagos"],"jetpack_publicize_connections":[],"jetpack_featured_media_url":"","jetpack_sharing_enabled":true,"jetpack_shortlink":"https:\/\/wp.me\/p4lFbP-657","_links":{"self":[{"href":"https:\/\/www.alqueria.es\/blogs\/alqueriarojaverde\/wp-json\/wp\/v2\/posts\/23381","targetHints":{"allow":["GET"]}}],"collection":[{"href":"https:\/\/www.alqueria.es\/blogs\/alqueriarojaverde\/wp-json\/wp\/v2\/posts"}],"about":[{"href":"https:\/\/www.alqueria.es\/blogs\/alqueriarojaverde\/wp-json\/wp\/v2\/types\/post"}],"author":[{"embeddable":true,"href":"https:\/\/www.alqueria.es\/blogs\/alqueriarojaverde\/wp-json\/wp\/v2\/users\/19"}],"replies":[{"embeddable":true,"href":"https:\/\/www.alqueria.es\/blogs\/alqueriarojaverde\/wp-json\/wp\/v2\/comments?post=23381"}],"version-history":[{"count":1,"href":"https:\/\/www.alqueria.es\/blogs\/alqueriarojaverde\/wp-json\/wp\/v2\/posts\/23381\/revisions"}],"predecessor-version":[{"id":23397,"href":"https:\/\/www.alqueria.es\/blogs\/alqueriarojaverde\/wp-json\/wp\/v2\/posts\/23381\/revisions\/23397"}],"wp:attachment":[{"href":"https:\/\/www.alqueria.es\/blogs\/alqueriarojaverde\/wp-json\/wp\/v2\/media?parent=23381"}],"wp:term":[{"taxonomy":"category","embeddable":true,"href":"https:\/\/www.alqueria.es\/blogs\/alqueriarojaverde\/wp-json\/wp\/v2\/categories?post=23381"},{"taxonomy":"post_tag","embeddable":true,"href":"https:\/\/www.alqueria.es\/blogs\/alqueriarojaverde\/wp-json\/wp\/v2\/tags?post=23381"}],"curies":[{"name":"wp","href":"https:\/\/api.w.org\/{rel}","templated":true}]}}