{"id":23454,"date":"2019-10-22T07:16:32","date_gmt":"2019-10-22T05:16:32","guid":{"rendered":"http:\/\/www.alqueria.es\/blogs\/alqueriarojaverde\/?p=23454"},"modified":"2019-10-22T10:02:12","modified_gmt":"2019-10-22T08:02:12","slug":"vehiculos-de-emergencia","status":"publish","type":"post","link":"https:\/\/www.alqueria.es\/blogs\/alqueriarojaverde\/2019\/10\/22\/vehiculos-de-emergencia\/","title":{"rendered":"VEH\u00cdCULOS DE EMERGENCIA"},"content":{"rendered":"<p><img data-recalc-dims=\"1\" decoding=\"async\" data-attachment-id=\"23469\" data-permalink=\"https:\/\/www.alqueria.es\/blogs\/alqueriarojaverde\/2019\/10\/22\/vehiculos-de-emergencia\/maxresdefault-7\/\" data-orig-file=\"https:\/\/i0.wp.com\/cloud.alqueria.es\/wp-content\/uploads\/sites\/8\/2019\/10\/maxresdefault1.jpg?fit=1024%2C576&amp;ssl=1\" data-orig-size=\"1024,576\" data-comments-opened=\"1\" data-image-meta=\"{&quot;aperture&quot;:&quot;0&quot;,&quot;credit&quot;:&quot;&quot;,&quot;camera&quot;:&quot;&quot;,&quot;caption&quot;:&quot;&quot;,&quot;created_timestamp&quot;:&quot;0&quot;,&quot;copyright&quot;:&quot;&quot;,&quot;focal_length&quot;:&quot;0&quot;,&quot;iso&quot;:&quot;0&quot;,&quot;shutter_speed&quot;:&quot;0&quot;,&quot;title&quot;:&quot;&quot;,&quot;orientation&quot;:&quot;0&quot;}\" data-image-title=\"maxresdefault\" data-image-description=\"\" data-image-caption=\"\" data-large-file=\"https:\/\/i0.wp.com\/cloud.alqueria.es\/wp-content\/uploads\/sites\/8\/2019\/10\/maxresdefault1.jpg?fit=474%2C267&amp;ssl=1\" class=\"alignleft size-medium wp-image-23469\" src=\"https:\/\/i0.wp.com\/cloud.alqueria.es\/wp-content\/uploads\/sites\/8\/2019\/10\/maxresdefault1.jpg?resize=300%2C169&#038;ssl=1\" alt=\"\" width=\"300\" height=\"169\" srcset=\"https:\/\/cloud.alqueria.es\/wp-content\/uploads\/sites\/8\/2019\/10\/maxresdefault1.jpg 1024w, https:\/\/cloud.alqueria.es\/wp-content\/uploads\/sites\/8\/2019\/10\/maxresdefault1.jpg 300w, https:\/\/cloud.alqueria.es\/wp-content\/uploads\/sites\/8\/2019\/10\/maxresdefault1.jpg 768w, https:\/\/cloud.alqueria.es\/wp-content\/uploads\/sites\/8\/2019\/10\/maxresdefault1.jpg 948w\" sizes=\"(max-width: 300px) 100vw, 300px\" \/>Buenos d\u00edas familias.<\/p>\n<p>Como os adelant\u00e9 en la anterior entrada, esta semana seguiremos manteniendo la propuesta relacionada con coches y motos, ampli\u00e1ndola a otros veh\u00edculos o medios de transporte.<\/p>\n<p>Ayer lunes, el juego gir\u00f3 en torno a los <em><strong><span style=\"color: #ff0000\">\u00abveh\u00edculos de emergencia\u00bb:<\/span><\/strong><\/em>\u00a0bomberos, polic\u00eda y ambulancia. Aunque algunos grupitos de juego eligieron materiales id\u00e9nticos a otras ocasiones para llevar a cabo su juego, la tem\u00e1tica sobre la que simbolizaban sus acciones era la asociada a una emergencia.<\/p>\n<p class=\"jetpack-slideshow-noscript robots-nocontent\">El pase de diapositivas requiere JavaScript.<\/p><div id=\"gallery-23454-1-slideshow\" class=\"jetpack-slideshow-window jetpack-slideshow jetpack-slideshow-black\" data-trans=\"fade\" data-autostart=\"1\" data-gallery=\"[{&quot;src&quot;:&quot;https:\\\/\\\/i0.wp.com\\\/cloud.alqueria.es\\\/wp-content\\\/uploads\\\/sites\\\/8\\\/2019\\\/10\\\/DSC_17564.jpg?fit=1024%2C578\\u0026ssl=1&quot;,&quot;id&quot;:&quot;23460&quot;,&quot;title&quot;:&quot;DSC_1756&quot;,&quot;alt&quot;:&quot;&quot;,&quot;caption&quot;:&quot;&quot;,&quot;itemprop&quot;:&quot;image&quot;},{&quot;src&quot;:&quot;https:\\\/\\\/i0.wp.com\\\/cloud.alqueria.es\\\/wp-content\\\/uploads\\\/sites\\\/8\\\/2019\\\/10\\\/DSC_17555.jpg?fit=1024%2C578\\u0026ssl=1&quot;,&quot;id&quot;:&quot;23459&quot;,&quot;title&quot;:&quot;DSC_1755&quot;,&quot;alt&quot;:&quot;&quot;,&quot;caption&quot;:&quot;&quot;,&quot;itemprop&quot;:&quot;image&quot;},{&quot;src&quot;:&quot;https:\\\/\\\/i0.wp.com\\\/cloud.alqueria.es\\\/wp-content\\\/uploads\\\/sites\\\/8\\\/2019\\\/10\\\/DSC_17545.jpg?fit=1024%2C578\\u0026ssl=1&quot;,&quot;id&quot;:&quot;23458&quot;,&quot;title&quot;:&quot;DSC_1754&quot;,&quot;alt&quot;:&quot;&quot;,&quot;caption&quot;:&quot;&quot;,&quot;itemprop&quot;:&quot;image&quot;},{&quot;src&quot;:&quot;https:\\\/\\\/i0.wp.com\\\/cloud.alqueria.es\\\/wp-content\\\/uploads\\\/sites\\\/8\\\/2019\\\/10\\\/DSC_17525.jpg?fit=1024%2C578\\u0026ssl=1&quot;,&quot;id&quot;:&quot;23457&quot;,&quot;title&quot;:&quot;DSC_1752&quot;,&quot;alt&quot;:&quot;&quot;,&quot;caption&quot;:&quot;&quot;,&quot;itemprop&quot;:&quot;image&quot;}]\" itemscope itemtype=\"https:\/\/schema.org\/ImageGallery\"><\/div>\n<p>Para la <strong><span style=\"color: #ff6600\">representaci\u00f3n gr\u00e1fica de la propuesta<\/span><\/strong> (\u00faltima fase de nuestro m\u00e9todo) introducimos el \u00abretintado de l\u00edneas\u00bb como elemento que nos genera la necesidad de tener m\u00e1s precisi\u00f3n a la hora del trazo. Utilizamos el l\u00e1piz de grafito para escribir el nombre, la fecha y para realizar el dibujo, despu\u00e9s con rotuladores repasaron las l\u00edneas y por \u00faltimo dieron color con l\u00e1pices de colores.<\/p>\n<p><img data-recalc-dims=\"1\" decoding=\"async\" data-attachment-id=\"23463\" data-permalink=\"https:\/\/www.alqueria.es\/blogs\/alqueriarojaverde\/2019\/10\/22\/vehiculos-de-emergencia\/dsc_1760-4\/\" data-orig-file=\"https:\/\/i0.wp.com\/cloud.alqueria.es\/wp-content\/uploads\/sites\/8\/2019\/10\/DSC_17602.jpg?fit=1024%2C578&amp;ssl=1\" data-orig-size=\"1024,578\" data-comments-opened=\"1\" data-image-meta=\"{&quot;aperture&quot;:&quot;2&quot;,&quot;credit&quot;:&quot;&quot;,&quot;camera&quot;:&quot;G3121&quot;,&quot;caption&quot;:&quot;&quot;,&quot;created_timestamp&quot;:&quot;1571655998&quot;,&quot;copyright&quot;:&quot;&quot;,&quot;focal_length&quot;:&quot;4.22&quot;,&quot;iso&quot;:&quot;50&quot;,&quot;shutter_speed&quot;:&quot;0.030006&quot;,&quot;title&quot;:&quot;&quot;,&quot;orientation&quot;:&quot;1&quot;}\" data-image-title=\"DSC_1760\" data-image-description=\"\" data-image-caption=\"\" data-large-file=\"https:\/\/i0.wp.com\/cloud.alqueria.es\/wp-content\/uploads\/sites\/8\/2019\/10\/DSC_17602.jpg?fit=474%2C268&amp;ssl=1\" class=\"aligncenter size-full wp-image-23463\" src=\"https:\/\/i0.wp.com\/cloud.alqueria.es\/wp-content\/uploads\/sites\/8\/2019\/10\/DSC_17602.jpg?resize=474%2C268&#038;ssl=1\" alt=\"\" width=\"474\" height=\"268\" srcset=\"https:\/\/cloud.alqueria.es\/wp-content\/uploads\/sites\/8\/2019\/10\/DSC_17602.jpg 1024w, https:\/\/cloud.alqueria.es\/wp-content\/uploads\/sites\/8\/2019\/10\/DSC_17602.jpg 300w, https:\/\/cloud.alqueria.es\/wp-content\/uploads\/sites\/8\/2019\/10\/DSC_17602.jpg 768w, https:\/\/cloud.alqueria.es\/wp-content\/uploads\/sites\/8\/2019\/10\/DSC_17602.jpg 948w\" sizes=\"(max-width: 474px) 100vw, 474px\" \/><\/p>\n<p>Especial atenci\u00f3n en esta ocasi\u00f3n, no s\u00f3lo al trazo sino a otorgar <span style=\"color: #ff6600\">volumen a la figura humana.<\/span> Para ello previamente realizamos un reconocimiento de nuestro esquema corporal y repasamos de d\u00f3nde \u00a0salen las extremidades, las proporciones de unas y otras y \u00a0con qu\u00e9 figura geom\u00e9trica podemos asociar cada parte. Sus dibujos son buena muestra de la intencionalidad, aunque no todos hayan obtenido un resultado igual de figurativo.<\/p>\n<p><img data-recalc-dims=\"1\" decoding=\"async\" data-attachment-id=\"23462\" data-permalink=\"https:\/\/www.alqueria.es\/blogs\/alqueriarojaverde\/2019\/10\/22\/vehiculos-de-emergencia\/dsc_1758-4\/\" data-orig-file=\"https:\/\/i0.wp.com\/cloud.alqueria.es\/wp-content\/uploads\/sites\/8\/2019\/10\/DSC_17582.jpg?fit=1024%2C578&amp;ssl=1\" data-orig-size=\"1024,578\" data-comments-opened=\"1\" data-image-meta=\"{&quot;aperture&quot;:&quot;2&quot;,&quot;credit&quot;:&quot;&quot;,&quot;camera&quot;:&quot;G3121&quot;,&quot;caption&quot;:&quot;&quot;,&quot;created_timestamp&quot;:&quot;1571655843&quot;,&quot;copyright&quot;:&quot;&quot;,&quot;focal_length&quot;:&quot;4.22&quot;,&quot;iso&quot;:&quot;100&quot;,&quot;shutter_speed&quot;:&quot;0.010003&quot;,&quot;title&quot;:&quot;&quot;,&quot;orientation&quot;:&quot;1&quot;}\" data-image-title=\"DSC_1758\" data-image-description=\"\" data-image-caption=\"\" data-large-file=\"https:\/\/i0.wp.com\/cloud.alqueria.es\/wp-content\/uploads\/sites\/8\/2019\/10\/DSC_17582.jpg?fit=474%2C268&amp;ssl=1\" class=\"alignright size-medium wp-image-23462\" src=\"https:\/\/i0.wp.com\/cloud.alqueria.es\/wp-content\/uploads\/sites\/8\/2019\/10\/DSC_17582.jpg?resize=300%2C169&#038;ssl=1\" alt=\"\" width=\"300\" height=\"169\" srcset=\"https:\/\/cloud.alqueria.es\/wp-content\/uploads\/sites\/8\/2019\/10\/DSC_17582.jpg 1024w, https:\/\/cloud.alqueria.es\/wp-content\/uploads\/sites\/8\/2019\/10\/DSC_17582.jpg 300w, https:\/\/cloud.alqueria.es\/wp-content\/uploads\/sites\/8\/2019\/10\/DSC_17582.jpg 768w, https:\/\/cloud.alqueria.es\/wp-content\/uploads\/sites\/8\/2019\/10\/DSC_17582.jpg 948w\" sizes=\"(max-width: 300px) 100vw, 300px\" \/>Decoramos nuestro <strong><span style=\"color: #800080\">tabl\u00f3n expositor del interior del aula<\/span> <\/strong>con algunas poes\u00edas de oto\u00f1o, varios carteles alusivos a la propuesta, el cartel de nuestro teatro y unos preciosos iconos que evocan las cuatro estaciones, en los que incluiremos los cumplea\u00f1os de cada uno.<\/p>\n<p><img data-recalc-dims=\"1\" decoding=\"async\" data-attachment-id=\"23468\" data-permalink=\"https:\/\/www.alqueria.es\/blogs\/alqueriarojaverde\/2019\/10\/22\/vehiculos-de-emergencia\/kisspng-first-aid-kits-pharmaceutical-drug-drawing-first-a-5af8ed5f06c358-2296500015262631350277-2\/\" data-orig-file=\"https:\/\/i0.wp.com\/cloud.alqueria.es\/wp-content\/uploads\/sites\/8\/2019\/10\/kisspng-first-aid-kits-pharmaceutical-drug-drawing-first-a-5af8ed5f06c358.22965000152626313502771.jpg?fit=900%2C540&amp;ssl=1\" data-orig-size=\"900,540\" data-comments-opened=\"1\" data-image-meta=\"{&quot;aperture&quot;:&quot;0&quot;,&quot;credit&quot;:&quot;&quot;,&quot;camera&quot;:&quot;&quot;,&quot;caption&quot;:&quot;&quot;,&quot;created_timestamp&quot;:&quot;0&quot;,&quot;copyright&quot;:&quot;&quot;,&quot;focal_length&quot;:&quot;0&quot;,&quot;iso&quot;:&quot;0&quot;,&quot;shutter_speed&quot;:&quot;0&quot;,&quot;title&quot;:&quot;&quot;,&quot;orientation&quot;:&quot;0&quot;}\" data-image-title=\"kisspng-first-aid-kits-pharmaceutical-drug-drawing-first-a-5af8ed5f06c358.2296500015262631350277\" data-image-description=\"\" data-image-caption=\"\" data-large-file=\"https:\/\/i0.wp.com\/cloud.alqueria.es\/wp-content\/uploads\/sites\/8\/2019\/10\/kisspng-first-aid-kits-pharmaceutical-drug-drawing-first-a-5af8ed5f06c358.22965000152626313502771.jpg?fit=474%2C284&amp;ssl=1\" class=\"alignleft size-medium wp-image-23468\" src=\"https:\/\/i0.wp.com\/cloud.alqueria.es\/wp-content\/uploads\/sites\/8\/2019\/10\/kisspng-first-aid-kits-pharmaceutical-drug-drawing-first-a-5af8ed5f06c358.22965000152626313502771.jpg?resize=300%2C180&#038;ssl=1\" alt=\"\" width=\"300\" height=\"180\" srcset=\"https:\/\/cloud.alqueria.es\/wp-content\/uploads\/sites\/8\/2019\/10\/kisspng-first-aid-kits-pharmaceutical-drug-drawing-first-a-5af8ed5f06c358.22965000152626313502771.jpg 900w, https:\/\/cloud.alqueria.es\/wp-content\/uploads\/sites\/8\/2019\/10\/kisspng-first-aid-kits-pharmaceutical-drug-drawing-first-a-5af8ed5f06c358.22965000152626313502771.jpg 300w, https:\/\/cloud.alqueria.es\/wp-content\/uploads\/sites\/8\/2019\/10\/kisspng-first-aid-kits-pharmaceutical-drug-drawing-first-a-5af8ed5f06c358.22965000152626313502771.jpg 768w\" sizes=\"(max-width: 300px) 100vw, 300px\" \/>El <strong><span style=\"color: #99cc00\">botiqu\u00edn de emociones <\/span><\/strong>sigue llen\u00e1ndose de objetos que ellos van solicitando y a los que recurrir\u00e1n en cada una de las ocasiones que vamos escenificando, mediante mini-sesiones de rol-play.<\/p>\n<p>Como ejemplo os dir\u00e9 que tenemos un bote de la calma, para cuando se encuentren agitados o un tira-pedorretas, para cuando est\u00e9n enfadados o tristes.<\/p>\n<p><img data-recalc-dims=\"1\" decoding=\"async\" data-attachment-id=\"23485\" data-permalink=\"https:\/\/www.alqueria.es\/blogs\/alqueriarojaverde\/2019\/10\/22\/vehiculos-de-emergencia\/dsc_1752-9\/\" data-orig-file=\"https:\/\/i0.wp.com\/cloud.alqueria.es\/wp-content\/uploads\/sites\/8\/2019\/10\/DSC_17526.jpg?fit=728%2C1024&amp;ssl=1\" data-orig-size=\"728,1024\" data-comments-opened=\"1\" data-image-meta=\"{&quot;aperture&quot;:&quot;2&quot;,&quot;credit&quot;:&quot;&quot;,&quot;camera&quot;:&quot;G3121&quot;,&quot;caption&quot;:&quot;&quot;,&quot;created_timestamp&quot;:&quot;1571675743&quot;,&quot;copyright&quot;:&quot;&quot;,&quot;focal_length&quot;:&quot;4.22&quot;,&quot;iso&quot;:&quot;100&quot;,&quot;shutter_speed&quot;:&quot;0.01000300090027&quot;,&quot;title&quot;:&quot;&quot;,&quot;orientation&quot;:&quot;1&quot;}\" data-image-title=\"DSC_1752\" data-image-description=\"\" data-image-caption=\"\" data-large-file=\"https:\/\/i0.wp.com\/cloud.alqueria.es\/wp-content\/uploads\/sites\/8\/2019\/10\/DSC_17526.jpg?fit=474%2C667&amp;ssl=1\" class=\"aligncenter size-medium wp-image-23485\" src=\"https:\/\/i0.wp.com\/cloud.alqueria.es\/wp-content\/uploads\/sites\/8\/2019\/10\/DSC_17526.jpg?resize=213%2C300&#038;ssl=1\" alt=\"\" width=\"213\" height=\"300\" srcset=\"https:\/\/cloud.alqueria.es\/wp-content\/uploads\/sites\/8\/2019\/10\/DSC_17526.jpg 728w, https:\/\/cloud.alqueria.es\/wp-content\/uploads\/sites\/8\/2019\/10\/DSC_17526.jpg 213w\" sizes=\"(max-width: 213px) 100vw, 213px\" \/><\/p>\n<p>Acordamos en asamblea c\u00f3mo vamos a gestionar su uso, debi\u00e9ndome avisar cuando lo vayan a utilizar y con quien. En principio la gesti\u00f3n de los distintos recursos ser\u00e1 totalmente aut\u00f3noma, interviniendo yo en una segunda fase, en la que reflexionaremos sobre lo acontecido, reconoceremos emociones, las nombraremos e intentaremos realizar una gesti\u00f3n adecuada de las mismas.<\/p>\n<p><strong><span style=\"color: #000000\">Claudio y Pablo<\/span><\/strong> han aportado sendos <strong><span style=\"color: #0000ff\">ejemplares de lectura,<\/span><\/strong> que hemos compartido en nuestra asamblea. Ambos con una tem\u00e1tica muy en relaci\u00f3n al tema emocional y comportamental. Est\u00e1n en el tabl\u00f3n expositor del pasillo, os recomiendo su lectura <span style=\"color: #0000ff\">\u00a1son preciosos!.<\/span><\/p>\n<div data-carousel-extra='{&quot;blog_id&quot;:8,&quot;permalink&quot;:&quot;https:\/\/www.alqueria.es\/blogs\/alqueriarojaverde\/2019\/10\/22\/vehiculos-de-emergencia\/&quot;}' id='gallery-2' class='gallery galleryid-23454 gallery-columns-2 gallery-size-medium'><figure class='gallery-item'>\n\t\t\t<div class='gallery-icon portrait'>\n\t\t\t\t<a href='https:\/\/www.alqueria.es\/blogs\/alqueriarojaverde\/2019\/10\/22\/vehiculos-de-emergencia\/attachment\/9788494992629\/'><img data-recalc-dims=\"1\" decoding=\"async\" width=\"229\" height=\"295\" src=\"https:\/\/i0.wp.com\/cloud.alqueria.es\/wp-content\/uploads\/sites\/8\/2019\/10\/9788494992629.jpg?resize=229%2C295&#038;ssl=1\" class=\"attachment-medium size-medium\" alt=\"\" data-attachment-id=\"23456\" data-permalink=\"https:\/\/www.alqueria.es\/blogs\/alqueriarojaverde\/2019\/10\/22\/vehiculos-de-emergencia\/attachment\/9788494992629\/\" data-orig-file=\"https:\/\/i0.wp.com\/cloud.alqueria.es\/wp-content\/uploads\/sites\/8\/2019\/10\/9788494992629.jpg?fit=229%2C295&amp;ssl=1\" data-orig-size=\"229,295\" data-comments-opened=\"1\" data-image-meta=\"{&quot;aperture&quot;:&quot;0&quot;,&quot;credit&quot;:&quot;&quot;,&quot;camera&quot;:&quot;&quot;,&quot;caption&quot;:&quot;&quot;,&quot;created_timestamp&quot;:&quot;0&quot;,&quot;copyright&quot;:&quot;&quot;,&quot;focal_length&quot;:&quot;0&quot;,&quot;iso&quot;:&quot;0&quot;,&quot;shutter_speed&quot;:&quot;0&quot;,&quot;title&quot;:&quot;&quot;,&quot;orientation&quot;:&quot;0&quot;}\" data-image-title=\"9788494992629\" data-image-description=\"\" data-image-caption=\"\" data-large-file=\"https:\/\/i0.wp.com\/cloud.alqueria.es\/wp-content\/uploads\/sites\/8\/2019\/10\/9788494992629.jpg?fit=229%2C295&amp;ssl=1\" \/><\/a>\n\t\t\t<\/div><\/figure><figure class='gallery-item'>\n\t\t\t<div class='gallery-icon portrait'>\n\t\t\t\t<a href='https:\/\/www.alqueria.es\/blogs\/alqueriarojaverde\/2019\/10\/22\/vehiculos-de-emergencia\/81irc49s0yl\/'><img data-recalc-dims=\"1\" decoding=\"async\" width=\"263\" height=\"300\" src=\"https:\/\/i0.wp.com\/cloud.alqueria.es\/wp-content\/uploads\/sites\/8\/2019\/10\/81IrC49s0yL.jpg?resize=263%2C300&#038;ssl=1\" class=\"attachment-medium size-medium\" alt=\"\" srcset=\"https:\/\/cloud.alqueria.es\/wp-content\/uploads\/sites\/8\/2019\/10\/81IrC49s0yL.jpg 899w, https:\/\/cloud.alqueria.es\/wp-content\/uploads\/sites\/8\/2019\/10\/81IrC49s0yL.jpg 263w, https:\/\/cloud.alqueria.es\/wp-content\/uploads\/sites\/8\/2019\/10\/81IrC49s0yL.jpg 768w\" sizes=\"(max-width: 263px) 100vw, 263px\" data-attachment-id=\"23455\" data-permalink=\"https:\/\/www.alqueria.es\/blogs\/alqueriarojaverde\/2019\/10\/22\/vehiculos-de-emergencia\/81irc49s0yl\/\" data-orig-file=\"https:\/\/i0.wp.com\/cloud.alqueria.es\/wp-content\/uploads\/sites\/8\/2019\/10\/81IrC49s0yL.jpg?fit=899%2C1024&amp;ssl=1\" data-orig-size=\"899,1024\" data-comments-opened=\"1\" data-image-meta=\"{&quot;aperture&quot;:&quot;0&quot;,&quot;credit&quot;:&quot;&quot;,&quot;camera&quot;:&quot;&quot;,&quot;caption&quot;:&quot;&quot;,&quot;created_timestamp&quot;:&quot;0&quot;,&quot;copyright&quot;:&quot;&quot;,&quot;focal_length&quot;:&quot;0&quot;,&quot;iso&quot;:&quot;0&quot;,&quot;shutter_speed&quot;:&quot;0&quot;,&quot;title&quot;:&quot;&quot;,&quot;orientation&quot;:&quot;0&quot;}\" data-image-title=\"81IrC49s0yL\" data-image-description=\"\" data-image-caption=\"\" data-large-file=\"https:\/\/i0.wp.com\/cloud.alqueria.es\/wp-content\/uploads\/sites\/8\/2019\/10\/81IrC49s0yL.jpg?fit=474%2C540&amp;ssl=1\" \/><\/a>\n\t\t\t<\/div><\/figure>\n\t\t<\/div>\n\n<p>La semana pasada tuvimos oportunidad de escuchar estos otros que a continuaci\u00f3n os muestro. Siendo <strong><span style=\"color: #000000\">Vega<\/span><\/strong> la que aport\u00f3 el referente al tema de los dientes, como no pod\u00eda ser de otra forma.<\/p>\n<p><img data-recalc-dims=\"1\" decoding=\"async\" data-attachment-id=\"23461\" data-permalink=\"https:\/\/www.alqueria.es\/blogs\/alqueriarojaverde\/2019\/10\/22\/vehiculos-de-emergencia\/dsc_1757-3\/\" data-orig-file=\"https:\/\/i0.wp.com\/cloud.alqueria.es\/wp-content\/uploads\/sites\/8\/2019\/10\/DSC_17571-e1571720968648.jpg?fit=1024%2C574&amp;ssl=1\" data-orig-size=\"1024,574\" data-comments-opened=\"1\" data-image-meta=\"{&quot;aperture&quot;:&quot;2&quot;,&quot;credit&quot;:&quot;&quot;,&quot;camera&quot;:&quot;G3121&quot;,&quot;caption&quot;:&quot;&quot;,&quot;created_timestamp&quot;:&quot;1571654992&quot;,&quot;copyright&quot;:&quot;&quot;,&quot;focal_length&quot;:&quot;4.22&quot;,&quot;iso&quot;:&quot;100&quot;,&quot;shutter_speed&quot;:&quot;0.030006&quot;,&quot;title&quot;:&quot;&quot;,&quot;orientation&quot;:&quot;1&quot;}\" data-image-title=\"DSC_1757\" data-image-description=\"\" data-image-caption=\"\" data-large-file=\"https:\/\/i0.wp.com\/cloud.alqueria.es\/wp-content\/uploads\/sites\/8\/2019\/10\/DSC_17571-e1571720968648.jpg?fit=474%2C266&amp;ssl=1\" class=\"aligncenter size-medium wp-image-23461\" src=\"https:\/\/i0.wp.com\/cloud.alqueria.es\/wp-content\/uploads\/sites\/8\/2019\/10\/DSC_17571-e1571720968648.jpg?resize=300%2C168&#038;ssl=1\" alt=\"\" width=\"300\" height=\"168\" srcset=\"https:\/\/cloud.alqueria.es\/wp-content\/uploads\/sites\/8\/2019\/10\/DSC_17571-e1571720968648.jpg 1024w, https:\/\/cloud.alqueria.es\/wp-content\/uploads\/sites\/8\/2019\/10\/DSC_17571-e1571720968648.jpg 300w, https:\/\/cloud.alqueria.es\/wp-content\/uploads\/sites\/8\/2019\/10\/DSC_17571-e1571720968648.jpg 768w, https:\/\/cloud.alqueria.es\/wp-content\/uploads\/sites\/8\/2019\/10\/DSC_17571-e1571720968648.jpg 948w\" sizes=\"(max-width: 300px) 100vw, 300px\" \/><\/p>\n<p><em><strong>Para finalizar esta entrada os informo que el <span style=\"color: #ff00ff\">pr\u00f3ximo jueves<\/span> tendremos <span style=\"color: #ff00ff\">taller de cocina<\/span>, de modo que pueden traer sus delantales de casa.<\/strong><\/em><\/p>\n<p>\u00a1Hasta pronto!,<\/p>\n<p>Esther Justicia.<\/p>\n<p>&nbsp;<\/p>\n","protected":false},"excerpt":{"rendered":"<p>Buenos d\u00edas familias. Como os adelant\u00e9 en la anterior entrada, esta semana seguiremos manteniendo la propuesta relacionada con coches y motos, ampli\u00e1ndola a otros veh\u00edculos o medios de transporte. Ayer lunes, el juego gir\u00f3 en torno a los \u00abveh\u00edculos de emergencia\u00bb:\u00a0bomberos, polic\u00eda y ambulancia. Aunque algunos grupitos de juego eligieron materiales id\u00e9nticos a otras ocasiones &hellip; <a href=\"https:\/\/www.alqueria.es\/blogs\/alqueriarojaverde\/2019\/10\/22\/vehiculos-de-emergencia\/\" class=\"more-link\">Seguir leyendo <span class=\"screen-reader-text\">VEH\u00cdCULOS DE EMERGENCIA<\/span> <span class=\"meta-nav\">&rarr;<\/span><\/a><\/p>\n","protected":false},"author":19,"featured_media":0,"comment_status":"open","ping_status":"open","sticky":false,"template":"","format":"standard","meta":{"jetpack_post_was_ever_published":false,"_jetpack_newsletter_access":"","_jetpack_dont_email_post_to_subs":false,"_jetpack_newsletter_tier_id":0,"_jetpack_memberships_contains_paywalled_content":false,"_jetpack_memberships_contains_paid_content":false,"footnotes":"","jetpack_publicize_message":"","jetpack_publicize_feature_enabled":true,"jetpack_social_post_already_shared":true,"jetpack_social_options":{"image_generator_settings":{"template":"highway","default_image_id":0,"font":"","enabled":false},"version":2}},"categories":[7,13,1],"tags":[674,673],"class_list":["post-23454","post","type-post","status-publish","format-standard","hentry","category-clase-verde-5-6-anos","category-inicio","category-sin-categoria","tag-botiquin-de-las-emociones","tag-los-transportes-en-infantil"],"jetpack_publicize_connections":[],"jetpack_featured_media_url":"","jetpack_sharing_enabled":true,"jetpack_shortlink":"https:\/\/wp.me\/p4lFbP-66i","_links":{"self":[{"href":"https:\/\/www.alqueria.es\/blogs\/alqueriarojaverde\/wp-json\/wp\/v2\/posts\/23454","targetHints":{"allow":["GET"]}}],"collection":[{"href":"https:\/\/www.alqueria.es\/blogs\/alqueriarojaverde\/wp-json\/wp\/v2\/posts"}],"about":[{"href":"https:\/\/www.alqueria.es\/blogs\/alqueriarojaverde\/wp-json\/wp\/v2\/types\/post"}],"author":[{"embeddable":true,"href":"https:\/\/www.alqueria.es\/blogs\/alqueriarojaverde\/wp-json\/wp\/v2\/users\/19"}],"replies":[{"embeddable":true,"href":"https:\/\/www.alqueria.es\/blogs\/alqueriarojaverde\/wp-json\/wp\/v2\/comments?post=23454"}],"version-history":[{"count":6,"href":"https:\/\/www.alqueria.es\/blogs\/alqueriarojaverde\/wp-json\/wp\/v2\/posts\/23454\/revisions"}],"predecessor-version":[{"id":23491,"href":"https:\/\/www.alqueria.es\/blogs\/alqueriarojaverde\/wp-json\/wp\/v2\/posts\/23454\/revisions\/23491"}],"wp:attachment":[{"href":"https:\/\/www.alqueria.es\/blogs\/alqueriarojaverde\/wp-json\/wp\/v2\/media?parent=23454"}],"wp:term":[{"taxonomy":"category","embeddable":true,"href":"https:\/\/www.alqueria.es\/blogs\/alqueriarojaverde\/wp-json\/wp\/v2\/categories?post=23454"},{"taxonomy":"post_tag","embeddable":true,"href":"https:\/\/www.alqueria.es\/blogs\/alqueriarojaverde\/wp-json\/wp\/v2\/tags?post=23454"}],"curies":[{"name":"wp","href":"https:\/\/api.w.org\/{rel}","templated":true}]}}